{"id":4641,"date":"2016-09-20T15:13:47","date_gmt":"2016-09-20T13:13:47","guid":{"rendered":"https:\/\/www.sabado100.com.ar\/?p=4641"},"modified":"2016-09-20T15:13:47","modified_gmt":"2016-09-20T13:13:47","slug":"como-resolver-el-dilema-del-control-externo-municipal","status":"publish","type":"post","link":"https:\/\/sabado100.com.ar\/es-ar\/como-resolver-el-dilema-del-control-externo-municipal\/","title":{"rendered":"\u00bfC\u00f3mo resolver el dilema del control externo municipal?"},"content":{"rendered":"<p><strong>Por Natalia Aquilino.-<\/strong> La supervisi\u00f3n del gobierno y la administraci\u00f3n del Estado adquieren formas diferentes seg\u00fan la distribuci\u00f3n del poder que hayan dise\u00f1ado los sistemas pol\u00edticos. En la Argentina, el Poder Ejecutivo cuenta con instituciones de supervisi\u00f3n y vigilancia internas, por lo general poco eficaces. El Poder Legislativo por su parte, tiene funciones de supervisi\u00f3n y control externo asignadas, y tampoco logra ejercerlas con tanta eficacia como quisi\u00e9ramos. Tambi\u00e9n existe de manera menos institucionalizada, el control ciudadano de los actos p\u00fablicos.<br \/>\nA nivel municipal, el control interno se ejerce a trav\u00e9s de las Unidades de Auditor\u00eda Interna del Poder Ejecutivo como en todos los organismos estatales. Sin embargo, el modelo de control externo (generalmente supervisado por el Poder Legislativo) adquiere distintas formas institucionales. Puede adoptar la forma de un Tribunal de Cuentas (Rosario) o una Auditor\u00eda General (Buenos Aires). En general, el modelo de Cortes o Tribunal de Cuentas tiene la capacidad de juzgar y sancionar las cuentas y las conductas administrativas mientras que el modelo de Contralor\u00eda o Auditor\u00eda General se enfoca en el control de los actos de gobierno.<br \/>\nPero no todo es una cuesti\u00f3n de dise\u00f1o institucional. Los valores con los cuales se ejerce la supervisi\u00f3n tambi\u00e9n importan. Puede haber m\u00e1s foco en el control presupuestario, en la auditor\u00eda de la ejecuci\u00f3n, en las sanciones o en la evaluaci\u00f3n de los resultados.  Puede haber laxitud o rectitud en la interpretaci\u00f3n de las normas. En esto tambi\u00e9n influyen tradiciones y decisiones. Pero lo que hace efectiva a la supervisi\u00f3n es la creencia que los actores tenemos o no en que esa supervisi\u00f3n y control a) tiene lugar por los motivos correctos (es \u201cbueno\u201d), b) sirven, son efectivas, y c) producen consecuencias. Si esto no sucede cotidianamente, las instituciones y los mecanismos no funcionan.<br \/>\nPero, \u00bfqu\u00e9 pasar\u00eda si logramos complementar un dise\u00f1o enfocado en el control administrativo contable (como los tribunales de cuenta y las auditor\u00edas) con instituciones y mecanismos que miren la evidencia y los resultados de la acci\u00f3n del gobierno desde un punto de vista substantivo? Necesitamos instituciones que logren capturar el impacto de la pol\u00edtica y la gesti\u00f3n del gobierno en la vida de las personas. Instituciones que no sirvan s\u00f3lo para inquirir, preguntando y respondiendo contra las normas, sino para identificar qui\u00e9nes ganan y qui\u00e9nes pierden con la acci\u00f3n del gobierno y la administraci\u00f3n de lo p\u00fablico. Instituciones que sirvan para saber c\u00f3mo las personas reales se benefician o perjudican, que pongan en blanco sobre negro aquello que implica hacer trampa.<br \/>\nUn modelo moderno para ejercer el control externo de los actos de gobierno a  nivel municipal deber\u00eda garantizar la publicidad de los actos gubernamentales, la transparencia de la gesti\u00f3n p\u00fablica, la evidencia de los resultados de gobierno, un marco normativo con mecanismos de responsabilizaci\u00f3n y sanci\u00f3n, la independencia de las instituciones responsables y la participaci\u00f3n social en el control externo (m\u00e1s all\u00e1 de las elecciones).<br \/>\nEse modelo innovador podr\u00eda combinar la creaci\u00f3n de una entidad fiscalizadora superior con una entidad evaluadora.<br \/>\nLa primera tendr\u00eda la responsabilidad de fiscalizar el desempe\u00f1o administrativo del gobierno y las cuentas p\u00fablicas mientras que la segunda ser\u00eda responsable por la evaluaci\u00f3n de los resultados sustantivos de la gesti\u00f3n gubernamental. Ambas deber\u00edan incluir en sus propios gobiernos representantes de las instituciones sociales para aumentar la participaci\u00f3n ciudadana.<br \/>\nUna entidad fiscalizadora del tipo Auditor\u00eda tiene la ventaja de reforzar el rol del Concejo Municipal en el control externo. Cuando a esa entidad se le asigna adem\u00e1s funciones jurisdiccionales puede juzgar y hacer efectiva la denominada responsabilidad contable.<br \/>\nUna entidad evaluadora del tipo Agencia tiene la ventaja de reforzar la participaci\u00f3n ciudadana en el control. Puede tener una dependencia relativa del Ejecutivo municipal y construirse a partir de la capacidad estad\u00edstica existente en el ICEDel sumando un an\u00e1lisis de largo plazo que abone las decisiones m\u00e1s estrat\u00e9gicas de la ciudad. El rol de actores acad\u00e9micos y sociales en una instituci\u00f3n de este tipo es clave.<br \/>\nEl debate por el control externo del Estado es tan profundo como indispensable. A medida que las ciudades crecen y se complejizan se hace m\u00e1s necesario sofisticar la gesti\u00f3n de la informaci\u00f3n que circula por el momento pol\u00edtico y los mecanismos que la producen.<br \/>\nPodr\u00edamos empezar por poner en internet los proyectos de ordenanzas municipales que elaboraron los concejales con propuesta de enfoque de cortes y de contralor\u00eda como dijimos m\u00e1s arriba ya que son de acceso p\u00fablico. Una ciudadan\u00eda m\u00e1s informada es una ciudadan\u00eda m\u00e1s empoderada para ejercer el control externo del que tambi\u00e9n es responsable.<\/p>\n<p><strong>Agosto de 2016.<\/strong><\/p>\n<p><strong>La autora es rafaelina y directora de CIPPEC.<\/strong><\/p>\n","protected":false},"excerpt":{"rendered":"<p>Por Natalia Aquilino.- La supervisi\u00f3n del gobierno y la administraci\u00f3n del Estado adquieren formas diferentes seg\u00fan la distribuci\u00f3n del poder [&hellip;]<\/p>\n","protected":false},"author":2,"featured_media":0,"comment_status":"open","ping_status":"closed","sticky":false,"template":"","format":"standard","meta":{"site-sidebar-layout":"default","site-content-layout":"","ast-site-content-layout":"default","site-content-style":"default","site-sidebar-style":"default","ast-global-header-display":"","ast-banner-title-visibility":"","ast-main-header-display":"","ast-hfb-above-header-display":"","ast-hfb-below-header-display":"","ast-hfb-mobile-header-display":"","site-post-title":"","ast-breadcrumbs-content":"","ast-featured-img":"","footer-sml-layout":"","ast-disable-related-posts":"","theme-transparent-header-meta":"","adv-header-id-meta":"","stick-header-meta":"","header-above-stick-meta":"","header-main-stick-meta":"","header-below-stick-meta":"","astra-migrate-meta-layouts":"default","ast-page-background-enabled":"default","ast-page-background-meta":{"desktop":{"background-color":"var(--ast-global-color-4)","background-image":"","background-repeat":"repeat","background-position":"center center","background-size":"auto","background-attachment":"scroll","background-type":"","background-media":"","overlay-type":"","overlay-color":"","overlay-opacity":"","overlay-gradient":""},"tablet":{"background-color":"","background-image":"","background-repeat":"repeat","background-position":"center center","background-size":"auto","background-attachment":"scroll","background-type":"","background-media":"","overlay-type":"","overlay-color":"","overlay-opacity":"","overlay-gradient":""},"mobile":{"background-color":"","background-image":"","background-repeat":"repeat","background-position":"center center","background-size":"auto","background-attachment":"scroll","background-type":"","background-media":"","overlay-type":"","overlay-color":"","overlay-opacity":"","overlay-gradient":""}},"ast-content-background-meta":{"desktop":{"background-color":"var(--ast-global-color-5)","background-image":"","background-repeat":"repeat","background-position":"center center","background-size":"auto","background-attachment":"scroll","background-type":"","background-media":"","overlay-type":"","overlay-color":"","overlay-opacity":"","overlay-gradient":""},"tablet":{"background-color":"var(--ast-global-color-5)","background-image":"","background-repeat":"repeat","background-position":"center center","background-size":"auto","background-attachment":"scroll","background-type":"","background-media":"","overlay-type":"","overlay-color":"","overlay-opacity":"","overlay-gradient":""},"mobile":{"background-color":"var(--ast-global-color-5)","background-image":"","background-repeat":"repeat","background-position":"center center","background-size":"auto","background-attachment":"scroll","background-type":"","background-media":"","overlay-type":"","overlay-color":"","overlay-opacity":"","overlay-gradient":""}},"footnotes":""},"categories":[5],"tags":[],"class_list":["post-4641","post","type-post","status-publish","format-standard","hentry","category-politica"],"yoast_head":"<!-- This site is optimized with the Yoast SEO plugin v23.2 - https:\/\/yoast.com\/wordpress\/plugins\/seo\/ -->\n<title>\u00bfC\u00f3mo resolver el dilema del control externo municipal? - Sabado 100<\/title>\n<meta name=\"robots\" content=\"index, follow, max-snippet:-1, max-image-preview:large, max-video-preview:-1\" \/>\n<link rel=\"canonical\" href=\"https:\/\/sabado100.com.ar\/es-ar\/como-resolver-el-dilema-del-control-externo-municipal\/\" \/>\n<meta property=\"og:locale\" content=\"es_ES\" \/>\n<meta property=\"og:type\" content=\"article\" \/>\n<meta property=\"og:title\" content=\"\u00bfC\u00f3mo resolver el dilema del control externo municipal? - Sabado 100\" \/>\n<meta property=\"og:description\" content=\"Por Natalia Aquilino.- La supervisi\u00f3n del gobierno y la administraci\u00f3n del Estado adquieren formas diferentes seg\u00fan la distribuci\u00f3n del poder [&hellip;]\" \/>\n<meta property=\"og:url\" content=\"https:\/\/sabado100.com.ar\/es-ar\/como-resolver-el-dilema-del-control-externo-municipal\/\" \/>\n<meta property=\"og:site_name\" content=\"Sabado 100\" \/>\n<meta property=\"article:publisher\" content=\"https:\/\/www.facebook.com\/sabadocien\/\" \/>\n<meta property=\"article:published_time\" content=\"2016-09-20T13:13:47+00:00\" \/>\n<meta name=\"author\" content=\"sabado cien\" \/>\n<meta name=\"twitter:card\" content=\"summary_large_image\" \/>\n<meta name=\"twitter:label1\" content=\"Escrito por\" \/>\n\t<meta name=\"twitter:data1\" content=\"sabado cien\" \/>\n\t<meta name=\"twitter:label2\" content=\"Tiempo de lectura\" \/>\n\t<meta name=\"twitter:data2\" content=\"4 minutos\" \/>\n<script type=\"application\/ld+json\" class=\"yoast-schema-graph\">{\"@context\":\"https:\/\/schema.org\",\"@graph\":[{\"@type\":\"Article\",\"@id\":\"https:\/\/sabado100.com.ar\/es-ar\/como-resolver-el-dilema-del-control-externo-municipal\/#article\",\"isPartOf\":{\"@id\":\"https:\/\/sabado100.com.ar\/es-ar\/como-resolver-el-dilema-del-control-externo-municipal\/\"},\"author\":{\"name\":\"sabado cien\",\"@id\":\"https:\/\/sabado100.com.ar\/es-ar\/#\/schema\/person\/58e38b918ef4e44b11398f25d4684c6d\"},\"headline\":\"\u00bfC\u00f3mo resolver el dilema del control externo municipal?\",\"datePublished\":\"2016-09-20T13:13:47+00:00\",\"dateModified\":\"2016-09-20T13:13:47+00:00\",\"mainEntityOfPage\":{\"@id\":\"https:\/\/sabado100.com.ar\/es-ar\/como-resolver-el-dilema-del-control-externo-municipal\/\"},\"wordCount\":850,\"commentCount\":0,\"publisher\":{\"@id\":\"https:\/\/sabado100.com.ar\/es-ar\/#organization\"},\"articleSection\":[\"Pol\u00edtica\"],\"inLanguage\":\"es\",\"potentialAction\":[{\"@type\":\"CommentAction\",\"name\":\"Comment\",\"target\":[\"https:\/\/sabado100.com.ar\/es-ar\/como-resolver-el-dilema-del-control-externo-municipal\/#respond\"]}]},{\"@type\":\"WebPage\",\"@id\":\"https:\/\/sabado100.com.ar\/es-ar\/como-resolver-el-dilema-del-control-externo-municipal\/\",\"url\":\"https:\/\/sabado100.com.ar\/es-ar\/como-resolver-el-dilema-del-control-externo-municipal\/\",\"name\":\"\u00bfC\u00f3mo resolver el dilema del control externo municipal? - Sabado 100\",\"isPartOf\":{\"@id\":\"https:\/\/sabado100.com.ar\/es-ar\/#website\"},\"datePublished\":\"2016-09-20T13:13:47+00:00\",\"dateModified\":\"2016-09-20T13:13:47+00:00\",\"breadcrumb\":{\"@id\":\"https:\/\/sabado100.com.ar\/es-ar\/como-resolver-el-dilema-del-control-externo-municipal\/#breadcrumb\"},\"inLanguage\":\"es\",\"potentialAction\":[{\"@type\":\"ReadAction\",\"target\":[\"https:\/\/sabado100.com.ar\/es-ar\/como-resolver-el-dilema-del-control-externo-municipal\/\"]}]},{\"@type\":\"BreadcrumbList\",\"@id\":\"https:\/\/sabado100.com.ar\/es-ar\/como-resolver-el-dilema-del-control-externo-municipal\/#breadcrumb\",\"itemListElement\":[{\"@type\":\"ListItem\",\"position\":1,\"name\":\"Portada\",\"item\":\"https:\/\/sabado100.com.ar\/es-ar\/\"},{\"@type\":\"ListItem\",\"position\":2,\"name\":\"\u00bfC\u00f3mo resolver el dilema del control externo municipal?\"}]},{\"@type\":\"WebSite\",\"@id\":\"https:\/\/sabado100.com.ar\/es-ar\/#website\",\"url\":\"https:\/\/sabado100.com.ar\/es-ar\/\",\"name\":\"Sabado 100\",\"description\":\"\",\"publisher\":{\"@id\":\"https:\/\/sabado100.com.ar\/es-ar\/#organization\"},\"potentialAction\":[{\"@type\":\"SearchAction\",\"target\":{\"@type\":\"EntryPoint\",\"urlTemplate\":\"https:\/\/sabado100.com.ar\/es-ar\/?s={search_term_string}\"},\"query-input\":\"required name=search_term_string\"}],\"inLanguage\":\"es\"},{\"@type\":\"Organization\",\"@id\":\"https:\/\/sabado100.com.ar\/es-ar\/#organization\",\"name\":\"Sabado 100\",\"url\":\"https:\/\/sabado100.com.ar\/es-ar\/\",\"logo\":{\"@type\":\"ImageObject\",\"inLanguage\":\"es\",\"@id\":\"https:\/\/sabado100.com.ar\/es-ar\/#\/schema\/logo\/image\/\",\"url\":\"https:\/\/sabado100.com.ar\/es-ar\/wp-content\/uploads\/2024\/04\/logo3.jpg\",\"contentUrl\":\"https:\/\/sabado100.com.ar\/es-ar\/wp-content\/uploads\/2024\/04\/logo3.jpg\",\"width\":300,\"height\":174,\"caption\":\"Sabado 100\"},\"image\":{\"@id\":\"https:\/\/sabado100.com.ar\/es-ar\/#\/schema\/logo\/image\/\"},\"sameAs\":[\"https:\/\/www.facebook.com\/sabadocien\/\",\"https:\/\/www.instagram.com\/sabado100.com.ar\/\",\"https:\/\/www.youtube.com\/@sabado1003\"]},{\"@type\":\"Person\",\"@id\":\"https:\/\/sabado100.com.ar\/es-ar\/#\/schema\/person\/58e38b918ef4e44b11398f25d4684c6d\",\"name\":\"sabado cien\",\"image\":{\"@type\":\"ImageObject\",\"inLanguage\":\"es\",\"@id\":\"https:\/\/sabado100.com.ar\/es-ar\/#\/schema\/person\/image\/\",\"url\":\"https:\/\/sabado100.com.ar\/es-ar\/wp-content\/litespeed\/avatar\/484bccfbd493fbb703b0f1b8113dad61.jpg?ver=1787731622\",\"contentUrl\":\"https:\/\/sabado100.com.ar\/es-ar\/wp-content\/litespeed\/avatar\/484bccfbd493fbb703b0f1b8113dad61.jpg?ver=1787731622\",\"caption\":\"sabado cien\"},\"url\":\"https:\/\/sabado100.com.ar\/es-ar\/author\/sabado100\/\"}]}<\/script>\n<!-- \/ Yoast SEO plugin. -->","yoast_head_json":{"title":"\u00bfC\u00f3mo resolver el dilema del control externo municipal? - Sabado 100","robots":{"index":"index","follow":"follow","max-snippet":"max-snippet:-1","max-image-preview":"max-image-preview:large","max-video-preview":"max-video-preview:-1"},"canonical":"https:\/\/sabado100.com.ar\/es-ar\/como-resolver-el-dilema-del-control-externo-municipal\/","og_locale":"es_ES","og_type":"article","og_title":"\u00bfC\u00f3mo resolver el dilema del control externo municipal? - Sabado 100","og_description":"Por Natalia Aquilino.- La supervisi\u00f3n del gobierno y la administraci\u00f3n del Estado adquieren formas diferentes seg\u00fan la distribuci\u00f3n del poder [&hellip;]","og_url":"https:\/\/sabado100.com.ar\/es-ar\/como-resolver-el-dilema-del-control-externo-municipal\/","og_site_name":"Sabado 100","article_publisher":"https:\/\/www.facebook.com\/sabadocien\/","article_published_time":"2016-09-20T13:13:47+00:00","author":"sabado cien","twitter_card":"summary_large_image","twitter_misc":{"Escrito por":"sabado cien","Tiempo de lectura":"4 minutos"},"schema":{"@context":"https:\/\/schema.org","@graph":[{"@type":"Article","@id":"https:\/\/sabado100.com.ar\/es-ar\/como-resolver-el-dilema-del-control-externo-municipal\/#article","isPartOf":{"@id":"https:\/\/sabado100.com.ar\/es-ar\/como-resolver-el-dilema-del-control-externo-municipal\/"},"author":{"name":"sabado cien","@id":"https:\/\/sabado100.com.ar\/es-ar\/#\/schema\/person\/58e38b918ef4e44b11398f25d4684c6d"},"headline":"\u00bfC\u00f3mo resolver el dilema del control externo municipal?","datePublished":"2016-09-20T13:13:47+00:00","dateModified":"2016-09-20T13:13:47+00:00","mainEntityOfPage":{"@id":"https:\/\/sabado100.com.ar\/es-ar\/como-resolver-el-dilema-del-control-externo-municipal\/"},"wordCount":850,"commentCount":0,"publisher":{"@id":"https:\/\/sabado100.com.ar\/es-ar\/#organization"},"articleSection":["Pol\u00edtica"],"inLanguage":"es","potentialAction":[{"@type":"CommentAction","name":"Comment","target":["https:\/\/sabado100.com.ar\/es-ar\/como-resolver-el-dilema-del-control-externo-municipal\/#respond"]}]},{"@type":"WebPage","@id":"https:\/\/sabado100.com.ar\/es-ar\/como-resolver-el-dilema-del-control-externo-municipal\/","url":"https:\/\/sabado100.com.ar\/es-ar\/como-resolver-el-dilema-del-control-externo-municipal\/","name":"\u00bfC\u00f3mo resolver el dilema del control externo municipal? - Sabado 100","isPartOf":{"@id":"https:\/\/sabado100.com.ar\/es-ar\/#website"},"datePublished":"2016-09-20T13:13:47+00:00","dateModified":"2016-09-20T13:13:47+00:00","breadcrumb":{"@id":"https:\/\/sabado100.com.ar\/es-ar\/como-resolver-el-dilema-del-control-externo-municipal\/#breadcrumb"},"inLanguage":"es","potentialAction":[{"@type":"ReadAction","target":["https:\/\/sabado100.com.ar\/es-ar\/como-resolver-el-dilema-del-control-externo-municipal\/"]}]},{"@type":"BreadcrumbList","@id":"https:\/\/sabado100.com.ar\/es-ar\/como-resolver-el-dilema-del-control-externo-municipal\/#breadcrumb","itemListElement":[{"@type":"ListItem","position":1,"name":"Portada","item":"https:\/\/sabado100.com.ar\/es-ar\/"},{"@type":"ListItem","position":2,"name":"\u00bfC\u00f3mo resolver el dilema del control externo municipal?"}]},{"@type":"WebSite","@id":"https:\/\/sabado100.com.ar\/es-ar\/#website","url":"https:\/\/sabado100.com.ar\/es-ar\/","name":"Sabado 100","description":"","publisher":{"@id":"https:\/\/sabado100.com.ar\/es-ar\/#organization"},"potentialAction":[{"@type":"SearchAction","target":{"@type":"EntryPoint","urlTemplate":"https:\/\/sabado100.com.ar\/es-ar\/?s={search_term_string}"},"query-input":"required name=search_term_string"}],"inLanguage":"es"},{"@type":"Organization","@id":"https:\/\/sabado100.com.ar\/es-ar\/#organization","name":"Sabado 100","url":"https:\/\/sabado100.com.ar\/es-ar\/","logo":{"@type":"ImageObject","inLanguage":"es","@id":"https:\/\/sabado100.com.ar\/es-ar\/#\/schema\/logo\/image\/","url":"https:\/\/sabado100.com.ar\/es-ar\/wp-content\/uploads\/2024\/04\/logo3.jpg","contentUrl":"https:\/\/sabado100.com.ar\/es-ar\/wp-content\/uploads\/2024\/04\/logo3.jpg","width":300,"height":174,"caption":"Sabado 100"},"image":{"@id":"https:\/\/sabado100.com.ar\/es-ar\/#\/schema\/logo\/image\/"},"sameAs":["https:\/\/www.facebook.com\/sabadocien\/","https:\/\/www.instagram.com\/sabado100.com.ar\/","https:\/\/www.youtube.com\/@sabado1003"]},{"@type":"Person","@id":"https:\/\/sabado100.com.ar\/es-ar\/#\/schema\/person\/58e38b918ef4e44b11398f25d4684c6d","name":"sabado cien","image":{"@type":"ImageObject","inLanguage":"es","@id":"https:\/\/sabado100.com.ar\/es-ar\/#\/schema\/person\/image\/","url":"https:\/\/sabado100.com.ar\/es-ar\/wp-content\/litespeed\/avatar\/484bccfbd493fbb703b0f1b8113dad61.jpg?ver=1787731622","contentUrl":"https:\/\/sabado100.com.ar\/es-ar\/wp-content\/litespeed\/avatar\/484bccfbd493fbb703b0f1b8113dad61.jpg?ver=1787731622","caption":"sabado cien"},"url":"https:\/\/sabado100.com.ar\/es-ar\/author\/sabado100\/"}]}},"_links":{"self":[{"href":"https:\/\/sabado100.com.ar\/es-ar\/wp-json\/wp\/v2\/posts\/4641","targetHints":{"allow":["GET"]}}],"collection":[{"href":"https:\/\/sabado100.com.ar\/es-ar\/wp-json\/wp\/v2\/posts"}],"about":[{"href":"https:\/\/sabado100.com.ar\/es-ar\/wp-json\/wp\/v2\/types\/post"}],"author":[{"embeddable":true,"href":"https:\/\/sabado100.com.ar\/es-ar\/wp-json\/wp\/v2\/users\/2"}],"replies":[{"embeddable":true,"href":"https:\/\/sabado100.com.ar\/es-ar\/wp-json\/wp\/v2\/comments?post=4641"}],"version-history":[{"count":0,"href":"https:\/\/sabado100.com.ar\/es-ar\/wp-json\/wp\/v2\/posts\/4641\/revisions"}],"wp:attachment":[{"href":"https:\/\/sabado100.com.ar\/es-ar\/wp-json\/wp\/v2\/media?parent=4641"}],"wp:term":[{"taxonomy":"category","embeddable":true,"href":"https:\/\/sabado100.com.ar\/es-ar\/wp-json\/wp\/v2\/categories?post=4641"},{"taxonomy":"post_tag","embeddable":true,"href":"https:\/\/sabado100.com.ar\/es-ar\/wp-json\/wp\/v2\/tags?post=4641"}],"curies":[{"name":"wp","href":"https:\/\/api.w.org\/{rel}","templated":true}]}}