{"id":4632,"date":"2016-09-07T14:01:12","date_gmt":"2016-09-07T12:01:12","guid":{"rendered":"https:\/\/www.sabado100.com.ar\/?p=4632"},"modified":"2016-09-07T14:01:12","modified_gmt":"2016-09-07T12:01:12","slug":"respuestas-al-presidente","status":"publish","type":"post","link":"https:\/\/sabado100.com.ar\/es-ar\/respuestas-al-presidente\/","title":{"rendered":"Respuestas al Presidente"},"content":{"rendered":"<p><strong>Por Mar\u00eda Herminia Grande.-<\/strong> Los aires del lejano oriente y la buena receptividad que el presidente Mauricio Macri tuvo de parte de los l\u00edderes del G20 lo alejaron un poco m\u00e1s de la realidad de su pa\u00eds, que no es tan agradable como lo vivido por \u00e9l all\u00ed. A\u00fan en suelo chino, antes de emprender el regreso al pa\u00eds, realiz\u00f3 declaraciones que r\u00e1pidamente tuvieron respuesta de sectores a los cuales el Presidente necesita para reconstruir Argentina: Sergio Massa, la Uni\u00f3n Industrial Argentina (UIA) y la Confederaci\u00f3n General del Trabajo (CGT).<br \/>\nPasaron s\u00f3lo algunos meses desde que el presidente Macri, en Davos, acompa\u00f1ado por el diputado Massa, lo patrocinara como el l\u00edder del peronismo en su pa\u00eds hasta decir: \u00abEste muchacho debiese informarse m\u00e1s. No debe hablar por hablar\u00bb, en respuesta a la presentaci\u00f3n de un proyecto de Massa que solicita que durante 120 d\u00edas se restrinja el ingreso de ciertos productos importados. Propici\u00f3 que en ese tiempo se intente hacer algo con el queso gruy\u00e8re, que hoy es la Aduana, al decir de Aldo Pignanelli: \u00abPor 30 mil d\u00f3lares ingresan en negro contenedores sobre los que, recemos, s\u00f3lo haya adentro mercader\u00edas y no otra cosa\u00bb.<br \/>\nEl presidente Macri se refiri\u00f3 a lo que \u00e9l entiende como falta de preparaci\u00f3n o ignorancia de parte del diputado renovador en cuanto al peligro de la importaci\u00f3n, dado que sostuvo: \u00abEn ning\u00fan caso esta representa, hasta aqu\u00ed, m\u00e1s del 2% en cada rubro\u00bb. En forma inmediata, Jos\u00e9 Urtubey, miembro de la UIA, me dijo: \u00abLe ruego al Presidente que se remita a las cifras del Indec, las cuales demuestran que en los primeros seis meses de este a\u00f1o se increment\u00f3 el ingreso de productos industriales en un 9% y, en igual per\u00edodo, en un 22,5% en bienes de consumo\u00bb.<br \/>\nEl Presidente tambi\u00e9n minimiz\u00f3 los n\u00fameros de la desocupaci\u00f3n generados durante su Gobierno. Dijo: \u00abNunca hubo ola de despidos, se perdieron entre 70 y 100 mil puestos de trabajo\u00bb. Para un presidente de una naci\u00f3n, cualquier cifra de desocupados debiese resultarle grande. Recordemos que por el despido de un trabajador formal se producen dos o tres en el sector informal. Los fr\u00edos n\u00fameros detr\u00e1s de los cuales hay personas indican que, de enero a junio, se perdieron 60 mil puestos laborales en la construcci\u00f3n, 32 mil en la industria, 7 mil en el sector del agro, especialmente en los tambos, 15 mil en la cadena frutihort\u00edcola, m\u00e1s los trabajadores estatales.<br \/>\nEl Presidente tambi\u00e9n se refiri\u00f3 a la concertaci\u00f3n, tema que su ministro de Econom\u00eda Alfonso Prat-Gay puso como prioritario durante el fin de semana. Sobre ello dijo Macri: \u00abVamos a concertar de a uno\u00bb; extra\u00f1a manera de entender su mecanismo. Esta antesala de declaraciones no plantea la mejor predisposici\u00f3n para la CGT recientemente normalizada, con la que se va a reunir antes de 23 del corriente mes. Fecha en la que la central obrera realizar\u00e1 un confederal para tomar la temperatura de los gremios y las regionales del interior del pa\u00eds. La Marcha Federal tuvo una enorme visibilidad, querer minimizarla por la presencia de algunos dirigentes pol\u00edticos corruptos e impresentables ser\u00eda una lectura equ\u00edvoca.<br \/>\nLa obcecaci\u00f3n en la decisi\u00f3n de no reabrir paritarias con el argumento de que agosto dar\u00eda un 1% de inflaci\u00f3n es, cuanto menos, una miop\u00eda, dado que, dependiendo de la actividad, hay un desfasaje de un 10% a un 15%, aproximadamente.<br \/>\nJuan Carlos Schmid compartir\u00e1 este jueves, en la reuni\u00f3n del Secretariado de la CGT, un documento que lleva su firma y que ha titulado \u00abLuz amarilla\u00bb. Recuerda en \u00e9l que el L20 (Confederaci\u00f3n Internacional Sindical) denuncia: \u00abNinguno de los pa\u00edses del G20 intensific\u00f3 medidas para fomentar la inversi\u00f3n productiva, el consumo y el crecimiento con menor desigualdad\u00bb, metas acordadas en cumbres anteriores. A hoy, sigue diciendo el documento de Schmid, la conclusi\u00f3n es: \u00abMientras la gente pierde beneficios, no gana empleos. De no cambiar las actuales pol\u00edticas en los pa\u00edses de la OCDE, para el 2019 tendremos 212 millones de personas sin trabajo, de las cuales 70 millones son j\u00f3venes hasta 24 a\u00f1os\u00bb. Sigue planteando Schmid en el documento que China busca el reconocimiento de econom\u00eda de mercado. Se\u00f1ala all\u00ed: \u00abPa\u00edses como Estados Unidos, Canad\u00e1 o la Uni\u00f3n Europea se han negado a hacerlo por las consecuencias de la inundaci\u00f3n de sus productos en el mercado mundial. Argentina ya prob\u00f3 esa medicina con el Convenio Marco de Cooperaci\u00f3n Econ\u00f3mica e Inversiones, cuando acord\u00f3 la compra de material rodante para los ferrocarriles, en lugar de promover la producci\u00f3n local, reactivando los talleres ferroviarios. China, con salarios bajos, precariedad laboral y serias denuncias de trabajo esclavo, no se convierte en un modelo a seguir\u00bb.<br \/>\nPrat-Gay recibir\u00e1 antes que Macri a la CGT; ahora bien, si no hay pol\u00edticas concretas y convicci\u00f3n por el di\u00e1logo social, ser\u00e1 muy dif\u00edcil evitar un paro nacional antes de fin de a\u00f1o.<\/p>\n<p>?@mhgrande<br \/>\nLa autora es periodista, analista pol\u00edtica y conductora de radio y TV en Rosario.<br \/>\n<strong>Fuente:<\/strong> http:\/\/www.infobae.com\/, 6 de septiembre de 2016.<\/p>\n","protected":false},"excerpt":{"rendered":"<p>Por Mar\u00eda Herminia Grande.- Los aires del lejano oriente y la buena receptividad que el presidente Mauricio Macri tuvo de [&hellip;]<\/p>\n","protected":false},"author":2,"featured_media":0,"comment_status":"open","ping_status":"closed","sticky":false,"template":"","format":"standard","meta":{"site-sidebar-layout":"default","site-content-layout":"","ast-site-content-layout":"default","site-content-style":"default","site-sidebar-style":"default","ast-global-header-display":"","ast-banner-title-visibility":"","ast-main-header-display":"","ast-hfb-above-header-display":"","ast-hfb-below-header-display":"","ast-hfb-mobile-header-display":"","site-post-title":"","ast-breadcrumbs-content":"","ast-featured-img":"","footer-sml-layout":"","ast-disable-related-posts":"","theme-transparent-header-meta":"","adv-header-id-meta":"","stick-header-meta":"","header-above-stick-meta":"","header-main-stick-meta":"","header-below-stick-meta":"","astra-migrate-meta-layouts":"default","ast-page-background-enabled":"default","ast-page-background-meta":{"desktop":{"background-color":"var(--ast-global-color-4)","background-image":"","background-repeat":"repeat","background-position":"center center","background-size":"auto","background-attachment":"scroll","background-type":"","background-media":"","overlay-type":"","overlay-color":"","overlay-opacity":"","overlay-gradient":""},"tablet":{"background-color":"","background-image":"","background-repeat":"repeat","background-position":"center center","background-size":"auto","background-attachment":"scroll","background-type":"","background-media":"","overlay-type":"","overlay-color":"","overlay-opacity":"","overlay-gradient":""},"mobile":{"background-color":"","background-image":"","background-repeat":"repeat","background-position":"center center","background-size":"auto","background-attachment":"scroll","background-type":"","background-media":"","overlay-type":"","overlay-color":"","overlay-opacity":"","overlay-gradient":""}},"ast-content-background-meta":{"desktop":{"background-color":"var(--ast-global-color-5)","background-image":"","background-repeat":"repeat","background-position":"center center","background-size":"auto","background-attachment":"scroll","background-type":"","background-media":"","overlay-type":"","overlay-color":"","overlay-opacity":"","overlay-gradient":""},"tablet":{"background-color":"var(--ast-global-color-5)","background-image":"","background-repeat":"repeat","background-position":"center center","background-size":"auto","background-attachment":"scroll","background-type":"","background-media":"","overlay-type":"","overlay-color":"","overlay-opacity":"","overlay-gradient":""},"mobile":{"background-color":"var(--ast-global-color-5)","background-image":"","background-repeat":"repeat","background-position":"center center","background-size":"auto","background-attachment":"scroll","background-type":"","background-media":"","overlay-type":"","overlay-color":"","overlay-opacity":"","overlay-gradient":""}},"footnotes":""},"categories":[5],"tags":[5516],"class_list":["post-4632","post","type-post","status-publish","format-standard","hentry","category-politica","tag-respuestas-al-presidente"],"yoast_head":"<!-- This site is optimized with the Yoast SEO plugin v23.2 - https:\/\/yoast.com\/wordpress\/plugins\/seo\/ -->\n<title>Respuestas al Presidente - Sabado 100<\/title>\n<meta name=\"robots\" content=\"index, follow, max-snippet:-1, max-image-preview:large, max-video-preview:-1\" \/>\n<link rel=\"canonical\" href=\"https:\/\/sabado100.com.ar\/es-ar\/respuestas-al-presidente\/\" \/>\n<meta property=\"og:locale\" content=\"es_ES\" \/>\n<meta property=\"og:type\" content=\"article\" \/>\n<meta property=\"og:title\" content=\"Respuestas al Presidente - Sabado 100\" \/>\n<meta property=\"og:description\" content=\"Por Mar\u00eda Herminia Grande.- Los aires del lejano oriente y la buena receptividad que el presidente Mauricio Macri tuvo de [&hellip;]\" \/>\n<meta property=\"og:url\" content=\"https:\/\/sabado100.com.ar\/es-ar\/respuestas-al-presidente\/\" \/>\n<meta property=\"og:site_name\" content=\"Sabado 100\" \/>\n<meta property=\"article:publisher\" content=\"https:\/\/www.facebook.com\/sabadocien\/\" \/>\n<meta property=\"article:published_time\" content=\"2016-09-07T12:01:12+00:00\" \/>\n<meta name=\"author\" content=\"sabado cien\" \/>\n<meta name=\"twitter:card\" content=\"summary_large_image\" \/>\n<meta name=\"twitter:label1\" content=\"Escrito por\" \/>\n\t<meta name=\"twitter:data1\" content=\"sabado cien\" \/>\n\t<meta name=\"twitter:label2\" content=\"Tiempo de lectura\" \/>\n\t<meta name=\"twitter:data2\" content=\"4 minutos\" \/>\n<script type=\"application\/ld+json\" class=\"yoast-schema-graph\">{\"@context\":\"https:\/\/schema.org\",\"@graph\":[{\"@type\":\"Article\",\"@id\":\"https:\/\/sabado100.com.ar\/es-ar\/respuestas-al-presidente\/#article\",\"isPartOf\":{\"@id\":\"https:\/\/sabado100.com.ar\/es-ar\/respuestas-al-presidente\/\"},\"author\":{\"name\":\"sabado cien\",\"@id\":\"https:\/\/sabado100.com.ar\/es-ar\/#\/schema\/person\/58e38b918ef4e44b11398f25d4684c6d\"},\"headline\":\"Respuestas al Presidente\",\"datePublished\":\"2016-09-07T12:01:12+00:00\",\"dateModified\":\"2016-09-07T12:01:12+00:00\",\"mainEntityOfPage\":{\"@id\":\"https:\/\/sabado100.com.ar\/es-ar\/respuestas-al-presidente\/\"},\"wordCount\":886,\"commentCount\":0,\"publisher\":{\"@id\":\"https:\/\/sabado100.com.ar\/es-ar\/#organization\"},\"keywords\":[\"Respuestas al Presidente\"],\"articleSection\":[\"Pol\u00edtica\"],\"inLanguage\":\"es\",\"potentialAction\":[{\"@type\":\"CommentAction\",\"name\":\"Comment\",\"target\":[\"https:\/\/sabado100.com.ar\/es-ar\/respuestas-al-presidente\/#respond\"]}]},{\"@type\":\"WebPage\",\"@id\":\"https:\/\/sabado100.com.ar\/es-ar\/respuestas-al-presidente\/\",\"url\":\"https:\/\/sabado100.com.ar\/es-ar\/respuestas-al-presidente\/\",\"name\":\"Respuestas al Presidente - Sabado 100\",\"isPartOf\":{\"@id\":\"https:\/\/sabado100.com.ar\/es-ar\/#website\"},\"datePublished\":\"2016-09-07T12:01:12+00:00\",\"dateModified\":\"2016-09-07T12:01:12+00:00\",\"breadcrumb\":{\"@id\":\"https:\/\/sabado100.com.ar\/es-ar\/respuestas-al-presidente\/#breadcrumb\"},\"inLanguage\":\"es\",\"potentialAction\":[{\"@type\":\"ReadAction\",\"target\":[\"https:\/\/sabado100.com.ar\/es-ar\/respuestas-al-presidente\/\"]}]},{\"@type\":\"BreadcrumbList\",\"@id\":\"https:\/\/sabado100.com.ar\/es-ar\/respuestas-al-presidente\/#breadcrumb\",\"itemListElement\":[{\"@type\":\"ListItem\",\"position\":1,\"name\":\"Portada\",\"item\":\"https:\/\/sabado100.com.ar\/es-ar\/\"},{\"@type\":\"ListItem\",\"position\":2,\"name\":\"Respuestas al Presidente\"}]},{\"@type\":\"WebSite\",\"@id\":\"https:\/\/sabado100.com.ar\/es-ar\/#website\",\"url\":\"https:\/\/sabado100.com.ar\/es-ar\/\",\"name\":\"Sabado 100\",\"description\":\"\",\"publisher\":{\"@id\":\"https:\/\/sabado100.com.ar\/es-ar\/#organization\"},\"potentialAction\":[{\"@type\":\"SearchAction\",\"target\":{\"@type\":\"EntryPoint\",\"urlTemplate\":\"https:\/\/sabado100.com.ar\/es-ar\/?s={search_term_string}\"},\"query-input\":\"required name=search_term_string\"}],\"inLanguage\":\"es\"},{\"@type\":\"Organization\",\"@id\":\"https:\/\/sabado100.com.ar\/es-ar\/#organization\",\"name\":\"Sabado 100\",\"url\":\"https:\/\/sabado100.com.ar\/es-ar\/\",\"logo\":{\"@type\":\"ImageObject\",\"inLanguage\":\"es\",\"@id\":\"https:\/\/sabado100.com.ar\/es-ar\/#\/schema\/logo\/image\/\",\"url\":\"https:\/\/sabado100.com.ar\/es-ar\/wp-content\/uploads\/2024\/04\/logo3.jpg\",\"contentUrl\":\"https:\/\/sabado100.com.ar\/es-ar\/wp-content\/uploads\/2024\/04\/logo3.jpg\",\"width\":300,\"height\":174,\"caption\":\"Sabado 100\"},\"image\":{\"@id\":\"https:\/\/sabado100.com.ar\/es-ar\/#\/schema\/logo\/image\/\"},\"sameAs\":[\"https:\/\/www.facebook.com\/sabadocien\/\",\"https:\/\/www.instagram.com\/sabado100.com.ar\/\",\"https:\/\/www.youtube.com\/@sabado1003\"]},{\"@type\":\"Person\",\"@id\":\"https:\/\/sabado100.com.ar\/es-ar\/#\/schema\/person\/58e38b918ef4e44b11398f25d4684c6d\",\"name\":\"sabado cien\",\"image\":{\"@type\":\"ImageObject\",\"inLanguage\":\"es\",\"@id\":\"https:\/\/sabado100.com.ar\/es-ar\/#\/schema\/person\/image\/\",\"url\":\"https:\/\/sabado100.com.ar\/es-ar\/wp-content\/litespeed\/avatar\/484bccfbd493fbb703b0f1b8113dad61.jpg?ver=1787731622\",\"contentUrl\":\"https:\/\/sabado100.com.ar\/es-ar\/wp-content\/litespeed\/avatar\/484bccfbd493fbb703b0f1b8113dad61.jpg?ver=1787731622\",\"caption\":\"sabado cien\"},\"url\":\"https:\/\/sabado100.com.ar\/es-ar\/author\/sabado100\/\"}]}<\/script>\n<!-- \/ Yoast SEO plugin. -->","yoast_head_json":{"title":"Respuestas al Presidente - Sabado 100","robots":{"index":"index","follow":"follow","max-snippet":"max-snippet:-1","max-image-preview":"max-image-preview:large","max-video-preview":"max-video-preview:-1"},"canonical":"https:\/\/sabado100.com.ar\/es-ar\/respuestas-al-presidente\/","og_locale":"es_ES","og_type":"article","og_title":"Respuestas al Presidente - Sabado 100","og_description":"Por Mar\u00eda Herminia Grande.- Los aires del lejano oriente y la buena receptividad que el presidente Mauricio Macri tuvo de [&hellip;]","og_url":"https:\/\/sabado100.com.ar\/es-ar\/respuestas-al-presidente\/","og_site_name":"Sabado 100","article_publisher":"https:\/\/www.facebook.com\/sabadocien\/","article_published_time":"2016-09-07T12:01:12+00:00","author":"sabado cien","twitter_card":"summary_large_image","twitter_misc":{"Escrito por":"sabado cien","Tiempo de lectura":"4 minutos"},"schema":{"@context":"https:\/\/schema.org","@graph":[{"@type":"Article","@id":"https:\/\/sabado100.com.ar\/es-ar\/respuestas-al-presidente\/#article","isPartOf":{"@id":"https:\/\/sabado100.com.ar\/es-ar\/respuestas-al-presidente\/"},"author":{"name":"sabado cien","@id":"https:\/\/sabado100.com.ar\/es-ar\/#\/schema\/person\/58e38b918ef4e44b11398f25d4684c6d"},"headline":"Respuestas al Presidente","datePublished":"2016-09-07T12:01:12+00:00","dateModified":"2016-09-07T12:01:12+00:00","mainEntityOfPage":{"@id":"https:\/\/sabado100.com.ar\/es-ar\/respuestas-al-presidente\/"},"wordCount":886,"commentCount":0,"publisher":{"@id":"https:\/\/sabado100.com.ar\/es-ar\/#organization"},"keywords":["Respuestas al Presidente"],"articleSection":["Pol\u00edtica"],"inLanguage":"es","potentialAction":[{"@type":"CommentAction","name":"Comment","target":["https:\/\/sabado100.com.ar\/es-ar\/respuestas-al-presidente\/#respond"]}]},{"@type":"WebPage","@id":"https:\/\/sabado100.com.ar\/es-ar\/respuestas-al-presidente\/","url":"https:\/\/sabado100.com.ar\/es-ar\/respuestas-al-presidente\/","name":"Respuestas al Presidente - Sabado 100","isPartOf":{"@id":"https:\/\/sabado100.com.ar\/es-ar\/#website"},"datePublished":"2016-09-07T12:01:12+00:00","dateModified":"2016-09-07T12:01:12+00:00","breadcrumb":{"@id":"https:\/\/sabado100.com.ar\/es-ar\/respuestas-al-presidente\/#breadcrumb"},"inLanguage":"es","potentialAction":[{"@type":"ReadAction","target":["https:\/\/sabado100.com.ar\/es-ar\/respuestas-al-presidente\/"]}]},{"@type":"BreadcrumbList","@id":"https:\/\/sabado100.com.ar\/es-ar\/respuestas-al-presidente\/#breadcrumb","itemListElement":[{"@type":"ListItem","position":1,"name":"Portada","item":"https:\/\/sabado100.com.ar\/es-ar\/"},{"@type":"ListItem","position":2,"name":"Respuestas al Presidente"}]},{"@type":"WebSite","@id":"https:\/\/sabado100.com.ar\/es-ar\/#website","url":"https:\/\/sabado100.com.ar\/es-ar\/","name":"Sabado 100","description":"","publisher":{"@id":"https:\/\/sabado100.com.ar\/es-ar\/#organization"},"potentialAction":[{"@type":"SearchAction","target":{"@type":"EntryPoint","urlTemplate":"https:\/\/sabado100.com.ar\/es-ar\/?s={search_term_string}"},"query-input":"required name=search_term_string"}],"inLanguage":"es"},{"@type":"Organization","@id":"https:\/\/sabado100.com.ar\/es-ar\/#organization","name":"Sabado 100","url":"https:\/\/sabado100.com.ar\/es-ar\/","logo":{"@type":"ImageObject","inLanguage":"es","@id":"https:\/\/sabado100.com.ar\/es-ar\/#\/schema\/logo\/image\/","url":"https:\/\/sabado100.com.ar\/es-ar\/wp-content\/uploads\/2024\/04\/logo3.jpg","contentUrl":"https:\/\/sabado100.com.ar\/es-ar\/wp-content\/uploads\/2024\/04\/logo3.jpg","width":300,"height":174,"caption":"Sabado 100"},"image":{"@id":"https:\/\/sabado100.com.ar\/es-ar\/#\/schema\/logo\/image\/"},"sameAs":["https:\/\/www.facebook.com\/sabadocien\/","https:\/\/www.instagram.com\/sabado100.com.ar\/","https:\/\/www.youtube.com\/@sabado1003"]},{"@type":"Person","@id":"https:\/\/sabado100.com.ar\/es-ar\/#\/schema\/person\/58e38b918ef4e44b11398f25d4684c6d","name":"sabado cien","image":{"@type":"ImageObject","inLanguage":"es","@id":"https:\/\/sabado100.com.ar\/es-ar\/#\/schema\/person\/image\/","url":"https:\/\/sabado100.com.ar\/es-ar\/wp-content\/litespeed\/avatar\/484bccfbd493fbb703b0f1b8113dad61.jpg?ver=1787731622","contentUrl":"https:\/\/sabado100.com.ar\/es-ar\/wp-content\/litespeed\/avatar\/484bccfbd493fbb703b0f1b8113dad61.jpg?ver=1787731622","caption":"sabado cien"},"url":"https:\/\/sabado100.com.ar\/es-ar\/author\/sabado100\/"}]}},"_links":{"self":[{"href":"https:\/\/sabado100.com.ar\/es-ar\/wp-json\/wp\/v2\/posts\/4632","targetHints":{"allow":["GET"]}}],"collection":[{"href":"https:\/\/sabado100.com.ar\/es-ar\/wp-json\/wp\/v2\/posts"}],"about":[{"href":"https:\/\/sabado100.com.ar\/es-ar\/wp-json\/wp\/v2\/types\/post"}],"author":[{"embeddable":true,"href":"https:\/\/sabado100.com.ar\/es-ar\/wp-json\/wp\/v2\/users\/2"}],"replies":[{"embeddable":true,"href":"https:\/\/sabado100.com.ar\/es-ar\/wp-json\/wp\/v2\/comments?post=4632"}],"version-history":[{"count":0,"href":"https:\/\/sabado100.com.ar\/es-ar\/wp-json\/wp\/v2\/posts\/4632\/revisions"}],"wp:attachment":[{"href":"https:\/\/sabado100.com.ar\/es-ar\/wp-json\/wp\/v2\/media?parent=4632"}],"wp:term":[{"taxonomy":"category","embeddable":true,"href":"https:\/\/sabado100.com.ar\/es-ar\/wp-json\/wp\/v2\/categories?post=4632"},{"taxonomy":"post_tag","embeddable":true,"href":"https:\/\/sabado100.com.ar\/es-ar\/wp-json\/wp\/v2\/tags?post=4632"}],"curies":[{"name":"wp","href":"https:\/\/api.w.org\/{rel}","templated":true}]}}