{"id":4527,"date":"2016-06-21T22:11:03","date_gmt":"2016-06-21T20:11:03","guid":{"rendered":"https:\/\/www.sabado100.com.ar\/?p=4527"},"modified":"2016-06-21T22:11:03","modified_gmt":"2016-06-21T20:11:03","slug":"manuel-y-martin","status":"publish","type":"post","link":"https:\/\/sabado100.com.ar\/es-ar\/manuel-y-martin\/","title":{"rendered":"Manuel y Mart\u00edn"},"content":{"rendered":"<p><strong>Por Ad\u00e1n Costa.-<\/strong> Manuel Belgrano ten\u00eda la voz aterciopelada, \u00fatil para ejercer el derecho aprendido en la universidad de Salamanca, pero absolutamente contraindicada para el arte de la guerra y del mando a hierro y metralla.  No obstante,  jam\u00e1s le faltaron convicciones como para desobedecer a Buenos Aires y demostrar suma gallard\u00eda ante los mon\u00e1rquicos en las batallas de la ciudadela de Tucum\u00e1n en setiembre de 1812 y en Salta en febrero de 1813. Ya antes hab\u00eda desobedecido a los bur\u00f3cratas de la porte\u00f1itud, plantando el color celeste y blanco en las barrancas de la Villa del Rosario el 27 de febrero de 1812 y luego jurarla en la catedral juje\u00f1a el 25 de mayo de 1812. A\u00fan sigue en la querella hist\u00f3rica si los colores elegidos para la bandera nacional derivan del cielo o de los mismos reyes borb\u00f3nicos.<br \/>\nMart\u00edn Miguel de G\u00fcemes, gangoso y hemof\u00edlico, pose\u00eda la elocuencia de los fogones. Las limitaciones de su cuerpo (o quiz\u00e1 a causa de ellas) jam\u00e1s le impidieron edificarse en uno de los l\u00edderes populares con mayor ascendente en el norte argentino, cuando Salta no era Norte, ni argentino, sino, m\u00e1s bien un colonial conf\u00edn alto peruano. Manuel, s\u00f3lido abogado y brillante economista, desconfiaba de la riqueza f\u00e1cil que promet\u00eda la ganader\u00eda, en un pa\u00eds que en los albores del siglo XIX ya proliferaba en cabezas de ganado. Aqu\u00e9lla trabajo a muy pocas personas, no desarrollaba la inventiva, desalentaba el crecimiento de la poblaci\u00f3n y concentraba la riqueza en pocas manos. Su determinaci\u00f3n era el fomento de la agricultura y de la industria, por el alt\u00edsimo poder de redistribuci\u00f3n de la riqueza y el desarrollo de los pueblos. Y del conocimiento, que lo ligaba a la posibilidad de que las naciones puedan comprenderse a s\u00ed mismas. Por eso construy\u00f3 escuelas con sus sueldos militares en el Norte. Pens\u00f3 en la igualdad entre varones y mujeres, pens\u00f3 en el cuidado de la Naturaleza, el respeto por los ind\u00edgenas.<br \/>\nEl espacio geogr\u00e1fico, natural y cultural donde mayor sangre se derram\u00f3 en las guerras de la independencia fue en ese territorio que recibiera el nombre del \u201cAlto Per\u00fa\u201d (antiguas dependencias virreinales de Cochabamba, Chuquisaca, La Paz, Potos\u00ed y Puno), que hoy forma parte de los territorios de Bolivia y las provincias argentinas de Salta y Jujuy. All\u00ed fue el encuentro m\u00e1s cruento entre los mon\u00e1rquicos espa\u00f1oles que pujaban desde el norte sofocar la rebeli\u00f3n del puerto de Buenos Aires y los porte\u00f1os que quer\u00eda llegar a Lima desde el sur. Hacia all\u00ed partieron Castelli y Monteagudo primero, luego Belgrano y otros. Fue crucial para los fines de la patria la decisiva \u201cguerra de guerrillas o de recursos\u201d, de la caudilla altoperuana Juana Azurduy y Mart\u00edn Miguel de G\u00fcemes y sus montoneras, que actuaron de tap\u00f3n de la avanzada realista entre 1815 y 1822, central para asegurar el plan continental de San Mart\u00edn de llegar a Lima por el mar, cruzando previamente los Andes y liberar Chile.  Dijo San Mart\u00edn sobre G\u00fcemes y sus gauchos infernales: \u201c\u2026Los gauchos de Salta solos est\u00e1n haciendo al enemigo una guerra de recursos tan terrible que lo han obligado a desprenderse de una divisi\u00f3n con el solo objeto de extraer mulas y ganado\u2026\u00bb.<br \/>\nDe no haber existido G\u00fcemes, los planes de emancipaci\u00f3n hubieran naufragado o postergado, pero esto no fue en absoluto gratuito para el norte argentino, como prueba de ello el propio G\u00fcemes le relataba a Belgrano en 1819: \u00ab\u2026Esta provincia no me representa m\u00e1s que un semblante de miseria, de l\u00e1grimas y de agon\u00edas. La naci\u00f3n sabe cu\u00e1ntos y cu\u00e1n grandes sacrificios tienen hechos la provincia de Salta en defensa de su idolatrada libertad y que a costa de fatigas y de sangre ha logrado que los dem\u00e1s pueblos hermanos conserven el precio de su seguridad y sosiego; pues en premio de tanto hero\u00edsmo exige la gratitud que emulamos de unos sentimientos patri\u00f3ticos contribuyan con sus auxilios a remediar su aflicci\u00f3n y su miseria\u2026\u00bb.<br \/>\nManuel y Mart\u00edn dieron sus vidas por la causa, y encontraron en el Norte la gravitaci\u00f3n de sus mayores esfuerzos y de sus ideas de libertad e igualdad. Ambos hab\u00edan nacido en seno de familias ricas y pudientes, uno hijo de la Salta colonial y otro de estirpe comerciantes italianos, pero murieron empobrecidos o con sus patrimonios hipotecados en las causas de la patria. De alguna manera se rebelaron ante lo que la tradici\u00f3n familiar esperaba de ellos. Ambos murieron en junio, casi con a\u00f1o de diferencia. Manuel, con la sola compa\u00f1\u00eda de su m\u00e9dico en Buenos Aires, el 20 de junio de 1820 (el d\u00eda de la cesaci\u00f3n del poder directorial argentino o de los \u201ctres gobernadores\u201d) y Mart\u00edn en la Ca\u00f1ada de la Horqueta, Salta, el 17 de junio de 1821 luego de una desgarradora agon\u00eda.<br \/>\nLas voces de Belgrano, G\u00fcemes, San Mart\u00edn, Artigas, Juana Azurduy, Dorrego, Andr\u00e9s Guacurar\u00ed, entre las m\u00e1s reconocidas, fueron casi solitarias cuando les toc\u00f3 actuar, a pesar de que luego de ellos se habl\u00f3 mucho de sus marm\u00f3reos logros militares, escondiendo en todos esos casos su pensamiento pol\u00edtico o econ\u00f3mico.  Ensayaron una idea de patria m\u00e1s all\u00e1 de independencia pol\u00edtica de otros pa\u00edses, sino, sobre todo, una idea de patria basada en una sociedad m\u00e1s justa, igualitaria y distributiva, impugnando una sociedad desigual existente, que concentra las riquezas en pocas manos y miseria en las de muchos. Ese es su legado m\u00e1s robusto, que hoy seguimos honrando.<\/p>\n<p><strong>20 de junio de 2016. El autor es abogado y docente santafesino.<\/strong><\/p>\n","protected":false},"excerpt":{"rendered":"<p>Por Ad\u00e1n Costa.- Manuel Belgrano ten\u00eda la voz aterciopelada, \u00fatil para ejercer el derecho aprendido en la universidad de Salamanca, [&hellip;]<\/p>\n","protected":false},"author":2,"featured_media":0,"comment_status":"open","ping_status":"closed","sticky":false,"template":"","format":"standard","meta":{"site-sidebar-layout":"default","site-content-layout":"","ast-site-content-layout":"default","site-content-style":"default","site-sidebar-style":"default","ast-global-header-display":"","ast-banner-title-visibility":"","ast-main-header-display":"","ast-hfb-above-header-display":"","ast-hfb-below-header-display":"","ast-hfb-mobile-header-display":"","site-post-title":"","ast-breadcrumbs-content":"","ast-featured-img":"","footer-sml-layout":"","ast-disable-related-posts":"","theme-transparent-header-meta":"","adv-header-id-meta":"","stick-header-meta":"","header-above-stick-meta":"","header-main-stick-meta":"","header-below-stick-meta":"","astra-migrate-meta-layouts":"default","ast-page-background-enabled":"default","ast-page-background-meta":{"desktop":{"background-color":"var(--ast-global-color-4)","background-image":"","background-repeat":"repeat","background-position":"center center","background-size":"auto","background-attachment":"scroll","background-type":"","background-media":"","overlay-type":"","overlay-color":"","overlay-opacity":"","overlay-gradient":""},"tablet":{"background-color":"","background-image":"","background-repeat":"repeat","background-position":"center center","background-size":"auto","background-attachment":"scroll","background-type":"","background-media":"","overlay-type":"","overlay-color":"","overlay-opacity":"","overlay-gradient":""},"mobile":{"background-color":"","background-image":"","background-repeat":"repeat","background-position":"center center","background-size":"auto","background-attachment":"scroll","background-type":"","background-media":"","overlay-type":"","overlay-color":"","overlay-opacity":"","overlay-gradient":""}},"ast-content-background-meta":{"desktop":{"background-color":"var(--ast-global-color-5)","background-image":"","background-repeat":"repeat","background-position":"center center","background-size":"auto","background-attachment":"scroll","background-type":"","background-media":"","overlay-type":"","overlay-color":"","overlay-opacity":"","overlay-gradient":""},"tablet":{"background-color":"var(--ast-global-color-5)","background-image":"","background-repeat":"repeat","background-position":"center center","background-size":"auto","background-attachment":"scroll","background-type":"","background-media":"","overlay-type":"","overlay-color":"","overlay-opacity":"","overlay-gradient":""},"mobile":{"background-color":"var(--ast-global-color-5)","background-image":"","background-repeat":"repeat","background-position":"center center","background-size":"auto","background-attachment":"scroll","background-type":"","background-media":"","overlay-type":"","overlay-color":"","overlay-opacity":"","overlay-gradient":""}},"footnotes":""},"categories":[4,5],"tags":[5482],"class_list":["post-4527","post","type-post","status-publish","format-standard","hentry","category-cultura-y-sociedad","category-politica","tag-manuel-y-martin"],"yoast_head":"<!-- This site is optimized with the Yoast SEO plugin v23.2 - https:\/\/yoast.com\/wordpress\/plugins\/seo\/ -->\n<title>Manuel y Mart\u00edn - Sabado 100<\/title>\n<meta name=\"robots\" content=\"index, follow, max-snippet:-1, max-image-preview:large, max-video-preview:-1\" \/>\n<link rel=\"canonical\" href=\"https:\/\/sabado100.com.ar\/es-ar\/manuel-y-martin\/\" \/>\n<meta property=\"og:locale\" content=\"es_ES\" \/>\n<meta property=\"og:type\" content=\"article\" \/>\n<meta property=\"og:title\" content=\"Manuel y Mart\u00edn - Sabado 100\" \/>\n<meta property=\"og:description\" content=\"Por Ad\u00e1n Costa.- Manuel Belgrano ten\u00eda la voz aterciopelada, \u00fatil para ejercer el derecho aprendido en la universidad de Salamanca, [&hellip;]\" \/>\n<meta property=\"og:url\" content=\"https:\/\/sabado100.com.ar\/es-ar\/manuel-y-martin\/\" \/>\n<meta property=\"og:site_name\" content=\"Sabado 100\" \/>\n<meta property=\"article:publisher\" content=\"https:\/\/www.facebook.com\/sabadocien\/\" \/>\n<meta property=\"article:published_time\" content=\"2016-06-21T20:11:03+00:00\" \/>\n<meta name=\"author\" content=\"sabado cien\" \/>\n<meta name=\"twitter:card\" content=\"summary_large_image\" \/>\n<meta name=\"twitter:label1\" content=\"Escrito por\" \/>\n\t<meta name=\"twitter:data1\" content=\"sabado cien\" \/>\n\t<meta name=\"twitter:label2\" content=\"Tiempo de lectura\" \/>\n\t<meta name=\"twitter:data2\" content=\"5 minutos\" \/>\n<script type=\"application\/ld+json\" class=\"yoast-schema-graph\">{\"@context\":\"https:\/\/schema.org\",\"@graph\":[{\"@type\":\"Article\",\"@id\":\"https:\/\/sabado100.com.ar\/es-ar\/manuel-y-martin\/#article\",\"isPartOf\":{\"@id\":\"https:\/\/sabado100.com.ar\/es-ar\/manuel-y-martin\/\"},\"author\":{\"name\":\"sabado cien\",\"@id\":\"https:\/\/sabado100.com.ar\/es-ar\/#\/schema\/person\/58e38b918ef4e44b11398f25d4684c6d\"},\"headline\":\"Manuel y Mart\u00edn\",\"datePublished\":\"2016-06-21T20:11:03+00:00\",\"dateModified\":\"2016-06-21T20:11:03+00:00\",\"mainEntityOfPage\":{\"@id\":\"https:\/\/sabado100.com.ar\/es-ar\/manuel-y-martin\/\"},\"wordCount\":987,\"commentCount\":0,\"publisher\":{\"@id\":\"https:\/\/sabado100.com.ar\/es-ar\/#organization\"},\"keywords\":[\"Manuel y Mart\u00edn\"],\"articleSection\":[\"Cultura y Sociedad\",\"Pol\u00edtica\"],\"inLanguage\":\"es\",\"potentialAction\":[{\"@type\":\"CommentAction\",\"name\":\"Comment\",\"target\":[\"https:\/\/sabado100.com.ar\/es-ar\/manuel-y-martin\/#respond\"]}]},{\"@type\":\"WebPage\",\"@id\":\"https:\/\/sabado100.com.ar\/es-ar\/manuel-y-martin\/\",\"url\":\"https:\/\/sabado100.com.ar\/es-ar\/manuel-y-martin\/\",\"name\":\"Manuel y Mart\u00edn - Sabado 100\",\"isPartOf\":{\"@id\":\"https:\/\/sabado100.com.ar\/es-ar\/#website\"},\"datePublished\":\"2016-06-21T20:11:03+00:00\",\"dateModified\":\"2016-06-21T20:11:03+00:00\",\"breadcrumb\":{\"@id\":\"https:\/\/sabado100.com.ar\/es-ar\/manuel-y-martin\/#breadcrumb\"},\"inLanguage\":\"es\",\"potentialAction\":[{\"@type\":\"ReadAction\",\"target\":[\"https:\/\/sabado100.com.ar\/es-ar\/manuel-y-martin\/\"]}]},{\"@type\":\"BreadcrumbList\",\"@id\":\"https:\/\/sabado100.com.ar\/es-ar\/manuel-y-martin\/#breadcrumb\",\"itemListElement\":[{\"@type\":\"ListItem\",\"position\":1,\"name\":\"Portada\",\"item\":\"https:\/\/sabado100.com.ar\/es-ar\/\"},{\"@type\":\"ListItem\",\"position\":2,\"name\":\"Manuel y Mart\u00edn\"}]},{\"@type\":\"WebSite\",\"@id\":\"https:\/\/sabado100.com.ar\/es-ar\/#website\",\"url\":\"https:\/\/sabado100.com.ar\/es-ar\/\",\"name\":\"Sabado 100\",\"description\":\"\",\"publisher\":{\"@id\":\"https:\/\/sabado100.com.ar\/es-ar\/#organization\"},\"potentialAction\":[{\"@type\":\"SearchAction\",\"target\":{\"@type\":\"EntryPoint\",\"urlTemplate\":\"https:\/\/sabado100.com.ar\/es-ar\/?s={search_term_string}\"},\"query-input\":\"required name=search_term_string\"}],\"inLanguage\":\"es\"},{\"@type\":\"Organization\",\"@id\":\"https:\/\/sabado100.com.ar\/es-ar\/#organization\",\"name\":\"Sabado 100\",\"url\":\"https:\/\/sabado100.com.ar\/es-ar\/\",\"logo\":{\"@type\":\"ImageObject\",\"inLanguage\":\"es\",\"@id\":\"https:\/\/sabado100.com.ar\/es-ar\/#\/schema\/logo\/image\/\",\"url\":\"https:\/\/sabado100.com.ar\/es-ar\/wp-content\/uploads\/2024\/04\/logo3.jpg\",\"contentUrl\":\"https:\/\/sabado100.com.ar\/es-ar\/wp-content\/uploads\/2024\/04\/logo3.jpg\",\"width\":300,\"height\":174,\"caption\":\"Sabado 100\"},\"image\":{\"@id\":\"https:\/\/sabado100.com.ar\/es-ar\/#\/schema\/logo\/image\/\"},\"sameAs\":[\"https:\/\/www.facebook.com\/sabadocien\/\",\"https:\/\/www.instagram.com\/sabado100.com.ar\/\",\"https:\/\/www.youtube.com\/@sabado1003\"]},{\"@type\":\"Person\",\"@id\":\"https:\/\/sabado100.com.ar\/es-ar\/#\/schema\/person\/58e38b918ef4e44b11398f25d4684c6d\",\"name\":\"sabado cien\",\"image\":{\"@type\":\"ImageObject\",\"inLanguage\":\"es\",\"@id\":\"https:\/\/sabado100.com.ar\/es-ar\/#\/schema\/person\/image\/\",\"url\":\"https:\/\/sabado100.com.ar\/es-ar\/wp-content\/litespeed\/avatar\/484bccfbd493fbb703b0f1b8113dad61.jpg?ver=1787731622\",\"contentUrl\":\"https:\/\/sabado100.com.ar\/es-ar\/wp-content\/litespeed\/avatar\/484bccfbd493fbb703b0f1b8113dad61.jpg?ver=1787731622\",\"caption\":\"sabado cien\"},\"url\":\"https:\/\/sabado100.com.ar\/es-ar\/author\/sabado100\/\"}]}<\/script>\n<!-- \/ Yoast SEO plugin. -->","yoast_head_json":{"title":"Manuel y Mart\u00edn - Sabado 100","robots":{"index":"index","follow":"follow","max-snippet":"max-snippet:-1","max-image-preview":"max-image-preview:large","max-video-preview":"max-video-preview:-1"},"canonical":"https:\/\/sabado100.com.ar\/es-ar\/manuel-y-martin\/","og_locale":"es_ES","og_type":"article","og_title":"Manuel y Mart\u00edn - Sabado 100","og_description":"Por Ad\u00e1n Costa.- Manuel Belgrano ten\u00eda la voz aterciopelada, \u00fatil para ejercer el derecho aprendido en la universidad de Salamanca, [&hellip;]","og_url":"https:\/\/sabado100.com.ar\/es-ar\/manuel-y-martin\/","og_site_name":"Sabado 100","article_publisher":"https:\/\/www.facebook.com\/sabadocien\/","article_published_time":"2016-06-21T20:11:03+00:00","author":"sabado cien","twitter_card":"summary_large_image","twitter_misc":{"Escrito por":"sabado cien","Tiempo de lectura":"5 minutos"},"schema":{"@context":"https:\/\/schema.org","@graph":[{"@type":"Article","@id":"https:\/\/sabado100.com.ar\/es-ar\/manuel-y-martin\/#article","isPartOf":{"@id":"https:\/\/sabado100.com.ar\/es-ar\/manuel-y-martin\/"},"author":{"name":"sabado cien","@id":"https:\/\/sabado100.com.ar\/es-ar\/#\/schema\/person\/58e38b918ef4e44b11398f25d4684c6d"},"headline":"Manuel y Mart\u00edn","datePublished":"2016-06-21T20:11:03+00:00","dateModified":"2016-06-21T20:11:03+00:00","mainEntityOfPage":{"@id":"https:\/\/sabado100.com.ar\/es-ar\/manuel-y-martin\/"},"wordCount":987,"commentCount":0,"publisher":{"@id":"https:\/\/sabado100.com.ar\/es-ar\/#organization"},"keywords":["Manuel y Mart\u00edn"],"articleSection":["Cultura y Sociedad","Pol\u00edtica"],"inLanguage":"es","potentialAction":[{"@type":"CommentAction","name":"Comment","target":["https:\/\/sabado100.com.ar\/es-ar\/manuel-y-martin\/#respond"]}]},{"@type":"WebPage","@id":"https:\/\/sabado100.com.ar\/es-ar\/manuel-y-martin\/","url":"https:\/\/sabado100.com.ar\/es-ar\/manuel-y-martin\/","name":"Manuel y Mart\u00edn - Sabado 100","isPartOf":{"@id":"https:\/\/sabado100.com.ar\/es-ar\/#website"},"datePublished":"2016-06-21T20:11:03+00:00","dateModified":"2016-06-21T20:11:03+00:00","breadcrumb":{"@id":"https:\/\/sabado100.com.ar\/es-ar\/manuel-y-martin\/#breadcrumb"},"inLanguage":"es","potentialAction":[{"@type":"ReadAction","target":["https:\/\/sabado100.com.ar\/es-ar\/manuel-y-martin\/"]}]},{"@type":"BreadcrumbList","@id":"https:\/\/sabado100.com.ar\/es-ar\/manuel-y-martin\/#breadcrumb","itemListElement":[{"@type":"ListItem","position":1,"name":"Portada","item":"https:\/\/sabado100.com.ar\/es-ar\/"},{"@type":"ListItem","position":2,"name":"Manuel y Mart\u00edn"}]},{"@type":"WebSite","@id":"https:\/\/sabado100.com.ar\/es-ar\/#website","url":"https:\/\/sabado100.com.ar\/es-ar\/","name":"Sabado 100","description":"","publisher":{"@id":"https:\/\/sabado100.com.ar\/es-ar\/#organization"},"potentialAction":[{"@type":"SearchAction","target":{"@type":"EntryPoint","urlTemplate":"https:\/\/sabado100.com.ar\/es-ar\/?s={search_term_string}"},"query-input":"required name=search_term_string"}],"inLanguage":"es"},{"@type":"Organization","@id":"https:\/\/sabado100.com.ar\/es-ar\/#organization","name":"Sabado 100","url":"https:\/\/sabado100.com.ar\/es-ar\/","logo":{"@type":"ImageObject","inLanguage":"es","@id":"https:\/\/sabado100.com.ar\/es-ar\/#\/schema\/logo\/image\/","url":"https:\/\/sabado100.com.ar\/es-ar\/wp-content\/uploads\/2024\/04\/logo3.jpg","contentUrl":"https:\/\/sabado100.com.ar\/es-ar\/wp-content\/uploads\/2024\/04\/logo3.jpg","width":300,"height":174,"caption":"Sabado 100"},"image":{"@id":"https:\/\/sabado100.com.ar\/es-ar\/#\/schema\/logo\/image\/"},"sameAs":["https:\/\/www.facebook.com\/sabadocien\/","https:\/\/www.instagram.com\/sabado100.com.ar\/","https:\/\/www.youtube.com\/@sabado1003"]},{"@type":"Person","@id":"https:\/\/sabado100.com.ar\/es-ar\/#\/schema\/person\/58e38b918ef4e44b11398f25d4684c6d","name":"sabado cien","image":{"@type":"ImageObject","inLanguage":"es","@id":"https:\/\/sabado100.com.ar\/es-ar\/#\/schema\/person\/image\/","url":"https:\/\/sabado100.com.ar\/es-ar\/wp-content\/litespeed\/avatar\/484bccfbd493fbb703b0f1b8113dad61.jpg?ver=1787731622","contentUrl":"https:\/\/sabado100.com.ar\/es-ar\/wp-content\/litespeed\/avatar\/484bccfbd493fbb703b0f1b8113dad61.jpg?ver=1787731622","caption":"sabado cien"},"url":"https:\/\/sabado100.com.ar\/es-ar\/author\/sabado100\/"}]}},"_links":{"self":[{"href":"https:\/\/sabado100.com.ar\/es-ar\/wp-json\/wp\/v2\/posts\/4527","targetHints":{"allow":["GET"]}}],"collection":[{"href":"https:\/\/sabado100.com.ar\/es-ar\/wp-json\/wp\/v2\/posts"}],"about":[{"href":"https:\/\/sabado100.com.ar\/es-ar\/wp-json\/wp\/v2\/types\/post"}],"author":[{"embeddable":true,"href":"https:\/\/sabado100.com.ar\/es-ar\/wp-json\/wp\/v2\/users\/2"}],"replies":[{"embeddable":true,"href":"https:\/\/sabado100.com.ar\/es-ar\/wp-json\/wp\/v2\/comments?post=4527"}],"version-history":[{"count":0,"href":"https:\/\/sabado100.com.ar\/es-ar\/wp-json\/wp\/v2\/posts\/4527\/revisions"}],"wp:attachment":[{"href":"https:\/\/sabado100.com.ar\/es-ar\/wp-json\/wp\/v2\/media?parent=4527"}],"wp:term":[{"taxonomy":"category","embeddable":true,"href":"https:\/\/sabado100.com.ar\/es-ar\/wp-json\/wp\/v2\/categories?post=4527"},{"taxonomy":"post_tag","embeddable":true,"href":"https:\/\/sabado100.com.ar\/es-ar\/wp-json\/wp\/v2\/tags?post=4527"}],"curies":[{"name":"wp","href":"https:\/\/api.w.org\/{rel}","templated":true}]}}