{"id":4502,"date":"2016-06-02T15:01:27","date_gmt":"2016-06-02T13:01:27","guid":{"rendered":"https:\/\/www.sabado100.com.ar\/?p=4502"},"modified":"2016-06-02T15:01:27","modified_gmt":"2016-06-02T13:01:27","slug":"el-aborto-lesiona-gravemente-la-salud-de-las-mujeres","status":"publish","type":"post","link":"https:\/\/sabado100.com.ar\/es-ar\/el-aborto-lesiona-gravemente-la-salud-de-las-mujeres\/","title":{"rendered":"El aborto lesiona gravemente la salud de las mujeres"},"content":{"rendered":"<p><strong>Por Pablo Cesar Possetto.-<\/strong> Como ciudadanos, todos tenemos el deber bregar para evitar que las mujeres sean sometidas a tratos crueles, degradantes e inhumanos, repudiando toda pr\u00e1ctica que constituya una agresi\u00f3n contra la salud f\u00edsica y mental, y la vida de las mismas.<br \/>\nEn este contexto, quiero compartir algo de informaci\u00f3n que he recolectado (la cual est\u00e1 disponible desde hace tiempo y a mi humilde entender merece ser mas difundida), vinculada con las implicancias que las pr\u00e1cticas abortivas tendr\u00edan sobre las mujeres sometidas a ellas, como una manera responsable de realizar aportes para protegerlas.<br \/>\nUn estudio realizado en Ontario (Canad\u00e1), compar\u00f3 el empleo de servicios de salud en 41039 mujeres que hab\u00edan abortado y un n\u00famero similar de mujeres apareadas por edad concluyendo que, en los tres meses posteriores al aborto, las mujeres que abortaron emplearon los servicios de salud mental casi 3 veces m\u00e1s y debieron ser tratadas por infecciones y condiciones con tratamiento quir\u00fargico en mucha mayor medida que las otras mujeres[i].<br \/>\nAsimismo, se ha constatado que en los casos de aborto, pueden suscitarse las complicaciones propias de cualquier procedimiento quir\u00fargico, e incluso las mujeres pueden sufrir lesiones traum\u00e1ticas del \u00fatero y otros \u00f3rganos intra-abdominales, hemorragias y desgarro del cuello uterino e incluso existe la posibilidad de que el mismo sea incompleto. Tambi\u00e9n, las pr\u00e1cticas abortivas pueden provocar secuelas a largo plazo tales como: la esterilidad de 3-5% mujeres con y sin complicaciones durante la pr\u00e1ctica.<br \/>\nPor otra parte, tambi\u00e9n se comprob\u00f3 que: a) efectuado el aborto, el 22% de las mujeres que se someti\u00f3 a esta pr\u00e1ctica sufre da\u00f1o cervical; b) el 60% de las mujeres que se practican un aborto sufre un aumento de la probabilidad de abortos espont\u00e1neos o partos prematuros en embarazos posteriores; c) cada una de las mujeres sometidas a un aborto tiene entre 5 y 8 veces m\u00e1s probabilidades de presentar embarazo ect\u00f3pico y tiene m\u00e1s probabilidades de morir a causa de estos embarazos que una mujer con embarazo ect\u00f3pico que nunca realiz\u00f3 un aborto; d) la mujer que abort\u00f3 aumenta su probabilidad de morir en un pr\u00f3ximo parto en un 46% respecto de la que nunca abort\u00f3[ii].<br \/>\nDentro de secuelas o complicaciones f\u00edsicas del aborto podemos encontrar:<br \/>\n<strong>La muerte (el aborto provoca la muerte de miles de mujeres):<\/strong> el \u201cMELISA Institute\u201d junto a un panel internacional de investigadores public\u00f3 un estudio el 23 de febrero de 2015 en el \u201cBritish Medical Journal Open\u201d, que permiti\u00f3 concluir, en base a la comparaci\u00f3n durante 10 a\u00f1os (entre 2002 y 2011) de un indicador de salud materna conocido como raz\u00f3n de mortalidad materna (RMN), efectuada en 32 estados mexicanos (18 estados con legislaciones menos permisivas y 14 estados con legislaciones m\u00e1s permisivas), que aquellos con leyes menos permisivas del aborto, exhibieron 23% menor mortalidad materna global y hasta 47% menor mortalidad por complicaciones del aborto[iii].<br \/>\nSeg\u00fan la Organizaci\u00f3n Mundial de la Salud, en pa\u00edses como con aborto legal desde 1972 como India, Inglaterra y Estados Unidos, se registran un 25% de muertes maternas por a\u00f1o del total de muertes maternas del mundo. En pa\u00edses con aborto ilegal como Irlanda, se encuentra una tasa m\u00e1s baja de muerte materna en el mundo. Chile, con aborto ilegal y parto hospitalizado con un m\u00e9dico presente obligatorio, tiene la segunda tasa de mortalidad materna m\u00e1s baja de latinoamericana[iv].<br \/>\nEl caso de Irlanda resulta esclarecedor y contundente. En este pa\u00edses consideran el aborto como un delito en todas las circunstancias, no obstante lo cual, de acuerdo con los informes sobre mortalidad materna, realizados por la Organizaci\u00f3n Mundial de la Salud, UNICEF, UNFPA y el Banco Mundial, tiene el menor \u00edndice de mortalidad materna del mundo. De los 172 pa\u00edses sobre los cuales existe informaci\u00f3n seria en esta materia, Irlanda es el l\u00edder mundial en lo que respecta a la seguridad para las mujeres embarazadas[v].<br \/>\nTambi\u00e9n el caso chileno resulta de utilidad para sustentar la \u00faltima de las posiciones esgrimidas. Sobre el particular, el Dr. Elard Koch, ex Director de Investigaciones del Departamento de Salud Familiar, Facultad de Medicina, Universidad de Chile, luego de elaborar una importante investigaci\u00f3n sobre el n\u00famero de abortos que se realizaron en Chile y Argentina cada a\u00f1o y sobre la vinculaci\u00f3n entre existente entre el aborto y la mortalidad materna, al exponer el 2 de marzo de 2011 en la Sala 1 de la C\u00e1mara de Diputados de la Naci\u00f3n, destac\u00f3 que en el marco de aquella hab\u00eda llegado a las siguientes conclusiones: a) a trav\u00e9s del estudio de estad\u00edsticas vitales en Chile durante un per\u00edodo de 100 a\u00f1os (1909-2009) se determin\u00f3 que la prohibici\u00f3n del aborto en este pa\u00eds a partir de 1989 no increment\u00f3 la mortalidad materna; b) el aborto clandestino ha disminuido en paralelo con la reducci\u00f3n de la muerte por aborto; c) el incremento de la educaci\u00f3n de la mujer ha sido el predictor que controla esta disminuci\u00f3n a lo largo del tiempo, ejerciendo un efecto sin\u00e9rgico sobre otros factores, sobre todo con las pol\u00edticas de atenci\u00f3n prenatal y especializada en el parto; d) en la actualidad, Chile presenta la m\u00e1s baja mortalidad materna de Latinoam\u00e9rica, similar a la de pa\u00edses m\u00e1s desarrollados; e) el riesgo de morir por aborto es pr\u00e1cticamente nulo en la actualidad en ese pa\u00eds. La investigaci\u00f3n de Koch demuestra as\u00ed que la legalizaci\u00f3n del aborto es innecesaria para reducir la mortalidad materna[vi].<br \/>\nEn Francia e Italia, pa\u00edses que han visto legalizado el aborto en 1979 y 1978 respectivamente, la reducci\u00f3n m\u00e1s dr\u00e1stica de la mortalidad materna se ha comprobado reci\u00e9n a partir del a\u00f1o 2000. En ese a\u00f1o, dicho indicador descendi\u00f3 de 15 muertes maternas cada 100.000 nacidos vivos para Francia en el a\u00f1o 1990, a solamente 8. En el caso de Italia, la tasa descendi\u00f3 de 12 en 1990 a 4 en el 2000. Es interesante observar que esta reducci\u00f3n se dio mucho despu\u00e9s de la legalizaci\u00f3n del aborto y, desde el 2000 en adelante, no se ha producido una reducci\u00f3n significativa de la misma; es m\u00e1s, Francia ha vuelto a trepar en el 2008 a 8 muertes maternas por cada 100.000 nacidos vivos[vii]<br \/>\n<strong>El c\u00e1ncer de mama:<\/strong> se asegura que el riesgo de c\u00e1ncer de mama casi se dobla despu\u00e9s de un aborto e incluso se incrementa a\u00fan m\u00e1s con dos o m\u00e1s abortos[viii], destacando que habi\u00e9ndose identificado muchos de los factores de riesgo asociados con el aumento del c\u00e1ncer del seno, tales como el tipo de alimentos que se consume y los des\u00f3rdenes gen\u00e9ticos, al detectar que el 60% de dicho aumento hab\u00eda sido, durante un tiempo, un misterio para los investigadores, a trav\u00e9s de estudios efectuados durante la d\u00e9cada del 90 de gran reputaci\u00f3n han encontrado una tasa m\u00e1s elevada de este tipo de c\u00e1ncer entre las mujeres que han abortado su primer beb\u00e9 durante el primer trimestre. Joel Brind, Ph.D. ha se\u00f1alado que no se trata de una mera conexi\u00f3n estad\u00edstica, sino que se apoya en datos biol\u00f3gicos y endocrinol\u00f3gicos (Sisterlife, primavera, 1994; Judie Brown, Communiqu\u00e9, noviembre 12, 1993, The Catholic World Report, marzo, 1991).<br \/>\n<strong>El c\u00e1ncer de ovarios, h\u00edgado y cervical (cuello uterino):<\/strong> comparando la situaci\u00f3n de mujeres que no fueron sometidas a pr\u00e1cticas abortivas y otras que s\u00ed lo fueron, se ha podido establecer que las segundas enfrentan un riesgo relativo de 2.3 de c\u00e1ncer cervical y que en los casos de dos o m\u00e1s pr\u00e1cticas el riego relativo es de 4.92.<br \/>\nTambi\u00e9n se ligan al aborto riesgos elevados de c\u00e1ncer de ovario e h\u00edgado, destac\u00e1ndose en relaci\u00f3n al incremento de porcentaje de c\u00e1ncer que el mismo se vincula aparentemente a la a la lesi\u00f3n cervical no tratada y a la interrupci\u00f3n no natural de los cambios hormonales que acompa\u00f1an al embarazo[ix].<br \/>\n<strong>Perforaci\u00f3n de \u00fatero:<\/strong> entre un 2 y un 3 % de las mujeres que abortan pueden sufrir perforaci\u00f3n del \u00fatero, las que incluso en muchos casos, salvo en los supuestos excepcionales en los que se realizan visualizaciones mediante laparoscop\u00eda, ni siquiera son diagnosticadas ni tratadas[x], debiendo destacarse que el riesgo de perforaci\u00f3n uterina se incrementa para las mujeres que ya han tenido hijos y aquellas que reciben anestesia general durante la realizaci\u00f3n de esta pr\u00e1ctica[xi] y que el da\u00f1o en el \u00fatero puede complicarse en ulteriores embarazos pudiendo eventualmente acarrear incluso problemas que requieran una histerectom\u00eda, lo que de por s\u00ed puede conllevar diversas complicaciones adicionales y lesiones que incluyen la osteoporosis.<br \/>\n<strong>Desgarros cervicales (cuello del \u00fatero):<\/strong> en al menos un 1% de abortos realizados en el primer trimestre se producen desgarros cervicales, muchos de los cuales, por su importancia requieren sutura, y las laceraciones de menor envergadura, que normalmente no son tratadas, pueden, con el paso del tiempo, llegar a perjudicar la funci\u00f3n reproductiva. La lesi\u00f3n latente post-aborto puede abocar a una posterior incompetencia cervical, parto prematuro y complicaciones durante el parto.<br \/>\nEl riesgo de lesi\u00f3n cervical es mayor en adolescentes, para abortos realizados en el segundo trimestre, y cuando los facultativos no usan laminaria (sic) para dilatar el cuello uterino[xii].<br \/>\n<strong>Placenta previa:<\/strong> el aborto incrementa el riesgo de placenta previa en ulteriores embarazos (una circunstancia que pone en peligro tanto la vida de la madre como su embarazo deseado), en una escala de entre siete y quince. El desarrollo anormal de la placenta debido a lesi\u00f3n uterina aumenta el riesgo de malformaci\u00f3n fetal, muerte perinatal y efusi\u00f3n excesiva de sangre durante el parto[xiii].<br \/>\nReci\u00e9n nacidos discapacitados en posteriores embarazos: el aborto se asocia con lesiones cervicales y uterinas que pueden incrementar el riesgo de parto prematuro, complicaciones en el parto y desarrollo anormal de la placenta en posteriores embarazos. Estas complicaciones reproductivas constituyen las causas principales de las minusval\u00edas en reci\u00e9n nacidos[xiv].<br \/>\n<strong>Embarazo ect\u00f3pico:<\/strong> como ya se dijo, el aborto est\u00e1 relacionado de forma importante con un riesgo a\u00f1adido de embarazos ect\u00f3picos posteriores. Los embarazos ect\u00f3picos, a su vez, amenazan la vida y pueden llevar a un descenso en la fertilidad[xv].<br \/>\n<strong>Afecci\u00f3n inflamatoria p\u00e9lvica:<\/strong> se trata de una enfermedad que puede poner en peligro la vida y conllevar un riesgo a\u00f1adido de embarazo ect\u00f3pico y reducci\u00f3n de fertilidad. De entre las pacientes que tienen una infecci\u00f3n por clamidia en el momento del aborto, un 23 % desarrollar\u00e1 PID en cuatro semanas. Algunos estudios han arrojado que entre un 20 y un 27 % de pacientes que abortan sufren una infecci\u00f3n por clamidia. Aproximadamente un 5 % de pacientes que no han sido infectados por clamidia desarollan PID dentro de las 4 semanas posteriores a un aborto realizado durante el primer trimestre. Es por tanto razonable suponer que cuantos practican abortos previenen y tratan tales infecciones antes del aborto[xvi].<br \/>\n<strong>Endometritis:<\/strong> La endometritis representa un riesgo post-aborto para todas las mujeres, pero en especial para las adolescentes, las cuales tienen una probabilidad 2.5 veces mayor de contraer endometritis despu\u00e9s de un aborto que las mujeres con edades entre 20 y 29 a\u00f1os[xvii].<br \/>\n<strong>Complicaciones inmediatas:<\/strong> alrededor de un 10 % de mujeres que se someten a un aborto provocado sufren complicaciones inmediatas, de las cuales aproximadamente el 2% tienen la consideraci\u00f3n de riesgo mortal.<br \/>\nLas nueve grandes complicaciones m\u00e1s comunes que pueden darse durante la pr\u00e1ctica del aborto son: infecci\u00f3n, efusi\u00f3n excesiva de sangre, embolia, desgarro o perforaci\u00f3n del \u00fatero, complicaciones de la anestesia, convulsiones, hemorragia, lesi\u00f3n cervical y \u201cshock\u201d endot\u00f3xico. Las complicaciones \u2018menores\u2019 m\u00e1s comunes incluyen: infecci\u00f3n, efusi\u00f3n de sangre, fiebre, quemaduras de segundo grado, dolor abdominal cr\u00f3nico, v\u00f3mitos, problemas gastro-intestinales, y sensibilizaci\u00f3n del Rh[xviii].<br \/>\nRiesgos a\u00f1adidos para las mujeres con m\u00faltiples abortos: en general, muchos estudios reflejan factores de riesgo para mujeres que se han sometido a un solo aborto, e incluso muestran que en casos de abortos m\u00faltiples, las mujeres encaran un riesgo mucho mayor de sufrir tales complicaciones, dato relevante si se considera que alrededor de un 45 % de todos los abortos se practican en mujeres que ya hab\u00edan abortado antes.<br \/>\n<strong>Riesgos a\u00f1adidos para las adolescentes:<\/strong> las adolescentes, que suponen aproximadamente un 30 por ciento de las mujeres que abortan, se exponen a un riesgo mucho m\u00e1s alto de sufrir numerosas complicaciones relacionadas con el aborto. Esto reza tanto para las complicaciones inmediatas como para los perjuicios reproductivos a largo plazo[xix].<br \/>\n<strong>Peor estado de salud en general:<\/strong> en un estudio realizado sobre 1.428 mujeres, los investigadores descubrieron que los embarazos malogrados y en particular los debidos a aborto impactan significativamente de un modo negativo sobre la salud en general.<br \/>\nTales hallazgos confirman investigaciones anteriores que arrojaban que durante el a\u00f1o siguiente a un aborto las mujeres visitaban a su m\u00e9dico de cabecera un 80 % m\u00e1s por toda clase de razones y un 180 % m\u00e1s por razones psico-sociales.<br \/>\n<strong>El S\u00edndrome de Asherman:<\/strong> se sostiene[xx] que una complicaci\u00f3n del aborto es el S\u00edndrome de Asherman, reconocido por la aparici\u00f3n de adherencias de tejido dentro del \u00fatero, que produce s\u00edntomas cl\u00ednicos tales como anormalidades menstruales, infertilidad y abortos espont\u00e1neos frecuentes, llegando incluso a provocar embarazos ect\u00f3picos (que finalmente pueden derivar en una histerectom\u00eda total con la consiguiente p\u00e9rdida de la fertilidad), destac\u00e1ndose que una de las principales causas del S\u00edndrome de Asherman es el aborto de dilataci\u00f3n y curetage (una de las t\u00e9cnicas m\u00e1s utilizadas), especialmente cuando en este \u00faltimo caso existe una infecci\u00f3n o \u00e9sta se desarrolla despu\u00e9s de la operaci\u00f3n. [xxi]<\/p>\n<p><strong>El autor es abogado del foro de Rafaela.<\/strong><\/p>\n<p>[i] LINK: \u00d8stbye, Truls y col. Health services utilization after induced abortions in Ontario: a comparison between community clinics and hospitals. American Journal of Medical Quality 16: 99-106, 2001.<br \/>\n[ii] cfr. Mar\u00eda Genoveva Correa Llano, \u00bfCu\u00e1ndo comienza la vida?, en el libro VIVIR \u00a1\u00bfSI?! \u2013 APROXIMACI\u00d3N MULTIDISCPLINARIA AL ABORTO, Compilador: Pedro A. Chupad. 1ra. Ed.- Buenos Aires; Ed. Sembrar Valores, 2011, p\u00e1gs. 28 y 29<br \/>\n[iii] \u201cEstudio encuentra mejor salud materna con leyes de aborto menos permisivas\u201d, Centro de Bio\u00e9tica Persona y Familia, 2 de marzo de 2015, www.centrodebioetica.org.<br \/>\n[iv] cfr. KUPHAL, Pedro Alejandro, op. cit. p\u00e1g. 29<br \/>\n[v] Cfr. NUEVAS PERSPECTIVAS SOBRE EL PROBLEMA DEL ABORTO, Mar\u00eda In\u00e9s Franck y Jorge Nicol\u00e1s Lafferriere, Noviembre de 2014; http:\/\/centrodebioetica.org\/2011\/09\/nuevas-perspectivas-sobre-el-problema-del-aborto\/.<br \/>\n[vi] Cfr. Ib\u00edd.<br \/>\n[vii] NUEVAS PERSPECTIVAS SOBRE EL PROBLEMA DEL ABORTO, op. cit.<br \/>\n[viii] H.L. Howe, et al., \u00abEarly Abortion and Breast Cancer Risk Among Women Under Age 40,\u00bb International Journal of Epidemiology 18(2):300-304 (1989); L.I. Remennick, \u00abInduced Abortion as A Cancer Risk Factor: A Review of Epidemiological Evidence,\u00bb Journal of Epidemiological Community Health, (1990); M.C. Pike, \u00abOral Contraceptive Use and Early Abortion as Risk Factors for Breast Cancer in Young Women,\u00bb British Journal of Cancer 43:72 (1981).<br \/>\n[ix] M-G, Le, et al., \u00abOral Contraceptive Use and Breast or Cervical Cancer: Preliminary Results of a French Case- Control Study, Hormones and Sexual Factors in Human Cancer Etiology, ed. JP Wolff, et al., Excerpta Medica: New York (1984) pp.139-147; F. Parazzini, et al., \u00abReproductive Factors and the Risk of Invasive and Intraepithelial Cervical Neoplasia,\u00bb British Journal of Cancer, 59:805-809 (1989); H.L. Stewart, et al., \u00abEpidemiology of Cancers of the Uterine Cervix and Corpus, Breast and Ovary in Israel and New York City,\u00bb Journal of the National Cancer Institute 37(1):1-96; I. Fujimoto, et al., \u00abEpidemiologic Study of Carcinoma in Situ of the Cervix,\u00bb Journal of Reproductive Medicine 30(7):535 (July 1985); N. Weiss, \u00abEvents of Reproductive Life and the Incidence of Epithelial Ovarian Cancer,\u00bb Am. J. of Epidemiology, 117(2):128-139 (1983); V. Beral, et al., \u00abDoes Pregnancy Protect Against Ovarian Cancer,\u00bb The Lancet, May 20, 1978, pp. 1083-1087; C. LaVecchia, et al., \u00abReproductive Factors and the Risk of Hepatocellular Carcinoma in Women,\u00bb International Journal of Cancer, 52:351, 1992.<br \/>\n[x] S. Kaali, et al., \u00abThe Frequency and Management of Uterine Perforations During First-Trimester Abortions,\u00bb Am. J. Obstetrics and Gynecology 161:406-408, August 1989; M. White, \u00abA Case-Control Study of Uterine Perforations documented at Laparoscopy,\u00bb Am. J. Obstetrics and Gynecology 129:623 (197)<br \/>\n[xi] D. Grimes, et al., \u00abPrevention of uterine perforation During Curettage Abortion,\u00bb JAMA, 251:2108-2111 (1984); D. Grimes, et al.,\u00bbLocal versus General Anesthesia: Which is Safer For Performing Suction Abortions?\u00bb Am. J. of Obstetrics and Gynecology, 135:1030 (1979).<br \/>\n[xii] K. Schulz, et al., \u00abMeasures to Prevent Cervical Injuries During Suction Curettage Abortion\u00bb, The Lancet, May 28, 1983, pp 1182-1184; W. Cates, \u00abThe Risks Associated with Teenage Abortion,\u00bb New England Journal of Medicine, 309(11):612-624; R. Castadot, \u00abPregnancy Termination: Techniques, Risks, and Complications and Their Management,\u00bb Fertility and Sterility, 45(1):5-16 (1986)<br \/>\n[xiii] Barrett, et al., \u00abInduced Abortion: A Risk Factor for Placenta Previa\u00bb, American Journal of Ob&#038;Gyn. 141:7 (1981).<br \/>\n[xiv] Hogue, Cates and Tietze, \u00abImpact of Vacuum Aspiration Abortion on Future Childbearing: A Review\u00bb, Family Planning Perspectives (May-June 1983),vol.15, no.3<br \/>\n[xv] Daling,et.al., \u00abEctopic Pregnancy in Relation to Previous Induced Abortion\u00bb, JAMA, 253(7):1005-1008 (Feb. 15, 1985); Levin, et.al., \u00abEctopic Pregnancy and Prior Induced Abortion\u00bb, American Journal of Public Health (1982), vol.72,p253; C.S. Chung, \u00abInduced Abortion and Ectopic Pregnancy in Subsequent Pregnancies,\u00bb American Journal of Epidemiology 115(6):879-887 (1982)<br \/>\n[xvi] T. Radberg, et al., \u00abChlamydia Trachomatis in Relation to Infections Following First Trimester Abortions,\u00bb Acta Obstricia Gynoecological (Supp. 93), 54:478 (1980); L. Westergaard, \u00abSignificance of Cervical Chlamydia Trachomatis Infection in Post-abortal Pelvic Inflammatory Disease,\u00bb Obstetrics and Gynecology, 60(3):322-325, (1982); M. Chacko, et al., \u00abChlamydia Trachomatosis Infection in Sexually Active Adolescents: Prevalence and Risk Factors,\u00bb Pediatrics, 73(6), (1984); M. Barbacci, et al., \u00abPost-Abortal Endometritis and Isolation of Chlamydia Trachomatis,\u00bb Obstetrics and Gynecology 68(5):668-690, (1986); S. Duthrie, et al., \u00abMorbidity After Termination of Pregnancy in First-Trimester,\u00bb Genitourinary Medicine 63(3):182-187, (1987).<br \/>\n[xvii] Burkman, et al., \u00abMorbidity Risk Among Young Adolescents Undergoing Elective Abortion\u00bb Contraception, 30:99-105 (1984); \u00abPost-Abortal Endometritis and Isolation of Chlamydia Trachomatis,\u00bb Obstetrics and Gynecology 68(5):668- 690, (1986).<br \/>\n[xviii] Frank, et.al., \u00abInduced Abortion Operations and Their Early Sequelae\u00bb, Journal of the Royal College of General Practitioners (April 1985),35(73):175-180; Grimes and Cates, \u00abAbortion: Methods and Complications\u00bb, Human Reproduction, 2nd ed., 796-813; M.A. Freedman, \u00abComparison of complication rates in first trimester abortions performed by physician assistants and physicians,\u00bb Am. J. Public Health, 76(5):550- 554 (1986).<br \/>\n[xix] Wadhera, \u00abLegal Abortion Among Teens, 1974-1978\u00bb, Canadian Medical Association Journal, 122:1386-1389,(June 1980).<br \/>\n[xx] FUENTES: Klein, S.M., Garc\u00eda, C.R., \u00abEl S\u00edndrome de Asherman: una cr\u00edtica y revisi\u00f3n actual,\u00bb Fertile Sterid. 24,9, 1973, pp.722-735; Shingawa, S., Nagayama, M., \u00abEmbarazos cervicales como una posible secuela de abortos inducidos. Reporte de 19 casos,\u00bb American Journal of Obstetrics and Gynecology 105,2, 1969, pp.282-284; Dicker, D., Feldberg, D., Samuel, N., Goldman, J.A., \u00abEtiolog\u00eda de embarazos cervicales: conexi\u00f3n con el aborto, patolog\u00eda p\u00e9lvica, dispositivos intrauterinos (IUDs), y el S\u00edndrome de Asherman,\u00bb Journal of Reproductive Medicine 30, 2, 1985, pp.25-27; Henshaw, S.K., Koomin, L.M., Smith, J.C., \u00abCharacteristics of U.S. Women Having Abortions, 1987,\u00bb Family Planning Perspectives 23, 2, 1991, pp.75-81. Tomado de \u00abEl S\u00edndrome de Asherman: una consecuencia del aborto.\u00bb<\/p>\n","protected":false},"excerpt":{"rendered":"<p>Por Pablo Cesar Possetto.- Como ciudadanos, todos tenemos el deber bregar para evitar que las mujeres sean sometidas a tratos [&hellip;]<\/p>\n","protected":false},"author":2,"featured_media":0,"comment_status":"open","ping_status":"closed","sticky":false,"template":"","format":"standard","meta":{"site-sidebar-layout":"default","site-content-layout":"","ast-site-content-layout":"default","site-content-style":"default","site-sidebar-style":"default","ast-global-header-display":"","ast-banner-title-visibility":"","ast-main-header-display":"","ast-hfb-above-header-display":"","ast-hfb-below-header-display":"","ast-hfb-mobile-header-display":"","site-post-title":"","ast-breadcrumbs-content":"","ast-featured-img":"","footer-sml-layout":"","ast-disable-related-posts":"","theme-transparent-header-meta":"","adv-header-id-meta":"","stick-header-meta":"","header-above-stick-meta":"","header-main-stick-meta":"","header-below-stick-meta":"","astra-migrate-meta-layouts":"default","ast-page-background-enabled":"default","ast-page-background-meta":{"desktop":{"background-color":"var(--ast-global-color-4)","background-image":"","background-repeat":"repeat","background-position":"center center","background-size":"auto","background-attachment":"scroll","background-type":"","background-media":"","overlay-type":"","overlay-color":"","overlay-opacity":"","overlay-gradient":""},"tablet":{"background-color":"","background-image":"","background-repeat":"repeat","background-position":"center center","background-size":"auto","background-attachment":"scroll","background-type":"","background-media":"","overlay-type":"","overlay-color":"","overlay-opacity":"","overlay-gradient":""},"mobile":{"background-color":"","background-image":"","background-repeat":"repeat","background-position":"center center","background-size":"auto","background-attachment":"scroll","background-type":"","background-media":"","overlay-type":"","overlay-color":"","overlay-opacity":"","overlay-gradient":""}},"ast-content-background-meta":{"desktop":{"background-color":"var(--ast-global-color-5)","background-image":"","background-repeat":"repeat","background-position":"center center","background-size":"auto","background-attachment":"scroll","background-type":"","background-media":"","overlay-type":"","overlay-color":"","overlay-opacity":"","overlay-gradient":""},"tablet":{"background-color":"var(--ast-global-color-5)","background-image":"","background-repeat":"repeat","background-position":"center center","background-size":"auto","background-attachment":"scroll","background-type":"","background-media":"","overlay-type":"","overlay-color":"","overlay-opacity":"","overlay-gradient":""},"mobile":{"background-color":"var(--ast-global-color-5)","background-image":"","background-repeat":"repeat","background-position":"center center","background-size":"auto","background-attachment":"scroll","background-type":"","background-media":"","overlay-type":"","overlay-color":"","overlay-opacity":"","overlay-gradient":""}},"footnotes":""},"categories":[4,29],"tags":[5477],"class_list":["post-4502","post","type-post","status-publish","format-standard","hentry","category-cultura-y-sociedad","category-religion","tag-el-aborto-lesiona-gravemente-la-salud-de-las-mujeres"],"yoast_head":"<!-- This site is optimized with the Yoast SEO plugin v23.2 - https:\/\/yoast.com\/wordpress\/plugins\/seo\/ -->\n<title>El aborto lesiona gravemente la salud de las mujeres - Sabado 100<\/title>\n<meta name=\"robots\" content=\"index, follow, max-snippet:-1, max-image-preview:large, max-video-preview:-1\" \/>\n<link rel=\"canonical\" href=\"https:\/\/sabado100.com.ar\/es-ar\/el-aborto-lesiona-gravemente-la-salud-de-las-mujeres\/\" \/>\n<meta property=\"og:locale\" content=\"es_ES\" \/>\n<meta property=\"og:type\" content=\"article\" \/>\n<meta property=\"og:title\" content=\"El aborto lesiona gravemente la salud de las mujeres - Sabado 100\" \/>\n<meta property=\"og:description\" content=\"Por Pablo Cesar Possetto.- Como ciudadanos, todos tenemos el deber bregar para evitar que las mujeres sean sometidas a tratos [&hellip;]\" \/>\n<meta property=\"og:url\" content=\"https:\/\/sabado100.com.ar\/es-ar\/el-aborto-lesiona-gravemente-la-salud-de-las-mujeres\/\" \/>\n<meta property=\"og:site_name\" content=\"Sabado 100\" \/>\n<meta property=\"article:publisher\" content=\"https:\/\/www.facebook.com\/sabadocien\/\" \/>\n<meta property=\"article:published_time\" content=\"2016-06-02T13:01:27+00:00\" \/>\n<meta name=\"author\" content=\"sabado cien\" \/>\n<meta name=\"twitter:card\" content=\"summary_large_image\" \/>\n<meta name=\"twitter:label1\" content=\"Escrito por\" \/>\n\t<meta name=\"twitter:data1\" content=\"sabado cien\" \/>\n\t<meta name=\"twitter:label2\" content=\"Tiempo de lectura\" \/>\n\t<meta name=\"twitter:data2\" content=\"16 minutos\" \/>\n<script type=\"application\/ld+json\" class=\"yoast-schema-graph\">{\"@context\":\"https:\/\/schema.org\",\"@graph\":[{\"@type\":\"Article\",\"@id\":\"https:\/\/sabado100.com.ar\/es-ar\/el-aborto-lesiona-gravemente-la-salud-de-las-mujeres\/#article\",\"isPartOf\":{\"@id\":\"https:\/\/sabado100.com.ar\/es-ar\/el-aborto-lesiona-gravemente-la-salud-de-las-mujeres\/\"},\"author\":{\"name\":\"sabado cien\",\"@id\":\"https:\/\/sabado100.com.ar\/es-ar\/#\/schema\/person\/58e38b918ef4e44b11398f25d4684c6d\"},\"headline\":\"El aborto lesiona gravemente la salud de las mujeres\",\"datePublished\":\"2016-06-02T13:01:27+00:00\",\"dateModified\":\"2016-06-02T13:01:27+00:00\",\"mainEntityOfPage\":{\"@id\":\"https:\/\/sabado100.com.ar\/es-ar\/el-aborto-lesiona-gravemente-la-salud-de-las-mujeres\/\"},\"wordCount\":3204,\"commentCount\":0,\"publisher\":{\"@id\":\"https:\/\/sabado100.com.ar\/es-ar\/#organization\"},\"keywords\":[\"El aborto lesiona gravemente la salud de las mujeres\"],\"articleSection\":[\"Cultura y Sociedad\",\"Religi\u00f3n\"],\"inLanguage\":\"es\",\"potentialAction\":[{\"@type\":\"CommentAction\",\"name\":\"Comment\",\"target\":[\"https:\/\/sabado100.com.ar\/es-ar\/el-aborto-lesiona-gravemente-la-salud-de-las-mujeres\/#respond\"]}]},{\"@type\":\"WebPage\",\"@id\":\"https:\/\/sabado100.com.ar\/es-ar\/el-aborto-lesiona-gravemente-la-salud-de-las-mujeres\/\",\"url\":\"https:\/\/sabado100.com.ar\/es-ar\/el-aborto-lesiona-gravemente-la-salud-de-las-mujeres\/\",\"name\":\"El aborto lesiona gravemente la salud de las mujeres - Sabado 100\",\"isPartOf\":{\"@id\":\"https:\/\/sabado100.com.ar\/es-ar\/#website\"},\"datePublished\":\"2016-06-02T13:01:27+00:00\",\"dateModified\":\"2016-06-02T13:01:27+00:00\",\"breadcrumb\":{\"@id\":\"https:\/\/sabado100.com.ar\/es-ar\/el-aborto-lesiona-gravemente-la-salud-de-las-mujeres\/#breadcrumb\"},\"inLanguage\":\"es\",\"potentialAction\":[{\"@type\":\"ReadAction\",\"target\":[\"https:\/\/sabado100.com.ar\/es-ar\/el-aborto-lesiona-gravemente-la-salud-de-las-mujeres\/\"]}]},{\"@type\":\"BreadcrumbList\",\"@id\":\"https:\/\/sabado100.com.ar\/es-ar\/el-aborto-lesiona-gravemente-la-salud-de-las-mujeres\/#breadcrumb\",\"itemListElement\":[{\"@type\":\"ListItem\",\"position\":1,\"name\":\"Portada\",\"item\":\"https:\/\/sabado100.com.ar\/es-ar\/\"},{\"@type\":\"ListItem\",\"position\":2,\"name\":\"El aborto lesiona gravemente la salud de las mujeres\"}]},{\"@type\":\"WebSite\",\"@id\":\"https:\/\/sabado100.com.ar\/es-ar\/#website\",\"url\":\"https:\/\/sabado100.com.ar\/es-ar\/\",\"name\":\"Sabado 100\",\"description\":\"\",\"publisher\":{\"@id\":\"https:\/\/sabado100.com.ar\/es-ar\/#organization\"},\"potentialAction\":[{\"@type\":\"SearchAction\",\"target\":{\"@type\":\"EntryPoint\",\"urlTemplate\":\"https:\/\/sabado100.com.ar\/es-ar\/?s={search_term_string}\"},\"query-input\":\"required name=search_term_string\"}],\"inLanguage\":\"es\"},{\"@type\":\"Organization\",\"@id\":\"https:\/\/sabado100.com.ar\/es-ar\/#organization\",\"name\":\"Sabado 100\",\"url\":\"https:\/\/sabado100.com.ar\/es-ar\/\",\"logo\":{\"@type\":\"ImageObject\",\"inLanguage\":\"es\",\"@id\":\"https:\/\/sabado100.com.ar\/es-ar\/#\/schema\/logo\/image\/\",\"url\":\"https:\/\/sabado100.com.ar\/es-ar\/wp-content\/uploads\/2024\/04\/logo3.jpg\",\"contentUrl\":\"https:\/\/sabado100.com.ar\/es-ar\/wp-content\/uploads\/2024\/04\/logo3.jpg\",\"width\":300,\"height\":174,\"caption\":\"Sabado 100\"},\"image\":{\"@id\":\"https:\/\/sabado100.com.ar\/es-ar\/#\/schema\/logo\/image\/\"},\"sameAs\":[\"https:\/\/www.facebook.com\/sabadocien\/\",\"https:\/\/www.instagram.com\/sabado100.com.ar\/\",\"https:\/\/www.youtube.com\/@sabado1003\"]},{\"@type\":\"Person\",\"@id\":\"https:\/\/sabado100.com.ar\/es-ar\/#\/schema\/person\/58e38b918ef4e44b11398f25d4684c6d\",\"name\":\"sabado cien\",\"image\":{\"@type\":\"ImageObject\",\"inLanguage\":\"es\",\"@id\":\"https:\/\/sabado100.com.ar\/es-ar\/#\/schema\/person\/image\/\",\"url\":\"https:\/\/sabado100.com.ar\/es-ar\/wp-content\/litespeed\/avatar\/484bccfbd493fbb703b0f1b8113dad61.jpg?ver=1787731622\",\"contentUrl\":\"https:\/\/sabado100.com.ar\/es-ar\/wp-content\/litespeed\/avatar\/484bccfbd493fbb703b0f1b8113dad61.jpg?ver=1787731622\",\"caption\":\"sabado cien\"},\"url\":\"https:\/\/sabado100.com.ar\/es-ar\/author\/sabado100\/\"}]}<\/script>\n<!-- \/ Yoast SEO plugin. -->","yoast_head_json":{"title":"El aborto lesiona gravemente la salud de las mujeres - Sabado 100","robots":{"index":"index","follow":"follow","max-snippet":"max-snippet:-1","max-image-preview":"max-image-preview:large","max-video-preview":"max-video-preview:-1"},"canonical":"https:\/\/sabado100.com.ar\/es-ar\/el-aborto-lesiona-gravemente-la-salud-de-las-mujeres\/","og_locale":"es_ES","og_type":"article","og_title":"El aborto lesiona gravemente la salud de las mujeres - Sabado 100","og_description":"Por Pablo Cesar Possetto.- Como ciudadanos, todos tenemos el deber bregar para evitar que las mujeres sean sometidas a tratos [&hellip;]","og_url":"https:\/\/sabado100.com.ar\/es-ar\/el-aborto-lesiona-gravemente-la-salud-de-las-mujeres\/","og_site_name":"Sabado 100","article_publisher":"https:\/\/www.facebook.com\/sabadocien\/","article_published_time":"2016-06-02T13:01:27+00:00","author":"sabado cien","twitter_card":"summary_large_image","twitter_misc":{"Escrito por":"sabado cien","Tiempo de lectura":"16 minutos"},"schema":{"@context":"https:\/\/schema.org","@graph":[{"@type":"Article","@id":"https:\/\/sabado100.com.ar\/es-ar\/el-aborto-lesiona-gravemente-la-salud-de-las-mujeres\/#article","isPartOf":{"@id":"https:\/\/sabado100.com.ar\/es-ar\/el-aborto-lesiona-gravemente-la-salud-de-las-mujeres\/"},"author":{"name":"sabado cien","@id":"https:\/\/sabado100.com.ar\/es-ar\/#\/schema\/person\/58e38b918ef4e44b11398f25d4684c6d"},"headline":"El aborto lesiona gravemente la salud de las mujeres","datePublished":"2016-06-02T13:01:27+00:00","dateModified":"2016-06-02T13:01:27+00:00","mainEntityOfPage":{"@id":"https:\/\/sabado100.com.ar\/es-ar\/el-aborto-lesiona-gravemente-la-salud-de-las-mujeres\/"},"wordCount":3204,"commentCount":0,"publisher":{"@id":"https:\/\/sabado100.com.ar\/es-ar\/#organization"},"keywords":["El aborto lesiona gravemente la salud de las mujeres"],"articleSection":["Cultura y Sociedad","Religi\u00f3n"],"inLanguage":"es","potentialAction":[{"@type":"CommentAction","name":"Comment","target":["https:\/\/sabado100.com.ar\/es-ar\/el-aborto-lesiona-gravemente-la-salud-de-las-mujeres\/#respond"]}]},{"@type":"WebPage","@id":"https:\/\/sabado100.com.ar\/es-ar\/el-aborto-lesiona-gravemente-la-salud-de-las-mujeres\/","url":"https:\/\/sabado100.com.ar\/es-ar\/el-aborto-lesiona-gravemente-la-salud-de-las-mujeres\/","name":"El aborto lesiona gravemente la salud de las mujeres - Sabado 100","isPartOf":{"@id":"https:\/\/sabado100.com.ar\/es-ar\/#website"},"datePublished":"2016-06-02T13:01:27+00:00","dateModified":"2016-06-02T13:01:27+00:00","breadcrumb":{"@id":"https:\/\/sabado100.com.ar\/es-ar\/el-aborto-lesiona-gravemente-la-salud-de-las-mujeres\/#breadcrumb"},"inLanguage":"es","potentialAction":[{"@type":"ReadAction","target":["https:\/\/sabado100.com.ar\/es-ar\/el-aborto-lesiona-gravemente-la-salud-de-las-mujeres\/"]}]},{"@type":"BreadcrumbList","@id":"https:\/\/sabado100.com.ar\/es-ar\/el-aborto-lesiona-gravemente-la-salud-de-las-mujeres\/#breadcrumb","itemListElement":[{"@type":"ListItem","position":1,"name":"Portada","item":"https:\/\/sabado100.com.ar\/es-ar\/"},{"@type":"ListItem","position":2,"name":"El aborto lesiona gravemente la salud de las mujeres"}]},{"@type":"WebSite","@id":"https:\/\/sabado100.com.ar\/es-ar\/#website","url":"https:\/\/sabado100.com.ar\/es-ar\/","name":"Sabado 100","description":"","publisher":{"@id":"https:\/\/sabado100.com.ar\/es-ar\/#organization"},"potentialAction":[{"@type":"SearchAction","target":{"@type":"EntryPoint","urlTemplate":"https:\/\/sabado100.com.ar\/es-ar\/?s={search_term_string}"},"query-input":"required name=search_term_string"}],"inLanguage":"es"},{"@type":"Organization","@id":"https:\/\/sabado100.com.ar\/es-ar\/#organization","name":"Sabado 100","url":"https:\/\/sabado100.com.ar\/es-ar\/","logo":{"@type":"ImageObject","inLanguage":"es","@id":"https:\/\/sabado100.com.ar\/es-ar\/#\/schema\/logo\/image\/","url":"https:\/\/sabado100.com.ar\/es-ar\/wp-content\/uploads\/2024\/04\/logo3.jpg","contentUrl":"https:\/\/sabado100.com.ar\/es-ar\/wp-content\/uploads\/2024\/04\/logo3.jpg","width":300,"height":174,"caption":"Sabado 100"},"image":{"@id":"https:\/\/sabado100.com.ar\/es-ar\/#\/schema\/logo\/image\/"},"sameAs":["https:\/\/www.facebook.com\/sabadocien\/","https:\/\/www.instagram.com\/sabado100.com.ar\/","https:\/\/www.youtube.com\/@sabado1003"]},{"@type":"Person","@id":"https:\/\/sabado100.com.ar\/es-ar\/#\/schema\/person\/58e38b918ef4e44b11398f25d4684c6d","name":"sabado cien","image":{"@type":"ImageObject","inLanguage":"es","@id":"https:\/\/sabado100.com.ar\/es-ar\/#\/schema\/person\/image\/","url":"https:\/\/sabado100.com.ar\/es-ar\/wp-content\/litespeed\/avatar\/484bccfbd493fbb703b0f1b8113dad61.jpg?ver=1787731622","contentUrl":"https:\/\/sabado100.com.ar\/es-ar\/wp-content\/litespeed\/avatar\/484bccfbd493fbb703b0f1b8113dad61.jpg?ver=1787731622","caption":"sabado cien"},"url":"https:\/\/sabado100.com.ar\/es-ar\/author\/sabado100\/"}]}},"_links":{"self":[{"href":"https:\/\/sabado100.com.ar\/es-ar\/wp-json\/wp\/v2\/posts\/4502","targetHints":{"allow":["GET"]}}],"collection":[{"href":"https:\/\/sabado100.com.ar\/es-ar\/wp-json\/wp\/v2\/posts"}],"about":[{"href":"https:\/\/sabado100.com.ar\/es-ar\/wp-json\/wp\/v2\/types\/post"}],"author":[{"embeddable":true,"href":"https:\/\/sabado100.com.ar\/es-ar\/wp-json\/wp\/v2\/users\/2"}],"replies":[{"embeddable":true,"href":"https:\/\/sabado100.com.ar\/es-ar\/wp-json\/wp\/v2\/comments?post=4502"}],"version-history":[{"count":0,"href":"https:\/\/sabado100.com.ar\/es-ar\/wp-json\/wp\/v2\/posts\/4502\/revisions"}],"wp:attachment":[{"href":"https:\/\/sabado100.com.ar\/es-ar\/wp-json\/wp\/v2\/media?parent=4502"}],"wp:term":[{"taxonomy":"category","embeddable":true,"href":"https:\/\/sabado100.com.ar\/es-ar\/wp-json\/wp\/v2\/categories?post=4502"},{"taxonomy":"post_tag","embeddable":true,"href":"https:\/\/sabado100.com.ar\/es-ar\/wp-json\/wp\/v2\/tags?post=4502"}],"curies":[{"name":"wp","href":"https:\/\/api.w.org\/{rel}","templated":true}]}}