{"id":4486,"date":"2016-05-23T21:52:16","date_gmt":"2016-05-23T19:52:16","guid":{"rendered":"https:\/\/www.sabado100.com.ar\/?p=4486"},"modified":"2016-05-23T21:52:16","modified_gmt":"2016-05-23T19:52:16","slug":"como-ve-el-sindicalismo-al-gobierno-de-macri","status":"publish","type":"post","link":"https:\/\/sabado100.com.ar\/es-ar\/como-ve-el-sindicalismo-al-gobierno-de-macri\/","title":{"rendered":"C\u00f3mo ve el sindicalismo al gobierno de Macri"},"content":{"rendered":"<p><strong>Por Mar\u00eda Herminia Grande.-<\/strong> El sindicalismo argentino va camino a su unidad, no en coche a su muerte. La divisi\u00f3n que hoy ostenta no significa que haya perdido sus reflejos ni sus modales. Jam\u00e1s, de haber ocurrido, hubiese permitido que un presidente le faltase el respeto. Pero el presidente Mauricio Macri no incurri\u00f3 en ello. El lunes pasado, corriendo el Gobierno tras la ley antidespidos, convoc\u00f3 de urgencia, como se sabe, a empresarios y sindicalistas. Macri convers\u00f3 con ellos y los invit\u00f3 al sal\u00f3n donde aguardaba el empresariado. Cuando el Presidente se retir\u00f3, los sindicalistas conversaron y llegaron a la conclusi\u00f3n de que deb\u00edan acompa\u00f1arlo. Se pararon y cuando iban hacia el Sal\u00f3n Blanco, el acto hab\u00eda concluido. Es m\u00e1s, cuando un grupo de ellos (Armando Cavallieri, Roberto Fern\u00e1ndez, Guillermo Pereyra y Carlos West Ocampo) se retiraba, los divis\u00f3 Macri, quien estaba junto al presidente de Paraguay,  se los present\u00f3, sacaron fotos y dem\u00e1s.<br \/>\nAn\u00e9cdota de por medio, lo cierto es que con Mauricio, as\u00ed lo llaman, son viejos conocidos. Creen que la mejor definici\u00f3n sobre el tema de la semana (ley antidespidos) la gener\u00f3 el ex presidente Eduardo Duhalde: \u201cHacen un maremoto en una palangana\u201d. Entienden que habr\u00e1 ley, habr\u00e1 veto parcial y mucho ruido en todas estas horas por la enorme puja pol\u00edtica desatada. \u201cSi faltaba algo, tambi\u00e9n se cuela el f\u00fatbol\u201d, asegura mi interlocutor, excelente analista de esta realidad, hombre del sindicalismo que ha transitado muchas batallas en muchos Gobiernos. Inmediatamente agrega: \u201cEl peronismo no es alternativa, debe entender que perdi\u00f3 y darse una profunda autocr\u00edtica que le llevar\u00e1 mucho tiempo. Su liderazgo est\u00e1 absolutamente vacante. Y, por el otro lado, tenemos un Gobierno que no encuentra la botonera. Reci\u00e9n en el 2017 se juega la semifinal. Mientras tanto, le vendr\u00eda bien al Gobierno tener un ministro de Econom\u00eda\u201d. Antes de dar por finalizada la conversaci\u00f3n, me dijo: \u201cEscrib\u00ed que m\u00e1s all\u00e1 del resultado de la ley en el Congreso, con o sin veto, \u00a1no habr\u00e1 paro general!\u201d.<br \/>\nDonde la cuesti\u00f3n se pone m\u00e1s \u00e1spera es con respecto a la reuni\u00f3n del jueves, convocada por el ministro Jorge Triaca; Juan Carlos Schmid define: \u201cYo no me siento a una mesa donde se hable de limitar el derecho de huelga\u201d. A prop\u00f3sito, recuerda: \u201cUna cosa es la ley antidespidos y otra es nuestra petici\u00f3n de seis puntos del 29 de abril pasado. Nosotros hablamos de emergencia ocupacional. En Olivos le record\u00e9 al Presidente que estamos en un pa\u00eds muy desigual. Que deber\u00eda pensar en las consecuencias de las pol\u00edticas que aplique, especialmente por esa enorme cantidad de personas destuteladas, las del trabajo en negro, las del cuentapropismo, la situaci\u00f3n de nuestros jubilados. Nosotros le llevamos en esa oportunidad un proyecto que luego, al no ser recepcionado, lo conversamos con los legisladores\u201d. El titular de la Confederaci\u00f3n Argentina de Trabajadores del Transporte (CATT) remat\u00f3: \u201cNo nos interesa el vedetismo de tal o cual legislador, el Gobierno debe entender, entre otras cosas, que no existe mano de obra calificada\u201d. Tal vez el rosarino razona esto \u00faltimo por las declaraciones recientes del arzobispo de Rosario, Eduardo Mart\u00edn, cuando afirm\u00f3: \u201cTenemos personas en nuestros barrios que, si existiese la posibilidad laboral, no podr\u00edan ocupar dicho puesto, son generaciones fuera del circuito laboral, que viven de noche y duermen de d\u00eda, que est\u00e1n a merced de la droga y el narcotr\u00e1fico\u201d.<br \/>\nMientras tanto, en el Congreso, una espada pol\u00edtica del oficialismo al cierre de este an\u00e1lisis me dijo: \u201cHoy, lunes, el tema est\u00e1 absolutamente abierto, el martes se empezar\u00e1 a aclarar\u201d.<br \/>\nEl inicio del segundo semestre est\u00e1 cerca. La atenci\u00f3n sobre la ley antidespidos se termina. Las corrupciones y los procesamientos de los unos y los otros ya no impactan tanto medi\u00e1ticamente porque \u2014lamentablemente\u2014 como todo lo que abunda, se naturaliza. El Gobierno acudi\u00f3 a un blanqueo que no figuraba en los planes, seguramente esto responde a lo lejos que est\u00e1n los capitales entrantes. Por lo menos no se vislumbra que impacten a corto plazo. Las exportaciones se complican porque el d\u00f3lar se atrasa y bajar las tasas de inter\u00e9s puede llevar a la gente otra vez al d\u00f3lar. Conclusi\u00f3n, el Gobierno no encuentra la resoluci\u00f3n al problema econ\u00f3mico. Tal vez una mirada m\u00e1s atenta a las econom\u00edas regionales podr\u00eda ayudar.<br \/>\nTambi\u00e9n viene llegando el momento en el que Sergio Massa abandone su lugar de habilitador de temas y tiempo parlamentario, y presente el plan econ\u00f3mico que ten\u00eda listo para gobernar Argentina. Pa\u00eds donde cambian de casillero sus protagonistas, pero los temas se iteran.<\/p>\n<p><strong>Fuente:<\/strong> opinion.infobae.com<\/p>\n","protected":false},"excerpt":{"rendered":"<p>Por Mar\u00eda Herminia Grande.- El sindicalismo argentino va camino a su unidad, no en coche a su muerte. La divisi\u00f3n [&hellip;]<\/p>\n","protected":false},"author":2,"featured_media":0,"comment_status":"open","ping_status":"closed","sticky":false,"template":"","format":"standard","meta":{"site-sidebar-layout":"default","site-content-layout":"","ast-site-content-layout":"default","site-content-style":"default","site-sidebar-style":"default","ast-global-header-display":"","ast-banner-title-visibility":"","ast-main-header-display":"","ast-hfb-above-header-display":"","ast-hfb-below-header-display":"","ast-hfb-mobile-header-display":"","site-post-title":"","ast-breadcrumbs-content":"","ast-featured-img":"","footer-sml-layout":"","ast-disable-related-posts":"","theme-transparent-header-meta":"","adv-header-id-meta":"","stick-header-meta":"","header-above-stick-meta":"","header-main-stick-meta":"","header-below-stick-meta":"","astra-migrate-meta-layouts":"default","ast-page-background-enabled":"default","ast-page-background-meta":{"desktop":{"background-color":"var(--ast-global-color-4)","background-image":"","background-repeat":"repeat","background-position":"center center","background-size":"auto","background-attachment":"scroll","background-type":"","background-media":"","overlay-type":"","overlay-color":"","overlay-opacity":"","overlay-gradient":""},"tablet":{"background-color":"","background-image":"","background-repeat":"repeat","background-position":"center center","background-size":"auto","background-attachment":"scroll","background-type":"","background-media":"","overlay-type":"","overlay-color":"","overlay-opacity":"","overlay-gradient":""},"mobile":{"background-color":"","background-image":"","background-repeat":"repeat","background-position":"center center","background-size":"auto","background-attachment":"scroll","background-type":"","background-media":"","overlay-type":"","overlay-color":"","overlay-opacity":"","overlay-gradient":""}},"ast-content-background-meta":{"desktop":{"background-color":"var(--ast-global-color-5)","background-image":"","background-repeat":"repeat","background-position":"center center","background-size":"auto","background-attachment":"scroll","background-type":"","background-media":"","overlay-type":"","overlay-color":"","overlay-opacity":"","overlay-gradient":""},"tablet":{"background-color":"var(--ast-global-color-5)","background-image":"","background-repeat":"repeat","background-position":"center center","background-size":"auto","background-attachment":"scroll","background-type":"","background-media":"","overlay-type":"","overlay-color":"","overlay-opacity":"","overlay-gradient":""},"mobile":{"background-color":"var(--ast-global-color-5)","background-image":"","background-repeat":"repeat","background-position":"center center","background-size":"auto","background-attachment":"scroll","background-type":"","background-media":"","overlay-type":"","overlay-color":"","overlay-opacity":"","overlay-gradient":""}},"footnotes":""},"categories":[5],"tags":[5471],"class_list":["post-4486","post","type-post","status-publish","format-standard","hentry","category-politica","tag-como-ve-el-sindicalismo-al-gobierno-de-macri"],"yoast_head":"<!-- This site is optimized with the Yoast SEO plugin v23.2 - https:\/\/yoast.com\/wordpress\/plugins\/seo\/ -->\n<title>C\u00f3mo ve el sindicalismo al gobierno de Macri - Sabado 100<\/title>\n<meta name=\"robots\" content=\"index, follow, max-snippet:-1, max-image-preview:large, max-video-preview:-1\" \/>\n<link rel=\"canonical\" href=\"https:\/\/sabado100.com.ar\/es-ar\/como-ve-el-sindicalismo-al-gobierno-de-macri\/\" \/>\n<meta property=\"og:locale\" content=\"es_ES\" \/>\n<meta property=\"og:type\" content=\"article\" \/>\n<meta property=\"og:title\" content=\"C\u00f3mo ve el sindicalismo al gobierno de Macri - Sabado 100\" \/>\n<meta property=\"og:description\" content=\"Por Mar\u00eda Herminia Grande.- El sindicalismo argentino va camino a su unidad, no en coche a su muerte. La divisi\u00f3n [&hellip;]\" \/>\n<meta property=\"og:url\" content=\"https:\/\/sabado100.com.ar\/es-ar\/como-ve-el-sindicalismo-al-gobierno-de-macri\/\" \/>\n<meta property=\"og:site_name\" content=\"Sabado 100\" \/>\n<meta property=\"article:publisher\" content=\"https:\/\/www.facebook.com\/sabadocien\/\" \/>\n<meta property=\"article:published_time\" content=\"2016-05-23T19:52:16+00:00\" \/>\n<meta name=\"author\" content=\"sabado cien\" \/>\n<meta name=\"twitter:card\" content=\"summary_large_image\" \/>\n<meta name=\"twitter:label1\" content=\"Escrito por\" \/>\n\t<meta name=\"twitter:data1\" content=\"sabado cien\" \/>\n\t<meta name=\"twitter:label2\" content=\"Tiempo de lectura\" \/>\n\t<meta name=\"twitter:data2\" content=\"4 minutos\" \/>\n<script type=\"application\/ld+json\" class=\"yoast-schema-graph\">{\"@context\":\"https:\/\/schema.org\",\"@graph\":[{\"@type\":\"Article\",\"@id\":\"https:\/\/sabado100.com.ar\/es-ar\/como-ve-el-sindicalismo-al-gobierno-de-macri\/#article\",\"isPartOf\":{\"@id\":\"https:\/\/sabado100.com.ar\/es-ar\/como-ve-el-sindicalismo-al-gobierno-de-macri\/\"},\"author\":{\"name\":\"sabado cien\",\"@id\":\"https:\/\/sabado100.com.ar\/es-ar\/#\/schema\/person\/58e38b918ef4e44b11398f25d4684c6d\"},\"headline\":\"C\u00f3mo ve el sindicalismo al gobierno de Macri\",\"datePublished\":\"2016-05-23T19:52:16+00:00\",\"dateModified\":\"2016-05-23T19:52:16+00:00\",\"mainEntityOfPage\":{\"@id\":\"https:\/\/sabado100.com.ar\/es-ar\/como-ve-el-sindicalismo-al-gobierno-de-macri\/\"},\"wordCount\":819,\"commentCount\":0,\"publisher\":{\"@id\":\"https:\/\/sabado100.com.ar\/es-ar\/#organization\"},\"keywords\":[\"C\u00f3mo ve el sindicalismo al gobierno de Macri\"],\"articleSection\":[\"Pol\u00edtica\"],\"inLanguage\":\"es\",\"potentialAction\":[{\"@type\":\"CommentAction\",\"name\":\"Comment\",\"target\":[\"https:\/\/sabado100.com.ar\/es-ar\/como-ve-el-sindicalismo-al-gobierno-de-macri\/#respond\"]}]},{\"@type\":\"WebPage\",\"@id\":\"https:\/\/sabado100.com.ar\/es-ar\/como-ve-el-sindicalismo-al-gobierno-de-macri\/\",\"url\":\"https:\/\/sabado100.com.ar\/es-ar\/como-ve-el-sindicalismo-al-gobierno-de-macri\/\",\"name\":\"C\u00f3mo ve el sindicalismo al gobierno de Macri - Sabado 100\",\"isPartOf\":{\"@id\":\"https:\/\/sabado100.com.ar\/es-ar\/#website\"},\"datePublished\":\"2016-05-23T19:52:16+00:00\",\"dateModified\":\"2016-05-23T19:52:16+00:00\",\"breadcrumb\":{\"@id\":\"https:\/\/sabado100.com.ar\/es-ar\/como-ve-el-sindicalismo-al-gobierno-de-macri\/#breadcrumb\"},\"inLanguage\":\"es\",\"potentialAction\":[{\"@type\":\"ReadAction\",\"target\":[\"https:\/\/sabado100.com.ar\/es-ar\/como-ve-el-sindicalismo-al-gobierno-de-macri\/\"]}]},{\"@type\":\"BreadcrumbList\",\"@id\":\"https:\/\/sabado100.com.ar\/es-ar\/como-ve-el-sindicalismo-al-gobierno-de-macri\/#breadcrumb\",\"itemListElement\":[{\"@type\":\"ListItem\",\"position\":1,\"name\":\"Portada\",\"item\":\"https:\/\/sabado100.com.ar\/es-ar\/\"},{\"@type\":\"ListItem\",\"position\":2,\"name\":\"C\u00f3mo ve el sindicalismo al gobierno de Macri\"}]},{\"@type\":\"WebSite\",\"@id\":\"https:\/\/sabado100.com.ar\/es-ar\/#website\",\"url\":\"https:\/\/sabado100.com.ar\/es-ar\/\",\"name\":\"Sabado 100\",\"description\":\"\",\"publisher\":{\"@id\":\"https:\/\/sabado100.com.ar\/es-ar\/#organization\"},\"potentialAction\":[{\"@type\":\"SearchAction\",\"target\":{\"@type\":\"EntryPoint\",\"urlTemplate\":\"https:\/\/sabado100.com.ar\/es-ar\/?s={search_term_string}\"},\"query-input\":\"required name=search_term_string\"}],\"inLanguage\":\"es\"},{\"@type\":\"Organization\",\"@id\":\"https:\/\/sabado100.com.ar\/es-ar\/#organization\",\"name\":\"Sabado 100\",\"url\":\"https:\/\/sabado100.com.ar\/es-ar\/\",\"logo\":{\"@type\":\"ImageObject\",\"inLanguage\":\"es\",\"@id\":\"https:\/\/sabado100.com.ar\/es-ar\/#\/schema\/logo\/image\/\",\"url\":\"https:\/\/sabado100.com.ar\/es-ar\/wp-content\/uploads\/2024\/04\/logo3.jpg\",\"contentUrl\":\"https:\/\/sabado100.com.ar\/es-ar\/wp-content\/uploads\/2024\/04\/logo3.jpg\",\"width\":300,\"height\":174,\"caption\":\"Sabado 100\"},\"image\":{\"@id\":\"https:\/\/sabado100.com.ar\/es-ar\/#\/schema\/logo\/image\/\"},\"sameAs\":[\"https:\/\/www.facebook.com\/sabadocien\/\",\"https:\/\/www.instagram.com\/sabado100.com.ar\/\",\"https:\/\/www.youtube.com\/@sabado1003\"]},{\"@type\":\"Person\",\"@id\":\"https:\/\/sabado100.com.ar\/es-ar\/#\/schema\/person\/58e38b918ef4e44b11398f25d4684c6d\",\"name\":\"sabado cien\",\"image\":{\"@type\":\"ImageObject\",\"inLanguage\":\"es\",\"@id\":\"https:\/\/sabado100.com.ar\/es-ar\/#\/schema\/person\/image\/\",\"url\":\"https:\/\/sabado100.com.ar\/es-ar\/wp-content\/litespeed\/avatar\/484bccfbd493fbb703b0f1b8113dad61.jpg?ver=1787731622\",\"contentUrl\":\"https:\/\/sabado100.com.ar\/es-ar\/wp-content\/litespeed\/avatar\/484bccfbd493fbb703b0f1b8113dad61.jpg?ver=1787731622\",\"caption\":\"sabado cien\"},\"url\":\"https:\/\/sabado100.com.ar\/es-ar\/author\/sabado100\/\"}]}<\/script>\n<!-- \/ Yoast SEO plugin. -->","yoast_head_json":{"title":"C\u00f3mo ve el sindicalismo al gobierno de Macri - Sabado 100","robots":{"index":"index","follow":"follow","max-snippet":"max-snippet:-1","max-image-preview":"max-image-preview:large","max-video-preview":"max-video-preview:-1"},"canonical":"https:\/\/sabado100.com.ar\/es-ar\/como-ve-el-sindicalismo-al-gobierno-de-macri\/","og_locale":"es_ES","og_type":"article","og_title":"C\u00f3mo ve el sindicalismo al gobierno de Macri - Sabado 100","og_description":"Por Mar\u00eda Herminia Grande.- El sindicalismo argentino va camino a su unidad, no en coche a su muerte. La divisi\u00f3n [&hellip;]","og_url":"https:\/\/sabado100.com.ar\/es-ar\/como-ve-el-sindicalismo-al-gobierno-de-macri\/","og_site_name":"Sabado 100","article_publisher":"https:\/\/www.facebook.com\/sabadocien\/","article_published_time":"2016-05-23T19:52:16+00:00","author":"sabado cien","twitter_card":"summary_large_image","twitter_misc":{"Escrito por":"sabado cien","Tiempo de lectura":"4 minutos"},"schema":{"@context":"https:\/\/schema.org","@graph":[{"@type":"Article","@id":"https:\/\/sabado100.com.ar\/es-ar\/como-ve-el-sindicalismo-al-gobierno-de-macri\/#article","isPartOf":{"@id":"https:\/\/sabado100.com.ar\/es-ar\/como-ve-el-sindicalismo-al-gobierno-de-macri\/"},"author":{"name":"sabado cien","@id":"https:\/\/sabado100.com.ar\/es-ar\/#\/schema\/person\/58e38b918ef4e44b11398f25d4684c6d"},"headline":"C\u00f3mo ve el sindicalismo al gobierno de Macri","datePublished":"2016-05-23T19:52:16+00:00","dateModified":"2016-05-23T19:52:16+00:00","mainEntityOfPage":{"@id":"https:\/\/sabado100.com.ar\/es-ar\/como-ve-el-sindicalismo-al-gobierno-de-macri\/"},"wordCount":819,"commentCount":0,"publisher":{"@id":"https:\/\/sabado100.com.ar\/es-ar\/#organization"},"keywords":["C\u00f3mo ve el sindicalismo al gobierno de Macri"],"articleSection":["Pol\u00edtica"],"inLanguage":"es","potentialAction":[{"@type":"CommentAction","name":"Comment","target":["https:\/\/sabado100.com.ar\/es-ar\/como-ve-el-sindicalismo-al-gobierno-de-macri\/#respond"]}]},{"@type":"WebPage","@id":"https:\/\/sabado100.com.ar\/es-ar\/como-ve-el-sindicalismo-al-gobierno-de-macri\/","url":"https:\/\/sabado100.com.ar\/es-ar\/como-ve-el-sindicalismo-al-gobierno-de-macri\/","name":"C\u00f3mo ve el sindicalismo al gobierno de Macri - Sabado 100","isPartOf":{"@id":"https:\/\/sabado100.com.ar\/es-ar\/#website"},"datePublished":"2016-05-23T19:52:16+00:00","dateModified":"2016-05-23T19:52:16+00:00","breadcrumb":{"@id":"https:\/\/sabado100.com.ar\/es-ar\/como-ve-el-sindicalismo-al-gobierno-de-macri\/#breadcrumb"},"inLanguage":"es","potentialAction":[{"@type":"ReadAction","target":["https:\/\/sabado100.com.ar\/es-ar\/como-ve-el-sindicalismo-al-gobierno-de-macri\/"]}]},{"@type":"BreadcrumbList","@id":"https:\/\/sabado100.com.ar\/es-ar\/como-ve-el-sindicalismo-al-gobierno-de-macri\/#breadcrumb","itemListElement":[{"@type":"ListItem","position":1,"name":"Portada","item":"https:\/\/sabado100.com.ar\/es-ar\/"},{"@type":"ListItem","position":2,"name":"C\u00f3mo ve el sindicalismo al gobierno de Macri"}]},{"@type":"WebSite","@id":"https:\/\/sabado100.com.ar\/es-ar\/#website","url":"https:\/\/sabado100.com.ar\/es-ar\/","name":"Sabado 100","description":"","publisher":{"@id":"https:\/\/sabado100.com.ar\/es-ar\/#organization"},"potentialAction":[{"@type":"SearchAction","target":{"@type":"EntryPoint","urlTemplate":"https:\/\/sabado100.com.ar\/es-ar\/?s={search_term_string}"},"query-input":"required name=search_term_string"}],"inLanguage":"es"},{"@type":"Organization","@id":"https:\/\/sabado100.com.ar\/es-ar\/#organization","name":"Sabado 100","url":"https:\/\/sabado100.com.ar\/es-ar\/","logo":{"@type":"ImageObject","inLanguage":"es","@id":"https:\/\/sabado100.com.ar\/es-ar\/#\/schema\/logo\/image\/","url":"https:\/\/sabado100.com.ar\/es-ar\/wp-content\/uploads\/2024\/04\/logo3.jpg","contentUrl":"https:\/\/sabado100.com.ar\/es-ar\/wp-content\/uploads\/2024\/04\/logo3.jpg","width":300,"height":174,"caption":"Sabado 100"},"image":{"@id":"https:\/\/sabado100.com.ar\/es-ar\/#\/schema\/logo\/image\/"},"sameAs":["https:\/\/www.facebook.com\/sabadocien\/","https:\/\/www.instagram.com\/sabado100.com.ar\/","https:\/\/www.youtube.com\/@sabado1003"]},{"@type":"Person","@id":"https:\/\/sabado100.com.ar\/es-ar\/#\/schema\/person\/58e38b918ef4e44b11398f25d4684c6d","name":"sabado cien","image":{"@type":"ImageObject","inLanguage":"es","@id":"https:\/\/sabado100.com.ar\/es-ar\/#\/schema\/person\/image\/","url":"https:\/\/sabado100.com.ar\/es-ar\/wp-content\/litespeed\/avatar\/484bccfbd493fbb703b0f1b8113dad61.jpg?ver=1787731622","contentUrl":"https:\/\/sabado100.com.ar\/es-ar\/wp-content\/litespeed\/avatar\/484bccfbd493fbb703b0f1b8113dad61.jpg?ver=1787731622","caption":"sabado cien"},"url":"https:\/\/sabado100.com.ar\/es-ar\/author\/sabado100\/"}]}},"_links":{"self":[{"href":"https:\/\/sabado100.com.ar\/es-ar\/wp-json\/wp\/v2\/posts\/4486","targetHints":{"allow":["GET"]}}],"collection":[{"href":"https:\/\/sabado100.com.ar\/es-ar\/wp-json\/wp\/v2\/posts"}],"about":[{"href":"https:\/\/sabado100.com.ar\/es-ar\/wp-json\/wp\/v2\/types\/post"}],"author":[{"embeddable":true,"href":"https:\/\/sabado100.com.ar\/es-ar\/wp-json\/wp\/v2\/users\/2"}],"replies":[{"embeddable":true,"href":"https:\/\/sabado100.com.ar\/es-ar\/wp-json\/wp\/v2\/comments?post=4486"}],"version-history":[{"count":0,"href":"https:\/\/sabado100.com.ar\/es-ar\/wp-json\/wp\/v2\/posts\/4486\/revisions"}],"wp:attachment":[{"href":"https:\/\/sabado100.com.ar\/es-ar\/wp-json\/wp\/v2\/media?parent=4486"}],"wp:term":[{"taxonomy":"category","embeddable":true,"href":"https:\/\/sabado100.com.ar\/es-ar\/wp-json\/wp\/v2\/categories?post=4486"},{"taxonomy":"post_tag","embeddable":true,"href":"https:\/\/sabado100.com.ar\/es-ar\/wp-json\/wp\/v2\/tags?post=4486"}],"curies":[{"name":"wp","href":"https:\/\/api.w.org\/{rel}","templated":true}]}}