{"id":4478,"date":"2016-05-19T16:00:46","date_gmt":"2016-05-19T14:00:46","guid":{"rendered":"https:\/\/www.sabado100.com.ar\/?p=4478"},"modified":"2016-05-19T16:00:46","modified_gmt":"2016-05-19T14:00:46","slug":"monumento-a-la-vaca-en-transito-cordoba","status":"publish","type":"post","link":"https:\/\/sabado100.com.ar\/es-ar\/monumento-a-la-vaca-en-transito-cordoba\/","title":{"rendered":"Monumento a la Vaca en Tr\u00e1nsito, C\u00f3rdoba"},"content":{"rendered":"<p><strong>Por Emilio J. Grande.-<\/strong> A principio de a\u00f1o solicit\u00e9 una audiencia al presidente del Concejo Municipal de esta ciudad, Silvio Bonafede, cuando estaba a cargo del Departamento Ejecutivo, cubriendo la ausencia del intendente Luis Castellano, en uso de su licencia anual.<br \/>\nEl doctor Bonafede en aquella ocasi\u00f3n recibi\u00f3 con entusiasmo mi prop\u00f3sito de interesarlo para concretar de una buena vez el Monumento a la Vaca, desaprobado varios a\u00f1os atr\u00e1s cuando presid\u00eda el Cuerpo legislativo Jorge Maina.<br \/>\nCumpli\u00f3 su promesa Bonafede de aquel momento, en el sentido que se comunicar\u00eda con la Sociedad Rural de Rafaela, gesti\u00f3n que, seg\u00fan me inform\u00f3 y corrobor\u00f3 el gerente Sebasti\u00e1n Operto, result\u00f3 exitosa. Tras considerar el tema la comisi\u00f3n directiva de la entidad de avenida Brasil, que preside Pedro Rostagno, resolvi\u00f3 llevar adelante el proyecto.<br \/>\nEste introito viene a cuento, porque era un desprop\u00f3sito que Rafaela, ubicada en pleno coraz\u00f3n de la cuenca lechera m\u00e1s importante de Sudam\u00e9rica, no rindiera homenaje a ese manso y noble animal que tanto aporta a la econom\u00eda del pa\u00eds, cuando se anticiparon otras localidades, la m\u00e1s reciente la cordobesa Tr\u00e1nsito, peque\u00f1o pueblo a la vera de la ruta nacional 19, proyecto que aprob\u00f3 la C\u00e1mara de Senadores de la Naci\u00f3n.<br \/>\nPara tal monumento en Rafaela, su base la realiz\u00f3 el arquitecto Esteban Soldano. En cuanto al costoso financiamiento, hay distintas alternativas. No se descarta que haga un aporte la Municipalidad, as\u00ed como financi\u00f3 el Monumento al Cardo, ubicado en calle Carcabuey casi San Mart\u00edn.<br \/>\nAl respecto, un amigo me coment\u00f3 con iron\u00eda: \u201csi el Municipio pag\u00f3 el car\u00edsimo monumento a una plaga (el cardo), bien lo merece la holandesa que tanto aporta a la econom\u00eda nacional\u201d.<\/p>\n<p><strong>Aprobado por el Senado<\/strong><\/p>\n<p>El monumento de Tr\u00e1nsito, adem\u00e1s de la vaca holandesa, tiene adosado una placa de bronce de generosas dimensiones con este texto: \u201cFiesta nacional del tambero y su familia, declarada por el Honorable Senado de la Naci\u00f3n Argentina, a trav\u00e9s del expediente N\u00b0 2352\/14, orden del d\u00eda N\u00b0 300 y sancionada con fecha 01\/07\/2015. En honor a quienes realizan labores rurales, para retribuir de una manera u otra el empe\u00f1o y dedicaci\u00f3n con el que trabajan d\u00eda a d\u00eda, siendo el campo uno de los principales engranajes para la econom\u00eda de nuestro pa\u00eds. Noem\u00ed del Valle Fauda, intendente municipal de Tr\u00e1nsito, 11 de setiembre de 2015\u201d.<\/p>\n","protected":false},"excerpt":{"rendered":"<p>Por Emilio J. Grande.- A principio de a\u00f1o solicit\u00e9 una audiencia al presidente del Concejo Municipal de esta ciudad, Silvio [&hellip;]<\/p>\n","protected":false},"author":2,"featured_media":0,"comment_status":"open","ping_status":"closed","sticky":false,"template":"","format":"standard","meta":{"site-sidebar-layout":"default","site-content-layout":"","ast-site-content-layout":"default","site-content-style":"default","site-sidebar-style":"default","ast-global-header-display":"","ast-banner-title-visibility":"","ast-main-header-display":"","ast-hfb-above-header-display":"","ast-hfb-below-header-display":"","ast-hfb-mobile-header-display":"","site-post-title":"","ast-breadcrumbs-content":"","ast-featured-img":"","footer-sml-layout":"","ast-disable-related-posts":"","theme-transparent-header-meta":"","adv-header-id-meta":"","stick-header-meta":"","header-above-stick-meta":"","header-main-stick-meta":"","header-below-stick-meta":"","astra-migrate-meta-layouts":"default","ast-page-background-enabled":"default","ast-page-background-meta":{"desktop":{"background-color":"var(--ast-global-color-4)","background-image":"","background-repeat":"repeat","background-position":"center center","background-size":"auto","background-attachment":"scroll","background-type":"","background-media":"","overlay-type":"","overlay-color":"","overlay-opacity":"","overlay-gradient":""},"tablet":{"background-color":"","background-image":"","background-repeat":"repeat","background-position":"center center","background-size":"auto","background-attachment":"scroll","background-type":"","background-media":"","overlay-type":"","overlay-color":"","overlay-opacity":"","overlay-gradient":""},"mobile":{"background-color":"","background-image":"","background-repeat":"repeat","background-position":"center center","background-size":"auto","background-attachment":"scroll","background-type":"","background-media":"","overlay-type":"","overlay-color":"","overlay-opacity":"","overlay-gradient":""}},"ast-content-background-meta":{"desktop":{"background-color":"var(--ast-global-color-5)","background-image":"","background-repeat":"repeat","background-position":"center center","background-size":"auto","background-attachment":"scroll","background-type":"","background-media":"","overlay-type":"","overlay-color":"","overlay-opacity":"","overlay-gradient":""},"tablet":{"background-color":"var(--ast-global-color-5)","background-image":"","background-repeat":"repeat","background-position":"center center","background-size":"auto","background-attachment":"scroll","background-type":"","background-media":"","overlay-type":"","overlay-color":"","overlay-opacity":"","overlay-gradient":""},"mobile":{"background-color":"var(--ast-global-color-5)","background-image":"","background-repeat":"repeat","background-position":"center center","background-size":"auto","background-attachment":"scroll","background-type":"","background-media":"","overlay-type":"","overlay-color":"","overlay-opacity":"","overlay-gradient":""}},"footnotes":""},"categories":[4],"tags":[5468,5469],"class_list":["post-4478","post","type-post","status-publish","format-standard","hentry","category-cultura-y-sociedad","tag-cordoba","tag-monumento-a-la-vaca-en-transito"],"yoast_head":"<!-- This site is optimized with the Yoast SEO plugin v23.2 - https:\/\/yoast.com\/wordpress\/plugins\/seo\/ -->\n<title>Monumento a la Vaca en Tr\u00e1nsito, C\u00f3rdoba - Sabado 100<\/title>\n<meta name=\"robots\" content=\"index, follow, max-snippet:-1, max-image-preview:large, max-video-preview:-1\" \/>\n<link rel=\"canonical\" href=\"https:\/\/sabado100.com.ar\/es-ar\/monumento-a-la-vaca-en-transito-cordoba\/\" \/>\n<meta property=\"og:locale\" content=\"es_ES\" \/>\n<meta property=\"og:type\" content=\"article\" \/>\n<meta property=\"og:title\" content=\"Monumento a la Vaca en Tr\u00e1nsito, C\u00f3rdoba - Sabado 100\" \/>\n<meta property=\"og:description\" content=\"Por Emilio J. Grande.- A principio de a\u00f1o solicit\u00e9 una audiencia al presidente del Concejo Municipal de esta ciudad, Silvio [&hellip;]\" \/>\n<meta property=\"og:url\" content=\"https:\/\/sabado100.com.ar\/es-ar\/monumento-a-la-vaca-en-transito-cordoba\/\" \/>\n<meta property=\"og:site_name\" content=\"Sabado 100\" \/>\n<meta property=\"article:publisher\" content=\"https:\/\/www.facebook.com\/sabadocien\/\" \/>\n<meta property=\"article:published_time\" content=\"2016-05-19T14:00:46+00:00\" \/>\n<meta name=\"author\" content=\"sabado cien\" \/>\n<meta name=\"twitter:card\" content=\"summary_large_image\" \/>\n<meta name=\"twitter:label1\" content=\"Escrito por\" \/>\n\t<meta name=\"twitter:data1\" content=\"sabado cien\" \/>\n\t<meta name=\"twitter:label2\" content=\"Tiempo de lectura\" \/>\n\t<meta name=\"twitter:data2\" content=\"2 minutos\" \/>\n<script type=\"application\/ld+json\" class=\"yoast-schema-graph\">{\"@context\":\"https:\/\/schema.org\",\"@graph\":[{\"@type\":\"Article\",\"@id\":\"https:\/\/sabado100.com.ar\/es-ar\/monumento-a-la-vaca-en-transito-cordoba\/#article\",\"isPartOf\":{\"@id\":\"https:\/\/sabado100.com.ar\/es-ar\/monumento-a-la-vaca-en-transito-cordoba\/\"},\"author\":{\"name\":\"sabado cien\",\"@id\":\"https:\/\/sabado100.com.ar\/es-ar\/#\/schema\/person\/58e38b918ef4e44b11398f25d4684c6d\"},\"headline\":\"Monumento a la Vaca en Tr\u00e1nsito, C\u00f3rdoba\",\"datePublished\":\"2016-05-19T14:00:46+00:00\",\"dateModified\":\"2016-05-19T14:00:46+00:00\",\"mainEntityOfPage\":{\"@id\":\"https:\/\/sabado100.com.ar\/es-ar\/monumento-a-la-vaca-en-transito-cordoba\/\"},\"wordCount\":428,\"commentCount\":0,\"publisher\":{\"@id\":\"https:\/\/sabado100.com.ar\/es-ar\/#organization\"},\"keywords\":[\"C\u00f3rdoba\",\"Monumento a la Vaca en Tr\u00e1nsito\"],\"articleSection\":[\"Cultura y Sociedad\"],\"inLanguage\":\"es\",\"potentialAction\":[{\"@type\":\"CommentAction\",\"name\":\"Comment\",\"target\":[\"https:\/\/sabado100.com.ar\/es-ar\/monumento-a-la-vaca-en-transito-cordoba\/#respond\"]}]},{\"@type\":\"WebPage\",\"@id\":\"https:\/\/sabado100.com.ar\/es-ar\/monumento-a-la-vaca-en-transito-cordoba\/\",\"url\":\"https:\/\/sabado100.com.ar\/es-ar\/monumento-a-la-vaca-en-transito-cordoba\/\",\"name\":\"Monumento a la Vaca en Tr\u00e1nsito, C\u00f3rdoba - Sabado 100\",\"isPartOf\":{\"@id\":\"https:\/\/sabado100.com.ar\/es-ar\/#website\"},\"datePublished\":\"2016-05-19T14:00:46+00:00\",\"dateModified\":\"2016-05-19T14:00:46+00:00\",\"breadcrumb\":{\"@id\":\"https:\/\/sabado100.com.ar\/es-ar\/monumento-a-la-vaca-en-transito-cordoba\/#breadcrumb\"},\"inLanguage\":\"es\",\"potentialAction\":[{\"@type\":\"ReadAction\",\"target\":[\"https:\/\/sabado100.com.ar\/es-ar\/monumento-a-la-vaca-en-transito-cordoba\/\"]}]},{\"@type\":\"BreadcrumbList\",\"@id\":\"https:\/\/sabado100.com.ar\/es-ar\/monumento-a-la-vaca-en-transito-cordoba\/#breadcrumb\",\"itemListElement\":[{\"@type\":\"ListItem\",\"position\":1,\"name\":\"Portada\",\"item\":\"https:\/\/sabado100.com.ar\/es-ar\/\"},{\"@type\":\"ListItem\",\"position\":2,\"name\":\"Monumento a la Vaca en Tr\u00e1nsito, C\u00f3rdoba\"}]},{\"@type\":\"WebSite\",\"@id\":\"https:\/\/sabado100.com.ar\/es-ar\/#website\",\"url\":\"https:\/\/sabado100.com.ar\/es-ar\/\",\"name\":\"Sabado 100\",\"description\":\"\",\"publisher\":{\"@id\":\"https:\/\/sabado100.com.ar\/es-ar\/#organization\"},\"potentialAction\":[{\"@type\":\"SearchAction\",\"target\":{\"@type\":\"EntryPoint\",\"urlTemplate\":\"https:\/\/sabado100.com.ar\/es-ar\/?s={search_term_string}\"},\"query-input\":\"required name=search_term_string\"}],\"inLanguage\":\"es\"},{\"@type\":\"Organization\",\"@id\":\"https:\/\/sabado100.com.ar\/es-ar\/#organization\",\"name\":\"Sabado 100\",\"url\":\"https:\/\/sabado100.com.ar\/es-ar\/\",\"logo\":{\"@type\":\"ImageObject\",\"inLanguage\":\"es\",\"@id\":\"https:\/\/sabado100.com.ar\/es-ar\/#\/schema\/logo\/image\/\",\"url\":\"https:\/\/sabado100.com.ar\/es-ar\/wp-content\/uploads\/2024\/04\/logo3.jpg\",\"contentUrl\":\"https:\/\/sabado100.com.ar\/es-ar\/wp-content\/uploads\/2024\/04\/logo3.jpg\",\"width\":300,\"height\":174,\"caption\":\"Sabado 100\"},\"image\":{\"@id\":\"https:\/\/sabado100.com.ar\/es-ar\/#\/schema\/logo\/image\/\"},\"sameAs\":[\"https:\/\/www.facebook.com\/sabadocien\/\",\"https:\/\/www.instagram.com\/sabado100.com.ar\/\",\"https:\/\/www.youtube.com\/@sabado1003\"]},{\"@type\":\"Person\",\"@id\":\"https:\/\/sabado100.com.ar\/es-ar\/#\/schema\/person\/58e38b918ef4e44b11398f25d4684c6d\",\"name\":\"sabado cien\",\"image\":{\"@type\":\"ImageObject\",\"inLanguage\":\"es\",\"@id\":\"https:\/\/sabado100.com.ar\/es-ar\/#\/schema\/person\/image\/\",\"url\":\"https:\/\/sabado100.com.ar\/es-ar\/wp-content\/litespeed\/avatar\/484bccfbd493fbb703b0f1b8113dad61.jpg?ver=1787731622\",\"contentUrl\":\"https:\/\/sabado100.com.ar\/es-ar\/wp-content\/litespeed\/avatar\/484bccfbd493fbb703b0f1b8113dad61.jpg?ver=1787731622\",\"caption\":\"sabado cien\"},\"url\":\"https:\/\/sabado100.com.ar\/es-ar\/author\/sabado100\/\"}]}<\/script>\n<!-- \/ Yoast SEO plugin. -->","yoast_head_json":{"title":"Monumento a la Vaca en Tr\u00e1nsito, C\u00f3rdoba - Sabado 100","robots":{"index":"index","follow":"follow","max-snippet":"max-snippet:-1","max-image-preview":"max-image-preview:large","max-video-preview":"max-video-preview:-1"},"canonical":"https:\/\/sabado100.com.ar\/es-ar\/monumento-a-la-vaca-en-transito-cordoba\/","og_locale":"es_ES","og_type":"article","og_title":"Monumento a la Vaca en Tr\u00e1nsito, C\u00f3rdoba - Sabado 100","og_description":"Por Emilio J. Grande.- A principio de a\u00f1o solicit\u00e9 una audiencia al presidente del Concejo Municipal de esta ciudad, Silvio [&hellip;]","og_url":"https:\/\/sabado100.com.ar\/es-ar\/monumento-a-la-vaca-en-transito-cordoba\/","og_site_name":"Sabado 100","article_publisher":"https:\/\/www.facebook.com\/sabadocien\/","article_published_time":"2016-05-19T14:00:46+00:00","author":"sabado cien","twitter_card":"summary_large_image","twitter_misc":{"Escrito por":"sabado cien","Tiempo de lectura":"2 minutos"},"schema":{"@context":"https:\/\/schema.org","@graph":[{"@type":"Article","@id":"https:\/\/sabado100.com.ar\/es-ar\/monumento-a-la-vaca-en-transito-cordoba\/#article","isPartOf":{"@id":"https:\/\/sabado100.com.ar\/es-ar\/monumento-a-la-vaca-en-transito-cordoba\/"},"author":{"name":"sabado cien","@id":"https:\/\/sabado100.com.ar\/es-ar\/#\/schema\/person\/58e38b918ef4e44b11398f25d4684c6d"},"headline":"Monumento a la Vaca en Tr\u00e1nsito, C\u00f3rdoba","datePublished":"2016-05-19T14:00:46+00:00","dateModified":"2016-05-19T14:00:46+00:00","mainEntityOfPage":{"@id":"https:\/\/sabado100.com.ar\/es-ar\/monumento-a-la-vaca-en-transito-cordoba\/"},"wordCount":428,"commentCount":0,"publisher":{"@id":"https:\/\/sabado100.com.ar\/es-ar\/#organization"},"keywords":["C\u00f3rdoba","Monumento a la Vaca en Tr\u00e1nsito"],"articleSection":["Cultura y Sociedad"],"inLanguage":"es","potentialAction":[{"@type":"CommentAction","name":"Comment","target":["https:\/\/sabado100.com.ar\/es-ar\/monumento-a-la-vaca-en-transito-cordoba\/#respond"]}]},{"@type":"WebPage","@id":"https:\/\/sabado100.com.ar\/es-ar\/monumento-a-la-vaca-en-transito-cordoba\/","url":"https:\/\/sabado100.com.ar\/es-ar\/monumento-a-la-vaca-en-transito-cordoba\/","name":"Monumento a la Vaca en Tr\u00e1nsito, C\u00f3rdoba - Sabado 100","isPartOf":{"@id":"https:\/\/sabado100.com.ar\/es-ar\/#website"},"datePublished":"2016-05-19T14:00:46+00:00","dateModified":"2016-05-19T14:00:46+00:00","breadcrumb":{"@id":"https:\/\/sabado100.com.ar\/es-ar\/monumento-a-la-vaca-en-transito-cordoba\/#breadcrumb"},"inLanguage":"es","potentialAction":[{"@type":"ReadAction","target":["https:\/\/sabado100.com.ar\/es-ar\/monumento-a-la-vaca-en-transito-cordoba\/"]}]},{"@type":"BreadcrumbList","@id":"https:\/\/sabado100.com.ar\/es-ar\/monumento-a-la-vaca-en-transito-cordoba\/#breadcrumb","itemListElement":[{"@type":"ListItem","position":1,"name":"Portada","item":"https:\/\/sabado100.com.ar\/es-ar\/"},{"@type":"ListItem","position":2,"name":"Monumento a la Vaca en Tr\u00e1nsito, C\u00f3rdoba"}]},{"@type":"WebSite","@id":"https:\/\/sabado100.com.ar\/es-ar\/#website","url":"https:\/\/sabado100.com.ar\/es-ar\/","name":"Sabado 100","description":"","publisher":{"@id":"https:\/\/sabado100.com.ar\/es-ar\/#organization"},"potentialAction":[{"@type":"SearchAction","target":{"@type":"EntryPoint","urlTemplate":"https:\/\/sabado100.com.ar\/es-ar\/?s={search_term_string}"},"query-input":"required name=search_term_string"}],"inLanguage":"es"},{"@type":"Organization","@id":"https:\/\/sabado100.com.ar\/es-ar\/#organization","name":"Sabado 100","url":"https:\/\/sabado100.com.ar\/es-ar\/","logo":{"@type":"ImageObject","inLanguage":"es","@id":"https:\/\/sabado100.com.ar\/es-ar\/#\/schema\/logo\/image\/","url":"https:\/\/sabado100.com.ar\/es-ar\/wp-content\/uploads\/2024\/04\/logo3.jpg","contentUrl":"https:\/\/sabado100.com.ar\/es-ar\/wp-content\/uploads\/2024\/04\/logo3.jpg","width":300,"height":174,"caption":"Sabado 100"},"image":{"@id":"https:\/\/sabado100.com.ar\/es-ar\/#\/schema\/logo\/image\/"},"sameAs":["https:\/\/www.facebook.com\/sabadocien\/","https:\/\/www.instagram.com\/sabado100.com.ar\/","https:\/\/www.youtube.com\/@sabado1003"]},{"@type":"Person","@id":"https:\/\/sabado100.com.ar\/es-ar\/#\/schema\/person\/58e38b918ef4e44b11398f25d4684c6d","name":"sabado cien","image":{"@type":"ImageObject","inLanguage":"es","@id":"https:\/\/sabado100.com.ar\/es-ar\/#\/schema\/person\/image\/","url":"https:\/\/sabado100.com.ar\/es-ar\/wp-content\/litespeed\/avatar\/484bccfbd493fbb703b0f1b8113dad61.jpg?ver=1787731622","contentUrl":"https:\/\/sabado100.com.ar\/es-ar\/wp-content\/litespeed\/avatar\/484bccfbd493fbb703b0f1b8113dad61.jpg?ver=1787731622","caption":"sabado cien"},"url":"https:\/\/sabado100.com.ar\/es-ar\/author\/sabado100\/"}]}},"_links":{"self":[{"href":"https:\/\/sabado100.com.ar\/es-ar\/wp-json\/wp\/v2\/posts\/4478","targetHints":{"allow":["GET"]}}],"collection":[{"href":"https:\/\/sabado100.com.ar\/es-ar\/wp-json\/wp\/v2\/posts"}],"about":[{"href":"https:\/\/sabado100.com.ar\/es-ar\/wp-json\/wp\/v2\/types\/post"}],"author":[{"embeddable":true,"href":"https:\/\/sabado100.com.ar\/es-ar\/wp-json\/wp\/v2\/users\/2"}],"replies":[{"embeddable":true,"href":"https:\/\/sabado100.com.ar\/es-ar\/wp-json\/wp\/v2\/comments?post=4478"}],"version-history":[{"count":0,"href":"https:\/\/sabado100.com.ar\/es-ar\/wp-json\/wp\/v2\/posts\/4478\/revisions"}],"wp:attachment":[{"href":"https:\/\/sabado100.com.ar\/es-ar\/wp-json\/wp\/v2\/media?parent=4478"}],"wp:term":[{"taxonomy":"category","embeddable":true,"href":"https:\/\/sabado100.com.ar\/es-ar\/wp-json\/wp\/v2\/categories?post=4478"},{"taxonomy":"post_tag","embeddable":true,"href":"https:\/\/sabado100.com.ar\/es-ar\/wp-json\/wp\/v2\/tags?post=4478"}],"curies":[{"name":"wp","href":"https:\/\/api.w.org\/{rel}","templated":true}]}}