{"id":4465,"date":"2016-05-05T14:44:38","date_gmt":"2016-05-05T12:44:38","guid":{"rendered":"https:\/\/www.sabado100.com.ar\/?p=4465"},"modified":"2016-05-05T14:44:38","modified_gmt":"2016-05-05T12:44:38","slug":"gobernar-para-comunicar","status":"publish","type":"post","link":"https:\/\/sabado100.com.ar\/es-ar\/gobernar-para-comunicar\/","title":{"rendered":"Gobernar para comunicar"},"content":{"rendered":"<p><strong>Por Mar\u00eda Herminia Grande.-<\/strong> El \u00faltimo mes del primer semestre del Gobierno del presidente Mauricio Macri comienza con el D\u00eda del Trabajador. De diciembre a marzo, la Administraci\u00f3n Nacional de la Seguridad Social (Anses) registra 120 mil bajas entre empleo privado y p\u00fablico. A esto, que de por s\u00ed es preocupante, se le debe anexar lo que indica la tasa de actividad. En Argentina siempre ha oscilado entre un 46% y un 47%, pero hoy est\u00e1 en un 42 o 43 por ciento. Es decir, hay un porcentaje de gente desanimada que no intenta conseguir trabajo. Fuentes serias hablan de un 8% de desocupaci\u00f3n. Es imprescindible un Instituto Nacional de Estad\u00edstica y Censos (Indec) serio y datos cre\u00edbles.<br \/>\nAbril concluir\u00e1 este viernes 29 con una movilizaci\u00f3n de los sectores del trabajo. Las cinco centrales sindicales marchar\u00e1n, prob\u00e1ndose anticipadamente la camiseta de la unidad que llegar\u00e1 el 22 de agosto. La fecha no s\u00f3lo es simb\u00f3lica, sino que adem\u00e1s contempla un tiempo de espera prudencial para expresarse sobre las pol\u00edticas del actual Gobierno. Lo de este viernes ser\u00e1 s\u00f3lo una demostraci\u00f3n de fuerza de lo que puede ocurrir si el Gobierno actual no da respuesta. Por ahora el documento consensuado el mes pasado para la Unidad para la Justicia Social no ha perdido vigencia. La Confederaci\u00f3n General del Trabajo (CFT) insiste en la emergencia ocupacional y le exige al Poder Ejecutivo Nacional un plan antiinflacionario y pol\u00edticas para reactivar el empleo. El ministro de Trabajo Jorge Triaca le acerc\u00f3 al Presidente un paquete de iniciativas dadas a conocer ayer a la tarde, entre ellos el proyecto sobre el primer empleo. Seguramente este anuncio traer\u00e1 chisporroteos altisonantes con otros sectores, especialmente el Frente Renovador, que lo incluy\u00f3 dentro de un paquete integral de protecci\u00f3n al trabajo y al trabajador.<br \/>\nEn realidad, creo que el apuro del Gobierno fue acercar al Congreso una herramienta propia desde donde discutir, dado que o trababa los proyectos en comisi\u00f3n o deb\u00eda discutir desde la nada; el Senado tiene su proyecto y Diputados tambi\u00e9n. En definitiva, se tratar\u00e1 de arribar a un proyecto unificado. Ma\u00f1ana, el presidente Macri anunciar\u00eda un \u00edndice de empleo catalogado por sus colaboradores como m\u00e1s transparente. Creen sus allegados que estos anuncios, m\u00e1s el \u00e9nfasis en la obra p\u00fablica, podr\u00e1n cambiar el humor social hoy algo alterado. Recordemos que el Presidente ha convocado al Consejo del Salario M\u00ednimo Vital y M\u00f3vil para mayo con el objetivo de aumentarlo. Actualmente se encuentra en 6.060 pesos; el Gobierno impulsa una suba del 30%, siguiendo la l\u00ednea de las paritarias.<br \/>\nHasta aqu\u00ed queda claro que el presidente Macri ha ayudado con sus pol\u00edticas a la alta concentraci\u00f3n en pocas manos y conf\u00eda en la teor\u00eda del derrame. Tambi\u00e9n ha apostado el todo por el todo al acuerdo internacional con los holdouts. Cabe recordar que el ingreso al default, m\u00e1s all\u00e1 de los aplausos irresponsables de aquel momento, cost\u00f3 l\u00e1grimas a varias generaciones; su salida tambi\u00e9n. En julio o agosto podr\u00e1 Macri evaluar si la decisi\u00f3n que ha tomado con el rumbo de sus pol\u00edticas le permite continuarlas y profundizarlas o deber\u00e1 pensar en un cambio. Todo indicar\u00eda, de no ocurrir alg\u00fan imponderable, que para la fecha citada el Presidente estar\u00e1 sin demasiada espalda pol\u00edtica ni margen social.<br \/>\nMucho se ha hablado en estos tiempos, incluida la diputada Elisa Carri\u00f3, sobre la mala comunicaci\u00f3n que el Gobierno hace de sus propios actos pol\u00edticos. En realidad, lo que existe es una marcada ausencia de pol\u00edticas con sentido social, en contraposici\u00f3n a lo que sucede con el sector de mayores ingresos. Un ejemplo claro es lo que ocurri\u00f3 el s\u00e1bado \u00faltimo en Santa Fe. El Presidente recorri\u00f3 la zona inundada, se constern\u00f3 por el desastre de una provincia que, de 19 departamentos, 18 est\u00e1n en emergencia h\u00eddrica; pero no dio a conocer una sola pol\u00edtica concreta para aliviar a los sectores desesperados de la producci\u00f3n y el trabajo. Son los momentos en los cuales el Ministerio de la Producci\u00f3n deber\u00eda tener visibilidad.<br \/>\nLa diputada Carri\u00f3 se ha convertido en la fiscal y guardaespaldas sin nombramiento del Gobierno de Macri, desde supervisar los Panama Papers que le facilit\u00f3 Francisco Macri antes de llevarlos a la Justicia, hasta justificar la inacci\u00f3n de la ministra Patricia Bullrich en Comodoro Py aduciendo que la ex presidente Cristina Fern\u00e1ndez iba a voltear al actual Gobierno.<br \/>\nEl tema de los para\u00edsos fiscales y su utilizaci\u00f3n hasta hoy son, como dice Alberto Fern\u00e1ndez, \u201cpara lavar o para evadir\u201d. Barack Obama fue m\u00e1s claro a\u00fan al decir que el problema justamente reside en su legalidad,  por lo tanto, insta a rever la ley que los autoriza, dado que el dinero volcado en las cuentas offshore evadiendo impuestos provoca que haya menos presupuesto para educaci\u00f3n, salud, seguridad.<br \/>\nEn estos \u00faltimos tiempos, tal vez virtud del nuevo Gobierno, todo aquel que quiera puede conocer las rutas del dinero y sus complicidades pol\u00edticas y empresariales. Es hora de que conozcamos las complicidades judiciales, el de un Poder Judicial que, lejos de ser el basti\u00f3n de la anticorrupci\u00f3n de la rep\u00fablica, se convirti\u00f3 \u2014con las excepciones correspondientes\u2014 en el basti\u00f3n de las complicidades de los corruptos. Hoy todo se conoce pero nada se comprueba. Es imprescindible que los affaires de la corrupci\u00f3n sean juzgados seriamente, no con amagues.<br \/>\nEl presidente Macri, destinatario de una brutal herencia pol\u00edtica, debi\u00f3, no obstante, gobernar en estos cuatro meses sin empeorarla, porque los damnificados son siempre los mismos.<\/p>\n<p><strong>Fuente:<\/strong> http:\/\/opinion.infobae.com\/<\/p>\n","protected":false},"excerpt":{"rendered":"<p>Por Mar\u00eda Herminia Grande.- El \u00faltimo mes del primer semestre del Gobierno del presidente Mauricio Macri comienza con el D\u00eda [&hellip;]<\/p>\n","protected":false},"author":2,"featured_media":0,"comment_status":"open","ping_status":"closed","sticky":false,"template":"","format":"standard","meta":{"site-sidebar-layout":"default","site-content-layout":"","ast-site-content-layout":"default","site-content-style":"default","site-sidebar-style":"default","ast-global-header-display":"","ast-banner-title-visibility":"","ast-main-header-display":"","ast-hfb-above-header-display":"","ast-hfb-below-header-display":"","ast-hfb-mobile-header-display":"","site-post-title":"","ast-breadcrumbs-content":"","ast-featured-img":"","footer-sml-layout":"","ast-disable-related-posts":"","theme-transparent-header-meta":"","adv-header-id-meta":"","stick-header-meta":"","header-above-stick-meta":"","header-main-stick-meta":"","header-below-stick-meta":"","astra-migrate-meta-layouts":"default","ast-page-background-enabled":"default","ast-page-background-meta":{"desktop":{"background-color":"var(--ast-global-color-4)","background-image":"","background-repeat":"repeat","background-position":"center center","background-size":"auto","background-attachment":"scroll","background-type":"","background-media":"","overlay-type":"","overlay-color":"","overlay-opacity":"","overlay-gradient":""},"tablet":{"background-color":"","background-image":"","background-repeat":"repeat","background-position":"center center","background-size":"auto","background-attachment":"scroll","background-type":"","background-media":"","overlay-type":"","overlay-color":"","overlay-opacity":"","overlay-gradient":""},"mobile":{"background-color":"","background-image":"","background-repeat":"repeat","background-position":"center center","background-size":"auto","background-attachment":"scroll","background-type":"","background-media":"","overlay-type":"","overlay-color":"","overlay-opacity":"","overlay-gradient":""}},"ast-content-background-meta":{"desktop":{"background-color":"var(--ast-global-color-5)","background-image":"","background-repeat":"repeat","background-position":"center center","background-size":"auto","background-attachment":"scroll","background-type":"","background-media":"","overlay-type":"","overlay-color":"","overlay-opacity":"","overlay-gradient":""},"tablet":{"background-color":"var(--ast-global-color-5)","background-image":"","background-repeat":"repeat","background-position":"center center","background-size":"auto","background-attachment":"scroll","background-type":"","background-media":"","overlay-type":"","overlay-color":"","overlay-opacity":"","overlay-gradient":""},"mobile":{"background-color":"var(--ast-global-color-5)","background-image":"","background-repeat":"repeat","background-position":"center center","background-size":"auto","background-attachment":"scroll","background-type":"","background-media":"","overlay-type":"","overlay-color":"","overlay-opacity":"","overlay-gradient":""}},"footnotes":""},"categories":[5],"tags":[5463],"class_list":["post-4465","post","type-post","status-publish","format-standard","hentry","category-politica","tag-gobernar-para-comunicar"],"yoast_head":"<!-- This site is optimized with the Yoast SEO plugin v23.2 - https:\/\/yoast.com\/wordpress\/plugins\/seo\/ -->\n<title>Gobernar para comunicar - Sabado 100<\/title>\n<meta name=\"robots\" content=\"index, follow, max-snippet:-1, max-image-preview:large, max-video-preview:-1\" \/>\n<link rel=\"canonical\" href=\"https:\/\/sabado100.com.ar\/es-ar\/gobernar-para-comunicar\/\" \/>\n<meta property=\"og:locale\" content=\"es_ES\" \/>\n<meta property=\"og:type\" content=\"article\" \/>\n<meta property=\"og:title\" content=\"Gobernar para comunicar - Sabado 100\" \/>\n<meta property=\"og:description\" content=\"Por Mar\u00eda Herminia Grande.- El \u00faltimo mes del primer semestre del Gobierno del presidente Mauricio Macri comienza con el D\u00eda [&hellip;]\" \/>\n<meta property=\"og:url\" content=\"https:\/\/sabado100.com.ar\/es-ar\/gobernar-para-comunicar\/\" \/>\n<meta property=\"og:site_name\" content=\"Sabado 100\" \/>\n<meta property=\"article:publisher\" content=\"https:\/\/www.facebook.com\/sabadocien\/\" \/>\n<meta property=\"article:published_time\" content=\"2016-05-05T12:44:38+00:00\" \/>\n<meta name=\"author\" content=\"sabado cien\" \/>\n<meta name=\"twitter:card\" content=\"summary_large_image\" \/>\n<meta name=\"twitter:label1\" content=\"Escrito por\" \/>\n\t<meta name=\"twitter:data1\" content=\"sabado cien\" \/>\n\t<meta name=\"twitter:label2\" content=\"Tiempo de lectura\" \/>\n\t<meta name=\"twitter:data2\" content=\"5 minutos\" \/>\n<script type=\"application\/ld+json\" class=\"yoast-schema-graph\">{\"@context\":\"https:\/\/schema.org\",\"@graph\":[{\"@type\":\"Article\",\"@id\":\"https:\/\/sabado100.com.ar\/es-ar\/gobernar-para-comunicar\/#article\",\"isPartOf\":{\"@id\":\"https:\/\/sabado100.com.ar\/es-ar\/gobernar-para-comunicar\/\"},\"author\":{\"name\":\"sabado cien\",\"@id\":\"https:\/\/sabado100.com.ar\/es-ar\/#\/schema\/person\/58e38b918ef4e44b11398f25d4684c6d\"},\"headline\":\"Gobernar para comunicar\",\"datePublished\":\"2016-05-05T12:44:38+00:00\",\"dateModified\":\"2016-05-05T12:44:38+00:00\",\"mainEntityOfPage\":{\"@id\":\"https:\/\/sabado100.com.ar\/es-ar\/gobernar-para-comunicar\/\"},\"wordCount\":970,\"commentCount\":0,\"publisher\":{\"@id\":\"https:\/\/sabado100.com.ar\/es-ar\/#organization\"},\"keywords\":[\"Gobernar para comunicar\"],\"articleSection\":[\"Pol\u00edtica\"],\"inLanguage\":\"es\",\"potentialAction\":[{\"@type\":\"CommentAction\",\"name\":\"Comment\",\"target\":[\"https:\/\/sabado100.com.ar\/es-ar\/gobernar-para-comunicar\/#respond\"]}]},{\"@type\":\"WebPage\",\"@id\":\"https:\/\/sabado100.com.ar\/es-ar\/gobernar-para-comunicar\/\",\"url\":\"https:\/\/sabado100.com.ar\/es-ar\/gobernar-para-comunicar\/\",\"name\":\"Gobernar para comunicar - Sabado 100\",\"isPartOf\":{\"@id\":\"https:\/\/sabado100.com.ar\/es-ar\/#website\"},\"datePublished\":\"2016-05-05T12:44:38+00:00\",\"dateModified\":\"2016-05-05T12:44:38+00:00\",\"breadcrumb\":{\"@id\":\"https:\/\/sabado100.com.ar\/es-ar\/gobernar-para-comunicar\/#breadcrumb\"},\"inLanguage\":\"es\",\"potentialAction\":[{\"@type\":\"ReadAction\",\"target\":[\"https:\/\/sabado100.com.ar\/es-ar\/gobernar-para-comunicar\/\"]}]},{\"@type\":\"BreadcrumbList\",\"@id\":\"https:\/\/sabado100.com.ar\/es-ar\/gobernar-para-comunicar\/#breadcrumb\",\"itemListElement\":[{\"@type\":\"ListItem\",\"position\":1,\"name\":\"Portada\",\"item\":\"https:\/\/sabado100.com.ar\/es-ar\/\"},{\"@type\":\"ListItem\",\"position\":2,\"name\":\"Gobernar para comunicar\"}]},{\"@type\":\"WebSite\",\"@id\":\"https:\/\/sabado100.com.ar\/es-ar\/#website\",\"url\":\"https:\/\/sabado100.com.ar\/es-ar\/\",\"name\":\"Sabado 100\",\"description\":\"\",\"publisher\":{\"@id\":\"https:\/\/sabado100.com.ar\/es-ar\/#organization\"},\"potentialAction\":[{\"@type\":\"SearchAction\",\"target\":{\"@type\":\"EntryPoint\",\"urlTemplate\":\"https:\/\/sabado100.com.ar\/es-ar\/?s={search_term_string}\"},\"query-input\":\"required name=search_term_string\"}],\"inLanguage\":\"es\"},{\"@type\":\"Organization\",\"@id\":\"https:\/\/sabado100.com.ar\/es-ar\/#organization\",\"name\":\"Sabado 100\",\"url\":\"https:\/\/sabado100.com.ar\/es-ar\/\",\"logo\":{\"@type\":\"ImageObject\",\"inLanguage\":\"es\",\"@id\":\"https:\/\/sabado100.com.ar\/es-ar\/#\/schema\/logo\/image\/\",\"url\":\"https:\/\/sabado100.com.ar\/es-ar\/wp-content\/uploads\/2024\/04\/logo3.jpg\",\"contentUrl\":\"https:\/\/sabado100.com.ar\/es-ar\/wp-content\/uploads\/2024\/04\/logo3.jpg\",\"width\":300,\"height\":174,\"caption\":\"Sabado 100\"},\"image\":{\"@id\":\"https:\/\/sabado100.com.ar\/es-ar\/#\/schema\/logo\/image\/\"},\"sameAs\":[\"https:\/\/www.facebook.com\/sabadocien\/\",\"https:\/\/www.instagram.com\/sabado100.com.ar\/\",\"https:\/\/www.youtube.com\/@sabado1003\"]},{\"@type\":\"Person\",\"@id\":\"https:\/\/sabado100.com.ar\/es-ar\/#\/schema\/person\/58e38b918ef4e44b11398f25d4684c6d\",\"name\":\"sabado cien\",\"image\":{\"@type\":\"ImageObject\",\"inLanguage\":\"es\",\"@id\":\"https:\/\/sabado100.com.ar\/es-ar\/#\/schema\/person\/image\/\",\"url\":\"https:\/\/sabado100.com.ar\/es-ar\/wp-content\/litespeed\/avatar\/484bccfbd493fbb703b0f1b8113dad61.jpg?ver=1787731622\",\"contentUrl\":\"https:\/\/sabado100.com.ar\/es-ar\/wp-content\/litespeed\/avatar\/484bccfbd493fbb703b0f1b8113dad61.jpg?ver=1787731622\",\"caption\":\"sabado cien\"},\"url\":\"https:\/\/sabado100.com.ar\/es-ar\/author\/sabado100\/\"}]}<\/script>\n<!-- \/ Yoast SEO plugin. -->","yoast_head_json":{"title":"Gobernar para comunicar - Sabado 100","robots":{"index":"index","follow":"follow","max-snippet":"max-snippet:-1","max-image-preview":"max-image-preview:large","max-video-preview":"max-video-preview:-1"},"canonical":"https:\/\/sabado100.com.ar\/es-ar\/gobernar-para-comunicar\/","og_locale":"es_ES","og_type":"article","og_title":"Gobernar para comunicar - Sabado 100","og_description":"Por Mar\u00eda Herminia Grande.- El \u00faltimo mes del primer semestre del Gobierno del presidente Mauricio Macri comienza con el D\u00eda [&hellip;]","og_url":"https:\/\/sabado100.com.ar\/es-ar\/gobernar-para-comunicar\/","og_site_name":"Sabado 100","article_publisher":"https:\/\/www.facebook.com\/sabadocien\/","article_published_time":"2016-05-05T12:44:38+00:00","author":"sabado cien","twitter_card":"summary_large_image","twitter_misc":{"Escrito por":"sabado cien","Tiempo de lectura":"5 minutos"},"schema":{"@context":"https:\/\/schema.org","@graph":[{"@type":"Article","@id":"https:\/\/sabado100.com.ar\/es-ar\/gobernar-para-comunicar\/#article","isPartOf":{"@id":"https:\/\/sabado100.com.ar\/es-ar\/gobernar-para-comunicar\/"},"author":{"name":"sabado cien","@id":"https:\/\/sabado100.com.ar\/es-ar\/#\/schema\/person\/58e38b918ef4e44b11398f25d4684c6d"},"headline":"Gobernar para comunicar","datePublished":"2016-05-05T12:44:38+00:00","dateModified":"2016-05-05T12:44:38+00:00","mainEntityOfPage":{"@id":"https:\/\/sabado100.com.ar\/es-ar\/gobernar-para-comunicar\/"},"wordCount":970,"commentCount":0,"publisher":{"@id":"https:\/\/sabado100.com.ar\/es-ar\/#organization"},"keywords":["Gobernar para comunicar"],"articleSection":["Pol\u00edtica"],"inLanguage":"es","potentialAction":[{"@type":"CommentAction","name":"Comment","target":["https:\/\/sabado100.com.ar\/es-ar\/gobernar-para-comunicar\/#respond"]}]},{"@type":"WebPage","@id":"https:\/\/sabado100.com.ar\/es-ar\/gobernar-para-comunicar\/","url":"https:\/\/sabado100.com.ar\/es-ar\/gobernar-para-comunicar\/","name":"Gobernar para comunicar - Sabado 100","isPartOf":{"@id":"https:\/\/sabado100.com.ar\/es-ar\/#website"},"datePublished":"2016-05-05T12:44:38+00:00","dateModified":"2016-05-05T12:44:38+00:00","breadcrumb":{"@id":"https:\/\/sabado100.com.ar\/es-ar\/gobernar-para-comunicar\/#breadcrumb"},"inLanguage":"es","potentialAction":[{"@type":"ReadAction","target":["https:\/\/sabado100.com.ar\/es-ar\/gobernar-para-comunicar\/"]}]},{"@type":"BreadcrumbList","@id":"https:\/\/sabado100.com.ar\/es-ar\/gobernar-para-comunicar\/#breadcrumb","itemListElement":[{"@type":"ListItem","position":1,"name":"Portada","item":"https:\/\/sabado100.com.ar\/es-ar\/"},{"@type":"ListItem","position":2,"name":"Gobernar para comunicar"}]},{"@type":"WebSite","@id":"https:\/\/sabado100.com.ar\/es-ar\/#website","url":"https:\/\/sabado100.com.ar\/es-ar\/","name":"Sabado 100","description":"","publisher":{"@id":"https:\/\/sabado100.com.ar\/es-ar\/#organization"},"potentialAction":[{"@type":"SearchAction","target":{"@type":"EntryPoint","urlTemplate":"https:\/\/sabado100.com.ar\/es-ar\/?s={search_term_string}"},"query-input":"required name=search_term_string"}],"inLanguage":"es"},{"@type":"Organization","@id":"https:\/\/sabado100.com.ar\/es-ar\/#organization","name":"Sabado 100","url":"https:\/\/sabado100.com.ar\/es-ar\/","logo":{"@type":"ImageObject","inLanguage":"es","@id":"https:\/\/sabado100.com.ar\/es-ar\/#\/schema\/logo\/image\/","url":"https:\/\/sabado100.com.ar\/es-ar\/wp-content\/uploads\/2024\/04\/logo3.jpg","contentUrl":"https:\/\/sabado100.com.ar\/es-ar\/wp-content\/uploads\/2024\/04\/logo3.jpg","width":300,"height":174,"caption":"Sabado 100"},"image":{"@id":"https:\/\/sabado100.com.ar\/es-ar\/#\/schema\/logo\/image\/"},"sameAs":["https:\/\/www.facebook.com\/sabadocien\/","https:\/\/www.instagram.com\/sabado100.com.ar\/","https:\/\/www.youtube.com\/@sabado1003"]},{"@type":"Person","@id":"https:\/\/sabado100.com.ar\/es-ar\/#\/schema\/person\/58e38b918ef4e44b11398f25d4684c6d","name":"sabado cien","image":{"@type":"ImageObject","inLanguage":"es","@id":"https:\/\/sabado100.com.ar\/es-ar\/#\/schema\/person\/image\/","url":"https:\/\/sabado100.com.ar\/es-ar\/wp-content\/litespeed\/avatar\/484bccfbd493fbb703b0f1b8113dad61.jpg?ver=1787731622","contentUrl":"https:\/\/sabado100.com.ar\/es-ar\/wp-content\/litespeed\/avatar\/484bccfbd493fbb703b0f1b8113dad61.jpg?ver=1787731622","caption":"sabado cien"},"url":"https:\/\/sabado100.com.ar\/es-ar\/author\/sabado100\/"}]}},"_links":{"self":[{"href":"https:\/\/sabado100.com.ar\/es-ar\/wp-json\/wp\/v2\/posts\/4465","targetHints":{"allow":["GET"]}}],"collection":[{"href":"https:\/\/sabado100.com.ar\/es-ar\/wp-json\/wp\/v2\/posts"}],"about":[{"href":"https:\/\/sabado100.com.ar\/es-ar\/wp-json\/wp\/v2\/types\/post"}],"author":[{"embeddable":true,"href":"https:\/\/sabado100.com.ar\/es-ar\/wp-json\/wp\/v2\/users\/2"}],"replies":[{"embeddable":true,"href":"https:\/\/sabado100.com.ar\/es-ar\/wp-json\/wp\/v2\/comments?post=4465"}],"version-history":[{"count":0,"href":"https:\/\/sabado100.com.ar\/es-ar\/wp-json\/wp\/v2\/posts\/4465\/revisions"}],"wp:attachment":[{"href":"https:\/\/sabado100.com.ar\/es-ar\/wp-json\/wp\/v2\/media?parent=4465"}],"wp:term":[{"taxonomy":"category","embeddable":true,"href":"https:\/\/sabado100.com.ar\/es-ar\/wp-json\/wp\/v2\/categories?post=4465"},{"taxonomy":"post_tag","embeddable":true,"href":"https:\/\/sabado100.com.ar\/es-ar\/wp-json\/wp\/v2\/tags?post=4465"}],"curies":[{"name":"wp","href":"https:\/\/api.w.org\/{rel}","templated":true}]}}