{"id":4446,"date":"2016-04-13T17:03:49","date_gmt":"2016-04-13T15:03:49","guid":{"rendered":"https:\/\/www.sabado100.com.ar\/?p=4446"},"modified":"2016-04-13T17:03:49","modified_gmt":"2016-04-13T15:03:49","slug":"comodoro-py-triste-lugar-para-la-politica","status":"publish","type":"post","link":"https:\/\/sabado100.com.ar\/es-ar\/comodoro-py-triste-lugar-para-la-politica\/","title":{"rendered":"Comodoro Py: triste lugar para la pol\u00edtica"},"content":{"rendered":"<p><strong>Por Mar\u00eda Herminia Grande.-<\/strong> Es poco reconfortante observar c\u00f3mo referentes de la alta pol\u00edtica argentina de las \u00faltimas d\u00e9cadas desfilan por Comodoro Py. Por estos d\u00edas se recuerdan las reiteradas presencias de los ex presidentes Carlos Menem y Fernando de la R\u00faa. Esta semana se anexar\u00e1 Cristina de Kirchner (al cierre de este an\u00e1lisis la C\u00e1mara Federal no hab\u00eda resuelto la recusaci\u00f3n de Claudio Bonadio). El actual presidente Mauricio Macri ya tiene una car\u00e1tula con su nombre y citaci\u00f3n de testigos por el affaire Panama Papers.<br \/>\nParecer\u00eda que en nuestra querida rep\u00fablica sus protagonistas tienen algo que les impide ser un verdadero cambio de transparencia y honestidad.<br \/>\nCuentan que Henry Ford, cuando un periodista lo consult\u00f3 sobre la magnitud de su visi\u00f3n empresaria, le respondi\u00f3: \u201c\u00bfVe ese foco de luz?\u201d. \u201cS\u00ed\u201d, le respondi\u00f3 la cronista. \u201cYo lo vi primero\u201d. En pol\u00edtica, la informaci\u00f3n juega ese rol. Le permite a quien la dispone primero actuar con rapidez y explicar antes de que le pregunten. Macri tuvo esa posibilidad. Treinta d\u00edas antes de que se conociese su participaci\u00f3n como director en una empresa offshore de su padre, fue advertido de que se iba a dar a divulgar. Desaprovech\u00f3 la oportunidad. Distinto hubiese sido que en conferencia de prensa hubiera dicho lo que despu\u00e9s fuera de tiempo debi\u00f3 explicar. Esa falta de reacci\u00f3n en tiempo pol\u00edtico permiti\u00f3 que se instalara la duda.<br \/>\nLa Justicia argentina en los casos que tienen que ver con los il\u00edcitos del poder est\u00e1 embarrada, o cuanto menos su conducta no es n\u00edtida. Pas\u00f3 de dormirse sobre los expedientes a ser el correcaminos. El oportunismo de esta instituci\u00f3n no difiere en nada del oportunismo de la mala pol\u00edtica. Se debe recordar que muchos de los jueces que hoy parecen implacables fueron producto de la pol\u00edtica que hoy los horroriza. Entre par\u00e9ntesis, est\u00e1 muy bien que los horrorice.<br \/>\nConvengamos que a la sociedad tampoco le interes\u00f3 bregar por una Justicia justa y no servil a la pol\u00edtica de turno. Tampoco sinti\u00f3 como propia la lucha contra la corrupci\u00f3n. Podr\u00edamos decir que en esta d\u00e9cada y media la sociedad pas\u00f3 por aquel \u201cQue se vayan todos\u201d, tuvo un entretiempo batiendo cacerolas hasta decidir votar por un cambio. Claro que en esto \u00faltimo hubo mucha duda, porque el resultado del ballotage fue 51 a 49 por ciento. Ahora escandaliza tanto como los videos y las informaciones sobre corrupci\u00f3n que jueces y dirigentes pol\u00edticos sientan que el pedido de \u201cQue vayan presos\u201d debe ser atendido r\u00e1pidamente. Aunque suene verdad de Perogrullo, las personas deben ir presas luego del debido proceso y no para calmar reclamos sociales o \u201centretener a la gilada\u201d (Juliana Di Tullio dixit).<br \/>\nMientras la atenci\u00f3n medi\u00e1tica por las conductas de los unos y de los otros sigue ocupando casi todos los espacios, las mediocridades pol\u00edticas no dan respuesta a la realidad cotidiana. Los jubilados, que fueron saqueados una y otra vez en su obra social, en sus aportes, hoy siguen castigados en un 78% con haberes pobres y con el recorte al costado m\u00e1s flaco de un anciano: el medicamento. La inflaci\u00f3n sigue generando no s\u00f3lo dolores en los bolsillos enflaquecidos, sino que, junto al impacto de la devaluaci\u00f3n y de los tarifazos, provoca que muchas familias se hayan quedado sin trabajo. Otras temen por \u00e9l.<br \/>\nEn cuanto a las tarifas, una vez m\u00e1s capital y Buenos Aires quedan en notoria ventaja sobre el resto del pa\u00eds. \u00bfIncre\u00edble, no? Otra vez la desigualdad hace foco en el interior. En Santa Fe ya se pagaba por el servicio el\u00e9ctrico entre tres o cuatro veces m\u00e1s antes del aumento. Seg\u00fan el gobernador Miguel Lifschitz, quien dice estar escandalizado por la brutalidad del aumento, \u201csi Cammesa nos aumenta seis o siete veces el costo, no podemos hacer nada\u201d. El tema es que la Empresa Provincial de la Energ\u00eda (EPE) pagaba en enero cien pesos por megawatt, ahora deber\u00e1 abonar por igual concepto 771 pesos. No obstante, le ha solicitado a la Federaci\u00f3n de Industriales de Santa Fe un listado de las empresas que no pueden pagar el aumento para refinanciarles la deuda. Y atender\u00e1 con subsidios 340 mil casos sociales.<br \/>\nLa preocupaci\u00f3n no es menor, dada la incidencia que este aumento tiene sobre la industria y el comercio. S\u00f3lo en Rosario la Uni\u00f3n Obrera Metal\u00fargica (UOM) reconoce la posible ca\u00edda de dos mil puestos laborales. A prop\u00f3sito, Antonio Cal\u00f3, al inaugurar una impactante sala de terapia intensiva en el sanatorio Rosendo Garc\u00eda de Rosario dijo: \u201cA fin del 2015 nuestros compa\u00f1eros ten\u00edan un sueldo promedio de mil d\u00f3lares, hoy es de quinientos d\u00f3lares\u201d. Continu\u00f3: \u201cYa embromamos bastante con tener un pedacito de poder Moyano, Barrionuevo y yo. Ahora vamos a tener un solo secretario general y volveremos a ser poder. El 29 el Gobierno liberal de Macri deber\u00e1 entender que no se juega con los trabajadores. Queremos emergencia ocupacional, no doble indemnizaci\u00f3n. Ya aprendimos cuando resignamos aumento salarial por puestos de trabajo y nos embromaron\u201d.<\/p>\n<p><strong>Fuente:<\/strong> http:\/\/opinion.infobae.com\/.<\/p>\n","protected":false},"excerpt":{"rendered":"<p>Por Mar\u00eda Herminia Grande.- Es poco reconfortante observar c\u00f3mo referentes de la alta pol\u00edtica argentina de las \u00faltimas d\u00e9cadas desfilan [&hellip;]<\/p>\n","protected":false},"author":2,"featured_media":0,"comment_status":"open","ping_status":"closed","sticky":false,"template":"","format":"standard","meta":{"site-sidebar-layout":"default","site-content-layout":"","ast-site-content-layout":"default","site-content-style":"default","site-sidebar-style":"default","ast-global-header-display":"","ast-banner-title-visibility":"","ast-main-header-display":"","ast-hfb-above-header-display":"","ast-hfb-below-header-display":"","ast-hfb-mobile-header-display":"","site-post-title":"","ast-breadcrumbs-content":"","ast-featured-img":"","footer-sml-layout":"","ast-disable-related-posts":"","theme-transparent-header-meta":"","adv-header-id-meta":"","stick-header-meta":"","header-above-stick-meta":"","header-main-stick-meta":"","header-below-stick-meta":"","astra-migrate-meta-layouts":"default","ast-page-background-enabled":"default","ast-page-background-meta":{"desktop":{"background-color":"var(--ast-global-color-4)","background-image":"","background-repeat":"repeat","background-position":"center center","background-size":"auto","background-attachment":"scroll","background-type":"","background-media":"","overlay-type":"","overlay-color":"","overlay-opacity":"","overlay-gradient":""},"tablet":{"background-color":"","background-image":"","background-repeat":"repeat","background-position":"center center","background-size":"auto","background-attachment":"scroll","background-type":"","background-media":"","overlay-type":"","overlay-color":"","overlay-opacity":"","overlay-gradient":""},"mobile":{"background-color":"","background-image":"","background-repeat":"repeat","background-position":"center center","background-size":"auto","background-attachment":"scroll","background-type":"","background-media":"","overlay-type":"","overlay-color":"","overlay-opacity":"","overlay-gradient":""}},"ast-content-background-meta":{"desktop":{"background-color":"var(--ast-global-color-5)","background-image":"","background-repeat":"repeat","background-position":"center center","background-size":"auto","background-attachment":"scroll","background-type":"","background-media":"","overlay-type":"","overlay-color":"","overlay-opacity":"","overlay-gradient":""},"tablet":{"background-color":"var(--ast-global-color-5)","background-image":"","background-repeat":"repeat","background-position":"center center","background-size":"auto","background-attachment":"scroll","background-type":"","background-media":"","overlay-type":"","overlay-color":"","overlay-opacity":"","overlay-gradient":""},"mobile":{"background-color":"var(--ast-global-color-5)","background-image":"","background-repeat":"repeat","background-position":"center center","background-size":"auto","background-attachment":"scroll","background-type":"","background-media":"","overlay-type":"","overlay-color":"","overlay-opacity":"","overlay-gradient":""}},"footnotes":""},"categories":[5],"tags":[5455],"class_list":["post-4446","post","type-post","status-publish","format-standard","hentry","category-politica","tag-comodoro-py-triste-lugar-para-la-politica"],"yoast_head":"<!-- This site is optimized with the Yoast SEO plugin v23.2 - https:\/\/yoast.com\/wordpress\/plugins\/seo\/ -->\n<title>Comodoro Py: triste lugar para la pol\u00edtica - Sabado 100<\/title>\n<meta name=\"robots\" content=\"index, follow, max-snippet:-1, max-image-preview:large, max-video-preview:-1\" \/>\n<link rel=\"canonical\" href=\"https:\/\/sabado100.com.ar\/es-ar\/comodoro-py-triste-lugar-para-la-politica\/\" \/>\n<meta property=\"og:locale\" content=\"es_ES\" \/>\n<meta property=\"og:type\" content=\"article\" \/>\n<meta property=\"og:title\" content=\"Comodoro Py: triste lugar para la pol\u00edtica - Sabado 100\" \/>\n<meta property=\"og:description\" content=\"Por Mar\u00eda Herminia Grande.- Es poco reconfortante observar c\u00f3mo referentes de la alta pol\u00edtica argentina de las \u00faltimas d\u00e9cadas desfilan [&hellip;]\" \/>\n<meta property=\"og:url\" content=\"https:\/\/sabado100.com.ar\/es-ar\/comodoro-py-triste-lugar-para-la-politica\/\" \/>\n<meta property=\"og:site_name\" content=\"Sabado 100\" \/>\n<meta property=\"article:publisher\" content=\"https:\/\/www.facebook.com\/sabadocien\/\" \/>\n<meta property=\"article:published_time\" content=\"2016-04-13T15:03:49+00:00\" \/>\n<meta name=\"author\" content=\"sabado cien\" \/>\n<meta name=\"twitter:card\" content=\"summary_large_image\" \/>\n<meta name=\"twitter:label1\" content=\"Escrito por\" \/>\n\t<meta name=\"twitter:data1\" content=\"sabado cien\" \/>\n\t<meta name=\"twitter:label2\" content=\"Tiempo de lectura\" \/>\n\t<meta name=\"twitter:data2\" content=\"4 minutos\" \/>\n<script type=\"application\/ld+json\" class=\"yoast-schema-graph\">{\"@context\":\"https:\/\/schema.org\",\"@graph\":[{\"@type\":\"Article\",\"@id\":\"https:\/\/sabado100.com.ar\/es-ar\/comodoro-py-triste-lugar-para-la-politica\/#article\",\"isPartOf\":{\"@id\":\"https:\/\/sabado100.com.ar\/es-ar\/comodoro-py-triste-lugar-para-la-politica\/\"},\"author\":{\"name\":\"sabado cien\",\"@id\":\"https:\/\/sabado100.com.ar\/es-ar\/#\/schema\/person\/58e38b918ef4e44b11398f25d4684c6d\"},\"headline\":\"Comodoro Py: triste lugar para la pol\u00edtica\",\"datePublished\":\"2016-04-13T15:03:49+00:00\",\"dateModified\":\"2016-04-13T15:03:49+00:00\",\"mainEntityOfPage\":{\"@id\":\"https:\/\/sabado100.com.ar\/es-ar\/comodoro-py-triste-lugar-para-la-politica\/\"},\"wordCount\":891,\"commentCount\":0,\"publisher\":{\"@id\":\"https:\/\/sabado100.com.ar\/es-ar\/#organization\"},\"keywords\":[\"Comodoro Py: triste lugar para la pol\u00edtica\"],\"articleSection\":[\"Pol\u00edtica\"],\"inLanguage\":\"es\",\"potentialAction\":[{\"@type\":\"CommentAction\",\"name\":\"Comment\",\"target\":[\"https:\/\/sabado100.com.ar\/es-ar\/comodoro-py-triste-lugar-para-la-politica\/#respond\"]}]},{\"@type\":\"WebPage\",\"@id\":\"https:\/\/sabado100.com.ar\/es-ar\/comodoro-py-triste-lugar-para-la-politica\/\",\"url\":\"https:\/\/sabado100.com.ar\/es-ar\/comodoro-py-triste-lugar-para-la-politica\/\",\"name\":\"Comodoro Py: triste lugar para la pol\u00edtica - Sabado 100\",\"isPartOf\":{\"@id\":\"https:\/\/sabado100.com.ar\/es-ar\/#website\"},\"datePublished\":\"2016-04-13T15:03:49+00:00\",\"dateModified\":\"2016-04-13T15:03:49+00:00\",\"breadcrumb\":{\"@id\":\"https:\/\/sabado100.com.ar\/es-ar\/comodoro-py-triste-lugar-para-la-politica\/#breadcrumb\"},\"inLanguage\":\"es\",\"potentialAction\":[{\"@type\":\"ReadAction\",\"target\":[\"https:\/\/sabado100.com.ar\/es-ar\/comodoro-py-triste-lugar-para-la-politica\/\"]}]},{\"@type\":\"BreadcrumbList\",\"@id\":\"https:\/\/sabado100.com.ar\/es-ar\/comodoro-py-triste-lugar-para-la-politica\/#breadcrumb\",\"itemListElement\":[{\"@type\":\"ListItem\",\"position\":1,\"name\":\"Portada\",\"item\":\"https:\/\/sabado100.com.ar\/es-ar\/\"},{\"@type\":\"ListItem\",\"position\":2,\"name\":\"Comodoro Py: triste lugar para la pol\u00edtica\"}]},{\"@type\":\"WebSite\",\"@id\":\"https:\/\/sabado100.com.ar\/es-ar\/#website\",\"url\":\"https:\/\/sabado100.com.ar\/es-ar\/\",\"name\":\"Sabado 100\",\"description\":\"\",\"publisher\":{\"@id\":\"https:\/\/sabado100.com.ar\/es-ar\/#organization\"},\"potentialAction\":[{\"@type\":\"SearchAction\",\"target\":{\"@type\":\"EntryPoint\",\"urlTemplate\":\"https:\/\/sabado100.com.ar\/es-ar\/?s={search_term_string}\"},\"query-input\":\"required name=search_term_string\"}],\"inLanguage\":\"es\"},{\"@type\":\"Organization\",\"@id\":\"https:\/\/sabado100.com.ar\/es-ar\/#organization\",\"name\":\"Sabado 100\",\"url\":\"https:\/\/sabado100.com.ar\/es-ar\/\",\"logo\":{\"@type\":\"ImageObject\",\"inLanguage\":\"es\",\"@id\":\"https:\/\/sabado100.com.ar\/es-ar\/#\/schema\/logo\/image\/\",\"url\":\"https:\/\/sabado100.com.ar\/es-ar\/wp-content\/uploads\/2024\/04\/logo3.jpg\",\"contentUrl\":\"https:\/\/sabado100.com.ar\/es-ar\/wp-content\/uploads\/2024\/04\/logo3.jpg\",\"width\":300,\"height\":174,\"caption\":\"Sabado 100\"},\"image\":{\"@id\":\"https:\/\/sabado100.com.ar\/es-ar\/#\/schema\/logo\/image\/\"},\"sameAs\":[\"https:\/\/www.facebook.com\/sabadocien\/\",\"https:\/\/www.instagram.com\/sabado100.com.ar\/\",\"https:\/\/www.youtube.com\/@sabado1003\"]},{\"@type\":\"Person\",\"@id\":\"https:\/\/sabado100.com.ar\/es-ar\/#\/schema\/person\/58e38b918ef4e44b11398f25d4684c6d\",\"name\":\"sabado cien\",\"image\":{\"@type\":\"ImageObject\",\"inLanguage\":\"es\",\"@id\":\"https:\/\/sabado100.com.ar\/es-ar\/#\/schema\/person\/image\/\",\"url\":\"https:\/\/sabado100.com.ar\/es-ar\/wp-content\/litespeed\/avatar\/484bccfbd493fbb703b0f1b8113dad61.jpg?ver=1787731622\",\"contentUrl\":\"https:\/\/sabado100.com.ar\/es-ar\/wp-content\/litespeed\/avatar\/484bccfbd493fbb703b0f1b8113dad61.jpg?ver=1787731622\",\"caption\":\"sabado cien\"},\"url\":\"https:\/\/sabado100.com.ar\/es-ar\/author\/sabado100\/\"}]}<\/script>\n<!-- \/ Yoast SEO plugin. -->","yoast_head_json":{"title":"Comodoro Py: triste lugar para la pol\u00edtica - Sabado 100","robots":{"index":"index","follow":"follow","max-snippet":"max-snippet:-1","max-image-preview":"max-image-preview:large","max-video-preview":"max-video-preview:-1"},"canonical":"https:\/\/sabado100.com.ar\/es-ar\/comodoro-py-triste-lugar-para-la-politica\/","og_locale":"es_ES","og_type":"article","og_title":"Comodoro Py: triste lugar para la pol\u00edtica - Sabado 100","og_description":"Por Mar\u00eda Herminia Grande.- Es poco reconfortante observar c\u00f3mo referentes de la alta pol\u00edtica argentina de las \u00faltimas d\u00e9cadas desfilan [&hellip;]","og_url":"https:\/\/sabado100.com.ar\/es-ar\/comodoro-py-triste-lugar-para-la-politica\/","og_site_name":"Sabado 100","article_publisher":"https:\/\/www.facebook.com\/sabadocien\/","article_published_time":"2016-04-13T15:03:49+00:00","author":"sabado cien","twitter_card":"summary_large_image","twitter_misc":{"Escrito por":"sabado cien","Tiempo de lectura":"4 minutos"},"schema":{"@context":"https:\/\/schema.org","@graph":[{"@type":"Article","@id":"https:\/\/sabado100.com.ar\/es-ar\/comodoro-py-triste-lugar-para-la-politica\/#article","isPartOf":{"@id":"https:\/\/sabado100.com.ar\/es-ar\/comodoro-py-triste-lugar-para-la-politica\/"},"author":{"name":"sabado cien","@id":"https:\/\/sabado100.com.ar\/es-ar\/#\/schema\/person\/58e38b918ef4e44b11398f25d4684c6d"},"headline":"Comodoro Py: triste lugar para la pol\u00edtica","datePublished":"2016-04-13T15:03:49+00:00","dateModified":"2016-04-13T15:03:49+00:00","mainEntityOfPage":{"@id":"https:\/\/sabado100.com.ar\/es-ar\/comodoro-py-triste-lugar-para-la-politica\/"},"wordCount":891,"commentCount":0,"publisher":{"@id":"https:\/\/sabado100.com.ar\/es-ar\/#organization"},"keywords":["Comodoro Py: triste lugar para la pol\u00edtica"],"articleSection":["Pol\u00edtica"],"inLanguage":"es","potentialAction":[{"@type":"CommentAction","name":"Comment","target":["https:\/\/sabado100.com.ar\/es-ar\/comodoro-py-triste-lugar-para-la-politica\/#respond"]}]},{"@type":"WebPage","@id":"https:\/\/sabado100.com.ar\/es-ar\/comodoro-py-triste-lugar-para-la-politica\/","url":"https:\/\/sabado100.com.ar\/es-ar\/comodoro-py-triste-lugar-para-la-politica\/","name":"Comodoro Py: triste lugar para la pol\u00edtica - Sabado 100","isPartOf":{"@id":"https:\/\/sabado100.com.ar\/es-ar\/#website"},"datePublished":"2016-04-13T15:03:49+00:00","dateModified":"2016-04-13T15:03:49+00:00","breadcrumb":{"@id":"https:\/\/sabado100.com.ar\/es-ar\/comodoro-py-triste-lugar-para-la-politica\/#breadcrumb"},"inLanguage":"es","potentialAction":[{"@type":"ReadAction","target":["https:\/\/sabado100.com.ar\/es-ar\/comodoro-py-triste-lugar-para-la-politica\/"]}]},{"@type":"BreadcrumbList","@id":"https:\/\/sabado100.com.ar\/es-ar\/comodoro-py-triste-lugar-para-la-politica\/#breadcrumb","itemListElement":[{"@type":"ListItem","position":1,"name":"Portada","item":"https:\/\/sabado100.com.ar\/es-ar\/"},{"@type":"ListItem","position":2,"name":"Comodoro Py: triste lugar para la pol\u00edtica"}]},{"@type":"WebSite","@id":"https:\/\/sabado100.com.ar\/es-ar\/#website","url":"https:\/\/sabado100.com.ar\/es-ar\/","name":"Sabado 100","description":"","publisher":{"@id":"https:\/\/sabado100.com.ar\/es-ar\/#organization"},"potentialAction":[{"@type":"SearchAction","target":{"@type":"EntryPoint","urlTemplate":"https:\/\/sabado100.com.ar\/es-ar\/?s={search_term_string}"},"query-input":"required name=search_term_string"}],"inLanguage":"es"},{"@type":"Organization","@id":"https:\/\/sabado100.com.ar\/es-ar\/#organization","name":"Sabado 100","url":"https:\/\/sabado100.com.ar\/es-ar\/","logo":{"@type":"ImageObject","inLanguage":"es","@id":"https:\/\/sabado100.com.ar\/es-ar\/#\/schema\/logo\/image\/","url":"https:\/\/sabado100.com.ar\/es-ar\/wp-content\/uploads\/2024\/04\/logo3.jpg","contentUrl":"https:\/\/sabado100.com.ar\/es-ar\/wp-content\/uploads\/2024\/04\/logo3.jpg","width":300,"height":174,"caption":"Sabado 100"},"image":{"@id":"https:\/\/sabado100.com.ar\/es-ar\/#\/schema\/logo\/image\/"},"sameAs":["https:\/\/www.facebook.com\/sabadocien\/","https:\/\/www.instagram.com\/sabado100.com.ar\/","https:\/\/www.youtube.com\/@sabado1003"]},{"@type":"Person","@id":"https:\/\/sabado100.com.ar\/es-ar\/#\/schema\/person\/58e38b918ef4e44b11398f25d4684c6d","name":"sabado cien","image":{"@type":"ImageObject","inLanguage":"es","@id":"https:\/\/sabado100.com.ar\/es-ar\/#\/schema\/person\/image\/","url":"https:\/\/sabado100.com.ar\/es-ar\/wp-content\/litespeed\/avatar\/484bccfbd493fbb703b0f1b8113dad61.jpg?ver=1787731622","contentUrl":"https:\/\/sabado100.com.ar\/es-ar\/wp-content\/litespeed\/avatar\/484bccfbd493fbb703b0f1b8113dad61.jpg?ver=1787731622","caption":"sabado cien"},"url":"https:\/\/sabado100.com.ar\/es-ar\/author\/sabado100\/"}]}},"_links":{"self":[{"href":"https:\/\/sabado100.com.ar\/es-ar\/wp-json\/wp\/v2\/posts\/4446","targetHints":{"allow":["GET"]}}],"collection":[{"href":"https:\/\/sabado100.com.ar\/es-ar\/wp-json\/wp\/v2\/posts"}],"about":[{"href":"https:\/\/sabado100.com.ar\/es-ar\/wp-json\/wp\/v2\/types\/post"}],"author":[{"embeddable":true,"href":"https:\/\/sabado100.com.ar\/es-ar\/wp-json\/wp\/v2\/users\/2"}],"replies":[{"embeddable":true,"href":"https:\/\/sabado100.com.ar\/es-ar\/wp-json\/wp\/v2\/comments?post=4446"}],"version-history":[{"count":0,"href":"https:\/\/sabado100.com.ar\/es-ar\/wp-json\/wp\/v2\/posts\/4446\/revisions"}],"wp:attachment":[{"href":"https:\/\/sabado100.com.ar\/es-ar\/wp-json\/wp\/v2\/media?parent=4446"}],"wp:term":[{"taxonomy":"category","embeddable":true,"href":"https:\/\/sabado100.com.ar\/es-ar\/wp-json\/wp\/v2\/categories?post=4446"},{"taxonomy":"post_tag","embeddable":true,"href":"https:\/\/sabado100.com.ar\/es-ar\/wp-json\/wp\/v2\/tags?post=4446"}],"curies":[{"name":"wp","href":"https:\/\/api.w.org\/{rel}","templated":true}]}}