{"id":4438,"date":"2016-04-08T15:22:22","date_gmt":"2016-04-08T13:22:22","guid":{"rendered":"https:\/\/www.sabado100.com.ar\/?p=4438"},"modified":"2016-04-08T15:22:22","modified_gmt":"2016-04-08T13:22:22","slug":"int-trabajadores-de-la-cultura-se-movilizan","status":"publish","type":"post","link":"https:\/\/sabado100.com.ar\/es-ar\/int-trabajadores-de-la-cultura-se-movilizan\/","title":{"rendered":"INT: trabajadores de la cultura se movilizan"},"content":{"rendered":"<p><strong>Por Natalia Pandolfo\/Juan Ignacio Novak.-<\/strong> En el Centro Cultural Provincial se realiz\u00f3 ayer una asamblea de trabajadores de la cultura autoconvocados, quienes manifestaron su repudio y preocupaci\u00f3n por el cierre de la subsede local del Instituto Nacional del Teatro, que funciona desde 1998, y el despido de su personal. Adem\u00e1s, informaron que ma\u00f1ana a las 11 realizar\u00e1n una movilizaci\u00f3n con actividades art\u00edsticas desde el Centro Cultural Provincial hasta el Teatro Municipal, para la cual convocaron a participar a toda la comunidad.<br \/>\n\u201cActrices, actores, productores, m\u00fasicos, constructores de objeto, bailarines, iluminadores, tramoyistas, titiriteros, directores, maquilladores, cuentacuentos, vestuaristas, vemos que se apaga la luz de la casa, la puerta se cierra y la llave va a parar qui\u00e9n sabe d\u00f3nde\u201d, consignaron los artistas y gestores que participaron de la reuni\u00f3n que se hizo ayer, cuando trascendi\u00f3 la medida tomada por el director del INT, el ex secretario de Cultura de Rafaela Marcelo Allasino, de clausurar la sede local del organismo y dejar habilitada s\u00f3lo la de Rosario como representaci\u00f3n provincial.<br \/>\n\u201cEl debil\u00edsimo argumento de que la provincia de Santa Fe tiene dos sedes revela y demuestra en realidad la intensa actividad de la provincia, as\u00ed como el hecho indiscutible de que en este extenso territorio coexisten diferentes realidades geogr\u00e1ficas, econ\u00f3micas, culturales, art\u00edsticas y sociales\u201d, sostienen los trabajadores.<br \/>\n\u201cLa existencia de esta sede es una conquista hist\u00f3rica de casi dos d\u00e9cadas a la que no debemos ni queremos renunciar, que promueve la igualdad de oportunidades para compa\u00f1eros artistas del norte, del centro y sur. Desde el inicio mismo del Instituto se planteo as\u00ed, y hubo incluso compa\u00f1eros que trabajaron durante a\u00f1os no s\u00f3lo ad honorem, sino incluso poniendo insumos de su bolsillo\u201d, afirman.<br \/>\nEn el comunicado tambi\u00e9n se\u00f1alan \u201cla impresionante cantidad de adhesiones que los artistas estamos recibiendo de compa\u00f1eros de Rosario y del resto del pa\u00eds, quienes reconocen en la antedicha decisi\u00f3n una idea de achicamiento y precarizaci\u00f3n de la cultura, encubiertas bajo argumentos falaces. Ni siquiera puede argumentarse el costo de la sede: el espacio f\u00edsico es del estado municipal. Recordemos que desde la creaci\u00f3n del INT en 1998 se plante\u00f3 que la provincia tiene dos polos culturales muy fuertes, divididos en el centro norte y sur\u201d. Tambi\u00e9n repudian la imposibilidad de evaluar la situaci\u00f3n, \u201cdebido a la forma intempestiva y arbitraria en la que se tom\u00f3 esta lamentable decisi\u00f3n\u201d.<\/p>\n<p><strong>Argumentos oficiales<br \/>\n<\/strong><br \/>\nEn di\u00e1logo con El Litoral, Allasino ratific\u00f3 la medida. \u201cLos artistas hablan de la imposibilidad que van a tener de acceder a los beneficios del Instituto, que es una afirmaci\u00f3n absolutamente err\u00f3nea. El INT tiene una gran potencia federal, es el \u00fanico organismo nacional, de los descentralizados del Ministerio de Cultura, que tiene una oficina en cada provincia argentina. Y \u00e9sa es una gran fortaleza\u201d, se\u00f1al\u00f3.<br \/>\n\u201cTodas las provincias tienen una oficina con uno o dos empleados. Santa Fe era la \u00fanica, sin ser la que m\u00e1s actividad teatral tiene, que ten\u00eda tres empleados, dos en Rosario y una en Santa Fe. Era la \u00fanica provincia que ten\u00eda dos oficinas. Eso correspond\u00eda a una decisi\u00f3n pol\u00edtica de alg\u00fan otro momento\u201d, sostuvo.<br \/>\n\u201cEl a\u00f1o pasado, en la provincia se recepcionaron 125 solicitudes. El 80 por ciento son de Rosario que es, en el contexto provincial, la ciudad que m\u00e1s salas, producci\u00f3n y movimiento teatral genera, en el v\u00ednculo con el INT. S\u00f3lo el 12 por ciento se genera en la ciudad de Santa Fe. Bajo ning\u00fan punto de vista, eso cercena la posibilidad a los teatristas de la provincia de solicitar subsidios\u201d, aleg\u00f3 el funcionario.<br \/>\n\u201cQuienes vivimos en ciudades m\u00e1s peque\u00f1as, que no son Santa Fe y Rosario, sabemos que \u00e9se es el modo de trabajo y nos hemos ocupado de hacer llegar nuestras planillas firmadas por correo a la oficina que nos corresponde. Eso en el futuro cercano espero que se revierta, porque estamos trabajando para lograr que nuestros formularios est\u00e9n online\u201d, dijo.<br \/>\nPor \u00faltimo se\u00f1al\u00f3 que \u201c\u00e9ste es un buen momento para poner en discusi\u00f3n c\u00f3mo debiera funcionar la oficina en la provincia. Quiz\u00e1s esa oficina debiera estar un tiempo en Rosario y un tiempo en Santa Fe. Quiz\u00e1s es momento de pensar mudarla a la capital de la provincia. Quiz\u00e1s hubiera sido, en alg\u00fan momento, la mejor decisi\u00f3n tener una persona en Rosario y una en Santa Fe. Tengo el deseo de hablar sobre estas cuestiones personalmente, voy a viajar a la ciudad de Santa Fe, es algo que tengo pendiente\u201d.<\/p>\n<p><strong>Fuente:<\/strong> diario El Litoral de Santa Fe, 6 abril de 2016.<\/p>\n","protected":false},"excerpt":{"rendered":"<p>Por Natalia Pandolfo\/Juan Ignacio Novak.- En el Centro Cultural Provincial se realiz\u00f3 ayer una asamblea de trabajadores de la cultura [&hellip;]<\/p>\n","protected":false},"author":2,"featured_media":0,"comment_status":"open","ping_status":"closed","sticky":false,"template":"","format":"standard","meta":{"site-sidebar-layout":"default","site-content-layout":"","ast-site-content-layout":"default","site-content-style":"default","site-sidebar-style":"default","ast-global-header-display":"","ast-banner-title-visibility":"","ast-main-header-display":"","ast-hfb-above-header-display":"","ast-hfb-below-header-display":"","ast-hfb-mobile-header-display":"","site-post-title":"","ast-breadcrumbs-content":"","ast-featured-img":"","footer-sml-layout":"","ast-disable-related-posts":"","theme-transparent-header-meta":"","adv-header-id-meta":"","stick-header-meta":"","header-above-stick-meta":"","header-main-stick-meta":"","header-below-stick-meta":"","astra-migrate-meta-layouts":"default","ast-page-background-enabled":"default","ast-page-background-meta":{"desktop":{"background-color":"var(--ast-global-color-4)","background-image":"","background-repeat":"repeat","background-position":"center center","background-size":"auto","background-attachment":"scroll","background-type":"","background-media":"","overlay-type":"","overlay-color":"","overlay-opacity":"","overlay-gradient":""},"tablet":{"background-color":"","background-image":"","background-repeat":"repeat","background-position":"center center","background-size":"auto","background-attachment":"scroll","background-type":"","background-media":"","overlay-type":"","overlay-color":"","overlay-opacity":"","overlay-gradient":""},"mobile":{"background-color":"","background-image":"","background-repeat":"repeat","background-position":"center center","background-size":"auto","background-attachment":"scroll","background-type":"","background-media":"","overlay-type":"","overlay-color":"","overlay-opacity":"","overlay-gradient":""}},"ast-content-background-meta":{"desktop":{"background-color":"var(--ast-global-color-5)","background-image":"","background-repeat":"repeat","background-position":"center center","background-size":"auto","background-attachment":"scroll","background-type":"","background-media":"","overlay-type":"","overlay-color":"","overlay-opacity":"","overlay-gradient":""},"tablet":{"background-color":"var(--ast-global-color-5)","background-image":"","background-repeat":"repeat","background-position":"center center","background-size":"auto","background-attachment":"scroll","background-type":"","background-media":"","overlay-type":"","overlay-color":"","overlay-opacity":"","overlay-gradient":""},"mobile":{"background-color":"var(--ast-global-color-5)","background-image":"","background-repeat":"repeat","background-position":"center center","background-size":"auto","background-attachment":"scroll","background-type":"","background-media":"","overlay-type":"","overlay-color":"","overlay-opacity":"","overlay-gradient":""}},"footnotes":""},"categories":[4],"tags":[5453],"class_list":["post-4438","post","type-post","status-publish","format-standard","hentry","category-cultura-y-sociedad","tag-int-trabajadores-de-la-cultura-se-movilizan"],"yoast_head":"<!-- This site is optimized with the Yoast SEO plugin v23.2 - https:\/\/yoast.com\/wordpress\/plugins\/seo\/ -->\n<title>INT: trabajadores de la cultura se movilizan - Sabado 100<\/title>\n<meta name=\"robots\" content=\"index, follow, max-snippet:-1, max-image-preview:large, max-video-preview:-1\" \/>\n<link rel=\"canonical\" href=\"https:\/\/sabado100.com.ar\/es-ar\/int-trabajadores-de-la-cultura-se-movilizan\/\" \/>\n<meta property=\"og:locale\" content=\"es_ES\" \/>\n<meta property=\"og:type\" content=\"article\" \/>\n<meta property=\"og:title\" content=\"INT: trabajadores de la cultura se movilizan - Sabado 100\" \/>\n<meta property=\"og:description\" content=\"Por Natalia Pandolfo\/Juan Ignacio Novak.- En el Centro Cultural Provincial se realiz\u00f3 ayer una asamblea de trabajadores de la cultura [&hellip;]\" \/>\n<meta property=\"og:url\" content=\"https:\/\/sabado100.com.ar\/es-ar\/int-trabajadores-de-la-cultura-se-movilizan\/\" \/>\n<meta property=\"og:site_name\" content=\"Sabado 100\" \/>\n<meta property=\"article:publisher\" content=\"https:\/\/www.facebook.com\/sabadocien\/\" \/>\n<meta property=\"article:published_time\" content=\"2016-04-08T13:22:22+00:00\" \/>\n<meta name=\"author\" content=\"sabado cien\" \/>\n<meta name=\"twitter:card\" content=\"summary_large_image\" \/>\n<meta name=\"twitter:label1\" content=\"Escrito por\" \/>\n\t<meta name=\"twitter:data1\" content=\"sabado cien\" \/>\n\t<meta name=\"twitter:label2\" content=\"Tiempo de lectura\" \/>\n\t<meta name=\"twitter:data2\" content=\"4 minutos\" \/>\n<script type=\"application\/ld+json\" class=\"yoast-schema-graph\">{\"@context\":\"https:\/\/schema.org\",\"@graph\":[{\"@type\":\"Article\",\"@id\":\"https:\/\/sabado100.com.ar\/es-ar\/int-trabajadores-de-la-cultura-se-movilizan\/#article\",\"isPartOf\":{\"@id\":\"https:\/\/sabado100.com.ar\/es-ar\/int-trabajadores-de-la-cultura-se-movilizan\/\"},\"author\":{\"name\":\"sabado cien\",\"@id\":\"https:\/\/sabado100.com.ar\/es-ar\/#\/schema\/person\/58e38b918ef4e44b11398f25d4684c6d\"},\"headline\":\"INT: trabajadores de la cultura se movilizan\",\"datePublished\":\"2016-04-08T13:22:22+00:00\",\"dateModified\":\"2016-04-08T13:22:22+00:00\",\"mainEntityOfPage\":{\"@id\":\"https:\/\/sabado100.com.ar\/es-ar\/int-trabajadores-de-la-cultura-se-movilizan\/\"},\"wordCount\":807,\"commentCount\":0,\"publisher\":{\"@id\":\"https:\/\/sabado100.com.ar\/es-ar\/#organization\"},\"keywords\":[\"INT: trabajadores de la cultura se movilizan\"],\"articleSection\":[\"Cultura y Sociedad\"],\"inLanguage\":\"es\",\"potentialAction\":[{\"@type\":\"CommentAction\",\"name\":\"Comment\",\"target\":[\"https:\/\/sabado100.com.ar\/es-ar\/int-trabajadores-de-la-cultura-se-movilizan\/#respond\"]}]},{\"@type\":\"WebPage\",\"@id\":\"https:\/\/sabado100.com.ar\/es-ar\/int-trabajadores-de-la-cultura-se-movilizan\/\",\"url\":\"https:\/\/sabado100.com.ar\/es-ar\/int-trabajadores-de-la-cultura-se-movilizan\/\",\"name\":\"INT: trabajadores de la cultura se movilizan - Sabado 100\",\"isPartOf\":{\"@id\":\"https:\/\/sabado100.com.ar\/es-ar\/#website\"},\"datePublished\":\"2016-04-08T13:22:22+00:00\",\"dateModified\":\"2016-04-08T13:22:22+00:00\",\"breadcrumb\":{\"@id\":\"https:\/\/sabado100.com.ar\/es-ar\/int-trabajadores-de-la-cultura-se-movilizan\/#breadcrumb\"},\"inLanguage\":\"es\",\"potentialAction\":[{\"@type\":\"ReadAction\",\"target\":[\"https:\/\/sabado100.com.ar\/es-ar\/int-trabajadores-de-la-cultura-se-movilizan\/\"]}]},{\"@type\":\"BreadcrumbList\",\"@id\":\"https:\/\/sabado100.com.ar\/es-ar\/int-trabajadores-de-la-cultura-se-movilizan\/#breadcrumb\",\"itemListElement\":[{\"@type\":\"ListItem\",\"position\":1,\"name\":\"Portada\",\"item\":\"https:\/\/sabado100.com.ar\/es-ar\/\"},{\"@type\":\"ListItem\",\"position\":2,\"name\":\"INT: trabajadores de la cultura se movilizan\"}]},{\"@type\":\"WebSite\",\"@id\":\"https:\/\/sabado100.com.ar\/es-ar\/#website\",\"url\":\"https:\/\/sabado100.com.ar\/es-ar\/\",\"name\":\"Sabado 100\",\"description\":\"\",\"publisher\":{\"@id\":\"https:\/\/sabado100.com.ar\/es-ar\/#organization\"},\"potentialAction\":[{\"@type\":\"SearchAction\",\"target\":{\"@type\":\"EntryPoint\",\"urlTemplate\":\"https:\/\/sabado100.com.ar\/es-ar\/?s={search_term_string}\"},\"query-input\":\"required name=search_term_string\"}],\"inLanguage\":\"es\"},{\"@type\":\"Organization\",\"@id\":\"https:\/\/sabado100.com.ar\/es-ar\/#organization\",\"name\":\"Sabado 100\",\"url\":\"https:\/\/sabado100.com.ar\/es-ar\/\",\"logo\":{\"@type\":\"ImageObject\",\"inLanguage\":\"es\",\"@id\":\"https:\/\/sabado100.com.ar\/es-ar\/#\/schema\/logo\/image\/\",\"url\":\"https:\/\/sabado100.com.ar\/es-ar\/wp-content\/uploads\/2024\/04\/logo3.jpg\",\"contentUrl\":\"https:\/\/sabado100.com.ar\/es-ar\/wp-content\/uploads\/2024\/04\/logo3.jpg\",\"width\":300,\"height\":174,\"caption\":\"Sabado 100\"},\"image\":{\"@id\":\"https:\/\/sabado100.com.ar\/es-ar\/#\/schema\/logo\/image\/\"},\"sameAs\":[\"https:\/\/www.facebook.com\/sabadocien\/\",\"https:\/\/www.instagram.com\/sabado100.com.ar\/\",\"https:\/\/www.youtube.com\/@sabado1003\"]},{\"@type\":\"Person\",\"@id\":\"https:\/\/sabado100.com.ar\/es-ar\/#\/schema\/person\/58e38b918ef4e44b11398f25d4684c6d\",\"name\":\"sabado cien\",\"image\":{\"@type\":\"ImageObject\",\"inLanguage\":\"es\",\"@id\":\"https:\/\/sabado100.com.ar\/es-ar\/#\/schema\/person\/image\/\",\"url\":\"https:\/\/sabado100.com.ar\/es-ar\/wp-content\/litespeed\/avatar\/484bccfbd493fbb703b0f1b8113dad61.jpg?ver=1787731622\",\"contentUrl\":\"https:\/\/sabado100.com.ar\/es-ar\/wp-content\/litespeed\/avatar\/484bccfbd493fbb703b0f1b8113dad61.jpg?ver=1787731622\",\"caption\":\"sabado cien\"},\"url\":\"https:\/\/sabado100.com.ar\/es-ar\/author\/sabado100\/\"}]}<\/script>\n<!-- \/ Yoast SEO plugin. -->","yoast_head_json":{"title":"INT: trabajadores de la cultura se movilizan - Sabado 100","robots":{"index":"index","follow":"follow","max-snippet":"max-snippet:-1","max-image-preview":"max-image-preview:large","max-video-preview":"max-video-preview:-1"},"canonical":"https:\/\/sabado100.com.ar\/es-ar\/int-trabajadores-de-la-cultura-se-movilizan\/","og_locale":"es_ES","og_type":"article","og_title":"INT: trabajadores de la cultura se movilizan - Sabado 100","og_description":"Por Natalia Pandolfo\/Juan Ignacio Novak.- En el Centro Cultural Provincial se realiz\u00f3 ayer una asamblea de trabajadores de la cultura [&hellip;]","og_url":"https:\/\/sabado100.com.ar\/es-ar\/int-trabajadores-de-la-cultura-se-movilizan\/","og_site_name":"Sabado 100","article_publisher":"https:\/\/www.facebook.com\/sabadocien\/","article_published_time":"2016-04-08T13:22:22+00:00","author":"sabado cien","twitter_card":"summary_large_image","twitter_misc":{"Escrito por":"sabado cien","Tiempo de lectura":"4 minutos"},"schema":{"@context":"https:\/\/schema.org","@graph":[{"@type":"Article","@id":"https:\/\/sabado100.com.ar\/es-ar\/int-trabajadores-de-la-cultura-se-movilizan\/#article","isPartOf":{"@id":"https:\/\/sabado100.com.ar\/es-ar\/int-trabajadores-de-la-cultura-se-movilizan\/"},"author":{"name":"sabado cien","@id":"https:\/\/sabado100.com.ar\/es-ar\/#\/schema\/person\/58e38b918ef4e44b11398f25d4684c6d"},"headline":"INT: trabajadores de la cultura se movilizan","datePublished":"2016-04-08T13:22:22+00:00","dateModified":"2016-04-08T13:22:22+00:00","mainEntityOfPage":{"@id":"https:\/\/sabado100.com.ar\/es-ar\/int-trabajadores-de-la-cultura-se-movilizan\/"},"wordCount":807,"commentCount":0,"publisher":{"@id":"https:\/\/sabado100.com.ar\/es-ar\/#organization"},"keywords":["INT: trabajadores de la cultura se movilizan"],"articleSection":["Cultura y Sociedad"],"inLanguage":"es","potentialAction":[{"@type":"CommentAction","name":"Comment","target":["https:\/\/sabado100.com.ar\/es-ar\/int-trabajadores-de-la-cultura-se-movilizan\/#respond"]}]},{"@type":"WebPage","@id":"https:\/\/sabado100.com.ar\/es-ar\/int-trabajadores-de-la-cultura-se-movilizan\/","url":"https:\/\/sabado100.com.ar\/es-ar\/int-trabajadores-de-la-cultura-se-movilizan\/","name":"INT: trabajadores de la cultura se movilizan - Sabado 100","isPartOf":{"@id":"https:\/\/sabado100.com.ar\/es-ar\/#website"},"datePublished":"2016-04-08T13:22:22+00:00","dateModified":"2016-04-08T13:22:22+00:00","breadcrumb":{"@id":"https:\/\/sabado100.com.ar\/es-ar\/int-trabajadores-de-la-cultura-se-movilizan\/#breadcrumb"},"inLanguage":"es","potentialAction":[{"@type":"ReadAction","target":["https:\/\/sabado100.com.ar\/es-ar\/int-trabajadores-de-la-cultura-se-movilizan\/"]}]},{"@type":"BreadcrumbList","@id":"https:\/\/sabado100.com.ar\/es-ar\/int-trabajadores-de-la-cultura-se-movilizan\/#breadcrumb","itemListElement":[{"@type":"ListItem","position":1,"name":"Portada","item":"https:\/\/sabado100.com.ar\/es-ar\/"},{"@type":"ListItem","position":2,"name":"INT: trabajadores de la cultura se movilizan"}]},{"@type":"WebSite","@id":"https:\/\/sabado100.com.ar\/es-ar\/#website","url":"https:\/\/sabado100.com.ar\/es-ar\/","name":"Sabado 100","description":"","publisher":{"@id":"https:\/\/sabado100.com.ar\/es-ar\/#organization"},"potentialAction":[{"@type":"SearchAction","target":{"@type":"EntryPoint","urlTemplate":"https:\/\/sabado100.com.ar\/es-ar\/?s={search_term_string}"},"query-input":"required name=search_term_string"}],"inLanguage":"es"},{"@type":"Organization","@id":"https:\/\/sabado100.com.ar\/es-ar\/#organization","name":"Sabado 100","url":"https:\/\/sabado100.com.ar\/es-ar\/","logo":{"@type":"ImageObject","inLanguage":"es","@id":"https:\/\/sabado100.com.ar\/es-ar\/#\/schema\/logo\/image\/","url":"https:\/\/sabado100.com.ar\/es-ar\/wp-content\/uploads\/2024\/04\/logo3.jpg","contentUrl":"https:\/\/sabado100.com.ar\/es-ar\/wp-content\/uploads\/2024\/04\/logo3.jpg","width":300,"height":174,"caption":"Sabado 100"},"image":{"@id":"https:\/\/sabado100.com.ar\/es-ar\/#\/schema\/logo\/image\/"},"sameAs":["https:\/\/www.facebook.com\/sabadocien\/","https:\/\/www.instagram.com\/sabado100.com.ar\/","https:\/\/www.youtube.com\/@sabado1003"]},{"@type":"Person","@id":"https:\/\/sabado100.com.ar\/es-ar\/#\/schema\/person\/58e38b918ef4e44b11398f25d4684c6d","name":"sabado cien","image":{"@type":"ImageObject","inLanguage":"es","@id":"https:\/\/sabado100.com.ar\/es-ar\/#\/schema\/person\/image\/","url":"https:\/\/sabado100.com.ar\/es-ar\/wp-content\/litespeed\/avatar\/484bccfbd493fbb703b0f1b8113dad61.jpg?ver=1787731622","contentUrl":"https:\/\/sabado100.com.ar\/es-ar\/wp-content\/litespeed\/avatar\/484bccfbd493fbb703b0f1b8113dad61.jpg?ver=1787731622","caption":"sabado cien"},"url":"https:\/\/sabado100.com.ar\/es-ar\/author\/sabado100\/"}]}},"_links":{"self":[{"href":"https:\/\/sabado100.com.ar\/es-ar\/wp-json\/wp\/v2\/posts\/4438","targetHints":{"allow":["GET"]}}],"collection":[{"href":"https:\/\/sabado100.com.ar\/es-ar\/wp-json\/wp\/v2\/posts"}],"about":[{"href":"https:\/\/sabado100.com.ar\/es-ar\/wp-json\/wp\/v2\/types\/post"}],"author":[{"embeddable":true,"href":"https:\/\/sabado100.com.ar\/es-ar\/wp-json\/wp\/v2\/users\/2"}],"replies":[{"embeddable":true,"href":"https:\/\/sabado100.com.ar\/es-ar\/wp-json\/wp\/v2\/comments?post=4438"}],"version-history":[{"count":0,"href":"https:\/\/sabado100.com.ar\/es-ar\/wp-json\/wp\/v2\/posts\/4438\/revisions"}],"wp:attachment":[{"href":"https:\/\/sabado100.com.ar\/es-ar\/wp-json\/wp\/v2\/media?parent=4438"}],"wp:term":[{"taxonomy":"category","embeddable":true,"href":"https:\/\/sabado100.com.ar\/es-ar\/wp-json\/wp\/v2\/categories?post=4438"},{"taxonomy":"post_tag","embeddable":true,"href":"https:\/\/sabado100.com.ar\/es-ar\/wp-json\/wp\/v2\/tags?post=4438"}],"curies":[{"name":"wp","href":"https:\/\/api.w.org\/{rel}","templated":true}]}}