{"id":4430,"date":"2016-03-30T15:02:31","date_gmt":"2016-03-30T13:02:31","guid":{"rendered":"https:\/\/www.sabado100.com.ar\/?p=4430"},"modified":"2016-03-30T15:02:31","modified_gmt":"2016-03-30T13:02:31","slug":"la-parabola-del-grano-del-mostaza","status":"publish","type":"post","link":"https:\/\/sabado100.com.ar\/es-ar\/la-parabola-del-grano-del-mostaza\/","title":{"rendered":"La par\u00e1bola del grano del mostaza"},"content":{"rendered":"<p><strong>Por V\u00edctor Corcoba Herrero.-<\/strong> \u00abOtra par\u00e1bola les propuso, diciendo: Es semejante el reino de los cielos a un grano de mostaza que toma uno y lo siembra en su campo; y con ser la m\u00e1s peque\u00f1a de todas las semillas, cuando ha crecido es la m\u00e1s grande de todas las hortalizas y llega a hacerse un \u00e1rbol, de suerte que las aves del cielo vienen a anidar en sus ramas\u00bb (Evangelio de San Mateo 13, 31).<br \/>\n<strong><br \/>\nLa reflexi\u00f3n<\/strong><br \/>\nNuestra propia historia humana est\u00e1 contenida en ese grano de mostaza peque\u00f1\u00edsimo, pero dispuesto a crecer, basta tener una fe aut\u00e9nticamente sincera, para hacer cosas humanamente impensables, que nos parec\u00edan imposibles. Todos conocemos a personas sencillas, humildes, pero con una voluntad de hierro que han sido capaces de mover monta\u00f1as. Consecuentemente, ser\u00e1 bueno que reflexionemos sobre esto, ya que&#8230;<br \/>\nTodos tenemos un camino.<br \/>\nUn camino que nos da alas.<br \/>\nUn camino que nos inquiere.<br \/>\nUn camino que nos embellece.<br \/>\nPues somos semilla y el camino.<br \/>\nCamino de n\u00e9ctar, semilla de jugo.<br \/>\nPara ser parte del reino de Dios, ya que como semilla tenemos toda una vida potencial en nosotros, en cada uno de nosotros, a trav\u00e9s de la fe en nuestro Creador rico en misericordia y amor, revelado en Jesucristo, que es lo que nos sustenta y sostiene. Por tanto&#8230;<br \/>\nEl esp\u00edritu del Se\u00f1or est\u00e1 en m\u00ed.<br \/>\nY lo est\u00e1, porque \u00c9l me ha ungido.<br \/>\nY nos ha ungido para ser su coraz\u00f3n.<br \/>\nEl centro de su pasi\u00f3n, nuestro camino.<br \/>\nPermanezcamos atados a tan sublime certeza.<br \/>\nQue la fe de su Madre desata el nudo del pecado.<br \/>\nCiertamente, a trav\u00e9s del testimonio, la Iglesia siembra el grano de mostaza, pero lo hace en el coraz\u00f3n mismo de las culturas que se est\u00e1n engendrando en la tierra. El testimonio concreto de misericordia y ternura que trata de estar presente en las periferias existenciales y pobres, act\u00faa directamente sobre los seres humanos, generando orientaci\u00f3n y sentido para la vida de los pueblos. As\u00ed, como cristianos comprometidos con el Evangelio, contribuimos en la construcci\u00f3n de un mundo en la justicia, la solidaridad y la paz. Indudablemente, nosotros somos su fruto y estamos llamados a ser simiente, o sea, a ser fecundos en la vida en uni\u00f3n con Jes\u00fas. As\u00ed, como los ap\u00f3stoles, digamos al Se\u00f1or&#8230;<br \/>\nAum\u00e9ntanos la fe, Jes\u00fas.<br \/>\nQue somos fr\u00e1giles en todo.<br \/>\nHasta en el mismo verso vivido.<br \/>\nHasta en el mismo poema cultivado.<br \/>\nTomado de Dios en la humilde oraci\u00f3n.<br \/>\nQue la oraci\u00f3n es el pausa por la que somos.<br \/>\nJes\u00fas, con esta par\u00e1bola del grano de mostaza echado en tierra con fe, ha ido bendecido de Dios y se ha convertido en un gran \u00e1rbol. \u00a1Qu\u00e9 poderoso motivo para sentirnos alegres y gozosos!\u00a1Qu\u00e9 est\u00edmulo tambi\u00e9n para que continuemos encaminados a ser mejores personas!. \u00a1Qu\u00e9 luz m\u00e1s n\u00edvea entre tantas noches!. Tambi\u00e9n nosotros necesitamos&#8230;<br \/>\nSer el grano de mostaza.<br \/>\nO sea el grano de la poes\u00eda.<br \/>\nQue verso a verso nos alumbre.<br \/>\nVolvamos a lo que nos embellece.<br \/>\nQue no es otra cosa que amar mucho.<br \/>\nAmor que nos nace y nos hace ser de Dios.<br \/>\nNada de somnolencia o flojera. Nuestra verdadera mostaza ha de enmarcarse en el servicio a Dios y al pr\u00f3jimo; de manera humilde pero tambi\u00e9n generosa. Como lo hizo \u00ab\u00c9l, que siendo Dios se humill\u00f3 a s\u00ed mismo, se abaj\u00f3, se anonad\u00f3: para servir. Es servicio en la esperanza, y esta es la alegr\u00eda del servicio cristiano\u00bb, que vive, como escribe San Pablo a Tito, \u00abaguardando la dicha que esperamos y la manifestaci\u00f3n de la gloria del gran Dios y Salvador nuestro, Jesucristo\u00bb. El Se\u00f1or \u00abllamar\u00e1 a la puerta\u00bb y \u00abvendr\u00e1 a nuestro encuentro\u00bb. El deseo del Papa Francisco, a prop\u00f3sito, siempre es el mismo: \u00abPor favor, que nos encuentre con esta actitud de servicio\u00bb. Justamente, por esto\u2026<br \/>\nS\u00ed, despoj\u00e9monos de la soberbia.<br \/>\nQue la soberbia al final nos ahoga.<br \/>\nQuit\u00e9monos tambi\u00e9n cualquier orgullo.<br \/>\nQue el orgullo es una t\u00e1ctica de ego\u00edsmo.<br \/>\nSiempre nos divide y siempre nos enfrenta.<br \/>\nNunca restemos amor, que el amor es la vida.<br \/>\nEn suma, que el reino de los cielos es capaz de cambiar el mundo, como la levadura oculta en la masa; es peque\u00f1o y humilde como un granito de mostaza, que, sin embargo, llegar\u00e1 a ser grande como un \u00e1rbol. Tengamos, en consecuencia, esperanza; que el Se\u00f1or siempre vendr\u00e1 a nuestro lado. Precisamente, el reino es gracia, amor de Dios al mundo, para  nosotros  fuente de serenidad y confianza:  \u00abNo temas, peque\u00f1o reba\u00f1o -dice Jes\u00fas-, porque a vuestro Padre le ha parecido bien daros a vosotros el Reino\u00bb (Lc 12, 32). En cualquier caso, por muchos temores, afanes o angustias cosechadas, el reino de Dios est\u00e1 en medio de nosotros en la persona de Cristo. As\u00ed pues, la persona humana est\u00e1 llamada a cooperar con sus manos, su mente y su coraz\u00f3n al establecimiento del poema de que nunca debimos salir, en este planeta de todos y de nadie en particular. \u00a1Hagamos, por consiguiente, alianza con lo arm\u00f3nico como el grano de mostaza!<\/p>\n<p>Escritor espa\u00f1ol de Granada<br \/>\ncorcoba@telefonica.net<br \/>\nabril 2016<\/p>\n","protected":false},"excerpt":{"rendered":"<p>Por V\u00edctor Corcoba Herrero.- \u00abOtra par\u00e1bola les propuso, diciendo: Es semejante el reino de los cielos a un grano de [&hellip;]<\/p>\n","protected":false},"author":2,"featured_media":0,"comment_status":"open","ping_status":"closed","sticky":false,"template":"","format":"standard","meta":{"site-sidebar-layout":"default","site-content-layout":"","ast-site-content-layout":"default","site-content-style":"default","site-sidebar-style":"default","ast-global-header-display":"","ast-banner-title-visibility":"","ast-main-header-display":"","ast-hfb-above-header-display":"","ast-hfb-below-header-display":"","ast-hfb-mobile-header-display":"","site-post-title":"","ast-breadcrumbs-content":"","ast-featured-img":"","footer-sml-layout":"","ast-disable-related-posts":"","theme-transparent-header-meta":"","adv-header-id-meta":"","stick-header-meta":"","header-above-stick-meta":"","header-main-stick-meta":"","header-below-stick-meta":"","astra-migrate-meta-layouts":"default","ast-page-background-enabled":"default","ast-page-background-meta":{"desktop":{"background-color":"var(--ast-global-color-4)","background-image":"","background-repeat":"repeat","background-position":"center center","background-size":"auto","background-attachment":"scroll","background-type":"","background-media":"","overlay-type":"","overlay-color":"","overlay-opacity":"","overlay-gradient":""},"tablet":{"background-color":"","background-image":"","background-repeat":"repeat","background-position":"center center","background-size":"auto","background-attachment":"scroll","background-type":"","background-media":"","overlay-type":"","overlay-color":"","overlay-opacity":"","overlay-gradient":""},"mobile":{"background-color":"","background-image":"","background-repeat":"repeat","background-position":"center center","background-size":"auto","background-attachment":"scroll","background-type":"","background-media":"","overlay-type":"","overlay-color":"","overlay-opacity":"","overlay-gradient":""}},"ast-content-background-meta":{"desktop":{"background-color":"var(--ast-global-color-5)","background-image":"","background-repeat":"repeat","background-position":"center center","background-size":"auto","background-attachment":"scroll","background-type":"","background-media":"","overlay-type":"","overlay-color":"","overlay-opacity":"","overlay-gradient":""},"tablet":{"background-color":"var(--ast-global-color-5)","background-image":"","background-repeat":"repeat","background-position":"center center","background-size":"auto","background-attachment":"scroll","background-type":"","background-media":"","overlay-type":"","overlay-color":"","overlay-opacity":"","overlay-gradient":""},"mobile":{"background-color":"var(--ast-global-color-5)","background-image":"","background-repeat":"repeat","background-position":"center center","background-size":"auto","background-attachment":"scroll","background-type":"","background-media":"","overlay-type":"","overlay-color":"","overlay-opacity":"","overlay-gradient":""}},"footnotes":""},"categories":[29],"tags":[5451],"class_list":["post-4430","post","type-post","status-publish","format-standard","hentry","category-religion","tag-la-parabola-del-grano-del-mostaza"],"yoast_head":"<!-- This site is optimized with the Yoast SEO plugin v23.2 - https:\/\/yoast.com\/wordpress\/plugins\/seo\/ -->\n<title>La par\u00e1bola del grano del mostaza - Sabado 100<\/title>\n<meta name=\"robots\" content=\"index, follow, max-snippet:-1, max-image-preview:large, max-video-preview:-1\" \/>\n<link rel=\"canonical\" href=\"https:\/\/sabado100.com.ar\/es-ar\/la-parabola-del-grano-del-mostaza\/\" \/>\n<meta property=\"og:locale\" content=\"es_ES\" \/>\n<meta property=\"og:type\" content=\"article\" \/>\n<meta property=\"og:title\" content=\"La par\u00e1bola del grano del mostaza - Sabado 100\" \/>\n<meta property=\"og:description\" content=\"Por V\u00edctor Corcoba Herrero.- \u00abOtra par\u00e1bola les propuso, diciendo: Es semejante el reino de los cielos a un grano de [&hellip;]\" \/>\n<meta property=\"og:url\" content=\"https:\/\/sabado100.com.ar\/es-ar\/la-parabola-del-grano-del-mostaza\/\" \/>\n<meta property=\"og:site_name\" content=\"Sabado 100\" \/>\n<meta property=\"article:publisher\" content=\"https:\/\/www.facebook.com\/sabadocien\/\" \/>\n<meta property=\"article:published_time\" content=\"2016-03-30T13:02:31+00:00\" \/>\n<meta name=\"author\" content=\"sabado cien\" \/>\n<meta name=\"twitter:card\" content=\"summary_large_image\" \/>\n<meta name=\"twitter:label1\" content=\"Escrito por\" \/>\n\t<meta name=\"twitter:data1\" content=\"sabado cien\" \/>\n\t<meta name=\"twitter:label2\" content=\"Tiempo de lectura\" \/>\n\t<meta name=\"twitter:data2\" content=\"4 minutos\" \/>\n<script type=\"application\/ld+json\" class=\"yoast-schema-graph\">{\"@context\":\"https:\/\/schema.org\",\"@graph\":[{\"@type\":\"Article\",\"@id\":\"https:\/\/sabado100.com.ar\/es-ar\/la-parabola-del-grano-del-mostaza\/#article\",\"isPartOf\":{\"@id\":\"https:\/\/sabado100.com.ar\/es-ar\/la-parabola-del-grano-del-mostaza\/\"},\"author\":{\"name\":\"sabado cien\",\"@id\":\"https:\/\/sabado100.com.ar\/es-ar\/#\/schema\/person\/58e38b918ef4e44b11398f25d4684c6d\"},\"headline\":\"La par\u00e1bola del grano del mostaza\",\"datePublished\":\"2016-03-30T13:02:31+00:00\",\"dateModified\":\"2016-03-30T13:02:31+00:00\",\"mainEntityOfPage\":{\"@id\":\"https:\/\/sabado100.com.ar\/es-ar\/la-parabola-del-grano-del-mostaza\/\"},\"wordCount\":905,\"commentCount\":0,\"publisher\":{\"@id\":\"https:\/\/sabado100.com.ar\/es-ar\/#organization\"},\"keywords\":[\"La par\u00e1bola del grano del mostaza\"],\"articleSection\":[\"Religi\u00f3n\"],\"inLanguage\":\"es\",\"potentialAction\":[{\"@type\":\"CommentAction\",\"name\":\"Comment\",\"target\":[\"https:\/\/sabado100.com.ar\/es-ar\/la-parabola-del-grano-del-mostaza\/#respond\"]}]},{\"@type\":\"WebPage\",\"@id\":\"https:\/\/sabado100.com.ar\/es-ar\/la-parabola-del-grano-del-mostaza\/\",\"url\":\"https:\/\/sabado100.com.ar\/es-ar\/la-parabola-del-grano-del-mostaza\/\",\"name\":\"La par\u00e1bola del grano del mostaza - Sabado 100\",\"isPartOf\":{\"@id\":\"https:\/\/sabado100.com.ar\/es-ar\/#website\"},\"datePublished\":\"2016-03-30T13:02:31+00:00\",\"dateModified\":\"2016-03-30T13:02:31+00:00\",\"breadcrumb\":{\"@id\":\"https:\/\/sabado100.com.ar\/es-ar\/la-parabola-del-grano-del-mostaza\/#breadcrumb\"},\"inLanguage\":\"es\",\"potentialAction\":[{\"@type\":\"ReadAction\",\"target\":[\"https:\/\/sabado100.com.ar\/es-ar\/la-parabola-del-grano-del-mostaza\/\"]}]},{\"@type\":\"BreadcrumbList\",\"@id\":\"https:\/\/sabado100.com.ar\/es-ar\/la-parabola-del-grano-del-mostaza\/#breadcrumb\",\"itemListElement\":[{\"@type\":\"ListItem\",\"position\":1,\"name\":\"Portada\",\"item\":\"https:\/\/sabado100.com.ar\/es-ar\/\"},{\"@type\":\"ListItem\",\"position\":2,\"name\":\"La par\u00e1bola del grano del mostaza\"}]},{\"@type\":\"WebSite\",\"@id\":\"https:\/\/sabado100.com.ar\/es-ar\/#website\",\"url\":\"https:\/\/sabado100.com.ar\/es-ar\/\",\"name\":\"Sabado 100\",\"description\":\"\",\"publisher\":{\"@id\":\"https:\/\/sabado100.com.ar\/es-ar\/#organization\"},\"potentialAction\":[{\"@type\":\"SearchAction\",\"target\":{\"@type\":\"EntryPoint\",\"urlTemplate\":\"https:\/\/sabado100.com.ar\/es-ar\/?s={search_term_string}\"},\"query-input\":\"required name=search_term_string\"}],\"inLanguage\":\"es\"},{\"@type\":\"Organization\",\"@id\":\"https:\/\/sabado100.com.ar\/es-ar\/#organization\",\"name\":\"Sabado 100\",\"url\":\"https:\/\/sabado100.com.ar\/es-ar\/\",\"logo\":{\"@type\":\"ImageObject\",\"inLanguage\":\"es\",\"@id\":\"https:\/\/sabado100.com.ar\/es-ar\/#\/schema\/logo\/image\/\",\"url\":\"https:\/\/sabado100.com.ar\/es-ar\/wp-content\/uploads\/2024\/04\/logo3.jpg\",\"contentUrl\":\"https:\/\/sabado100.com.ar\/es-ar\/wp-content\/uploads\/2024\/04\/logo3.jpg\",\"width\":300,\"height\":174,\"caption\":\"Sabado 100\"},\"image\":{\"@id\":\"https:\/\/sabado100.com.ar\/es-ar\/#\/schema\/logo\/image\/\"},\"sameAs\":[\"https:\/\/www.facebook.com\/sabadocien\/\",\"https:\/\/www.instagram.com\/sabado100.com.ar\/\",\"https:\/\/www.youtube.com\/@sabado1003\"]},{\"@type\":\"Person\",\"@id\":\"https:\/\/sabado100.com.ar\/es-ar\/#\/schema\/person\/58e38b918ef4e44b11398f25d4684c6d\",\"name\":\"sabado cien\",\"image\":{\"@type\":\"ImageObject\",\"inLanguage\":\"es\",\"@id\":\"https:\/\/sabado100.com.ar\/es-ar\/#\/schema\/person\/image\/\",\"url\":\"https:\/\/sabado100.com.ar\/es-ar\/wp-content\/litespeed\/avatar\/484bccfbd493fbb703b0f1b8113dad61.jpg?ver=1787731622\",\"contentUrl\":\"https:\/\/sabado100.com.ar\/es-ar\/wp-content\/litespeed\/avatar\/484bccfbd493fbb703b0f1b8113dad61.jpg?ver=1787731622\",\"caption\":\"sabado cien\"},\"url\":\"https:\/\/sabado100.com.ar\/es-ar\/author\/sabado100\/\"}]}<\/script>\n<!-- \/ Yoast SEO plugin. -->","yoast_head_json":{"title":"La par\u00e1bola del grano del mostaza - Sabado 100","robots":{"index":"index","follow":"follow","max-snippet":"max-snippet:-1","max-image-preview":"max-image-preview:large","max-video-preview":"max-video-preview:-1"},"canonical":"https:\/\/sabado100.com.ar\/es-ar\/la-parabola-del-grano-del-mostaza\/","og_locale":"es_ES","og_type":"article","og_title":"La par\u00e1bola del grano del mostaza - Sabado 100","og_description":"Por V\u00edctor Corcoba Herrero.- \u00abOtra par\u00e1bola les propuso, diciendo: Es semejante el reino de los cielos a un grano de [&hellip;]","og_url":"https:\/\/sabado100.com.ar\/es-ar\/la-parabola-del-grano-del-mostaza\/","og_site_name":"Sabado 100","article_publisher":"https:\/\/www.facebook.com\/sabadocien\/","article_published_time":"2016-03-30T13:02:31+00:00","author":"sabado cien","twitter_card":"summary_large_image","twitter_misc":{"Escrito por":"sabado cien","Tiempo de lectura":"4 minutos"},"schema":{"@context":"https:\/\/schema.org","@graph":[{"@type":"Article","@id":"https:\/\/sabado100.com.ar\/es-ar\/la-parabola-del-grano-del-mostaza\/#article","isPartOf":{"@id":"https:\/\/sabado100.com.ar\/es-ar\/la-parabola-del-grano-del-mostaza\/"},"author":{"name":"sabado cien","@id":"https:\/\/sabado100.com.ar\/es-ar\/#\/schema\/person\/58e38b918ef4e44b11398f25d4684c6d"},"headline":"La par\u00e1bola del grano del mostaza","datePublished":"2016-03-30T13:02:31+00:00","dateModified":"2016-03-30T13:02:31+00:00","mainEntityOfPage":{"@id":"https:\/\/sabado100.com.ar\/es-ar\/la-parabola-del-grano-del-mostaza\/"},"wordCount":905,"commentCount":0,"publisher":{"@id":"https:\/\/sabado100.com.ar\/es-ar\/#organization"},"keywords":["La par\u00e1bola del grano del mostaza"],"articleSection":["Religi\u00f3n"],"inLanguage":"es","potentialAction":[{"@type":"CommentAction","name":"Comment","target":["https:\/\/sabado100.com.ar\/es-ar\/la-parabola-del-grano-del-mostaza\/#respond"]}]},{"@type":"WebPage","@id":"https:\/\/sabado100.com.ar\/es-ar\/la-parabola-del-grano-del-mostaza\/","url":"https:\/\/sabado100.com.ar\/es-ar\/la-parabola-del-grano-del-mostaza\/","name":"La par\u00e1bola del grano del mostaza - Sabado 100","isPartOf":{"@id":"https:\/\/sabado100.com.ar\/es-ar\/#website"},"datePublished":"2016-03-30T13:02:31+00:00","dateModified":"2016-03-30T13:02:31+00:00","breadcrumb":{"@id":"https:\/\/sabado100.com.ar\/es-ar\/la-parabola-del-grano-del-mostaza\/#breadcrumb"},"inLanguage":"es","potentialAction":[{"@type":"ReadAction","target":["https:\/\/sabado100.com.ar\/es-ar\/la-parabola-del-grano-del-mostaza\/"]}]},{"@type":"BreadcrumbList","@id":"https:\/\/sabado100.com.ar\/es-ar\/la-parabola-del-grano-del-mostaza\/#breadcrumb","itemListElement":[{"@type":"ListItem","position":1,"name":"Portada","item":"https:\/\/sabado100.com.ar\/es-ar\/"},{"@type":"ListItem","position":2,"name":"La par\u00e1bola del grano del mostaza"}]},{"@type":"WebSite","@id":"https:\/\/sabado100.com.ar\/es-ar\/#website","url":"https:\/\/sabado100.com.ar\/es-ar\/","name":"Sabado 100","description":"","publisher":{"@id":"https:\/\/sabado100.com.ar\/es-ar\/#organization"},"potentialAction":[{"@type":"SearchAction","target":{"@type":"EntryPoint","urlTemplate":"https:\/\/sabado100.com.ar\/es-ar\/?s={search_term_string}"},"query-input":"required name=search_term_string"}],"inLanguage":"es"},{"@type":"Organization","@id":"https:\/\/sabado100.com.ar\/es-ar\/#organization","name":"Sabado 100","url":"https:\/\/sabado100.com.ar\/es-ar\/","logo":{"@type":"ImageObject","inLanguage":"es","@id":"https:\/\/sabado100.com.ar\/es-ar\/#\/schema\/logo\/image\/","url":"https:\/\/sabado100.com.ar\/es-ar\/wp-content\/uploads\/2024\/04\/logo3.jpg","contentUrl":"https:\/\/sabado100.com.ar\/es-ar\/wp-content\/uploads\/2024\/04\/logo3.jpg","width":300,"height":174,"caption":"Sabado 100"},"image":{"@id":"https:\/\/sabado100.com.ar\/es-ar\/#\/schema\/logo\/image\/"},"sameAs":["https:\/\/www.facebook.com\/sabadocien\/","https:\/\/www.instagram.com\/sabado100.com.ar\/","https:\/\/www.youtube.com\/@sabado1003"]},{"@type":"Person","@id":"https:\/\/sabado100.com.ar\/es-ar\/#\/schema\/person\/58e38b918ef4e44b11398f25d4684c6d","name":"sabado cien","image":{"@type":"ImageObject","inLanguage":"es","@id":"https:\/\/sabado100.com.ar\/es-ar\/#\/schema\/person\/image\/","url":"https:\/\/sabado100.com.ar\/es-ar\/wp-content\/litespeed\/avatar\/484bccfbd493fbb703b0f1b8113dad61.jpg?ver=1787731622","contentUrl":"https:\/\/sabado100.com.ar\/es-ar\/wp-content\/litespeed\/avatar\/484bccfbd493fbb703b0f1b8113dad61.jpg?ver=1787731622","caption":"sabado cien"},"url":"https:\/\/sabado100.com.ar\/es-ar\/author\/sabado100\/"}]}},"_links":{"self":[{"href":"https:\/\/sabado100.com.ar\/es-ar\/wp-json\/wp\/v2\/posts\/4430","targetHints":{"allow":["GET"]}}],"collection":[{"href":"https:\/\/sabado100.com.ar\/es-ar\/wp-json\/wp\/v2\/posts"}],"about":[{"href":"https:\/\/sabado100.com.ar\/es-ar\/wp-json\/wp\/v2\/types\/post"}],"author":[{"embeddable":true,"href":"https:\/\/sabado100.com.ar\/es-ar\/wp-json\/wp\/v2\/users\/2"}],"replies":[{"embeddable":true,"href":"https:\/\/sabado100.com.ar\/es-ar\/wp-json\/wp\/v2\/comments?post=4430"}],"version-history":[{"count":0,"href":"https:\/\/sabado100.com.ar\/es-ar\/wp-json\/wp\/v2\/posts\/4430\/revisions"}],"wp:attachment":[{"href":"https:\/\/sabado100.com.ar\/es-ar\/wp-json\/wp\/v2\/media?parent=4430"}],"wp:term":[{"taxonomy":"category","embeddable":true,"href":"https:\/\/sabado100.com.ar\/es-ar\/wp-json\/wp\/v2\/categories?post=4430"},{"taxonomy":"post_tag","embeddable":true,"href":"https:\/\/sabado100.com.ar\/es-ar\/wp-json\/wp\/v2\/tags?post=4430"}],"curies":[{"name":"wp","href":"https:\/\/api.w.org\/{rel}","templated":true}]}}