{"id":4428,"date":"2016-03-28T17:53:38","date_gmt":"2016-03-28T15:53:38","guid":{"rendered":"https:\/\/www.sabado100.com.ar\/?p=4428"},"modified":"2016-03-28T17:53:38","modified_gmt":"2016-03-28T15:53:38","slug":"fernandez-meijide-creo-en-la-justicia-y-en-los-derechos-humanos-si-puedo-pedir-el-mismo-nivel-de-justicia-para-mi-hijo-que-para-mi-peor-enemigo","status":"publish","type":"post","link":"https:\/\/sabado100.com.ar\/es-ar\/fernandez-meijide-creo-en-la-justicia-y-en-los-derechos-humanos-si-puedo-pedir-el-mismo-nivel-de-justicia-para-mi-hijo-que-para-mi-peor-enemigo\/","title":{"rendered":"Fern\u00e1ndez Meijide: \u00abCreo en la justicia y en los derechos humanos si puedo pedir el mismo nivel de justicia para mi hijo que para mi peor enemigo\u00bb"},"content":{"rendered":"<p><strong>Por Hinde Pomeraniec.-<\/strong> El bast\u00f3n de madera descansa sobre un sill\u00f3n. Su due\u00f1a no lo usa: se mueve delicadamente en terreno conocido, un luminoso primer piso de Belgrano. Lo toma, s\u00ed, cada vez que sale a la calle, una manera de sentirse m\u00e1s segura luego de la operaci\u00f3n de cadera que la tuvo en impaciente reposo varias semanas.<br \/>\nGraciela Fern\u00e1ndez Meijide no padeci\u00f3 el calor del \u00faltimo verano porque se recuperaba de esa cirug\u00eda por lo que es ahora, cuando se cumplen 40 a\u00f1os del \u00faltimo golpe militar que le arranc\u00f3 un hijo adolescente y la convirti\u00f3 en la mam\u00e1 de un desaparecido, cuando se la ve volver entera. Tiene la convicci\u00f3n de que la democracia est\u00e1 instalada en la Argentina, aunque a\u00fan falte ganar intensidad democr\u00e1tica. \u00abCreo en la justicia y en los derechos humanos si puedo pedir el mismo nivel de justicia para mi hijo que para mi peor enemigo\u00bb, explica con su voz de profesora, esa voz familiar, la de siempre.<br \/>\n-Estuve revisando su testimonio en el Juicio a las Juntas. Ah\u00ed, para referirse a su hijo, dec\u00eda \u00abPablito\u00bb. \u00bfLo llamaba as\u00ed?<br \/>\n-En mi libro La historia \u00edntima de los Derechos Humanos en la Argentina la dedicatoria dice \u00abA Pablo\u00bb. Lo que pasa es que hablar de \u00abPablito\u00bb seguramente ten\u00eda que ver con la manera de hablar del hijo que est\u00e1 en dificultades. El otro d\u00eda volv\u00ed a pensar en este tema; yo no puedo pensar en Pablo grande, \u00bfsab\u00e9s? No puedo envejecerlo, no puedo pensar en qu\u00e9 hubiera sido de \u00e9l porque era muy chico, ten\u00eda 17 a\u00f1os. Si vos pens\u00e1s lo que es hoy un chico de 17 a\u00f1os&#8230; \u00bfQu\u00e9 sabe lo que va a ser en el futuro? Yo me qued\u00e9 con todo eso que Pablo quer\u00eda hacer, pero qu\u00e9 se yo qu\u00e9 hubiera hecho, \u00bfno?<br \/>\n-En esos meses previos al golpe, durante el golpe, y hasta que desaparece Pablo, \u00bfqu\u00e9 se dec\u00eda en su casa en relaci\u00f3n a la dictadura?<br \/>\n-Enrique y yo est\u00e1bamos en contra del golpe. Yo ten\u00eda noci\u00f3n de lo que hab\u00eda sido el golpe de Pinochet, y me daba miedo. En casa ninguno ten\u00eda una militancia, siempre un pensamiento progresista, eso s\u00ed. Pero no esperaba que hubiera v\u00edctimas en mi familia, ni siquiera me previne, no ten\u00eda motivos.<br \/>\n-\u00bfCu\u00e1ndo perdi\u00f3 la ilusi\u00f3n de encontrar a Pablo con vida?<br \/>\n-Cuando me fui a Canad\u00e1, a\u00f1o 78. Tom\u00e9 distancia y&#8230; Me lo hizo notar una persona que no ten\u00eda que ver con las asociaciones de familiares. Hablando de los militares me dijo: \u00abPensar que estos tipos obligaron a los padres matar a sus hijos\u00bb. Y es cierto. Yo nunca me hab\u00eda puesto a pensar que en alg\u00fan momento uno, cuando pudo, dijo: \u00abBueno, no puedo seguir busc\u00e1ndolo con vida: lo mataron\u00bb. S\u00ed s\u00e9 que no fue de un d\u00eda para el otro. Esto lo cont\u00e9 varias veces, ya: me dorm\u00eda mat\u00e1ndolos. [Se\u00f1ala con su \u00edndice el espacio exacto entre ceja y ceja]. A los militares. \u00c9se era mi calmante. Lexotanil.<br \/>\nCuando pude aceptar que lo hab\u00edan matado, en ese momento dije: \u00abLos voy a meter presos\u00bb, y empec\u00e9 a pensarlos detr\u00e1s de las rejas. Porque ya asum\u00eda que nunca iba a poder matarlos y por eso cre\u00eda que hab\u00eda que guardar todo lo que se pudiera guardar para alg\u00fan d\u00eda, finalmente, ir a la Justicia. En los organismos hab\u00eda alguna gente que pensaba lo mismo y otra que no, que dec\u00eda que los militares nunca iban a estar frente a un tribunal. Y paralelamente segu\u00edan las consignas m\u00e1s duras, leg\u00edtimas pero milagrosas, como \u00abAparici\u00f3n con vida\u00bb, que son de imposible cumplimiento pero debemos sostener porque ponen al enemigo en un lugar muy inc\u00f3modo.<br \/>\n-Desde muy temprano se movi\u00f3 institucionalmente en relaci\u00f3n a los reclamos.<br \/>\n-Siempre me sent\u00ed mucho m\u00e1s c\u00f3moda en ese lugar que en el testimonial, pero, adem\u00e1s, porque pod\u00eda verlo desde otros \u00e1ngulos. A ver, cuando hab\u00eda que hacer un documento en la Asamblea (la APDH, Asamblea Permanente por los Derechos Humanos) en el que participaban una parte de la iglesia cat\u00f3lica y otra de la iglesia evang\u00e9lica, algunos militantes pol\u00edticos, los que se animaban, cada uno de esos documentos era discutido y balanceado; se buscaba el consenso. Pero Madres, no; Madres pod\u00eda mandar una puteada larga de aqu\u00ed a la esquina, con la que por supuesto yo me sent\u00eda identificada pero&#8230; Y es l\u00f3gico, porque el testimonial es eso. Ahora, lo institucional va buscando acuerdos para que no se desarme lo poco que se tiene.<br \/>\n-Su lugar en la Conadep fue el de recibir las denuncias. \u00bfQu\u00e9 le pasaba ah\u00ed? Ten\u00eda su propio reclamo, pero estaba tambi\u00e9n a merced del reclamo de quienes iban a ustedes.<br \/>\n-S\u00ed, ya me hab\u00eda pasado eso en la Asamblea. Me parece que, al menos a m\u00ed, me pon\u00eda por un rato en el lugar de \u00aba m\u00ed no me pasa\u00bb, se suspend\u00eda lo m\u00edo. En realidad, yo estaba a favor de que se conformara una Comisi\u00f3n Bicameral, no estaba a favor de la Conadep. Pero cuando empieza a funcionar y ven que no va a ning\u00fan lado, porque era toda gente de buena voluntad pero que le\u00eda un testimonio y se espantaba, Monse\u00f1or De Nevares dijo: \u00abAc\u00e1 tiene que venir una persona que es Graciela Fern\u00e1ndez Meijide&#8230;\u00bb. Habl\u00f3 conmigo, al principio le dije que no y \u00e9l me pidi\u00f3 que lo pensara. Me pas\u00e9 dos d\u00edas llorando y pensando. Y, al final, me dije: \u00abBicameral no va a haber, lo \u00fanico que va a haber es esto. \u00bfQu\u00e9 hacemos? Hay que sacar lo mejor que se pueda\u00bb. Entonces, dije que s\u00ed.<br \/>\n-\u00bfC\u00f3mo fue y c\u00f3mo est\u00e1 su relaci\u00f3n con Hebe Bonafini y Estela de Carlotto?<br \/>\n-Con Carlotto ten\u00eda relaci\u00f3n, le tuve mucho respeto. Empec\u00e9 a ser m\u00e1s cr\u00edtica cuando vi que terminaba siendo una pieza de un aparato pol\u00edtico. Con Hebe me llev\u00e9 mal siempre. No hab\u00eda forma de llevarse bien: cuando sos fascista, sos fascista. No pod\u00e9s discutir con ella, siempre tiene raz\u00f3n, la suya es la voz del pueblo. Una vez estuvimos ah\u00ed de fajarnos, pero ah\u00ed, eh. Era el final de la dictadura, cuando se estaban armando las marchas; ya hab\u00edamos incorporado el tema de los presos pol\u00edticos y la discusi\u00f3n fue alrededor de eso. Hebe no quer\u00eda poner en el documento a nadie que no fuese desaparecido porque \u00ablos presos pol\u00edticos, si estaban presos, era por algo?\u00bb. Bueno, est\u00e1bamos frente a frente en la mesa y&#8230; perd\u00ed la paciencia. Por poco nos fajamos. Fue la \u00faltima vez que discut\u00ed racionalmente con ella. Le dije: \u00abSi tuvieras a tus hijos vivos, \u00bfles preguntar\u00edas c\u00f3mo o por qu\u00e9 sobrevivieron? Vos tambi\u00e9n est\u00e1s haciendo el \u00abpor algo habr\u00e1 sido\u00bb\u00bb.<br \/>\n-Cuando Cristina Kirchner a\u00fan no era presidenta, \u00bften\u00eda opini\u00f3n formada sobre ella?<br \/>\n-S\u00ed, siempre fue una persona totalmente autoritaria. Era alguien muy dif\u00edcil para trabajar. Fue diputada junto conmigo y senadora, tambi\u00e9n. Siempre se cortaba sola. Durante ese tiempo se hicieron muchas leyes que ten\u00edan que ver con la familia, y esos proyectos atravesaban los bloques, se discut\u00eda, hab\u00eda matices, pero se firmaban. Ella siempre ten\u00eda un pero e iba por la suya.<br \/>\n-\u00bfY qu\u00e9 sinti\u00f3 cuando el kirchnerismo, ya en el poder, tom\u00f3 los derechos humanos como bandera?<br \/>\n-Pens\u00e9: una chantada m\u00e1s. Cuando Kirchner decide que los derechos humanos empezaron con \u00e9l porque bajaron el cuadrito?<br \/>\nPara usted no fue un gesto relevante que Kirchner bajara el cuadro de Videla.<br \/>\n-No. Para m\u00ed, tenemos que hacernos cargo de nuestros dictadores. A ver si entre los bustos de Roma no va a estar Ner\u00f3n. Tiene que estar porque fuimos capaces de bancarnos a dictadores, de aplaudirlos en el Mundial, de levantarlos como si fuesen h\u00e9roes nacionales. Eso somos nosotros. Sacar un cuadro no los saca de la Historia ni de las circunstancias por las cuales pudieron hacer lo que hicieron.<br \/>\n-\u00bfC\u00f3mo ve que el Secretario de Derechos Humanos, Claudio Avruj, haya recibido a los familiares de las v\u00edctimas de la guerrilla?<br \/>\n-Perfecto. Lo que puede ser m\u00e1s o menos cuestionado es lo que haga despu\u00e9s con eso. Pero recibir me parece lo m\u00e1s natural, sobre todo porque el tema de los juicios se est\u00e1 llevando mal.<br \/>\n-\u00bfQu\u00e9 quiere decir eso?<br \/>\n-Porque no se fue a una instancia superadora, que algunos aconsejamos, y que era lo que ahora se quiere hacer con la corrupci\u00f3n, con la Ley del Arrepentido&#8230;<br \/>\n-\u00bfReducci\u00f3n de pena para aquellos que den informaci\u00f3n?<br \/>\n-S\u00ed, hay que ofrecerles algo. Es que volver a juzgar en las mismas circunstancias va a ser volver a escuchar lo mismo, con los mismos testigos y todo igual. \u00bfCu\u00e1l es la ventaja de aportar algo a la verdad que hasta ahora s\u00f3lo se acumul\u00f3 del lado de las v\u00edctimas? Entonces, s\u00ed, reducci\u00f3n de penas. Cuando lo dije me llamaron \u00abrata\u00bb y otras barbaridades. Por otro lado, se han cometido hechos de total injusticia. Si hay algo que aprend\u00ed fue que, para que mi hijo tuviera justicia, ten\u00eda que haber un pa\u00eds con justicia, no importa para qui\u00e9n fuera. Nos falta mucho: eso de confundir a un abogado con un defendido, por ejemplo, ocurre porque no hay noci\u00f3n de la justicia. Para no hablar de la calidad de los jueces. Creo en la justicia y en los derechos humanos si puedo pedir el mismo nivel de justicia para mi hijo que para mi peor enemigo. Te hablo de algo mucho menos dram\u00e1tico: cuando volvi\u00f3 la democracia se instal\u00f3 la posibilidad de cursar estudios universitarios en las c\u00e1rceles comunes. Pero a los presos militares se les prohibe estudiar. \u00bfCu\u00e1l es el argumento? Es la sinraz\u00f3n. En el caso de Videla, un tipo que estaba anticoagulado, viejo, con quebradura de cadera, se iba en sangre&#8230; A lo mejor se mor\u00eda de la misma manera en su casa, pero, \u00bfqu\u00e9 ventaja sac\u00f3 el pa\u00eds dej\u00e1ndolo en prisi\u00f3n en ese estado? \u00bfQu\u00e9 ejemplo estamos dando?<br \/>\n-\u00bfCree que a cierta edad tendr\u00edan que ir a su casa, entonces?<br \/>\n-Como cualquier preso. Un represor, un criminal de lesa humanidad, que es de lo m\u00e1s grave que hay, no deja de ser un ser humano. \u00c9se es el l\u00edo. Cuando los militares secuestraron y mataron con mayor sadismo a los militantes de ERP y Montoneros, no los trataron como seres humanos, hicieron venganza. \u00bfVamos a hacer lo mismo? \u00bfQu\u00e9 nos diferencia? \u00bfQu\u00e9 hace que construyamos una democracia con instituciones distintas? Que respetemos la ley, carajo. [Levanta la voz.] Por eso, vos no podes ser juez y parte. Yo no podr\u00eda haber juzgado nunca a los que mataron a mi hijo, porque, por supuesto, quiero retorcerles el cogote. Tiene que ser alguien que pueda ser objetivo, aunque se indigne por el hecho, pero que pueda tomar la distancia que marcan todos los c\u00f3digos de procedimiento.<br \/>\n-\u00bfEn su momento la autocr\u00edtica del General Balza la hab\u00eda impresionado?<br \/>\n-Me pareci\u00f3 interesante. La autocr\u00edtica de Firmenich era una l\u00e1grima y la de Balza fue m\u00e1s sustanciosa, porque conden\u00f3 la Obediencia Debida, lo cual signific\u00f3 que lo excomulgaran, como a m\u00ed, cuando dije que los desaparecidos no son 30.000.<br \/>\n-\u00bfCu\u00e1nto importa decir si fueron o no fueron 30.000 los desaparecidos?<br \/>\n-A m\u00ed me importa por varias razones. Cuando nosotros recib\u00edamos un testimonio, lo volc\u00e1bamos en una ficha; esa ficha iba a una caja y era todo lo que ten\u00edamos del desaparecido. Y recibir el nombre y el apellido y la fecha y c\u00f3mo pas\u00f3 y, con tiempo, ubicar en qu\u00e9 c\u00e9lula trabajaba, con qui\u00e9n trabajaba, en qu\u00e9 lugar, si ten\u00eda militancia activa, si era de superficie, tiene que ver con el respeto por la persona, aunque a vos te pareciera que estuviese mal lo que estaba haciendo. Ahora, de repente la cifra es 30.000 y en cualquier documento o monumento lo \u00fanico que encontr\u00e1s es un n\u00famero que llega a los 10.000. \u00bfQu\u00e9 pas\u00f3 con los otros 20.000? \u00bfNo eran hijos de nadie, no pertenec\u00edan a ninguna organizaci\u00f3n, no ten\u00edan compa\u00f1eros de trabajo o militancia? \u00bfLas conducciones sobrevivientes de Montoneros y del ERP no pueden dar m\u00e1s nombres?<br \/>\n-\u00bfRecuerda cu\u00e1ndo surge la cifrade 30.000?<br \/>\n-S\u00ed. Fue en el 77, y me llam\u00f3 la atenci\u00f3n porque vino de afuera. Ya entonces me pareci\u00f3 un disparate, porque los militares nos discut\u00edan el n\u00famero, dec\u00edan que estaban entren\u00e1ndose en Angola y Palestina. Con lo cual nos cuid\u00e1bamos mucho de c\u00f3mo asentar cada dato y de pedir habeas corpus y de que no nos enga\u00f1aran. Despu\u00e9s, con el tiempo y cuando escrib\u00ed el libro, me fui a hablar con Luis Eduardo Duhalde, que entonces era secretario de Derechos Humanos, y le pregunt\u00e9 de d\u00f3nde hab\u00eda salido lo de los 30.000 cuando en cualquier documento ara\u00f1\u00e1bamos los 10.000. Me dio una explicaci\u00f3n que me pareci\u00f3 razonable: ellos llegaban a diferentes pa\u00edses, exiliados, ten\u00edan escasas herramientas y quer\u00edan que los organismos internacionales de derechos humanos, la ONU y otros, denunciaran lo que estaba pasando ac\u00e1. En esa \u00e9poca, la \u00abdesaparici\u00f3n forzada de personas\u00bb no exist\u00eda, lo m\u00e1ximo que hab\u00eda era la \u00abdesaparici\u00f3n seguida de muerte\u00bb y la \u00fanica convenci\u00f3n moderna que se le acercaba era \u00abgenocidio\u00bb. Pero para \u00abgenocidio\u00bb debe haber un n\u00famero considerable, adem\u00e1s de que tiene que tener alguna selecci\u00f3n \u00e9tnica, religiosa o algo por el estilo.<br \/>\n-Puede ser persecuci\u00f3n ideol\u00f3gica.<br \/>\n-Algunos defienden eso, s\u00ed, pero no est\u00e1 tan claro. A m\u00ed no me convence mucho porque est\u00e1 forzado para justificar. De todas maneras, si as\u00ed fuera, no me est\u00e1n dando los 20.000 nombres que no est\u00e1n consignados.<br \/>\n-Voy a preguntarle algo duro&#8230;<br \/>\n-Dale<br \/>\n-Si de pronto apareciera alguien y le dice: \u00abGraciela, yo mat\u00e9 a Pablo\u00bb&#8230;<br \/>\n-Lo pens\u00e9, lo pens\u00e9.<br \/>\n-\u00bfCree en el perd\u00f3n?<br \/>\n-A m\u00ed me cuesta la palabra perd\u00f3n; puedo entender, aunque no confraternizar. Cuando me pon\u00e9s en ese caso extremo de que venga alguien y me diga \u00abyo lo mat\u00e9\u00bb, no s\u00e9&#8230; Porque, seguramente, cuando \u00e9l me empiece a decir algo para justificarse, \u00abporque por aquel entonces, bla bla bla\u00bb, yo voy a decirle \u00abv\u00e1yase a la mierda\u00bb. Cuando lo fuimos a ver, el Papa me dijo una cosa que me pareci\u00f3 de un pensamiento muy fino. Primero me dijo que el que hab\u00eda cometido un crimen ten\u00eda que estar preso. Est\u00e1bamos hablando del tema de la reconciliaci\u00f3n. Le digo: \u00abUsted sabe que no soy religiosa, pero como lo fui, s\u00e9 que para que se d\u00e9 el sacramento del perd\u00f3n hay que confesar el pecado, hay que tener prop\u00f3sito de enmienda, que acompa\u00f1a la reparaci\u00f3n y hay que cumplir la penitencia\u00bb. Y \u00e9l me respondi\u00f3: \u00abEl perd\u00f3n hay que pedirlo, pero el otro no est\u00e1 obligado a perdonar. Conceder el perd\u00f3n es cuesti\u00f3n de voluntad\u00bb. Uno supone que el otro tiene que perdonar, y no es as\u00ed necesariamente.<br \/>\n-\u00bfCu\u00e1l es su relaci\u00f3n con la fe?\u00bfCree en Dios?<br \/>\n-No, no, no creo en Dios. Tal vez por eso, para m\u00ed, Francisco sea una persona muy tratable, porque \u00e9l sab\u00eda perfectamente bien qui\u00e9n era yo. Nadie enga\u00f1a a nadie.<br \/>\n-\u00bfAlg\u00fan militar le pidi\u00f3 perd\u00f3n?<br \/>\n-S\u00ed, Balza. Y hace poco otro, no me acuerdo c\u00f3mo se llama, en la cena con Hollande.<br \/>\n-\u00bfQu\u00e9 le pasa cuando ocurre eso?<br \/>\n-No mucho. Otra cosa ser\u00eda si me dijeran: \u00abEscuche, yo le voy a decir lo que pas\u00f3 con Pablito\u00bb, y me terminaran la historia. Aunque me desgarrara escuch\u00e1ndolos.<\/p>\n<p>Violencia disfrazada<\/p>\n<p>El golpe, 40 a\u00f1os despu\u00e9s. \u00bfQu\u00e9 significa ese episodio hoy para Fern\u00e1ndez Meijide?<br \/>\n\u00abPara m\u00ed, fue un corte -dice-: condensa lo que hab\u00eda pasado antes y marc\u00f3 lo que iba a pasar despu\u00e9s, y al mismo tiempo dio a luz otro momento bisagra, la salida del 83, donde por primera vez el pueblo vota y dice \u00abbasta de militares en el poder\u00bb. Muchos militares se refugian en que el Operativo Independencia los justificaba, los legalizaba. Y no, muchachos: el d\u00eda que ustedes asaltaron el poder, perdieron la legalidad y legitimidad de todos sus actos. Se convirtieron en delincuentes. Hay una cosa que nos est\u00e1 uniendo m\u00e1s all\u00e1 de las grietas: no queremos m\u00e1s militares en el gobierno. A nuestra democracia le falta un mont\u00f3n, soy exigente. Pero si mir\u00f3 la totalidad, pienso que aqu\u00ed hubo un momento de cl\u00edmax de violencia que se resolvi\u00f3 con un corte brutal; lo que sigui\u00f3 fue m\u00e1s violencia disfrazada de orden y, cuando la sociedad lo percibi\u00f3, se hizo una condena mucho m\u00e1s fuerte que, ojal\u00e1, sea definitiva. Yo cruzo los dedos.\u00bb<\/p>\n<p>Bio<br \/>\nProfesi\u00f3n: activista de los derechos humanos y dirigente pol\u00edtica<br \/>\nEdad: 85 a\u00f1os<br \/>\nActivista de los derechos humanos desde la desaparici\u00f3n de su hijo Pablo, fue miembro de la Conadep. Integr\u00f3 el Frepaso y fue parte del gobierno de la Alianza: De la R\u00faa la design\u00f3 ministra de Desarrollo Social.<\/p>\n<p><strong>Fuente:<\/strong> suplemento Conversaciones, diario La Naci\u00f3n, 24 de marzo de 2016.<\/p>\n","protected":false},"excerpt":{"rendered":"<p>Por Hinde Pomeraniec.- El bast\u00f3n de madera descansa sobre un sill\u00f3n. Su due\u00f1a no lo usa: se mueve delicadamente en [&hellip;]<\/p>\n","protected":false},"author":2,"featured_media":0,"comment_status":"open","ping_status":"closed","sticky":false,"template":"","format":"standard","meta":{"site-sidebar-layout":"default","site-content-layout":"","ast-site-content-layout":"default","site-content-style":"default","site-sidebar-style":"default","ast-global-header-display":"","ast-banner-title-visibility":"","ast-main-header-display":"","ast-hfb-above-header-display":"","ast-hfb-below-header-display":"","ast-hfb-mobile-header-display":"","site-post-title":"","ast-breadcrumbs-content":"","ast-featured-img":"","footer-sml-layout":"","ast-disable-related-posts":"","theme-transparent-header-meta":"","adv-header-id-meta":"","stick-header-meta":"","header-above-stick-meta":"","header-main-stick-meta":"","header-below-stick-meta":"","astra-migrate-meta-layouts":"default","ast-page-background-enabled":"default","ast-page-background-meta":{"desktop":{"background-color":"var(--ast-global-color-4)","background-image":"","background-repeat":"repeat","background-position":"center center","background-size":"auto","background-attachment":"scroll","background-type":"","background-media":"","overlay-type":"","overlay-color":"","overlay-opacity":"","overlay-gradient":""},"tablet":{"background-color":"","background-image":"","background-repeat":"repeat","background-position":"center center","background-size":"auto","background-attachment":"scroll","background-type":"","background-media":"","overlay-type":"","overlay-color":"","overlay-opacity":"","overlay-gradient":""},"mobile":{"background-color":"","background-image":"","background-repeat":"repeat","background-position":"center center","background-size":"auto","background-attachment":"scroll","background-type":"","background-media":"","overlay-type":"","overlay-color":"","overlay-opacity":"","overlay-gradient":""}},"ast-content-background-meta":{"desktop":{"background-color":"var(--ast-global-color-5)","background-image":"","background-repeat":"repeat","background-position":"center center","background-size":"auto","background-attachment":"scroll","background-type":"","background-media":"","overlay-type":"","overlay-color":"","overlay-opacity":"","overlay-gradient":""},"tablet":{"background-color":"var(--ast-global-color-5)","background-image":"","background-repeat":"repeat","background-position":"center center","background-size":"auto","background-attachment":"scroll","background-type":"","background-media":"","overlay-type":"","overlay-color":"","overlay-opacity":"","overlay-gradient":""},"mobile":{"background-color":"var(--ast-global-color-5)","background-image":"","background-repeat":"repeat","background-position":"center center","background-size":"auto","background-attachment":"scroll","background-type":"","background-media":"","overlay-type":"","overlay-color":"","overlay-opacity":"","overlay-gradient":""}},"footnotes":""},"categories":[4],"tags":[5450],"class_list":["post-4428","post","type-post","status-publish","format-standard","hentry","category-cultura-y-sociedad","tag-fernandez-meijide-creo-en-la-justicia-y-en-los-derechos-humanos-si-puedo-pedir-el-mismo-nivel-de-justicia-para-mi-hijo-que-para-mi-peor-enemigo"],"yoast_head":"<!-- This site is optimized with the Yoast SEO plugin v23.2 - https:\/\/yoast.com\/wordpress\/plugins\/seo\/ -->\n<title>Fern\u00e1ndez Meijide: &quot;Creo en la justicia y en los derechos humanos si puedo pedir el mismo nivel de justicia para mi hijo que para mi peor enemigo&quot; - Sabado 100<\/title>\n<meta name=\"robots\" content=\"index, follow, max-snippet:-1, max-image-preview:large, max-video-preview:-1\" \/>\n<link rel=\"canonical\" href=\"https:\/\/sabado100.com.ar\/es-ar\/fernandez-meijide-creo-en-la-justicia-y-en-los-derechos-humanos-si-puedo-pedir-el-mismo-nivel-de-justicia-para-mi-hijo-que-para-mi-peor-enemigo\/\" \/>\n<meta property=\"og:locale\" content=\"es_ES\" \/>\n<meta property=\"og:type\" content=\"article\" \/>\n<meta property=\"og:title\" content=\"Fern\u00e1ndez Meijide: &quot;Creo en la justicia y en los derechos humanos si puedo pedir el mismo nivel de justicia para mi hijo que para mi peor enemigo&quot; - Sabado 100\" \/>\n<meta property=\"og:description\" content=\"Por Hinde Pomeraniec.- El bast\u00f3n de madera descansa sobre un sill\u00f3n. Su due\u00f1a no lo usa: se mueve delicadamente en [&hellip;]\" \/>\n<meta property=\"og:url\" content=\"https:\/\/sabado100.com.ar\/es-ar\/fernandez-meijide-creo-en-la-justicia-y-en-los-derechos-humanos-si-puedo-pedir-el-mismo-nivel-de-justicia-para-mi-hijo-que-para-mi-peor-enemigo\/\" \/>\n<meta property=\"og:site_name\" content=\"Sabado 100\" \/>\n<meta property=\"article:publisher\" content=\"https:\/\/www.facebook.com\/sabadocien\/\" \/>\n<meta property=\"article:published_time\" content=\"2016-03-28T15:53:38+00:00\" \/>\n<meta name=\"author\" content=\"sabado cien\" \/>\n<meta name=\"twitter:card\" content=\"summary_large_image\" \/>\n<meta name=\"twitter:label1\" content=\"Escrito por\" \/>\n\t<meta name=\"twitter:data1\" content=\"sabado cien\" \/>\n\t<meta name=\"twitter:label2\" content=\"Tiempo de lectura\" \/>\n\t<meta name=\"twitter:data2\" content=\"15 minutos\" \/>\n<script type=\"application\/ld+json\" class=\"yoast-schema-graph\">{\"@context\":\"https:\/\/schema.org\",\"@graph\":[{\"@type\":\"Article\",\"@id\":\"https:\/\/sabado100.com.ar\/es-ar\/fernandez-meijide-creo-en-la-justicia-y-en-los-derechos-humanos-si-puedo-pedir-el-mismo-nivel-de-justicia-para-mi-hijo-que-para-mi-peor-enemigo\/#article\",\"isPartOf\":{\"@id\":\"https:\/\/sabado100.com.ar\/es-ar\/fernandez-meijide-creo-en-la-justicia-y-en-los-derechos-humanos-si-puedo-pedir-el-mismo-nivel-de-justicia-para-mi-hijo-que-para-mi-peor-enemigo\/\"},\"author\":{\"name\":\"sabado cien\",\"@id\":\"https:\/\/sabado100.com.ar\/es-ar\/#\/schema\/person\/58e38b918ef4e44b11398f25d4684c6d\"},\"headline\":\"Fern\u00e1ndez Meijide: \u00abCreo en la justicia y en los derechos humanos si puedo pedir el mismo nivel de justicia para mi hijo que para mi peor enemigo\u00bb\",\"datePublished\":\"2016-03-28T15:53:38+00:00\",\"dateModified\":\"2016-03-28T15:53:38+00:00\",\"mainEntityOfPage\":{\"@id\":\"https:\/\/sabado100.com.ar\/es-ar\/fernandez-meijide-creo-en-la-justicia-y-en-los-derechos-humanos-si-puedo-pedir-el-mismo-nivel-de-justicia-para-mi-hijo-que-para-mi-peor-enemigo\/\"},\"wordCount\":3024,\"commentCount\":0,\"publisher\":{\"@id\":\"https:\/\/sabado100.com.ar\/es-ar\/#organization\"},\"keywords\":[\"Fern\u00e1ndez Meijide: \\\"Creo en la justicia y en los derechos humanos si puedo pedir el mismo nivel de justicia para mi hijo que para mi peor enemigo\\\"\"],\"articleSection\":[\"Cultura y Sociedad\"],\"inLanguage\":\"es\",\"potentialAction\":[{\"@type\":\"CommentAction\",\"name\":\"Comment\",\"target\":[\"https:\/\/sabado100.com.ar\/es-ar\/fernandez-meijide-creo-en-la-justicia-y-en-los-derechos-humanos-si-puedo-pedir-el-mismo-nivel-de-justicia-para-mi-hijo-que-para-mi-peor-enemigo\/#respond\"]}]},{\"@type\":\"WebPage\",\"@id\":\"https:\/\/sabado100.com.ar\/es-ar\/fernandez-meijide-creo-en-la-justicia-y-en-los-derechos-humanos-si-puedo-pedir-el-mismo-nivel-de-justicia-para-mi-hijo-que-para-mi-peor-enemigo\/\",\"url\":\"https:\/\/sabado100.com.ar\/es-ar\/fernandez-meijide-creo-en-la-justicia-y-en-los-derechos-humanos-si-puedo-pedir-el-mismo-nivel-de-justicia-para-mi-hijo-que-para-mi-peor-enemigo\/\",\"name\":\"Fern\u00e1ndez Meijide: \\\"Creo en la justicia y en los derechos humanos si puedo pedir el mismo nivel de justicia para mi hijo que para mi peor enemigo\\\" - Sabado 100\",\"isPartOf\":{\"@id\":\"https:\/\/sabado100.com.ar\/es-ar\/#website\"},\"datePublished\":\"2016-03-28T15:53:38+00:00\",\"dateModified\":\"2016-03-28T15:53:38+00:00\",\"breadcrumb\":{\"@id\":\"https:\/\/sabado100.com.ar\/es-ar\/fernandez-meijide-creo-en-la-justicia-y-en-los-derechos-humanos-si-puedo-pedir-el-mismo-nivel-de-justicia-para-mi-hijo-que-para-mi-peor-enemigo\/#breadcrumb\"},\"inLanguage\":\"es\",\"potentialAction\":[{\"@type\":\"ReadAction\",\"target\":[\"https:\/\/sabado100.com.ar\/es-ar\/fernandez-meijide-creo-en-la-justicia-y-en-los-derechos-humanos-si-puedo-pedir-el-mismo-nivel-de-justicia-para-mi-hijo-que-para-mi-peor-enemigo\/\"]}]},{\"@type\":\"BreadcrumbList\",\"@id\":\"https:\/\/sabado100.com.ar\/es-ar\/fernandez-meijide-creo-en-la-justicia-y-en-los-derechos-humanos-si-puedo-pedir-el-mismo-nivel-de-justicia-para-mi-hijo-que-para-mi-peor-enemigo\/#breadcrumb\",\"itemListElement\":[{\"@type\":\"ListItem\",\"position\":1,\"name\":\"Portada\",\"item\":\"https:\/\/sabado100.com.ar\/es-ar\/\"},{\"@type\":\"ListItem\",\"position\":2,\"name\":\"Fern\u00e1ndez Meijide: \u00abCreo en la justicia y en los derechos humanos si puedo pedir el mismo nivel de justicia para mi hijo que para mi peor enemigo\u00bb\"}]},{\"@type\":\"WebSite\",\"@id\":\"https:\/\/sabado100.com.ar\/es-ar\/#website\",\"url\":\"https:\/\/sabado100.com.ar\/es-ar\/\",\"name\":\"Sabado 100\",\"description\":\"\",\"publisher\":{\"@id\":\"https:\/\/sabado100.com.ar\/es-ar\/#organization\"},\"potentialAction\":[{\"@type\":\"SearchAction\",\"target\":{\"@type\":\"EntryPoint\",\"urlTemplate\":\"https:\/\/sabado100.com.ar\/es-ar\/?s={search_term_string}\"},\"query-input\":\"required name=search_term_string\"}],\"inLanguage\":\"es\"},{\"@type\":\"Organization\",\"@id\":\"https:\/\/sabado100.com.ar\/es-ar\/#organization\",\"name\":\"Sabado 100\",\"url\":\"https:\/\/sabado100.com.ar\/es-ar\/\",\"logo\":{\"@type\":\"ImageObject\",\"inLanguage\":\"es\",\"@id\":\"https:\/\/sabado100.com.ar\/es-ar\/#\/schema\/logo\/image\/\",\"url\":\"https:\/\/sabado100.com.ar\/es-ar\/wp-content\/uploads\/2024\/04\/logo3.jpg\",\"contentUrl\":\"https:\/\/sabado100.com.ar\/es-ar\/wp-content\/uploads\/2024\/04\/logo3.jpg\",\"width\":300,\"height\":174,\"caption\":\"Sabado 100\"},\"image\":{\"@id\":\"https:\/\/sabado100.com.ar\/es-ar\/#\/schema\/logo\/image\/\"},\"sameAs\":[\"https:\/\/www.facebook.com\/sabadocien\/\",\"https:\/\/www.instagram.com\/sabado100.com.ar\/\",\"https:\/\/www.youtube.com\/@sabado1003\"]},{\"@type\":\"Person\",\"@id\":\"https:\/\/sabado100.com.ar\/es-ar\/#\/schema\/person\/58e38b918ef4e44b11398f25d4684c6d\",\"name\":\"sabado cien\",\"image\":{\"@type\":\"ImageObject\",\"inLanguage\":\"es\",\"@id\":\"https:\/\/sabado100.com.ar\/es-ar\/#\/schema\/person\/image\/\",\"url\":\"https:\/\/sabado100.com.ar\/es-ar\/wp-content\/litespeed\/avatar\/484bccfbd493fbb703b0f1b8113dad61.jpg?ver=1787731622\",\"contentUrl\":\"https:\/\/sabado100.com.ar\/es-ar\/wp-content\/litespeed\/avatar\/484bccfbd493fbb703b0f1b8113dad61.jpg?ver=1787731622\",\"caption\":\"sabado cien\"},\"url\":\"https:\/\/sabado100.com.ar\/es-ar\/author\/sabado100\/\"}]}<\/script>\n<!-- \/ Yoast SEO plugin. -->","yoast_head_json":{"title":"Fern\u00e1ndez Meijide: \"Creo en la justicia y en los derechos humanos si puedo pedir el mismo nivel de justicia para mi hijo que para mi peor enemigo\" - Sabado 100","robots":{"index":"index","follow":"follow","max-snippet":"max-snippet:-1","max-image-preview":"max-image-preview:large","max-video-preview":"max-video-preview:-1"},"canonical":"https:\/\/sabado100.com.ar\/es-ar\/fernandez-meijide-creo-en-la-justicia-y-en-los-derechos-humanos-si-puedo-pedir-el-mismo-nivel-de-justicia-para-mi-hijo-que-para-mi-peor-enemigo\/","og_locale":"es_ES","og_type":"article","og_title":"Fern\u00e1ndez Meijide: \"Creo en la justicia y en los derechos humanos si puedo pedir el mismo nivel de justicia para mi hijo que para mi peor enemigo\" - Sabado 100","og_description":"Por Hinde Pomeraniec.- El bast\u00f3n de madera descansa sobre un sill\u00f3n. Su due\u00f1a no lo usa: se mueve delicadamente en [&hellip;]","og_url":"https:\/\/sabado100.com.ar\/es-ar\/fernandez-meijide-creo-en-la-justicia-y-en-los-derechos-humanos-si-puedo-pedir-el-mismo-nivel-de-justicia-para-mi-hijo-que-para-mi-peor-enemigo\/","og_site_name":"Sabado 100","article_publisher":"https:\/\/www.facebook.com\/sabadocien\/","article_published_time":"2016-03-28T15:53:38+00:00","author":"sabado cien","twitter_card":"summary_large_image","twitter_misc":{"Escrito por":"sabado cien","Tiempo de lectura":"15 minutos"},"schema":{"@context":"https:\/\/schema.org","@graph":[{"@type":"Article","@id":"https:\/\/sabado100.com.ar\/es-ar\/fernandez-meijide-creo-en-la-justicia-y-en-los-derechos-humanos-si-puedo-pedir-el-mismo-nivel-de-justicia-para-mi-hijo-que-para-mi-peor-enemigo\/#article","isPartOf":{"@id":"https:\/\/sabado100.com.ar\/es-ar\/fernandez-meijide-creo-en-la-justicia-y-en-los-derechos-humanos-si-puedo-pedir-el-mismo-nivel-de-justicia-para-mi-hijo-que-para-mi-peor-enemigo\/"},"author":{"name":"sabado cien","@id":"https:\/\/sabado100.com.ar\/es-ar\/#\/schema\/person\/58e38b918ef4e44b11398f25d4684c6d"},"headline":"Fern\u00e1ndez Meijide: \u00abCreo en la justicia y en los derechos humanos si puedo pedir el mismo nivel de justicia para mi hijo que para mi peor enemigo\u00bb","datePublished":"2016-03-28T15:53:38+00:00","dateModified":"2016-03-28T15:53:38+00:00","mainEntityOfPage":{"@id":"https:\/\/sabado100.com.ar\/es-ar\/fernandez-meijide-creo-en-la-justicia-y-en-los-derechos-humanos-si-puedo-pedir-el-mismo-nivel-de-justicia-para-mi-hijo-que-para-mi-peor-enemigo\/"},"wordCount":3024,"commentCount":0,"publisher":{"@id":"https:\/\/sabado100.com.ar\/es-ar\/#organization"},"keywords":["Fern\u00e1ndez Meijide: \"Creo en la justicia y en los derechos humanos si puedo pedir el mismo nivel de justicia para mi hijo que para mi peor enemigo\""],"articleSection":["Cultura y Sociedad"],"inLanguage":"es","potentialAction":[{"@type":"CommentAction","name":"Comment","target":["https:\/\/sabado100.com.ar\/es-ar\/fernandez-meijide-creo-en-la-justicia-y-en-los-derechos-humanos-si-puedo-pedir-el-mismo-nivel-de-justicia-para-mi-hijo-que-para-mi-peor-enemigo\/#respond"]}]},{"@type":"WebPage","@id":"https:\/\/sabado100.com.ar\/es-ar\/fernandez-meijide-creo-en-la-justicia-y-en-los-derechos-humanos-si-puedo-pedir-el-mismo-nivel-de-justicia-para-mi-hijo-que-para-mi-peor-enemigo\/","url":"https:\/\/sabado100.com.ar\/es-ar\/fernandez-meijide-creo-en-la-justicia-y-en-los-derechos-humanos-si-puedo-pedir-el-mismo-nivel-de-justicia-para-mi-hijo-que-para-mi-peor-enemigo\/","name":"Fern\u00e1ndez Meijide: \"Creo en la justicia y en los derechos humanos si puedo pedir el mismo nivel de justicia para mi hijo que para mi peor enemigo\" - Sabado 100","isPartOf":{"@id":"https:\/\/sabado100.com.ar\/es-ar\/#website"},"datePublished":"2016-03-28T15:53:38+00:00","dateModified":"2016-03-28T15:53:38+00:00","breadcrumb":{"@id":"https:\/\/sabado100.com.ar\/es-ar\/fernandez-meijide-creo-en-la-justicia-y-en-los-derechos-humanos-si-puedo-pedir-el-mismo-nivel-de-justicia-para-mi-hijo-que-para-mi-peor-enemigo\/#breadcrumb"},"inLanguage":"es","potentialAction":[{"@type":"ReadAction","target":["https:\/\/sabado100.com.ar\/es-ar\/fernandez-meijide-creo-en-la-justicia-y-en-los-derechos-humanos-si-puedo-pedir-el-mismo-nivel-de-justicia-para-mi-hijo-que-para-mi-peor-enemigo\/"]}]},{"@type":"BreadcrumbList","@id":"https:\/\/sabado100.com.ar\/es-ar\/fernandez-meijide-creo-en-la-justicia-y-en-los-derechos-humanos-si-puedo-pedir-el-mismo-nivel-de-justicia-para-mi-hijo-que-para-mi-peor-enemigo\/#breadcrumb","itemListElement":[{"@type":"ListItem","position":1,"name":"Portada","item":"https:\/\/sabado100.com.ar\/es-ar\/"},{"@type":"ListItem","position":2,"name":"Fern\u00e1ndez Meijide: \u00abCreo en la justicia y en los derechos humanos si puedo pedir el mismo nivel de justicia para mi hijo que para mi peor enemigo\u00bb"}]},{"@type":"WebSite","@id":"https:\/\/sabado100.com.ar\/es-ar\/#website","url":"https:\/\/sabado100.com.ar\/es-ar\/","name":"Sabado 100","description":"","publisher":{"@id":"https:\/\/sabado100.com.ar\/es-ar\/#organization"},"potentialAction":[{"@type":"SearchAction","target":{"@type":"EntryPoint","urlTemplate":"https:\/\/sabado100.com.ar\/es-ar\/?s={search_term_string}"},"query-input":"required name=search_term_string"}],"inLanguage":"es"},{"@type":"Organization","@id":"https:\/\/sabado100.com.ar\/es-ar\/#organization","name":"Sabado 100","url":"https:\/\/sabado100.com.ar\/es-ar\/","logo":{"@type":"ImageObject","inLanguage":"es","@id":"https:\/\/sabado100.com.ar\/es-ar\/#\/schema\/logo\/image\/","url":"https:\/\/sabado100.com.ar\/es-ar\/wp-content\/uploads\/2024\/04\/logo3.jpg","contentUrl":"https:\/\/sabado100.com.ar\/es-ar\/wp-content\/uploads\/2024\/04\/logo3.jpg","width":300,"height":174,"caption":"Sabado 100"},"image":{"@id":"https:\/\/sabado100.com.ar\/es-ar\/#\/schema\/logo\/image\/"},"sameAs":["https:\/\/www.facebook.com\/sabadocien\/","https:\/\/www.instagram.com\/sabado100.com.ar\/","https:\/\/www.youtube.com\/@sabado1003"]},{"@type":"Person","@id":"https:\/\/sabado100.com.ar\/es-ar\/#\/schema\/person\/58e38b918ef4e44b11398f25d4684c6d","name":"sabado cien","image":{"@type":"ImageObject","inLanguage":"es","@id":"https:\/\/sabado100.com.ar\/es-ar\/#\/schema\/person\/image\/","url":"https:\/\/sabado100.com.ar\/es-ar\/wp-content\/litespeed\/avatar\/484bccfbd493fbb703b0f1b8113dad61.jpg?ver=1787731622","contentUrl":"https:\/\/sabado100.com.ar\/es-ar\/wp-content\/litespeed\/avatar\/484bccfbd493fbb703b0f1b8113dad61.jpg?ver=1787731622","caption":"sabado cien"},"url":"https:\/\/sabado100.com.ar\/es-ar\/author\/sabado100\/"}]}},"_links":{"self":[{"href":"https:\/\/sabado100.com.ar\/es-ar\/wp-json\/wp\/v2\/posts\/4428","targetHints":{"allow":["GET"]}}],"collection":[{"href":"https:\/\/sabado100.com.ar\/es-ar\/wp-json\/wp\/v2\/posts"}],"about":[{"href":"https:\/\/sabado100.com.ar\/es-ar\/wp-json\/wp\/v2\/types\/post"}],"author":[{"embeddable":true,"href":"https:\/\/sabado100.com.ar\/es-ar\/wp-json\/wp\/v2\/users\/2"}],"replies":[{"embeddable":true,"href":"https:\/\/sabado100.com.ar\/es-ar\/wp-json\/wp\/v2\/comments?post=4428"}],"version-history":[{"count":0,"href":"https:\/\/sabado100.com.ar\/es-ar\/wp-json\/wp\/v2\/posts\/4428\/revisions"}],"wp:attachment":[{"href":"https:\/\/sabado100.com.ar\/es-ar\/wp-json\/wp\/v2\/media?parent=4428"}],"wp:term":[{"taxonomy":"category","embeddable":true,"href":"https:\/\/sabado100.com.ar\/es-ar\/wp-json\/wp\/v2\/categories?post=4428"},{"taxonomy":"post_tag","embeddable":true,"href":"https:\/\/sabado100.com.ar\/es-ar\/wp-json\/wp\/v2\/tags?post=4428"}],"curies":[{"name":"wp","href":"https:\/\/api.w.org\/{rel}","templated":true}]}}