{"id":4418,"date":"2016-03-17T01:04:53","date_gmt":"2016-03-16T23:04:53","guid":{"rendered":"https:\/\/www.sabado100.com.ar\/?p=4418"},"modified":"2016-03-17T01:04:53","modified_gmt":"2016-03-16T23:04:53","slug":"triangulo-politico","status":"publish","type":"post","link":"https:\/\/sabado100.com.ar\/es-ar\/triangulo-politico\/","title":{"rendered":"Tri\u00e1ngulo pol\u00edtico"},"content":{"rendered":"<p><strong>Por Mar\u00eda Herminia Grande.-<\/strong> El t\u00edtulo de estas horas se resume en el gran amateurismo que evidencian los distintos sectores pol\u00edticos ante tanta complejidad pol\u00edtica. Reducir el problema que hoy atraviesa la Rep\u00fablica Argentina y tiene un hilo conductor que parece comenzar con el arreglo de los holdouts para luego transitar los caminos de la inflaci\u00f3n, el desempleo, la falta de oportunidades, el desmembramiento, la inseguridad, la pobreza, al juego del no al qu\u00f3rum o a tironeos prebendarios es no estar a la altura de lo que nuestro pa\u00eds necesita. Pero, \u00bfcu\u00e1l es el entramado de los distintos intereses pol\u00edticos que hay detr\u00e1s del intento de arreglo o no con los holdouts para que nuestro pa\u00eds salga del default? Dir\u00eda que hay un enredo triangular: Mauricio Macri, por un lado; Juan Manuel Urtubey, Sergio Massa, Diego Bossio, Miguel \u00c1ngel Pichetto, por el otro; en otro \u00e1ngulo, Cristina Fern\u00e1ndez de Kirchner. Existe un cuarto sector conformado por los gobernadores, que se acercan, seg\u00fan fluct\u00faan sus intereses, a algunos de estos tres v\u00e9rtices.<br \/>\nLo primero que queda claro es que Cristina Fern\u00e1ndez de Kirchner act\u00faa hasta donde su ascendencia de ex presidente se lo permite, para evitar el arreglo que a su vez ser\u00eda la llave que le prodigar\u00eda a Macri las posibilidades de comenzar a gobernar v\u00eda cr\u00e9ditos y camino libre para la inversi\u00f3n. Si Macri no lo logra, su Gobierno se volcar\u00eda indudablemente, como el propio Presidente lo anunci\u00f3, a un ajuste brutal. Ya nadie recordar\u00eda la herencia recibida y la gobernabilidad se complicar\u00eda.<br \/>\nEn el otro v\u00e9rtice, la sociedad con Massa sufri\u00f3 un desperfecto cuando el Presidente, 48 horas antes de la sesi\u00f3n de este martes en el Congreso, le reproch\u00f3 p\u00fablicamente en l\u00edneas generales su afici\u00f3n al corto plazo. Confesi\u00f3n en tiempo y espacio pol\u00edticamente incorrecta. Si algo faltaba, el fin de semana se conoci\u00f3 el fallo de la Corte de Apelaciones de Nueva York que dej\u00f3 en suspenso la decisi\u00f3n del juez Thomas Griesa de levantar el embargo contra la Argentina hasta el 4 de abril. Seg\u00fan el diputado Luciano Laspina, esto representa una no noticia: \u201cTodos lo sab\u00edan, por eso el art\u00edculo quinto de la ley estipula que Argentina no pagar\u00e1 hasta que el fallo quede confirmado. El 4 de abril es el d\u00eda clave\u201d. En este mismo \u00e1ngulo, Bossio y el sector que representa del peronismo antikirchnerista se ve obligado, al igual que Urtubey, por otras razones, a no quedar con sus posturas como facilitadores del juego de la ex Presidente. Urtubey, al igual que otros gobernadores, no tiene demasiado tiempo para ocuparse ahora de marcar canchas pol\u00edticas; la realidad social les empieza a golpear la puerta y no pueden desentenderse responsabilizando solamente a la naci\u00f3n. El senador Pichetto, cuyo bloque mayoritario, a\u00fan entero, le genera muchos dolores de cabeza, tampoco puede cargar con la responsabilidad de obturar el acuerdo.<br \/>\nEl presidente Macri visit\u00f3 el d\u00eda lunes la ciudad de Rosario para inaugurar el ciclo lectivo de la Facultad de Derecho de la Universidad Nacional de Rosario (UNR). Incre\u00edblemente la grieta se hizo presente durante la semana previa en la casa de altos estudios, donde algunos decanos ped\u00edan explicaciones sobre por qu\u00e9 el Presidente hab\u00eda sido invitado. Primera visita en la historia a la UNR de un presidente constitucional en ejercicio. Dada la hostilidad reinante, el gobernador Miguel Lifschitz tuvo un enorme gesto hacia Macri al sugerirle al presidente de la Bolsa de Comercio de Rosario, Alberto Pado\u00e1n, que organice un encuentro con empresarios de la regi\u00f3n. El gobernador santafesino valora la reuni\u00f3n del Presidente con todos los gobernadores, que tendr\u00e1 car\u00e1cter mensual y apuesta a lograr, mientras se discute una nueva ley de coparticipaci\u00f3n, un trato en forma equitativa proveniente de la distribuci\u00f3n de los fondos discrecionales que bajos distintos \u00edtems dispone la naci\u00f3n. Tambi\u00e9n asegur\u00f3 que los diputados nacionales que integran el socialismo y radicales votar\u00e1n a favor del acuerdo con los holdouts. Le baj\u00f3 el tono a la diferencia entre los ministros de Seguridad Patricia Bullrich y Maximiliano Pullaro y anunci\u00f3 que en estos d\u00edas se reunir\u00e1n para coordinar la presencia de Polic\u00eda Federal y Gendarmer\u00eda en Santa Fe.<br \/>\nGremios de trabajadores, especialmente de la universidad, y organizaciones estudiantiles manifestaron su disconformidad con la presencia de Macri. En el caso espec\u00edfico de la COAD, para solicitar el llamado a paritaria. Cuando el Presidente lleg\u00f3 a la sede de la Bolsa de Comercio, la tensi\u00f3n era evidente y el silencio profundo a tal punto que Macri dijo: \u201c\u00a1Eh! \u00bfQu\u00e9 pasa? No es un velorio\u201d, as\u00ed rompi\u00f3 el hielo. All\u00ed habl\u00f3 de pobreza cero, de lucha contra el narcotr\u00e1fico y de infraestructura productiva. Cit\u00f3 a Domingo Per\u00f3n al decir: \u201cNuestra estrella polar es la productividad\u201d y mencion\u00f3 que va a ser intolerante con los evasores.<br \/>\nEn la Facultad de Derecho, el presidente Macri comparti\u00f3 su sue\u00f1o de una revoluci\u00f3n educativa: \u201cSin verdad, no se construye la confianza\u201d. Coment\u00f3 que de cada diez ingresantes a la universidad uno termina su carrera. En el caso de los sectores de bajos recursos, s\u00f3lo lo logra uno de cada cien (Esta es la verdadera grieta). Habl\u00f3 de la necesidad de evaluar la calidad educativa, pero no hizo menci\u00f3n a la necesidad de docentes bien pagos. Hoy el valor de la hora c\u00e1tedra es de 64 pesos.<br \/>\nLuego de firmar una bandera argentina que contiene las firmas de quienes lo precedieron del 83 a la fecha, dej\u00f3 la ciudad. Hace un a\u00f1o atr\u00e1s, de visita a Rosario como candidato presidencial, a horas de recibir el apoyo de los radicales en Gualeguaych\u00fa, me dijo: \u201cF\u00f3rmula propia y Gobierno propio\u201d. La centenaria Uni\u00f3n C\u00edvica Radical no quiso escuchar.<\/p>\n<p><strong>Fuente:<\/strong> http:\/\/opinion.infobae.com.<\/p>\n","protected":false},"excerpt":{"rendered":"<p>Por Mar\u00eda Herminia Grande.- El t\u00edtulo de estas horas se resume en el gran amateurismo que evidencian los distintos sectores [&hellip;]<\/p>\n","protected":false},"author":2,"featured_media":0,"comment_status":"open","ping_status":"closed","sticky":false,"template":"","format":"standard","meta":{"site-sidebar-layout":"default","site-content-layout":"","ast-site-content-layout":"default","site-content-style":"default","site-sidebar-style":"default","ast-global-header-display":"","ast-banner-title-visibility":"","ast-main-header-display":"","ast-hfb-above-header-display":"","ast-hfb-below-header-display":"","ast-hfb-mobile-header-display":"","site-post-title":"","ast-breadcrumbs-content":"","ast-featured-img":"","footer-sml-layout":"","ast-disable-related-posts":"","theme-transparent-header-meta":"","adv-header-id-meta":"","stick-header-meta":"","header-above-stick-meta":"","header-main-stick-meta":"","header-below-stick-meta":"","astra-migrate-meta-layouts":"default","ast-page-background-enabled":"default","ast-page-background-meta":{"desktop":{"background-color":"var(--ast-global-color-4)","background-image":"","background-repeat":"repeat","background-position":"center center","background-size":"auto","background-attachment":"scroll","background-type":"","background-media":"","overlay-type":"","overlay-color":"","overlay-opacity":"","overlay-gradient":""},"tablet":{"background-color":"","background-image":"","background-repeat":"repeat","background-position":"center center","background-size":"auto","background-attachment":"scroll","background-type":"","background-media":"","overlay-type":"","overlay-color":"","overlay-opacity":"","overlay-gradient":""},"mobile":{"background-color":"","background-image":"","background-repeat":"repeat","background-position":"center center","background-size":"auto","background-attachment":"scroll","background-type":"","background-media":"","overlay-type":"","overlay-color":"","overlay-opacity":"","overlay-gradient":""}},"ast-content-background-meta":{"desktop":{"background-color":"var(--ast-global-color-5)","background-image":"","background-repeat":"repeat","background-position":"center center","background-size":"auto","background-attachment":"scroll","background-type":"","background-media":"","overlay-type":"","overlay-color":"","overlay-opacity":"","overlay-gradient":""},"tablet":{"background-color":"var(--ast-global-color-5)","background-image":"","background-repeat":"repeat","background-position":"center center","background-size":"auto","background-attachment":"scroll","background-type":"","background-media":"","overlay-type":"","overlay-color":"","overlay-opacity":"","overlay-gradient":""},"mobile":{"background-color":"var(--ast-global-color-5)","background-image":"","background-repeat":"repeat","background-position":"center center","background-size":"auto","background-attachment":"scroll","background-type":"","background-media":"","overlay-type":"","overlay-color":"","overlay-opacity":"","overlay-gradient":""}},"footnotes":""},"categories":[5],"tags":[5446],"class_list":["post-4418","post","type-post","status-publish","format-standard","hentry","category-politica","tag-triangulo-politico"],"yoast_head":"<!-- This site is optimized with the Yoast SEO plugin v23.2 - https:\/\/yoast.com\/wordpress\/plugins\/seo\/ -->\n<title>Tri\u00e1ngulo pol\u00edtico - Sabado 100<\/title>\n<meta name=\"robots\" content=\"index, follow, max-snippet:-1, max-image-preview:large, max-video-preview:-1\" \/>\n<link rel=\"canonical\" href=\"https:\/\/sabado100.com.ar\/es-ar\/triangulo-politico\/\" \/>\n<meta property=\"og:locale\" content=\"es_ES\" \/>\n<meta property=\"og:type\" content=\"article\" \/>\n<meta property=\"og:title\" content=\"Tri\u00e1ngulo pol\u00edtico - Sabado 100\" \/>\n<meta property=\"og:description\" content=\"Por Mar\u00eda Herminia Grande.- El t\u00edtulo de estas horas se resume en el gran amateurismo que evidencian los distintos sectores [&hellip;]\" \/>\n<meta property=\"og:url\" content=\"https:\/\/sabado100.com.ar\/es-ar\/triangulo-politico\/\" \/>\n<meta property=\"og:site_name\" content=\"Sabado 100\" \/>\n<meta property=\"article:publisher\" content=\"https:\/\/www.facebook.com\/sabadocien\/\" \/>\n<meta property=\"article:published_time\" content=\"2016-03-16T23:04:53+00:00\" \/>\n<meta name=\"author\" content=\"sabado cien\" \/>\n<meta name=\"twitter:card\" content=\"summary_large_image\" \/>\n<meta name=\"twitter:label1\" content=\"Escrito por\" \/>\n\t<meta name=\"twitter:data1\" content=\"sabado cien\" \/>\n\t<meta name=\"twitter:label2\" content=\"Tiempo de lectura\" \/>\n\t<meta name=\"twitter:data2\" content=\"5 minutos\" \/>\n<script type=\"application\/ld+json\" class=\"yoast-schema-graph\">{\"@context\":\"https:\/\/schema.org\",\"@graph\":[{\"@type\":\"Article\",\"@id\":\"https:\/\/sabado100.com.ar\/es-ar\/triangulo-politico\/#article\",\"isPartOf\":{\"@id\":\"https:\/\/sabado100.com.ar\/es-ar\/triangulo-politico\/\"},\"author\":{\"name\":\"sabado cien\",\"@id\":\"https:\/\/sabado100.com.ar\/es-ar\/#\/schema\/person\/58e38b918ef4e44b11398f25d4684c6d\"},\"headline\":\"Tri\u00e1ngulo pol\u00edtico\",\"datePublished\":\"2016-03-16T23:04:53+00:00\",\"dateModified\":\"2016-03-16T23:04:53+00:00\",\"mainEntityOfPage\":{\"@id\":\"https:\/\/sabado100.com.ar\/es-ar\/triangulo-politico\/\"},\"wordCount\":1015,\"commentCount\":0,\"publisher\":{\"@id\":\"https:\/\/sabado100.com.ar\/es-ar\/#organization\"},\"keywords\":[\"Tri\u00e1ngulo pol\u00edtico\"],\"articleSection\":[\"Pol\u00edtica\"],\"inLanguage\":\"es\",\"potentialAction\":[{\"@type\":\"CommentAction\",\"name\":\"Comment\",\"target\":[\"https:\/\/sabado100.com.ar\/es-ar\/triangulo-politico\/#respond\"]}]},{\"@type\":\"WebPage\",\"@id\":\"https:\/\/sabado100.com.ar\/es-ar\/triangulo-politico\/\",\"url\":\"https:\/\/sabado100.com.ar\/es-ar\/triangulo-politico\/\",\"name\":\"Tri\u00e1ngulo pol\u00edtico - Sabado 100\",\"isPartOf\":{\"@id\":\"https:\/\/sabado100.com.ar\/es-ar\/#website\"},\"datePublished\":\"2016-03-16T23:04:53+00:00\",\"dateModified\":\"2016-03-16T23:04:53+00:00\",\"breadcrumb\":{\"@id\":\"https:\/\/sabado100.com.ar\/es-ar\/triangulo-politico\/#breadcrumb\"},\"inLanguage\":\"es\",\"potentialAction\":[{\"@type\":\"ReadAction\",\"target\":[\"https:\/\/sabado100.com.ar\/es-ar\/triangulo-politico\/\"]}]},{\"@type\":\"BreadcrumbList\",\"@id\":\"https:\/\/sabado100.com.ar\/es-ar\/triangulo-politico\/#breadcrumb\",\"itemListElement\":[{\"@type\":\"ListItem\",\"position\":1,\"name\":\"Portada\",\"item\":\"https:\/\/sabado100.com.ar\/es-ar\/\"},{\"@type\":\"ListItem\",\"position\":2,\"name\":\"Tri\u00e1ngulo pol\u00edtico\"}]},{\"@type\":\"WebSite\",\"@id\":\"https:\/\/sabado100.com.ar\/es-ar\/#website\",\"url\":\"https:\/\/sabado100.com.ar\/es-ar\/\",\"name\":\"Sabado 100\",\"description\":\"\",\"publisher\":{\"@id\":\"https:\/\/sabado100.com.ar\/es-ar\/#organization\"},\"potentialAction\":[{\"@type\":\"SearchAction\",\"target\":{\"@type\":\"EntryPoint\",\"urlTemplate\":\"https:\/\/sabado100.com.ar\/es-ar\/?s={search_term_string}\"},\"query-input\":\"required name=search_term_string\"}],\"inLanguage\":\"es\"},{\"@type\":\"Organization\",\"@id\":\"https:\/\/sabado100.com.ar\/es-ar\/#organization\",\"name\":\"Sabado 100\",\"url\":\"https:\/\/sabado100.com.ar\/es-ar\/\",\"logo\":{\"@type\":\"ImageObject\",\"inLanguage\":\"es\",\"@id\":\"https:\/\/sabado100.com.ar\/es-ar\/#\/schema\/logo\/image\/\",\"url\":\"https:\/\/sabado100.com.ar\/es-ar\/wp-content\/uploads\/2024\/04\/logo3.jpg\",\"contentUrl\":\"https:\/\/sabado100.com.ar\/es-ar\/wp-content\/uploads\/2024\/04\/logo3.jpg\",\"width\":300,\"height\":174,\"caption\":\"Sabado 100\"},\"image\":{\"@id\":\"https:\/\/sabado100.com.ar\/es-ar\/#\/schema\/logo\/image\/\"},\"sameAs\":[\"https:\/\/www.facebook.com\/sabadocien\/\",\"https:\/\/www.instagram.com\/sabado100.com.ar\/\",\"https:\/\/www.youtube.com\/@sabado1003\"]},{\"@type\":\"Person\",\"@id\":\"https:\/\/sabado100.com.ar\/es-ar\/#\/schema\/person\/58e38b918ef4e44b11398f25d4684c6d\",\"name\":\"sabado cien\",\"image\":{\"@type\":\"ImageObject\",\"inLanguage\":\"es\",\"@id\":\"https:\/\/sabado100.com.ar\/es-ar\/#\/schema\/person\/image\/\",\"url\":\"https:\/\/sabado100.com.ar\/es-ar\/wp-content\/litespeed\/avatar\/484bccfbd493fbb703b0f1b8113dad61.jpg?ver=1787731622\",\"contentUrl\":\"https:\/\/sabado100.com.ar\/es-ar\/wp-content\/litespeed\/avatar\/484bccfbd493fbb703b0f1b8113dad61.jpg?ver=1787731622\",\"caption\":\"sabado cien\"},\"url\":\"https:\/\/sabado100.com.ar\/es-ar\/author\/sabado100\/\"}]}<\/script>\n<!-- \/ Yoast SEO plugin. -->","yoast_head_json":{"title":"Tri\u00e1ngulo pol\u00edtico - Sabado 100","robots":{"index":"index","follow":"follow","max-snippet":"max-snippet:-1","max-image-preview":"max-image-preview:large","max-video-preview":"max-video-preview:-1"},"canonical":"https:\/\/sabado100.com.ar\/es-ar\/triangulo-politico\/","og_locale":"es_ES","og_type":"article","og_title":"Tri\u00e1ngulo pol\u00edtico - Sabado 100","og_description":"Por Mar\u00eda Herminia Grande.- El t\u00edtulo de estas horas se resume en el gran amateurismo que evidencian los distintos sectores [&hellip;]","og_url":"https:\/\/sabado100.com.ar\/es-ar\/triangulo-politico\/","og_site_name":"Sabado 100","article_publisher":"https:\/\/www.facebook.com\/sabadocien\/","article_published_time":"2016-03-16T23:04:53+00:00","author":"sabado cien","twitter_card":"summary_large_image","twitter_misc":{"Escrito por":"sabado cien","Tiempo de lectura":"5 minutos"},"schema":{"@context":"https:\/\/schema.org","@graph":[{"@type":"Article","@id":"https:\/\/sabado100.com.ar\/es-ar\/triangulo-politico\/#article","isPartOf":{"@id":"https:\/\/sabado100.com.ar\/es-ar\/triangulo-politico\/"},"author":{"name":"sabado cien","@id":"https:\/\/sabado100.com.ar\/es-ar\/#\/schema\/person\/58e38b918ef4e44b11398f25d4684c6d"},"headline":"Tri\u00e1ngulo pol\u00edtico","datePublished":"2016-03-16T23:04:53+00:00","dateModified":"2016-03-16T23:04:53+00:00","mainEntityOfPage":{"@id":"https:\/\/sabado100.com.ar\/es-ar\/triangulo-politico\/"},"wordCount":1015,"commentCount":0,"publisher":{"@id":"https:\/\/sabado100.com.ar\/es-ar\/#organization"},"keywords":["Tri\u00e1ngulo pol\u00edtico"],"articleSection":["Pol\u00edtica"],"inLanguage":"es","potentialAction":[{"@type":"CommentAction","name":"Comment","target":["https:\/\/sabado100.com.ar\/es-ar\/triangulo-politico\/#respond"]}]},{"@type":"WebPage","@id":"https:\/\/sabado100.com.ar\/es-ar\/triangulo-politico\/","url":"https:\/\/sabado100.com.ar\/es-ar\/triangulo-politico\/","name":"Tri\u00e1ngulo pol\u00edtico - Sabado 100","isPartOf":{"@id":"https:\/\/sabado100.com.ar\/es-ar\/#website"},"datePublished":"2016-03-16T23:04:53+00:00","dateModified":"2016-03-16T23:04:53+00:00","breadcrumb":{"@id":"https:\/\/sabado100.com.ar\/es-ar\/triangulo-politico\/#breadcrumb"},"inLanguage":"es","potentialAction":[{"@type":"ReadAction","target":["https:\/\/sabado100.com.ar\/es-ar\/triangulo-politico\/"]}]},{"@type":"BreadcrumbList","@id":"https:\/\/sabado100.com.ar\/es-ar\/triangulo-politico\/#breadcrumb","itemListElement":[{"@type":"ListItem","position":1,"name":"Portada","item":"https:\/\/sabado100.com.ar\/es-ar\/"},{"@type":"ListItem","position":2,"name":"Tri\u00e1ngulo pol\u00edtico"}]},{"@type":"WebSite","@id":"https:\/\/sabado100.com.ar\/es-ar\/#website","url":"https:\/\/sabado100.com.ar\/es-ar\/","name":"Sabado 100","description":"","publisher":{"@id":"https:\/\/sabado100.com.ar\/es-ar\/#organization"},"potentialAction":[{"@type":"SearchAction","target":{"@type":"EntryPoint","urlTemplate":"https:\/\/sabado100.com.ar\/es-ar\/?s={search_term_string}"},"query-input":"required name=search_term_string"}],"inLanguage":"es"},{"@type":"Organization","@id":"https:\/\/sabado100.com.ar\/es-ar\/#organization","name":"Sabado 100","url":"https:\/\/sabado100.com.ar\/es-ar\/","logo":{"@type":"ImageObject","inLanguage":"es","@id":"https:\/\/sabado100.com.ar\/es-ar\/#\/schema\/logo\/image\/","url":"https:\/\/sabado100.com.ar\/es-ar\/wp-content\/uploads\/2024\/04\/logo3.jpg","contentUrl":"https:\/\/sabado100.com.ar\/es-ar\/wp-content\/uploads\/2024\/04\/logo3.jpg","width":300,"height":174,"caption":"Sabado 100"},"image":{"@id":"https:\/\/sabado100.com.ar\/es-ar\/#\/schema\/logo\/image\/"},"sameAs":["https:\/\/www.facebook.com\/sabadocien\/","https:\/\/www.instagram.com\/sabado100.com.ar\/","https:\/\/www.youtube.com\/@sabado1003"]},{"@type":"Person","@id":"https:\/\/sabado100.com.ar\/es-ar\/#\/schema\/person\/58e38b918ef4e44b11398f25d4684c6d","name":"sabado cien","image":{"@type":"ImageObject","inLanguage":"es","@id":"https:\/\/sabado100.com.ar\/es-ar\/#\/schema\/person\/image\/","url":"https:\/\/sabado100.com.ar\/es-ar\/wp-content\/litespeed\/avatar\/484bccfbd493fbb703b0f1b8113dad61.jpg?ver=1787731622","contentUrl":"https:\/\/sabado100.com.ar\/es-ar\/wp-content\/litespeed\/avatar\/484bccfbd493fbb703b0f1b8113dad61.jpg?ver=1787731622","caption":"sabado cien"},"url":"https:\/\/sabado100.com.ar\/es-ar\/author\/sabado100\/"}]}},"_links":{"self":[{"href":"https:\/\/sabado100.com.ar\/es-ar\/wp-json\/wp\/v2\/posts\/4418","targetHints":{"allow":["GET"]}}],"collection":[{"href":"https:\/\/sabado100.com.ar\/es-ar\/wp-json\/wp\/v2\/posts"}],"about":[{"href":"https:\/\/sabado100.com.ar\/es-ar\/wp-json\/wp\/v2\/types\/post"}],"author":[{"embeddable":true,"href":"https:\/\/sabado100.com.ar\/es-ar\/wp-json\/wp\/v2\/users\/2"}],"replies":[{"embeddable":true,"href":"https:\/\/sabado100.com.ar\/es-ar\/wp-json\/wp\/v2\/comments?post=4418"}],"version-history":[{"count":0,"href":"https:\/\/sabado100.com.ar\/es-ar\/wp-json\/wp\/v2\/posts\/4418\/revisions"}],"wp:attachment":[{"href":"https:\/\/sabado100.com.ar\/es-ar\/wp-json\/wp\/v2\/media?parent=4418"}],"wp:term":[{"taxonomy":"category","embeddable":true,"href":"https:\/\/sabado100.com.ar\/es-ar\/wp-json\/wp\/v2\/categories?post=4418"},{"taxonomy":"post_tag","embeddable":true,"href":"https:\/\/sabado100.com.ar\/es-ar\/wp-json\/wp\/v2\/tags?post=4418"}],"curies":[{"name":"wp","href":"https:\/\/api.w.org\/{rel}","templated":true}]}}