{"id":4400,"date":"2016-02-27T22:03:44","date_gmt":"2016-02-27T20:03:44","guid":{"rendered":"https:\/\/www.sabado100.com.ar\/?p=4400"},"modified":"2024-06-30T22:41:31","modified_gmt":"2024-06-30T22:41:31","slug":"el-legado-que-nos-deja-el-dr-omar-vecchioli-2","status":"publish","type":"post","link":"https:\/\/sabado100.com.ar\/es-ar\/el-legado-que-nos-deja-el-dr-omar-vecchioli-2\/","title":{"rendered":"El legado que nos deja el Dr. Omar Vecchioli"},"content":{"rendered":"<p><strong>Por Emilio Grande (h.).-<\/strong> A decir verdad, fueron muy emotivas las ceremonias en la tarde de anteayer para despedir los restos de Omar Vecchioli, tanto en el oficio religioso en la Catedral San Rafael presidido por el presb\u00edtero Faustino Torralbo como en el cementerio municipal, con el acompa\u00f1amiento de numerosos familiares y amigos que supo cosechar a lo largo de 78 a\u00f1os.<br \/>\nPrevio a colocar el f\u00e9retro en el pante\u00f3n de la familia Vecchioli, donde tambi\u00e9n descansan los restos de su pap\u00e1, el poeta Mario, hubo varios discursos profundamente desde el coraz\u00f3n, que provocaron l\u00e1grimas y coronados por los aplausos de los presentes.<br \/>\nEn la oportunidad, hablaron Eduardo Gays (por el Club Atl\u00e9tico), Edgardo Allochis (por la UCSE DAR), Ricardo Tettamanti (por los amigos), Juan Soldano, Andrea y Bruno (hija y nieta del fallecido) leyeron el poema \u00abCasi un adi\u00f3s\u00bb de Mario Vecchioli: \u00ab(&#8230;) pienso en el hombre\/ que me suceder\u00e1 tras la partida. (&#8230;) Me bastar\u00e1 saber que existo\/ a\u00fan m\u00e1s all\u00e1 de esta existencia misma!\u00bb&#8230;<br \/>\nCuando parec\u00eda que no hab\u00eda nada m\u00e1s que decir, cerr\u00f3 la postrer despedida su esposa Rosa Albrecht, quien agradeci\u00f3 a todos los oradores, recordando palabras de Omar: \u00abcada vez tengo menos amigos porque se van muriendo y no habr\u00e1 nadie que hable en mi despedida&#8230;\u00bb.<\/p>\n<p><strong>Testimonio personal<\/strong><\/p>\n<p>\u00bfCu\u00e1l es el legado que nos deja?<br \/>\nLo conoc\u00ed a Omar hace muchos a\u00f1os, la primera vez que lo escuch\u00e9 hablar fue el 4 de agosto de 1985 durante el acto de descubrimiento de la placa de la sala de sesiones de la Liga Rafaelina de F\u00fatbol \u00abRafael R. Actis\u00bb, mi recordado nono, quien fuera presidente de la entidad durante 17 a\u00f1os.<br \/>\n\u00abLa grandeza del dirigente reside en servir sin otro premio que el de la estimaci\u00f3n de sus conciudadanos. Y esta actitud que debiera ser rectora en todos nuestros actos, es frecuentemente olvidada por aquellos que mimetizando su labor en el inter\u00e9s personal, usan las jerarqu\u00edas y los cargos para el logro de sus beneficios sectarios\u00bb, destac\u00f3 en esa ma\u00f1ana fr\u00eda de domingo invernal.<br \/>\nEn medio de la crisis profunda que vive hoy la sociedad, Omar fue una persona excepcional: m\u00e1s all\u00e1 de su extensa trayectoria en el Poder Judicial, fue un ejemplo para sus pares, muchas veces presionados por el poder y sometidos a mezquinos intereses pol\u00edticos y econ\u00f3micos. Vecchioli fue un jurista ecu\u00e1nime, probo, estudioso del Derecho, cr\u00edtico en sus fallos, siempre buscando el bien com\u00fan y velando por los m\u00e1s despose\u00eddos. Era un amante de la vida, defensor de la naturaleza y muy familiero.<br \/>\nEl secreto de su formaci\u00f3n estuvo en su cuna familiar, con acceso a libros y discos heterog\u00e9neos que le dieron una cultura general como pocos, en los valores recibidos de los hermanos maristas en el Colegio San Jos\u00e9, con una educaci\u00f3n integral, como as\u00ed tambi\u00e9n su participaci\u00f3n en distintas entidades de nuestra ciudad, con una vocaci\u00f3n de servicio inconfundible.<br \/>\n\u00abEn un sistema pol\u00edtico y de convivencia social como es la democracia, el derecho de expresar libremente las ideas, los pensamientos y las opiniones constituye un instrumento indiscutible para afirmar que la discusi\u00f3n de los distintos criterios asignar\u00e1n las conclusiones que afiancen el bien com\u00fan\u00bb, hab\u00eda expresado Omar durante el panel-debate sobre el tema \u00abLibertad de expresi\u00f3n\u00bb el 28 de octubre de 1998, en el Sal\u00f3n Verde del Municipio, organizado por la Universidad Cat\u00f3lica de Santiago del Estero sede Rafaela, siendo tambi\u00e9n panelistas Marco Antonio Terragni, Juan Pablo Gonz\u00e1lez y quien firma esta cr\u00f3nica, actuando de moderador Hugo Degiovanni.<br \/>\nEn este marco de opiniones diversas, tuvimos un peque\u00f1o encontronazo en una ocasi\u00f3n. Corr\u00eda el 2004, Atl\u00e9tico peligraba la permanencia en primera divisi\u00f3n y los jugadores no conced\u00edan entrevistas a los periodistas locales por sus cr\u00edticas al equipo, pero no ocurr\u00eda lo mismo con colegas provinciales y nacionales. A pedido del desaparecido Sergio Oregioni, el C\u00edrculo de la Prensa de Rafaela, que en ese momento yo presid\u00eda, emiti\u00f3 un comunicado que tuvo repercusi\u00f3n nacional (en los diarios La Naci\u00f3n y Clar\u00edn), pero cay\u00f3 mal en la dirigencia albiceleste, a tal punto que el propio Omar fue traicionado por su pasi\u00f3n de hincha. Pasado un tiempo, la amistad fue retomada y profundizada.<br \/>\nLos encuentros se sucedieron en distintos lugares: el Diario, mi programa de radio, la Universidad Cat\u00f3lica, las misas en la Catedral, \u00faltimamente en la panader\u00eda Grimaldi para hablar de crisis de valores, pol\u00edtica, periodismo, f\u00fatbol, su reciente viaje a Cuba, entre otros. La \u00faltima charla que tuvimos fue a mediados de diciembre \u00faltimo, lo vi un poco desmejorado por su deteriorada salud, pero siempre locuaz, conversador con un alg\u00fan tema para intercambiar.<br \/>\nOmar Vecchioli fue un amigo entra\u00f1able, con su hombr\u00eda de bien y consejos certeros. Ahora estar\u00e1, quiz\u00e1s, conversando con su padre Mario sobre alg\u00fan papel que encontr\u00f3 de su extenso archivo antes de partir&#8230;<br \/>\nComo era una persona creyente, pido una oraci\u00f3n por su eterno descanso y un especial acompa\u00f1amiento para su familia.<\/p>\n<p><strong>Fuente:<\/strong> diario La Opini\u00f3n, Rafaela, 27 de febrero de 2016.<\/p>\n","protected":false},"excerpt":{"rendered":"<p>Omar Vecchioli fue un amigo entra\u00f1able, con su hombr\u00eda de bien y consejos certeros. Ahora estar\u00e1, quiz\u00e1s, conversando con su padre Mario sobre alg\u00fan papel que encontr\u00f3 de su extenso archivo antes de partir&#8230;<\/p>\n","protected":false},"author":2,"featured_media":27975,"comment_status":"open","ping_status":"closed","sticky":false,"template":"","format":"standard","meta":{"site-sidebar-layout":"default","site-content-layout":"","ast-site-content-layout":"default","site-content-style":"default","site-sidebar-style":"default","ast-global-header-display":"","ast-banner-title-visibility":"","ast-main-header-display":"","ast-hfb-above-header-display":"","ast-hfb-below-header-display":"","ast-hfb-mobile-header-display":"","site-post-title":"","ast-breadcrumbs-content":"","ast-featured-img":"","footer-sml-layout":"","ast-disable-related-posts":"","theme-transparent-header-meta":"","adv-header-id-meta":"","stick-header-meta":"","header-above-stick-meta":"","header-main-stick-meta":"","header-below-stick-meta":"","astra-migrate-meta-layouts":"default","ast-page-background-enabled":"default","ast-page-background-meta":{"desktop":{"background-color":"var(--ast-global-color-4)","background-image":"","background-repeat":"repeat","background-position":"center center","background-size":"auto","background-attachment":"scroll","background-type":"","background-media":"","overlay-type":"","overlay-color":"","overlay-opacity":"","overlay-gradient":""},"tablet":{"background-color":"","background-image":"","background-repeat":"repeat","background-position":"center center","background-size":"auto","background-attachment":"scroll","background-type":"","background-media":"","overlay-type":"","overlay-color":"","overlay-opacity":"","overlay-gradient":""},"mobile":{"background-color":"","background-image":"","background-repeat":"repeat","background-position":"center center","background-size":"auto","background-attachment":"scroll","background-type":"","background-media":"","overlay-type":"","overlay-color":"","overlay-opacity":"","overlay-gradient":""}},"ast-content-background-meta":{"desktop":{"background-color":"var(--ast-global-color-5)","background-image":"","background-repeat":"repeat","background-position":"center center","background-size":"auto","background-attachment":"scroll","background-type":"","background-media":"","overlay-type":"","overlay-color":"","overlay-opacity":"","overlay-gradient":""},"tablet":{"background-color":"var(--ast-global-color-5)","background-image":"","background-repeat":"repeat","background-position":"center center","background-size":"auto","background-attachment":"scroll","background-type":"","background-media":"","overlay-type":"","overlay-color":"","overlay-opacity":"","overlay-gradient":""},"mobile":{"background-color":"var(--ast-global-color-5)","background-image":"","background-repeat":"repeat","background-position":"center center","background-size":"auto","background-attachment":"scroll","background-type":"","background-media":"","overlay-type":"","overlay-color":"","overlay-opacity":"","overlay-gradient":""}},"footnotes":""},"categories":[4],"tags":[5441],"class_list":["post-4400","post","type-post","status-publish","format-standard","has-post-thumbnail","hentry","category-cultura-y-sociedad","tag-el-legado-que-nos-deja-el-dr-omar-vecchioli"],"yoast_head":"<!-- This site is optimized with the Yoast SEO plugin v23.2 - https:\/\/yoast.com\/wordpress\/plugins\/seo\/ -->\n<title>El legado que nos deja el Dr. Omar Vecchioli - Sabado 100<\/title>\n<meta name=\"robots\" content=\"index, follow, max-snippet:-1, max-image-preview:large, max-video-preview:-1\" \/>\n<link rel=\"canonical\" href=\"https:\/\/sabado100.com.ar\/es-ar\/el-legado-que-nos-deja-el-dr-omar-vecchioli-2\/\" \/>\n<meta property=\"og:locale\" content=\"es_ES\" \/>\n<meta property=\"og:type\" content=\"article\" \/>\n<meta property=\"og:title\" content=\"El legado que nos deja el Dr. Omar Vecchioli - Sabado 100\" \/>\n<meta property=\"og:description\" content=\"Omar Vecchioli fue un amigo entra\u00f1able, con su hombr\u00eda de bien y consejos certeros. Ahora estar\u00e1, quiz\u00e1s, conversando con su padre Mario sobre alg\u00fan papel que encontr\u00f3 de su extenso archivo antes de partir...\" \/>\n<meta property=\"og:url\" content=\"https:\/\/sabado100.com.ar\/es-ar\/el-legado-que-nos-deja-el-dr-omar-vecchioli-2\/\" \/>\n<meta property=\"og:site_name\" content=\"Sabado 100\" \/>\n<meta property=\"article:publisher\" content=\"https:\/\/www.facebook.com\/sabadocien\/\" \/>\n<meta property=\"article:published_time\" content=\"2016-02-27T20:03:44+00:00\" \/>\n<meta property=\"article:modified_time\" content=\"2024-06-30T22:41:31+00:00\" \/>\n<meta property=\"og:image\" content=\"https:\/\/sabado100.com.ar\/es-ar\/wp-content\/uploads\/2024\/06\/WhatsApp-Image-2024-06-30-at-19.40.59.jpeg\" \/>\n\t<meta property=\"og:image:width\" content=\"433\" \/>\n\t<meta property=\"og:image:height\" content=\"477\" \/>\n\t<meta property=\"og:image:type\" content=\"image\/jpeg\" \/>\n<meta name=\"author\" content=\"sabado cien\" \/>\n<meta name=\"twitter:card\" content=\"summary_large_image\" \/>\n<meta name=\"twitter:label1\" content=\"Escrito por\" \/>\n\t<meta name=\"twitter:data1\" content=\"sabado cien\" \/>\n\t<meta name=\"twitter:label2\" content=\"Tiempo de lectura\" \/>\n\t<meta name=\"twitter:data2\" content=\"4 minutos\" \/>\n<script type=\"application\/ld+json\" class=\"yoast-schema-graph\">{\"@context\":\"https:\/\/schema.org\",\"@graph\":[{\"@type\":\"Article\",\"@id\":\"https:\/\/sabado100.com.ar\/es-ar\/el-legado-que-nos-deja-el-dr-omar-vecchioli-2\/#article\",\"isPartOf\":{\"@id\":\"https:\/\/sabado100.com.ar\/es-ar\/el-legado-que-nos-deja-el-dr-omar-vecchioli-2\/\"},\"author\":{\"name\":\"sabado cien\",\"@id\":\"https:\/\/sabado100.com.ar\/es-ar\/#\/schema\/person\/58e38b918ef4e44b11398f25d4684c6d\"},\"headline\":\"El legado que nos deja el Dr. Omar Vecchioli\",\"datePublished\":\"2016-02-27T20:03:44+00:00\",\"dateModified\":\"2024-06-30T22:41:31+00:00\",\"mainEntityOfPage\":{\"@id\":\"https:\/\/sabado100.com.ar\/es-ar\/el-legado-que-nos-deja-el-dr-omar-vecchioli-2\/\"},\"wordCount\":900,\"commentCount\":0,\"publisher\":{\"@id\":\"https:\/\/sabado100.com.ar\/es-ar\/#organization\"},\"image\":{\"@id\":\"https:\/\/sabado100.com.ar\/es-ar\/el-legado-que-nos-deja-el-dr-omar-vecchioli-2\/#primaryimage\"},\"thumbnailUrl\":\"https:\/\/sabado100.com.ar\/es-ar\/wp-content\/uploads\/2024\/06\/WhatsApp-Image-2024-06-30-at-19.40.59.jpeg\",\"keywords\":[\"El legado que nos deja el Dr. Omar Vecchioli\"],\"articleSection\":[\"Cultura y Sociedad\"],\"inLanguage\":\"es\",\"potentialAction\":[{\"@type\":\"CommentAction\",\"name\":\"Comment\",\"target\":[\"https:\/\/sabado100.com.ar\/es-ar\/el-legado-que-nos-deja-el-dr-omar-vecchioli-2\/#respond\"]}]},{\"@type\":\"WebPage\",\"@id\":\"https:\/\/sabado100.com.ar\/es-ar\/el-legado-que-nos-deja-el-dr-omar-vecchioli-2\/\",\"url\":\"https:\/\/sabado100.com.ar\/es-ar\/el-legado-que-nos-deja-el-dr-omar-vecchioli-2\/\",\"name\":\"El legado que nos deja el Dr. Omar Vecchioli - Sabado 100\",\"isPartOf\":{\"@id\":\"https:\/\/sabado100.com.ar\/es-ar\/#website\"},\"primaryImageOfPage\":{\"@id\":\"https:\/\/sabado100.com.ar\/es-ar\/el-legado-que-nos-deja-el-dr-omar-vecchioli-2\/#primaryimage\"},\"image\":{\"@id\":\"https:\/\/sabado100.com.ar\/es-ar\/el-legado-que-nos-deja-el-dr-omar-vecchioli-2\/#primaryimage\"},\"thumbnailUrl\":\"https:\/\/sabado100.com.ar\/es-ar\/wp-content\/uploads\/2024\/06\/WhatsApp-Image-2024-06-30-at-19.40.59.jpeg\",\"datePublished\":\"2016-02-27T20:03:44+00:00\",\"dateModified\":\"2024-06-30T22:41:31+00:00\",\"breadcrumb\":{\"@id\":\"https:\/\/sabado100.com.ar\/es-ar\/el-legado-que-nos-deja-el-dr-omar-vecchioli-2\/#breadcrumb\"},\"inLanguage\":\"es\",\"potentialAction\":[{\"@type\":\"ReadAction\",\"target\":[\"https:\/\/sabado100.com.ar\/es-ar\/el-legado-que-nos-deja-el-dr-omar-vecchioli-2\/\"]}]},{\"@type\":\"ImageObject\",\"inLanguage\":\"es\",\"@id\":\"https:\/\/sabado100.com.ar\/es-ar\/el-legado-que-nos-deja-el-dr-omar-vecchioli-2\/#primaryimage\",\"url\":\"https:\/\/sabado100.com.ar\/es-ar\/wp-content\/uploads\/2024\/06\/WhatsApp-Image-2024-06-30-at-19.40.59.jpeg\",\"contentUrl\":\"https:\/\/sabado100.com.ar\/es-ar\/wp-content\/uploads\/2024\/06\/WhatsApp-Image-2024-06-30-at-19.40.59.jpeg\",\"width\":433,\"height\":477},{\"@type\":\"BreadcrumbList\",\"@id\":\"https:\/\/sabado100.com.ar\/es-ar\/el-legado-que-nos-deja-el-dr-omar-vecchioli-2\/#breadcrumb\",\"itemListElement\":[{\"@type\":\"ListItem\",\"position\":1,\"name\":\"Portada\",\"item\":\"https:\/\/sabado100.com.ar\/es-ar\/\"},{\"@type\":\"ListItem\",\"position\":2,\"name\":\"El legado que nos deja el Dr. Omar Vecchioli\"}]},{\"@type\":\"WebSite\",\"@id\":\"https:\/\/sabado100.com.ar\/es-ar\/#website\",\"url\":\"https:\/\/sabado100.com.ar\/es-ar\/\",\"name\":\"Sabado 100\",\"description\":\"\",\"publisher\":{\"@id\":\"https:\/\/sabado100.com.ar\/es-ar\/#organization\"},\"potentialAction\":[{\"@type\":\"SearchAction\",\"target\":{\"@type\":\"EntryPoint\",\"urlTemplate\":\"https:\/\/sabado100.com.ar\/es-ar\/?s={search_term_string}\"},\"query-input\":\"required name=search_term_string\"}],\"inLanguage\":\"es\"},{\"@type\":\"Organization\",\"@id\":\"https:\/\/sabado100.com.ar\/es-ar\/#organization\",\"name\":\"Sabado 100\",\"url\":\"https:\/\/sabado100.com.ar\/es-ar\/\",\"logo\":{\"@type\":\"ImageObject\",\"inLanguage\":\"es\",\"@id\":\"https:\/\/sabado100.com.ar\/es-ar\/#\/schema\/logo\/image\/\",\"url\":\"https:\/\/sabado100.com.ar\/es-ar\/wp-content\/uploads\/2024\/04\/logo3.jpg\",\"contentUrl\":\"https:\/\/sabado100.com.ar\/es-ar\/wp-content\/uploads\/2024\/04\/logo3.jpg\",\"width\":300,\"height\":174,\"caption\":\"Sabado 100\"},\"image\":{\"@id\":\"https:\/\/sabado100.com.ar\/es-ar\/#\/schema\/logo\/image\/\"},\"sameAs\":[\"https:\/\/www.facebook.com\/sabadocien\/\",\"https:\/\/www.instagram.com\/sabado100.com.ar\/\",\"https:\/\/www.youtube.com\/@sabado1003\"]},{\"@type\":\"Person\",\"@id\":\"https:\/\/sabado100.com.ar\/es-ar\/#\/schema\/person\/58e38b918ef4e44b11398f25d4684c6d\",\"name\":\"sabado cien\",\"image\":{\"@type\":\"ImageObject\",\"inLanguage\":\"es\",\"@id\":\"https:\/\/sabado100.com.ar\/es-ar\/#\/schema\/person\/image\/\",\"url\":\"https:\/\/sabado100.com.ar\/es-ar\/wp-content\/litespeed\/avatar\/484bccfbd493fbb703b0f1b8113dad61.jpg?ver=1787731622\",\"contentUrl\":\"https:\/\/sabado100.com.ar\/es-ar\/wp-content\/litespeed\/avatar\/484bccfbd493fbb703b0f1b8113dad61.jpg?ver=1787731622\",\"caption\":\"sabado cien\"},\"url\":\"https:\/\/sabado100.com.ar\/es-ar\/author\/sabado100\/\"}]}<\/script>\n<!-- \/ Yoast SEO plugin. -->","yoast_head_json":{"title":"El legado que nos deja el Dr. Omar Vecchioli - Sabado 100","robots":{"index":"index","follow":"follow","max-snippet":"max-snippet:-1","max-image-preview":"max-image-preview:large","max-video-preview":"max-video-preview:-1"},"canonical":"https:\/\/sabado100.com.ar\/es-ar\/el-legado-que-nos-deja-el-dr-omar-vecchioli-2\/","og_locale":"es_ES","og_type":"article","og_title":"El legado que nos deja el Dr. Omar Vecchioli - Sabado 100","og_description":"Omar Vecchioli fue un amigo entra\u00f1able, con su hombr\u00eda de bien y consejos certeros. Ahora estar\u00e1, quiz\u00e1s, conversando con su padre Mario sobre alg\u00fan papel que encontr\u00f3 de su extenso archivo antes de partir...","og_url":"https:\/\/sabado100.com.ar\/es-ar\/el-legado-que-nos-deja-el-dr-omar-vecchioli-2\/","og_site_name":"Sabado 100","article_publisher":"https:\/\/www.facebook.com\/sabadocien\/","article_published_time":"2016-02-27T20:03:44+00:00","article_modified_time":"2024-06-30T22:41:31+00:00","og_image":[{"width":433,"height":477,"url":"https:\/\/sabado100.com.ar\/es-ar\/wp-content\/uploads\/2024\/06\/WhatsApp-Image-2024-06-30-at-19.40.59.jpeg","type":"image\/jpeg"}],"author":"sabado cien","twitter_card":"summary_large_image","twitter_misc":{"Escrito por":"sabado cien","Tiempo de lectura":"4 minutos"},"schema":{"@context":"https:\/\/schema.org","@graph":[{"@type":"Article","@id":"https:\/\/sabado100.com.ar\/es-ar\/el-legado-que-nos-deja-el-dr-omar-vecchioli-2\/#article","isPartOf":{"@id":"https:\/\/sabado100.com.ar\/es-ar\/el-legado-que-nos-deja-el-dr-omar-vecchioli-2\/"},"author":{"name":"sabado cien","@id":"https:\/\/sabado100.com.ar\/es-ar\/#\/schema\/person\/58e38b918ef4e44b11398f25d4684c6d"},"headline":"El legado que nos deja el Dr. Omar Vecchioli","datePublished":"2016-02-27T20:03:44+00:00","dateModified":"2024-06-30T22:41:31+00:00","mainEntityOfPage":{"@id":"https:\/\/sabado100.com.ar\/es-ar\/el-legado-que-nos-deja-el-dr-omar-vecchioli-2\/"},"wordCount":900,"commentCount":0,"publisher":{"@id":"https:\/\/sabado100.com.ar\/es-ar\/#organization"},"image":{"@id":"https:\/\/sabado100.com.ar\/es-ar\/el-legado-que-nos-deja-el-dr-omar-vecchioli-2\/#primaryimage"},"thumbnailUrl":"https:\/\/sabado100.com.ar\/es-ar\/wp-content\/uploads\/2024\/06\/WhatsApp-Image-2024-06-30-at-19.40.59.jpeg","keywords":["El legado que nos deja el Dr. Omar Vecchioli"],"articleSection":["Cultura y Sociedad"],"inLanguage":"es","potentialAction":[{"@type":"CommentAction","name":"Comment","target":["https:\/\/sabado100.com.ar\/es-ar\/el-legado-que-nos-deja-el-dr-omar-vecchioli-2\/#respond"]}]},{"@type":"WebPage","@id":"https:\/\/sabado100.com.ar\/es-ar\/el-legado-que-nos-deja-el-dr-omar-vecchioli-2\/","url":"https:\/\/sabado100.com.ar\/es-ar\/el-legado-que-nos-deja-el-dr-omar-vecchioli-2\/","name":"El legado que nos deja el Dr. Omar Vecchioli - Sabado 100","isPartOf":{"@id":"https:\/\/sabado100.com.ar\/es-ar\/#website"},"primaryImageOfPage":{"@id":"https:\/\/sabado100.com.ar\/es-ar\/el-legado-que-nos-deja-el-dr-omar-vecchioli-2\/#primaryimage"},"image":{"@id":"https:\/\/sabado100.com.ar\/es-ar\/el-legado-que-nos-deja-el-dr-omar-vecchioli-2\/#primaryimage"},"thumbnailUrl":"https:\/\/sabado100.com.ar\/es-ar\/wp-content\/uploads\/2024\/06\/WhatsApp-Image-2024-06-30-at-19.40.59.jpeg","datePublished":"2016-02-27T20:03:44+00:00","dateModified":"2024-06-30T22:41:31+00:00","breadcrumb":{"@id":"https:\/\/sabado100.com.ar\/es-ar\/el-legado-que-nos-deja-el-dr-omar-vecchioli-2\/#breadcrumb"},"inLanguage":"es","potentialAction":[{"@type":"ReadAction","target":["https:\/\/sabado100.com.ar\/es-ar\/el-legado-que-nos-deja-el-dr-omar-vecchioli-2\/"]}]},{"@type":"ImageObject","inLanguage":"es","@id":"https:\/\/sabado100.com.ar\/es-ar\/el-legado-que-nos-deja-el-dr-omar-vecchioli-2\/#primaryimage","url":"https:\/\/sabado100.com.ar\/es-ar\/wp-content\/uploads\/2024\/06\/WhatsApp-Image-2024-06-30-at-19.40.59.jpeg","contentUrl":"https:\/\/sabado100.com.ar\/es-ar\/wp-content\/uploads\/2024\/06\/WhatsApp-Image-2024-06-30-at-19.40.59.jpeg","width":433,"height":477},{"@type":"BreadcrumbList","@id":"https:\/\/sabado100.com.ar\/es-ar\/el-legado-que-nos-deja-el-dr-omar-vecchioli-2\/#breadcrumb","itemListElement":[{"@type":"ListItem","position":1,"name":"Portada","item":"https:\/\/sabado100.com.ar\/es-ar\/"},{"@type":"ListItem","position":2,"name":"El legado que nos deja el Dr. Omar Vecchioli"}]},{"@type":"WebSite","@id":"https:\/\/sabado100.com.ar\/es-ar\/#website","url":"https:\/\/sabado100.com.ar\/es-ar\/","name":"Sabado 100","description":"","publisher":{"@id":"https:\/\/sabado100.com.ar\/es-ar\/#organization"},"potentialAction":[{"@type":"SearchAction","target":{"@type":"EntryPoint","urlTemplate":"https:\/\/sabado100.com.ar\/es-ar\/?s={search_term_string}"},"query-input":"required name=search_term_string"}],"inLanguage":"es"},{"@type":"Organization","@id":"https:\/\/sabado100.com.ar\/es-ar\/#organization","name":"Sabado 100","url":"https:\/\/sabado100.com.ar\/es-ar\/","logo":{"@type":"ImageObject","inLanguage":"es","@id":"https:\/\/sabado100.com.ar\/es-ar\/#\/schema\/logo\/image\/","url":"https:\/\/sabado100.com.ar\/es-ar\/wp-content\/uploads\/2024\/04\/logo3.jpg","contentUrl":"https:\/\/sabado100.com.ar\/es-ar\/wp-content\/uploads\/2024\/04\/logo3.jpg","width":300,"height":174,"caption":"Sabado 100"},"image":{"@id":"https:\/\/sabado100.com.ar\/es-ar\/#\/schema\/logo\/image\/"},"sameAs":["https:\/\/www.facebook.com\/sabadocien\/","https:\/\/www.instagram.com\/sabado100.com.ar\/","https:\/\/www.youtube.com\/@sabado1003"]},{"@type":"Person","@id":"https:\/\/sabado100.com.ar\/es-ar\/#\/schema\/person\/58e38b918ef4e44b11398f25d4684c6d","name":"sabado cien","image":{"@type":"ImageObject","inLanguage":"es","@id":"https:\/\/sabado100.com.ar\/es-ar\/#\/schema\/person\/image\/","url":"https:\/\/sabado100.com.ar\/es-ar\/wp-content\/litespeed\/avatar\/484bccfbd493fbb703b0f1b8113dad61.jpg?ver=1787731622","contentUrl":"https:\/\/sabado100.com.ar\/es-ar\/wp-content\/litespeed\/avatar\/484bccfbd493fbb703b0f1b8113dad61.jpg?ver=1787731622","caption":"sabado cien"},"url":"https:\/\/sabado100.com.ar\/es-ar\/author\/sabado100\/"}]}},"_links":{"self":[{"href":"https:\/\/sabado100.com.ar\/es-ar\/wp-json\/wp\/v2\/posts\/4400","targetHints":{"allow":["GET"]}}],"collection":[{"href":"https:\/\/sabado100.com.ar\/es-ar\/wp-json\/wp\/v2\/posts"}],"about":[{"href":"https:\/\/sabado100.com.ar\/es-ar\/wp-json\/wp\/v2\/types\/post"}],"author":[{"embeddable":true,"href":"https:\/\/sabado100.com.ar\/es-ar\/wp-json\/wp\/v2\/users\/2"}],"replies":[{"embeddable":true,"href":"https:\/\/sabado100.com.ar\/es-ar\/wp-json\/wp\/v2\/comments?post=4400"}],"version-history":[{"count":1,"href":"https:\/\/sabado100.com.ar\/es-ar\/wp-json\/wp\/v2\/posts\/4400\/revisions"}],"predecessor-version":[{"id":27974,"href":"https:\/\/sabado100.com.ar\/es-ar\/wp-json\/wp\/v2\/posts\/4400\/revisions\/27974"}],"wp:featuredmedia":[{"embeddable":true,"href":"https:\/\/sabado100.com.ar\/es-ar\/wp-json\/wp\/v2\/media\/27975"}],"wp:attachment":[{"href":"https:\/\/sabado100.com.ar\/es-ar\/wp-json\/wp\/v2\/media?parent=4400"}],"wp:term":[{"taxonomy":"category","embeddable":true,"href":"https:\/\/sabado100.com.ar\/es-ar\/wp-json\/wp\/v2\/categories?post=4400"},{"taxonomy":"post_tag","embeddable":true,"href":"https:\/\/sabado100.com.ar\/es-ar\/wp-json\/wp\/v2\/tags?post=4400"}],"curies":[{"name":"wp","href":"https:\/\/api.w.org\/{rel}","templated":true}]}}