{"id":4395,"date":"2016-02-27T21:41:42","date_gmt":"2016-02-27T19:41:42","guid":{"rendered":"https:\/\/www.sabado100.com.ar\/?p=4395"},"modified":"2016-02-27T21:41:42","modified_gmt":"2016-02-27T19:41:42","slug":"las-prioridades-definen-la-ideologia","status":"publish","type":"post","link":"https:\/\/sabado100.com.ar\/es-ar\/las-prioridades-definen-la-ideologia\/","title":{"rendered":"Las prioridades definen la ideolog\u00eda"},"content":{"rendered":"<p><strong>Por Mar\u00eda Herminia Grande.-<\/strong> Ayer, el presidente Mauricio Macri present\u00f3 un plan de modernizaci\u00f3n del Estado argentino. Dijo: \u201cAsumimos el compromiso de construir el Estado siglo XXI basado en la recuperaci\u00f3n de los recursos humanos, en la tecnolog\u00eda y en los procesos abiertos\u201d. Remat\u00f3 con la sentencia: \u201cEl objetivo es que Argentina est\u00e9 entre los diez pa\u00edses del mundo en acceso a la informaci\u00f3n y transparencia\u201d.<br \/>\nAnte los anuncios del Presidente, la sensaci\u00f3n es la de una foto de la fachada de una hermosa casa en la cual al ingresar hay grandes vac\u00edos, desorden, roturas. El Instituto Nacional de Estad\u00edstica y Censos (Indec) es un ejemplo claro de esto: el profesionalismo y la seriedad de Graciela Bevacqua no fueron priorizados. Los procesos de reconstituci\u00f3n y el tiempo de su recuperaci\u00f3n dependen, para utilizar un t\u00e9rmino m\u00e9dico, de cu\u00e1n grave est\u00e1 el paciente. Durante ocho a\u00f1os, al instituto se lo fue desarticulando; el tratamiento para su restablecimiento insum\u00eda s\u00f3lo el 1% de ese lapso.<br \/>\nLa paritaria nacional docente fue trabajada por el ministro Esteban Bullrich para lograr, a mi criterio, una base salarial acorde a los cimbronazos inflacionarios y tarifarios; en julio, seg\u00fan los actores de la paritaria, el ofrecimiento hac\u00eda que los docentes cobrasen un b\u00e1sico de 8.700 pesos. Ante este cifra, el 40,1%, que aislado parece importante, languidece. Es decir, todo debe tener dentro de las prioridades, un orden, un sujeto y un predicado.<br \/>\nSi el presidente Macri hablase a los argentinos con la verdad, no dudo que obtendr\u00eda m\u00e1s comprensi\u00f3n. Trasciende que con complicidad empresarial se autorizaron aumentos de precios despu\u00e9s del ballotage, trasciende que el d\u00e9ficit fiscal heredado por el nuevo Gobierno ronda el 7% del PBI. Trasciende que s\u00f3lo en celulares de la Casa Rosada la deuda ascend\u00eda a 400 millones de pesos. Trasciende, pero no lo dice el Presidente.<br \/>\nPara saber d\u00f3nde estamos parados, el Indec debe volver a ser cre\u00edble y constituirse en la columna vertebral de las discusiones num\u00e9ricas en nuestro pa\u00eds. De ser as\u00ed, no habr\u00eda inflaci\u00f3n por expectativas, sabr\u00edamos cu\u00e1l es la l\u00ednea de pobreza. \u00bfHoy cu\u00e1ntos trabajadores pobres tenemos? \u00bfHoy cu\u00e1ntos pobres y excluidos tenemos? \u00bfHoy cu\u00e1l deber\u00eda ser el salario m\u00ednimo vital y m\u00f3vil? \u00bfHoy cu\u00e1l es la canasta b\u00e1sica que permite a una familia vivir? \u00bfHoy cu\u00e1l deber\u00eda ser el haber m\u00ednimo de los jubilados, teniendo en cuenta que el 53% de ellos debe vivir con 4.900 pesos? \u00bfHoy cu\u00e1ntos argentinos son analfabetos? \u00bfHoy cu\u00e1ntos alfabetizados son analfabetos digitales? \u00bfHoy si el Presidente lograse tener el Estado siglo XXI que present\u00f3, con qu\u00e9 energ\u00eda nos conectar\u00edamos?<br \/>\nTener un Estado moderno es un objetivo que no admite mucha discusi\u00f3n. Sucede que primero debemos tener una naci\u00f3n con personas incluidas, con servicios b\u00e1sicos que funcionen.<br \/>\nEn pol\u00edtica, el orden de los factores s\u00ed altera el producto. El Presidente ha tenido gestos hacia distintos sectores, algunos necesarios, como la eliminaci\u00f3n de las retenciones del campo, otros discutidos, como la eliminaci\u00f3n de las retenciones a la miner\u00eda. Estas medidas provocan la p\u00e9rdida de recursos, de all\u00ed infiero la urgente necesidad de cumplir con lo sugerido por el juez Thomas Griesa. Claro que cuando se logre el acuerdo con los holdouts, lo que viene no es un milagro para la recuperaci\u00f3n argentina, sino un nuevo endeudamiento.<br \/>\nMientras tanto, el radicalismo, su socio principal, est\u00e1 en la etapa de observaci\u00f3n y reclamos. Un viejo conocedor de estas lides me dijo: \u201cHay que ver si Macri y el PRO tienen intenciones de tener una coalici\u00f3n de gobierno o si le interesa seguir el camino de Santa Fe. Hasta ahora es un gran interrogante, no obstante, el PRO nos trata mejor que el socialismo de Antonio Bonfatti\u201d.<br \/>\nEl gobernador Miguel Lifschitz y todo su gabinete reciben al diputado del Frente Renovador Sergio Massa, junto con la diputada Graciela Cama\u00f1o, el economista Aldo Pignanelli y el local Alejandro Grandinetti. La reuni\u00f3n fue ofrecida por este \u00faltimo al gobernador con intenci\u00f3n de aunar agendas legislativas. A Lifschitz no le viene nada mal a la hora de no estar tan desguarnecido ante los radicales. Hasta donde s\u00e9, el massismo tiene un acuerdo parlamentario con el Frente Amplio Progresista (FAP), no pol\u00edtico.<br \/>\nLas representatividades gremiales docentes esperar\u00e1n hasta el mi\u00e9rcoles una respuesta del Gobierno; no aceptar\u00e1n otra oferta que la propuesta por el ministro Bullrich. Lamentablemente este febrero bisiesto termina con mucho olor a paro.<\/p>\n<p><strong>Fuente:<\/strong> http:\/\/opinion.infobae.com\/,  23 de febrero de 2016.<\/p>\n","protected":false},"excerpt":{"rendered":"<p>Por Mar\u00eda Herminia Grande.- Ayer, el presidente Mauricio Macri present\u00f3 un plan de modernizaci\u00f3n del Estado argentino. Dijo: \u201cAsumimos el [&hellip;]<\/p>\n","protected":false},"author":2,"featured_media":0,"comment_status":"open","ping_status":"closed","sticky":false,"template":"","format":"standard","meta":{"site-sidebar-layout":"default","site-content-layout":"","ast-site-content-layout":"default","site-content-style":"default","site-sidebar-style":"default","ast-global-header-display":"","ast-banner-title-visibility":"","ast-main-header-display":"","ast-hfb-above-header-display":"","ast-hfb-below-header-display":"","ast-hfb-mobile-header-display":"","site-post-title":"","ast-breadcrumbs-content":"","ast-featured-img":"","footer-sml-layout":"","ast-disable-related-posts":"","theme-transparent-header-meta":"","adv-header-id-meta":"","stick-header-meta":"","header-above-stick-meta":"","header-main-stick-meta":"","header-below-stick-meta":"","astra-migrate-meta-layouts":"default","ast-page-background-enabled":"default","ast-page-background-meta":{"desktop":{"background-color":"var(--ast-global-color-4)","background-image":"","background-repeat":"repeat","background-position":"center center","background-size":"auto","background-attachment":"scroll","background-type":"","background-media":"","overlay-type":"","overlay-color":"","overlay-opacity":"","overlay-gradient":""},"tablet":{"background-color":"","background-image":"","background-repeat":"repeat","background-position":"center center","background-size":"auto","background-attachment":"scroll","background-type":"","background-media":"","overlay-type":"","overlay-color":"","overlay-opacity":"","overlay-gradient":""},"mobile":{"background-color":"","background-image":"","background-repeat":"repeat","background-position":"center center","background-size":"auto","background-attachment":"scroll","background-type":"","background-media":"","overlay-type":"","overlay-color":"","overlay-opacity":"","overlay-gradient":""}},"ast-content-background-meta":{"desktop":{"background-color":"var(--ast-global-color-5)","background-image":"","background-repeat":"repeat","background-position":"center center","background-size":"auto","background-attachment":"scroll","background-type":"","background-media":"","overlay-type":"","overlay-color":"","overlay-opacity":"","overlay-gradient":""},"tablet":{"background-color":"var(--ast-global-color-5)","background-image":"","background-repeat":"repeat","background-position":"center center","background-size":"auto","background-attachment":"scroll","background-type":"","background-media":"","overlay-type":"","overlay-color":"","overlay-opacity":"","overlay-gradient":""},"mobile":{"background-color":"var(--ast-global-color-5)","background-image":"","background-repeat":"repeat","background-position":"center center","background-size":"auto","background-attachment":"scroll","background-type":"","background-media":"","overlay-type":"","overlay-color":"","overlay-opacity":"","overlay-gradient":""}},"footnotes":""},"categories":[5],"tags":[5440],"class_list":["post-4395","post","type-post","status-publish","format-standard","hentry","category-politica","tag-las-prioridades-definen-la-ideologia"],"yoast_head":"<!-- This site is optimized with the Yoast SEO plugin v23.2 - https:\/\/yoast.com\/wordpress\/plugins\/seo\/ -->\n<title>Las prioridades definen la ideolog\u00eda - Sabado 100<\/title>\n<meta name=\"robots\" content=\"index, follow, max-snippet:-1, max-image-preview:large, max-video-preview:-1\" \/>\n<link rel=\"canonical\" href=\"https:\/\/sabado100.com.ar\/es-ar\/las-prioridades-definen-la-ideologia\/\" \/>\n<meta property=\"og:locale\" content=\"es_ES\" \/>\n<meta property=\"og:type\" content=\"article\" \/>\n<meta property=\"og:title\" content=\"Las prioridades definen la ideolog\u00eda - Sabado 100\" \/>\n<meta property=\"og:description\" content=\"Por Mar\u00eda Herminia Grande.- Ayer, el presidente Mauricio Macri present\u00f3 un plan de modernizaci\u00f3n del Estado argentino. Dijo: \u201cAsumimos el [&hellip;]\" \/>\n<meta property=\"og:url\" content=\"https:\/\/sabado100.com.ar\/es-ar\/las-prioridades-definen-la-ideologia\/\" \/>\n<meta property=\"og:site_name\" content=\"Sabado 100\" \/>\n<meta property=\"article:publisher\" content=\"https:\/\/www.facebook.com\/sabadocien\/\" \/>\n<meta property=\"article:published_time\" content=\"2016-02-27T19:41:42+00:00\" \/>\n<meta name=\"author\" content=\"sabado cien\" \/>\n<meta name=\"twitter:card\" content=\"summary_large_image\" \/>\n<meta name=\"twitter:label1\" content=\"Escrito por\" \/>\n\t<meta name=\"twitter:data1\" content=\"sabado cien\" \/>\n\t<meta name=\"twitter:label2\" content=\"Tiempo de lectura\" \/>\n\t<meta name=\"twitter:data2\" content=\"4 minutos\" \/>\n<script type=\"application\/ld+json\" class=\"yoast-schema-graph\">{\"@context\":\"https:\/\/schema.org\",\"@graph\":[{\"@type\":\"Article\",\"@id\":\"https:\/\/sabado100.com.ar\/es-ar\/las-prioridades-definen-la-ideologia\/#article\",\"isPartOf\":{\"@id\":\"https:\/\/sabado100.com.ar\/es-ar\/las-prioridades-definen-la-ideologia\/\"},\"author\":{\"name\":\"sabado cien\",\"@id\":\"https:\/\/sabado100.com.ar\/es-ar\/#\/schema\/person\/58e38b918ef4e44b11398f25d4684c6d\"},\"headline\":\"Las prioridades definen la ideolog\u00eda\",\"datePublished\":\"2016-02-27T19:41:42+00:00\",\"dateModified\":\"2016-02-27T19:41:42+00:00\",\"mainEntityOfPage\":{\"@id\":\"https:\/\/sabado100.com.ar\/es-ar\/las-prioridades-definen-la-ideologia\/\"},\"wordCount\":802,\"commentCount\":0,\"publisher\":{\"@id\":\"https:\/\/sabado100.com.ar\/es-ar\/#organization\"},\"keywords\":[\"Las prioridades definen la ideolog\u00eda\"],\"articleSection\":[\"Pol\u00edtica\"],\"inLanguage\":\"es\",\"potentialAction\":[{\"@type\":\"CommentAction\",\"name\":\"Comment\",\"target\":[\"https:\/\/sabado100.com.ar\/es-ar\/las-prioridades-definen-la-ideologia\/#respond\"]}]},{\"@type\":\"WebPage\",\"@id\":\"https:\/\/sabado100.com.ar\/es-ar\/las-prioridades-definen-la-ideologia\/\",\"url\":\"https:\/\/sabado100.com.ar\/es-ar\/las-prioridades-definen-la-ideologia\/\",\"name\":\"Las prioridades definen la ideolog\u00eda - Sabado 100\",\"isPartOf\":{\"@id\":\"https:\/\/sabado100.com.ar\/es-ar\/#website\"},\"datePublished\":\"2016-02-27T19:41:42+00:00\",\"dateModified\":\"2016-02-27T19:41:42+00:00\",\"breadcrumb\":{\"@id\":\"https:\/\/sabado100.com.ar\/es-ar\/las-prioridades-definen-la-ideologia\/#breadcrumb\"},\"inLanguage\":\"es\",\"potentialAction\":[{\"@type\":\"ReadAction\",\"target\":[\"https:\/\/sabado100.com.ar\/es-ar\/las-prioridades-definen-la-ideologia\/\"]}]},{\"@type\":\"BreadcrumbList\",\"@id\":\"https:\/\/sabado100.com.ar\/es-ar\/las-prioridades-definen-la-ideologia\/#breadcrumb\",\"itemListElement\":[{\"@type\":\"ListItem\",\"position\":1,\"name\":\"Portada\",\"item\":\"https:\/\/sabado100.com.ar\/es-ar\/\"},{\"@type\":\"ListItem\",\"position\":2,\"name\":\"Las prioridades definen la ideolog\u00eda\"}]},{\"@type\":\"WebSite\",\"@id\":\"https:\/\/sabado100.com.ar\/es-ar\/#website\",\"url\":\"https:\/\/sabado100.com.ar\/es-ar\/\",\"name\":\"Sabado 100\",\"description\":\"\",\"publisher\":{\"@id\":\"https:\/\/sabado100.com.ar\/es-ar\/#organization\"},\"potentialAction\":[{\"@type\":\"SearchAction\",\"target\":{\"@type\":\"EntryPoint\",\"urlTemplate\":\"https:\/\/sabado100.com.ar\/es-ar\/?s={search_term_string}\"},\"query-input\":\"required name=search_term_string\"}],\"inLanguage\":\"es\"},{\"@type\":\"Organization\",\"@id\":\"https:\/\/sabado100.com.ar\/es-ar\/#organization\",\"name\":\"Sabado 100\",\"url\":\"https:\/\/sabado100.com.ar\/es-ar\/\",\"logo\":{\"@type\":\"ImageObject\",\"inLanguage\":\"es\",\"@id\":\"https:\/\/sabado100.com.ar\/es-ar\/#\/schema\/logo\/image\/\",\"url\":\"https:\/\/sabado100.com.ar\/es-ar\/wp-content\/uploads\/2024\/04\/logo3.jpg\",\"contentUrl\":\"https:\/\/sabado100.com.ar\/es-ar\/wp-content\/uploads\/2024\/04\/logo3.jpg\",\"width\":300,\"height\":174,\"caption\":\"Sabado 100\"},\"image\":{\"@id\":\"https:\/\/sabado100.com.ar\/es-ar\/#\/schema\/logo\/image\/\"},\"sameAs\":[\"https:\/\/www.facebook.com\/sabadocien\/\",\"https:\/\/www.instagram.com\/sabado100.com.ar\/\",\"https:\/\/www.youtube.com\/@sabado1003\"]},{\"@type\":\"Person\",\"@id\":\"https:\/\/sabado100.com.ar\/es-ar\/#\/schema\/person\/58e38b918ef4e44b11398f25d4684c6d\",\"name\":\"sabado cien\",\"image\":{\"@type\":\"ImageObject\",\"inLanguage\":\"es\",\"@id\":\"https:\/\/sabado100.com.ar\/es-ar\/#\/schema\/person\/image\/\",\"url\":\"https:\/\/sabado100.com.ar\/es-ar\/wp-content\/litespeed\/avatar\/484bccfbd493fbb703b0f1b8113dad61.jpg?ver=1787731622\",\"contentUrl\":\"https:\/\/sabado100.com.ar\/es-ar\/wp-content\/litespeed\/avatar\/484bccfbd493fbb703b0f1b8113dad61.jpg?ver=1787731622\",\"caption\":\"sabado cien\"},\"url\":\"https:\/\/sabado100.com.ar\/es-ar\/author\/sabado100\/\"}]}<\/script>\n<!-- \/ Yoast SEO plugin. -->","yoast_head_json":{"title":"Las prioridades definen la ideolog\u00eda - Sabado 100","robots":{"index":"index","follow":"follow","max-snippet":"max-snippet:-1","max-image-preview":"max-image-preview:large","max-video-preview":"max-video-preview:-1"},"canonical":"https:\/\/sabado100.com.ar\/es-ar\/las-prioridades-definen-la-ideologia\/","og_locale":"es_ES","og_type":"article","og_title":"Las prioridades definen la ideolog\u00eda - Sabado 100","og_description":"Por Mar\u00eda Herminia Grande.- Ayer, el presidente Mauricio Macri present\u00f3 un plan de modernizaci\u00f3n del Estado argentino. Dijo: \u201cAsumimos el [&hellip;]","og_url":"https:\/\/sabado100.com.ar\/es-ar\/las-prioridades-definen-la-ideologia\/","og_site_name":"Sabado 100","article_publisher":"https:\/\/www.facebook.com\/sabadocien\/","article_published_time":"2016-02-27T19:41:42+00:00","author":"sabado cien","twitter_card":"summary_large_image","twitter_misc":{"Escrito por":"sabado cien","Tiempo de lectura":"4 minutos"},"schema":{"@context":"https:\/\/schema.org","@graph":[{"@type":"Article","@id":"https:\/\/sabado100.com.ar\/es-ar\/las-prioridades-definen-la-ideologia\/#article","isPartOf":{"@id":"https:\/\/sabado100.com.ar\/es-ar\/las-prioridades-definen-la-ideologia\/"},"author":{"name":"sabado cien","@id":"https:\/\/sabado100.com.ar\/es-ar\/#\/schema\/person\/58e38b918ef4e44b11398f25d4684c6d"},"headline":"Las prioridades definen la ideolog\u00eda","datePublished":"2016-02-27T19:41:42+00:00","dateModified":"2016-02-27T19:41:42+00:00","mainEntityOfPage":{"@id":"https:\/\/sabado100.com.ar\/es-ar\/las-prioridades-definen-la-ideologia\/"},"wordCount":802,"commentCount":0,"publisher":{"@id":"https:\/\/sabado100.com.ar\/es-ar\/#organization"},"keywords":["Las prioridades definen la ideolog\u00eda"],"articleSection":["Pol\u00edtica"],"inLanguage":"es","potentialAction":[{"@type":"CommentAction","name":"Comment","target":["https:\/\/sabado100.com.ar\/es-ar\/las-prioridades-definen-la-ideologia\/#respond"]}]},{"@type":"WebPage","@id":"https:\/\/sabado100.com.ar\/es-ar\/las-prioridades-definen-la-ideologia\/","url":"https:\/\/sabado100.com.ar\/es-ar\/las-prioridades-definen-la-ideologia\/","name":"Las prioridades definen la ideolog\u00eda - Sabado 100","isPartOf":{"@id":"https:\/\/sabado100.com.ar\/es-ar\/#website"},"datePublished":"2016-02-27T19:41:42+00:00","dateModified":"2016-02-27T19:41:42+00:00","breadcrumb":{"@id":"https:\/\/sabado100.com.ar\/es-ar\/las-prioridades-definen-la-ideologia\/#breadcrumb"},"inLanguage":"es","potentialAction":[{"@type":"ReadAction","target":["https:\/\/sabado100.com.ar\/es-ar\/las-prioridades-definen-la-ideologia\/"]}]},{"@type":"BreadcrumbList","@id":"https:\/\/sabado100.com.ar\/es-ar\/las-prioridades-definen-la-ideologia\/#breadcrumb","itemListElement":[{"@type":"ListItem","position":1,"name":"Portada","item":"https:\/\/sabado100.com.ar\/es-ar\/"},{"@type":"ListItem","position":2,"name":"Las prioridades definen la ideolog\u00eda"}]},{"@type":"WebSite","@id":"https:\/\/sabado100.com.ar\/es-ar\/#website","url":"https:\/\/sabado100.com.ar\/es-ar\/","name":"Sabado 100","description":"","publisher":{"@id":"https:\/\/sabado100.com.ar\/es-ar\/#organization"},"potentialAction":[{"@type":"SearchAction","target":{"@type":"EntryPoint","urlTemplate":"https:\/\/sabado100.com.ar\/es-ar\/?s={search_term_string}"},"query-input":"required name=search_term_string"}],"inLanguage":"es"},{"@type":"Organization","@id":"https:\/\/sabado100.com.ar\/es-ar\/#organization","name":"Sabado 100","url":"https:\/\/sabado100.com.ar\/es-ar\/","logo":{"@type":"ImageObject","inLanguage":"es","@id":"https:\/\/sabado100.com.ar\/es-ar\/#\/schema\/logo\/image\/","url":"https:\/\/sabado100.com.ar\/es-ar\/wp-content\/uploads\/2024\/04\/logo3.jpg","contentUrl":"https:\/\/sabado100.com.ar\/es-ar\/wp-content\/uploads\/2024\/04\/logo3.jpg","width":300,"height":174,"caption":"Sabado 100"},"image":{"@id":"https:\/\/sabado100.com.ar\/es-ar\/#\/schema\/logo\/image\/"},"sameAs":["https:\/\/www.facebook.com\/sabadocien\/","https:\/\/www.instagram.com\/sabado100.com.ar\/","https:\/\/www.youtube.com\/@sabado1003"]},{"@type":"Person","@id":"https:\/\/sabado100.com.ar\/es-ar\/#\/schema\/person\/58e38b918ef4e44b11398f25d4684c6d","name":"sabado cien","image":{"@type":"ImageObject","inLanguage":"es","@id":"https:\/\/sabado100.com.ar\/es-ar\/#\/schema\/person\/image\/","url":"https:\/\/sabado100.com.ar\/es-ar\/wp-content\/litespeed\/avatar\/484bccfbd493fbb703b0f1b8113dad61.jpg?ver=1787731622","contentUrl":"https:\/\/sabado100.com.ar\/es-ar\/wp-content\/litespeed\/avatar\/484bccfbd493fbb703b0f1b8113dad61.jpg?ver=1787731622","caption":"sabado cien"},"url":"https:\/\/sabado100.com.ar\/es-ar\/author\/sabado100\/"}]}},"_links":{"self":[{"href":"https:\/\/sabado100.com.ar\/es-ar\/wp-json\/wp\/v2\/posts\/4395","targetHints":{"allow":["GET"]}}],"collection":[{"href":"https:\/\/sabado100.com.ar\/es-ar\/wp-json\/wp\/v2\/posts"}],"about":[{"href":"https:\/\/sabado100.com.ar\/es-ar\/wp-json\/wp\/v2\/types\/post"}],"author":[{"embeddable":true,"href":"https:\/\/sabado100.com.ar\/es-ar\/wp-json\/wp\/v2\/users\/2"}],"replies":[{"embeddable":true,"href":"https:\/\/sabado100.com.ar\/es-ar\/wp-json\/wp\/v2\/comments?post=4395"}],"version-history":[{"count":0,"href":"https:\/\/sabado100.com.ar\/es-ar\/wp-json\/wp\/v2\/posts\/4395\/revisions"}],"wp:attachment":[{"href":"https:\/\/sabado100.com.ar\/es-ar\/wp-json\/wp\/v2\/media?parent=4395"}],"wp:term":[{"taxonomy":"category","embeddable":true,"href":"https:\/\/sabado100.com.ar\/es-ar\/wp-json\/wp\/v2\/categories?post=4395"},{"taxonomy":"post_tag","embeddable":true,"href":"https:\/\/sabado100.com.ar\/es-ar\/wp-json\/wp\/v2\/tags?post=4395"}],"curies":[{"name":"wp","href":"https:\/\/api.w.org\/{rel}","templated":true}]}}