{"id":4383,"date":"2016-02-18T15:12:34","date_gmt":"2016-02-18T13:12:34","guid":{"rendered":"https:\/\/www.sabado100.com.ar\/?p=4383"},"modified":"2016-02-18T15:12:34","modified_gmt":"2016-02-18T13:12:34","slug":"gramado-y-canela-dos-cidades-con-estilo-europeo","status":"publish","type":"post","link":"https:\/\/sabado100.com.ar\/es-ar\/gramado-y-canela-dos-cidades-con-estilo-europeo\/","title":{"rendered":"Gramado y Canela: dos \u00abcidades\u00bb con estilo europeo"},"content":{"rendered":"<p><a href=\"https:\/\/www.sabado100.com.ar\/wp-content\/uploads\/2016\/02\/20160110_101404.jpg\" rel=\"attachment wp-att-4386\"><img fetchpriority=\"high\" decoding=\"async\" src=\"https:\/\/www.sabado100.com.ar\/wp-content\/uploads\/2016\/02\/20160110_101404-300x180.jpg\" alt=\"20160110_101404\" width=\"300\" height=\"180\" class=\"alignnone size-medium wp-image-4386\" \/><\/a><br \/>\n<a href=\"https:\/\/www.sabado100.com.ar\/wp-content\/uploads\/2016\/02\/20160111_120345.jpg\" rel=\"attachment wp-att-4388\"><img decoding=\"async\" src=\"https:\/\/www.sabado100.com.ar\/wp-content\/uploads\/2016\/02\/20160111_120345-180x300.jpg\" alt=\"20160111_120345\" width=\"180\" height=\"300\" class=\"alignnone size-medium wp-image-4388\" \/><\/a><br \/>\n<a href=\"https:\/\/www.sabado100.com.ar\/wp-content\/uploads\/2016\/02\/20160110_112119.jpg\" rel=\"attachment wp-att-4389\"><img decoding=\"async\" src=\"https:\/\/www.sabado100.com.ar\/wp-content\/uploads\/2016\/02\/20160110_112119-300x180.jpg\" alt=\"20160110_112119\" width=\"300\" height=\"180\" class=\"alignnone size-medium wp-image-4389\" \/><\/a><\/p>\n<p><strong>Por Emilio Grande (h.).-<\/strong> Se trata de dos ciudades ubicadas en la sierra gaucha del Estado Rio Grande do Sul, ubicadas en una altura de 800 metros sobre el nivel del mar, a 124 kil\u00f3metros al norte de la capital Porto Alegre y a 185 km de Torres, que est\u00e1 pegada al mar.<br \/>\nA decir verdad, no parecen que fueran dos ciudades de Brasil, m\u00e1s bien tienen un estilo arquitect\u00f3nico y de vida m\u00e1s cercano a pa\u00edses europeos como Suiza o lo que se puede observar visitando Villa General Belgrano, en la provincia de C\u00f3rdoba.<br \/>\nLas temperaturas son muy agradables, en verano con una media de 25\u00b0 C y a la noche no es necesario dormir con ventiladores o aire acondicionado. En invierno descienden a casi 0 grado y en algunas ocasiones suele nevar.<br \/>\nLa distancia de apenas 8 kil\u00f3metros entre ambas \u00abcidades\u00bb hace que se las tome como un \u00fanico polo tur\u00edstico: los visitantes suelen hospedarse en una de ellas y luego hacer tours y excursiones en la otra.<br \/>\nUn elemento caracter\u00edstico del lugar es la heterog\u00e9nea vegetaci\u00f3n, destac\u00e1ndose la masiva presencia de la flor hortensia, que embellece no s\u00f3lo en jardines privados sino tambi\u00e9n en parques p\u00fablicos, calles y rutas.<br \/>\nEn cuanto a su historia, a fines del siglo XIX la regi\u00f3n comenz\u00f3 a recibir inmigrantes europeos y as\u00ed Gramado y Canela se fueron poblando de italianos y alemanes, adem\u00e1s de portugueses.<br \/>\nEstas ciudades cuentan con un sinn\u00famero de lugares para visitar que las hacen muy atractivas y tur\u00edsticas: en Gramado est\u00e1n el artificial Lago Negro (similar al de Esperanza pero m\u00e1s hermoso), el \u00abMini Mundo\u00bb para los chicos, los museos del autom\u00f3vil (los cl\u00e1sicos de las marcas m\u00e1s reconocidas con la opci\u00f3n de alquilar un auto; mientras Rafaela sigue esperando un museo&#8230;), de la cera (con los personajes famosos del mundo, como hay en Londres), de la moda, el Festival Internacional de Cine; en Canela el museo Mundo a vapor (con r\u00e9plicas en miniaturas de la revoluci\u00f3n industrial en funcionamiento y un paseo en un trencito), el valle de los dinosaurios, el Parque del Caracol con su bella cascada (se puede disfrutar tambi\u00e9n en telef\u00e9ricos y aerosillas), Mundo Helado, la imponente Catedral, entre otros.<br \/>\nUn detalle no menor es la ornamentaci\u00f3n para las fiestas de fin de a\u00f1o en las principales avenidas, teniendo representaciones de \u00e1rboles navide\u00f1os, pesebres, Pap\u00e1s Noel, animales t\u00edpicos de la \u00e9poca.<br \/>\nPara destacar, el orden, la limpieza, la amabilidad de la gente, no hay sem\u00e1foros dentro de las ciudades, muchas avenidas y rotondas, y en las sendas peatonales se respeta el derecho del peat\u00f3n (todav\u00eda cuesta instalarse en nuestra ciudad).<\/p>\n","protected":false},"excerpt":{"rendered":"<p>Por Emilio Grande (h.).- Se trata de dos ciudades ubicadas en la sierra gaucha del Estado Rio Grande do Sul, [&hellip;]<\/p>\n","protected":false},"author":2,"featured_media":4386,"comment_status":"open","ping_status":"closed","sticky":false,"template":"","format":"standard","meta":{"site-sidebar-layout":"default","site-content-layout":"","ast-site-content-layout":"default","site-content-style":"default","site-sidebar-style":"default","ast-global-header-display":"","ast-banner-title-visibility":"","ast-main-header-display":"","ast-hfb-above-header-display":"","ast-hfb-below-header-display":"","ast-hfb-mobile-header-display":"","site-post-title":"","ast-breadcrumbs-content":"","ast-featured-img":"","footer-sml-layout":"","ast-disable-related-posts":"","theme-transparent-header-meta":"","adv-header-id-meta":"","stick-header-meta":"","header-above-stick-meta":"","header-main-stick-meta":"","header-below-stick-meta":"","astra-migrate-meta-layouts":"default","ast-page-background-enabled":"default","ast-page-background-meta":{"desktop":{"background-color":"var(--ast-global-color-4)","background-image":"","background-repeat":"repeat","background-position":"center center","background-size":"auto","background-attachment":"scroll","background-type":"","background-media":"","overlay-type":"","overlay-color":"","overlay-opacity":"","overlay-gradient":""},"tablet":{"background-color":"","background-image":"","background-repeat":"repeat","background-position":"center center","background-size":"auto","background-attachment":"scroll","background-type":"","background-media":"","overlay-type":"","overlay-color":"","overlay-opacity":"","overlay-gradient":""},"mobile":{"background-color":"","background-image":"","background-repeat":"repeat","background-position":"center center","background-size":"auto","background-attachment":"scroll","background-type":"","background-media":"","overlay-type":"","overlay-color":"","overlay-opacity":"","overlay-gradient":""}},"ast-content-background-meta":{"desktop":{"background-color":"var(--ast-global-color-5)","background-image":"","background-repeat":"repeat","background-position":"center center","background-size":"auto","background-attachment":"scroll","background-type":"","background-media":"","overlay-type":"","overlay-color":"","overlay-opacity":"","overlay-gradient":""},"tablet":{"background-color":"var(--ast-global-color-5)","background-image":"","background-repeat":"repeat","background-position":"center center","background-size":"auto","background-attachment":"scroll","background-type":"","background-media":"","overlay-type":"","overlay-color":"","overlay-opacity":"","overlay-gradient":""},"mobile":{"background-color":"var(--ast-global-color-5)","background-image":"","background-repeat":"repeat","background-position":"center center","background-size":"auto","background-attachment":"scroll","background-type":"","background-media":"","overlay-type":"","overlay-color":"","overlay-opacity":"","overlay-gradient":""}},"footnotes":""},"categories":[4],"tags":[5437],"class_list":["post-4383","post","type-post","status-publish","format-standard","has-post-thumbnail","hentry","category-cultura-y-sociedad","tag-gramado-y-canela-dos-cidades-con-estilo-europeo"],"yoast_head":"<!-- This site is optimized with the Yoast SEO plugin v23.2 - https:\/\/yoast.com\/wordpress\/plugins\/seo\/ -->\n<title>Gramado y Canela: dos &quot;cidades&quot; con estilo europeo - Sabado 100<\/title>\n<meta name=\"robots\" content=\"index, follow, max-snippet:-1, max-image-preview:large, max-video-preview:-1\" \/>\n<link rel=\"canonical\" href=\"https:\/\/sabado100.com.ar\/es-ar\/gramado-y-canela-dos-cidades-con-estilo-europeo\/\" \/>\n<meta property=\"og:locale\" content=\"es_ES\" \/>\n<meta property=\"og:type\" content=\"article\" \/>\n<meta property=\"og:title\" content=\"Gramado y Canela: dos &quot;cidades&quot; con estilo europeo - Sabado 100\" \/>\n<meta property=\"og:description\" content=\"Por Emilio Grande (h.).- Se trata de dos ciudades ubicadas en la sierra gaucha del Estado Rio Grande do Sul, [&hellip;]\" \/>\n<meta property=\"og:url\" content=\"https:\/\/sabado100.com.ar\/es-ar\/gramado-y-canela-dos-cidades-con-estilo-europeo\/\" \/>\n<meta property=\"og:site_name\" content=\"Sabado 100\" \/>\n<meta property=\"article:publisher\" content=\"https:\/\/www.facebook.com\/sabadocien\/\" \/>\n<meta property=\"article:published_time\" content=\"2016-02-18T13:12:34+00:00\" \/>\n<meta name=\"author\" content=\"sabado cien\" \/>\n<meta name=\"twitter:card\" content=\"summary_large_image\" \/>\n<meta name=\"twitter:label1\" content=\"Escrito por\" \/>\n\t<meta name=\"twitter:data1\" content=\"sabado cien\" \/>\n\t<meta name=\"twitter:label2\" content=\"Tiempo de lectura\" \/>\n\t<meta name=\"twitter:data2\" content=\"2 minutos\" \/>\n<script type=\"application\/ld+json\" class=\"yoast-schema-graph\">{\"@context\":\"https:\/\/schema.org\",\"@graph\":[{\"@type\":\"Article\",\"@id\":\"https:\/\/sabado100.com.ar\/es-ar\/gramado-y-canela-dos-cidades-con-estilo-europeo\/#article\",\"isPartOf\":{\"@id\":\"https:\/\/sabado100.com.ar\/es-ar\/gramado-y-canela-dos-cidades-con-estilo-europeo\/\"},\"author\":{\"name\":\"sabado cien\",\"@id\":\"https:\/\/sabado100.com.ar\/es-ar\/#\/schema\/person\/58e38b918ef4e44b11398f25d4684c6d\"},\"headline\":\"Gramado y Canela: dos \u00abcidades\u00bb con estilo europeo\",\"datePublished\":\"2016-02-18T13:12:34+00:00\",\"dateModified\":\"2016-02-18T13:12:34+00:00\",\"mainEntityOfPage\":{\"@id\":\"https:\/\/sabado100.com.ar\/es-ar\/gramado-y-canela-dos-cidades-con-estilo-europeo\/\"},\"wordCount\":477,\"commentCount\":0,\"publisher\":{\"@id\":\"https:\/\/sabado100.com.ar\/es-ar\/#organization\"},\"image\":{\"@id\":\"https:\/\/sabado100.com.ar\/es-ar\/gramado-y-canela-dos-cidades-con-estilo-europeo\/#primaryimage\"},\"thumbnailUrl\":\"\",\"keywords\":[\"Gramado y Canela: dos \\\"cidades\\\" con estilo europeo\"],\"articleSection\":[\"Cultura y Sociedad\"],\"inLanguage\":\"es\",\"potentialAction\":[{\"@type\":\"CommentAction\",\"name\":\"Comment\",\"target\":[\"https:\/\/sabado100.com.ar\/es-ar\/gramado-y-canela-dos-cidades-con-estilo-europeo\/#respond\"]}]},{\"@type\":\"WebPage\",\"@id\":\"https:\/\/sabado100.com.ar\/es-ar\/gramado-y-canela-dos-cidades-con-estilo-europeo\/\",\"url\":\"https:\/\/sabado100.com.ar\/es-ar\/gramado-y-canela-dos-cidades-con-estilo-europeo\/\",\"name\":\"Gramado y Canela: dos \\\"cidades\\\" con estilo europeo - Sabado 100\",\"isPartOf\":{\"@id\":\"https:\/\/sabado100.com.ar\/es-ar\/#website\"},\"primaryImageOfPage\":{\"@id\":\"https:\/\/sabado100.com.ar\/es-ar\/gramado-y-canela-dos-cidades-con-estilo-europeo\/#primaryimage\"},\"image\":{\"@id\":\"https:\/\/sabado100.com.ar\/es-ar\/gramado-y-canela-dos-cidades-con-estilo-europeo\/#primaryimage\"},\"thumbnailUrl\":\"\",\"datePublished\":\"2016-02-18T13:12:34+00:00\",\"dateModified\":\"2016-02-18T13:12:34+00:00\",\"breadcrumb\":{\"@id\":\"https:\/\/sabado100.com.ar\/es-ar\/gramado-y-canela-dos-cidades-con-estilo-europeo\/#breadcrumb\"},\"inLanguage\":\"es\",\"potentialAction\":[{\"@type\":\"ReadAction\",\"target\":[\"https:\/\/sabado100.com.ar\/es-ar\/gramado-y-canela-dos-cidades-con-estilo-europeo\/\"]}]},{\"@type\":\"ImageObject\",\"inLanguage\":\"es\",\"@id\":\"https:\/\/sabado100.com.ar\/es-ar\/gramado-y-canela-dos-cidades-con-estilo-europeo\/#primaryimage\",\"url\":\"\",\"contentUrl\":\"\"},{\"@type\":\"BreadcrumbList\",\"@id\":\"https:\/\/sabado100.com.ar\/es-ar\/gramado-y-canela-dos-cidades-con-estilo-europeo\/#breadcrumb\",\"itemListElement\":[{\"@type\":\"ListItem\",\"position\":1,\"name\":\"Portada\",\"item\":\"https:\/\/sabado100.com.ar\/es-ar\/\"},{\"@type\":\"ListItem\",\"position\":2,\"name\":\"Gramado y Canela: dos \u00abcidades\u00bb con estilo europeo\"}]},{\"@type\":\"WebSite\",\"@id\":\"https:\/\/sabado100.com.ar\/es-ar\/#website\",\"url\":\"https:\/\/sabado100.com.ar\/es-ar\/\",\"name\":\"Sabado 100\",\"description\":\"\",\"publisher\":{\"@id\":\"https:\/\/sabado100.com.ar\/es-ar\/#organization\"},\"potentialAction\":[{\"@type\":\"SearchAction\",\"target\":{\"@type\":\"EntryPoint\",\"urlTemplate\":\"https:\/\/sabado100.com.ar\/es-ar\/?s={search_term_string}\"},\"query-input\":\"required name=search_term_string\"}],\"inLanguage\":\"es\"},{\"@type\":\"Organization\",\"@id\":\"https:\/\/sabado100.com.ar\/es-ar\/#organization\",\"name\":\"Sabado 100\",\"url\":\"https:\/\/sabado100.com.ar\/es-ar\/\",\"logo\":{\"@type\":\"ImageObject\",\"inLanguage\":\"es\",\"@id\":\"https:\/\/sabado100.com.ar\/es-ar\/#\/schema\/logo\/image\/\",\"url\":\"https:\/\/sabado100.com.ar\/es-ar\/wp-content\/uploads\/2024\/04\/logo3.jpg\",\"contentUrl\":\"https:\/\/sabado100.com.ar\/es-ar\/wp-content\/uploads\/2024\/04\/logo3.jpg\",\"width\":300,\"height\":174,\"caption\":\"Sabado 100\"},\"image\":{\"@id\":\"https:\/\/sabado100.com.ar\/es-ar\/#\/schema\/logo\/image\/\"},\"sameAs\":[\"https:\/\/www.facebook.com\/sabadocien\/\",\"https:\/\/www.instagram.com\/sabado100.com.ar\/\",\"https:\/\/www.youtube.com\/@sabado1003\"]},{\"@type\":\"Person\",\"@id\":\"https:\/\/sabado100.com.ar\/es-ar\/#\/schema\/person\/58e38b918ef4e44b11398f25d4684c6d\",\"name\":\"sabado cien\",\"image\":{\"@type\":\"ImageObject\",\"inLanguage\":\"es\",\"@id\":\"https:\/\/sabado100.com.ar\/es-ar\/#\/schema\/person\/image\/\",\"url\":\"https:\/\/sabado100.com.ar\/es-ar\/wp-content\/litespeed\/avatar\/484bccfbd493fbb703b0f1b8113dad61.jpg?ver=1787731622\",\"contentUrl\":\"https:\/\/sabado100.com.ar\/es-ar\/wp-content\/litespeed\/avatar\/484bccfbd493fbb703b0f1b8113dad61.jpg?ver=1787731622\",\"caption\":\"sabado cien\"},\"url\":\"https:\/\/sabado100.com.ar\/es-ar\/author\/sabado100\/\"}]}<\/script>\n<!-- \/ Yoast SEO plugin. -->","yoast_head_json":{"title":"Gramado y Canela: dos \"cidades\" con estilo europeo - Sabado 100","robots":{"index":"index","follow":"follow","max-snippet":"max-snippet:-1","max-image-preview":"max-image-preview:large","max-video-preview":"max-video-preview:-1"},"canonical":"https:\/\/sabado100.com.ar\/es-ar\/gramado-y-canela-dos-cidades-con-estilo-europeo\/","og_locale":"es_ES","og_type":"article","og_title":"Gramado y Canela: dos \"cidades\" con estilo europeo - Sabado 100","og_description":"Por Emilio Grande (h.).- Se trata de dos ciudades ubicadas en la sierra gaucha del Estado Rio Grande do Sul, [&hellip;]","og_url":"https:\/\/sabado100.com.ar\/es-ar\/gramado-y-canela-dos-cidades-con-estilo-europeo\/","og_site_name":"Sabado 100","article_publisher":"https:\/\/www.facebook.com\/sabadocien\/","article_published_time":"2016-02-18T13:12:34+00:00","author":"sabado cien","twitter_card":"summary_large_image","twitter_misc":{"Escrito por":"sabado cien","Tiempo de lectura":"2 minutos"},"schema":{"@context":"https:\/\/schema.org","@graph":[{"@type":"Article","@id":"https:\/\/sabado100.com.ar\/es-ar\/gramado-y-canela-dos-cidades-con-estilo-europeo\/#article","isPartOf":{"@id":"https:\/\/sabado100.com.ar\/es-ar\/gramado-y-canela-dos-cidades-con-estilo-europeo\/"},"author":{"name":"sabado cien","@id":"https:\/\/sabado100.com.ar\/es-ar\/#\/schema\/person\/58e38b918ef4e44b11398f25d4684c6d"},"headline":"Gramado y Canela: dos \u00abcidades\u00bb con estilo europeo","datePublished":"2016-02-18T13:12:34+00:00","dateModified":"2016-02-18T13:12:34+00:00","mainEntityOfPage":{"@id":"https:\/\/sabado100.com.ar\/es-ar\/gramado-y-canela-dos-cidades-con-estilo-europeo\/"},"wordCount":477,"commentCount":0,"publisher":{"@id":"https:\/\/sabado100.com.ar\/es-ar\/#organization"},"image":{"@id":"https:\/\/sabado100.com.ar\/es-ar\/gramado-y-canela-dos-cidades-con-estilo-europeo\/#primaryimage"},"thumbnailUrl":"","keywords":["Gramado y Canela: dos \"cidades\" con estilo europeo"],"articleSection":["Cultura y Sociedad"],"inLanguage":"es","potentialAction":[{"@type":"CommentAction","name":"Comment","target":["https:\/\/sabado100.com.ar\/es-ar\/gramado-y-canela-dos-cidades-con-estilo-europeo\/#respond"]}]},{"@type":"WebPage","@id":"https:\/\/sabado100.com.ar\/es-ar\/gramado-y-canela-dos-cidades-con-estilo-europeo\/","url":"https:\/\/sabado100.com.ar\/es-ar\/gramado-y-canela-dos-cidades-con-estilo-europeo\/","name":"Gramado y Canela: dos \"cidades\" con estilo europeo - Sabado 100","isPartOf":{"@id":"https:\/\/sabado100.com.ar\/es-ar\/#website"},"primaryImageOfPage":{"@id":"https:\/\/sabado100.com.ar\/es-ar\/gramado-y-canela-dos-cidades-con-estilo-europeo\/#primaryimage"},"image":{"@id":"https:\/\/sabado100.com.ar\/es-ar\/gramado-y-canela-dos-cidades-con-estilo-europeo\/#primaryimage"},"thumbnailUrl":"","datePublished":"2016-02-18T13:12:34+00:00","dateModified":"2016-02-18T13:12:34+00:00","breadcrumb":{"@id":"https:\/\/sabado100.com.ar\/es-ar\/gramado-y-canela-dos-cidades-con-estilo-europeo\/#breadcrumb"},"inLanguage":"es","potentialAction":[{"@type":"ReadAction","target":["https:\/\/sabado100.com.ar\/es-ar\/gramado-y-canela-dos-cidades-con-estilo-europeo\/"]}]},{"@type":"ImageObject","inLanguage":"es","@id":"https:\/\/sabado100.com.ar\/es-ar\/gramado-y-canela-dos-cidades-con-estilo-europeo\/#primaryimage","url":"","contentUrl":""},{"@type":"BreadcrumbList","@id":"https:\/\/sabado100.com.ar\/es-ar\/gramado-y-canela-dos-cidades-con-estilo-europeo\/#breadcrumb","itemListElement":[{"@type":"ListItem","position":1,"name":"Portada","item":"https:\/\/sabado100.com.ar\/es-ar\/"},{"@type":"ListItem","position":2,"name":"Gramado y Canela: dos \u00abcidades\u00bb con estilo europeo"}]},{"@type":"WebSite","@id":"https:\/\/sabado100.com.ar\/es-ar\/#website","url":"https:\/\/sabado100.com.ar\/es-ar\/","name":"Sabado 100","description":"","publisher":{"@id":"https:\/\/sabado100.com.ar\/es-ar\/#organization"},"potentialAction":[{"@type":"SearchAction","target":{"@type":"EntryPoint","urlTemplate":"https:\/\/sabado100.com.ar\/es-ar\/?s={search_term_string}"},"query-input":"required name=search_term_string"}],"inLanguage":"es"},{"@type":"Organization","@id":"https:\/\/sabado100.com.ar\/es-ar\/#organization","name":"Sabado 100","url":"https:\/\/sabado100.com.ar\/es-ar\/","logo":{"@type":"ImageObject","inLanguage":"es","@id":"https:\/\/sabado100.com.ar\/es-ar\/#\/schema\/logo\/image\/","url":"https:\/\/sabado100.com.ar\/es-ar\/wp-content\/uploads\/2024\/04\/logo3.jpg","contentUrl":"https:\/\/sabado100.com.ar\/es-ar\/wp-content\/uploads\/2024\/04\/logo3.jpg","width":300,"height":174,"caption":"Sabado 100"},"image":{"@id":"https:\/\/sabado100.com.ar\/es-ar\/#\/schema\/logo\/image\/"},"sameAs":["https:\/\/www.facebook.com\/sabadocien\/","https:\/\/www.instagram.com\/sabado100.com.ar\/","https:\/\/www.youtube.com\/@sabado1003"]},{"@type":"Person","@id":"https:\/\/sabado100.com.ar\/es-ar\/#\/schema\/person\/58e38b918ef4e44b11398f25d4684c6d","name":"sabado cien","image":{"@type":"ImageObject","inLanguage":"es","@id":"https:\/\/sabado100.com.ar\/es-ar\/#\/schema\/person\/image\/","url":"https:\/\/sabado100.com.ar\/es-ar\/wp-content\/litespeed\/avatar\/484bccfbd493fbb703b0f1b8113dad61.jpg?ver=1787731622","contentUrl":"https:\/\/sabado100.com.ar\/es-ar\/wp-content\/litespeed\/avatar\/484bccfbd493fbb703b0f1b8113dad61.jpg?ver=1787731622","caption":"sabado cien"},"url":"https:\/\/sabado100.com.ar\/es-ar\/author\/sabado100\/"}]}},"_links":{"self":[{"href":"https:\/\/sabado100.com.ar\/es-ar\/wp-json\/wp\/v2\/posts\/4383","targetHints":{"allow":["GET"]}}],"collection":[{"href":"https:\/\/sabado100.com.ar\/es-ar\/wp-json\/wp\/v2\/posts"}],"about":[{"href":"https:\/\/sabado100.com.ar\/es-ar\/wp-json\/wp\/v2\/types\/post"}],"author":[{"embeddable":true,"href":"https:\/\/sabado100.com.ar\/es-ar\/wp-json\/wp\/v2\/users\/2"}],"replies":[{"embeddable":true,"href":"https:\/\/sabado100.com.ar\/es-ar\/wp-json\/wp\/v2\/comments?post=4383"}],"version-history":[{"count":0,"href":"https:\/\/sabado100.com.ar\/es-ar\/wp-json\/wp\/v2\/posts\/4383\/revisions"}],"wp:attachment":[{"href":"https:\/\/sabado100.com.ar\/es-ar\/wp-json\/wp\/v2\/media?parent=4383"}],"wp:term":[{"taxonomy":"category","embeddable":true,"href":"https:\/\/sabado100.com.ar\/es-ar\/wp-json\/wp\/v2\/categories?post=4383"},{"taxonomy":"post_tag","embeddable":true,"href":"https:\/\/sabado100.com.ar\/es-ar\/wp-json\/wp\/v2\/tags?post=4383"}],"curies":[{"name":"wp","href":"https:\/\/api.w.org\/{rel}","templated":true}]}}