{"id":4379,"date":"2016-02-18T15:06:20","date_gmt":"2016-02-18T13:06:20","guid":{"rendered":"https:\/\/www.sabado100.com.ar\/?p=4379"},"modified":"2016-02-18T15:06:20","modified_gmt":"2016-02-18T13:06:20","slug":"y-si-mostramos-el-plan","status":"publish","type":"post","link":"https:\/\/sabado100.com.ar\/es-ar\/y-si-mostramos-el-plan\/","title":{"rendered":"\u00bfY si mostramos el plan?"},"content":{"rendered":"<p><strong>Por Mar\u00eda Herminia Grande.-<\/strong> La iteraci\u00f3n de errores parece conformar el ADN pol\u00edtico argentino. Oleadas zigzagueantes acercan y alejan a sus habitantes de la previsibilidad necesaria. Argentina ya conoci\u00f3 lamentablemente procesos inflacionarios y sus consecuencias. Tambi\u00e9n es cierto, aunque muchos lo olviden y otros no quieran recordarlo, que, en el 2002, de una inflaci\u00f3n mensual de 10,4% en mayo pasamos a un 0,2% en octubre. En ese mismo a\u00f1o, de un \u00edndice de precios mayoristas del 14,9% en mayo pasamos al 0,5% en octubre y -1,7% en noviembre. No hubo magia, hubo plan. Entre otras cosas, en medio de una enorme recesi\u00f3n, el ministro de Econom\u00eda de entonces, Roberto Lavagna, cort\u00f3 de cuajo en 48 horas la emisi\u00f3n monetaria.<br \/>\nEl populismo con el cual gobern\u00f3 sus \u00faltimos a\u00f1os el kirchnerismo de mano de Cristina Fern\u00e1ndez llev\u00f3 primero a la decisi\u00f3n mayoritaria de los ciudadanos de optar por un cambio. Mauricio Macri gan\u00f3 las elecciones y ante la crisis deb\u00eda inevitablemente devaluar, actualizar tarifas. Ahora bien, para que esto resulte, deb\u00eda ser parte de un plan integral, a\u00fan hoy ausente. Tampoco era de manual convocar inicialmente a un Consejo Econ\u00f3mico Social, pero la realidad muestra que hubiese sido oportuno. All\u00ed debi\u00f3 haberse dado el puntapi\u00e9 inicial al esbozo de un pu\u00f1ado de pol\u00edticas de Estado para luego profundizarlas en la discusi\u00f3n parlamentaria y sancionarlas.<br \/>\nEl presidente Macri en estos sesenta d\u00edas de Gobierno ha reconocido con valent\u00eda p\u00fablicamente la existencia de los dos grandes flagelos a combatir. No existe otro verbo para aludir al narcotr\u00e1fico y a la inflaci\u00f3n. Ambos hoy lo acechan, pero ambos son el producto de pol\u00edticas desacertadas que, por la magnitud de sus consecuencias, deben tener tratamiento de pol\u00edticas de Estado. Claro que quien debe convocar para que esto se efectivice es el Presidente.<br \/>\nLa recesi\u00f3n puede ayudar al Gobierno a que esta inflaci\u00f3n que viene en ascenso desde diciembre se desacelere, pero los efectos de una econom\u00eda en recesi\u00f3n no van de la mano de la erradicaci\u00f3n de la pobreza. A prop\u00f3sito, los ajustes impositivos para el presente a\u00f1o aplicados en Capital Federal se hicieron con una expectativa inflacionaria del 35 al 50 por ciento. No es una buena se\u00f1al para las metas inflacionarias que se fij\u00f3 el Gobierno nacional, la que emite el coraz\u00f3n pol\u00edtico del macrismo.<br \/>\nEn cuanto a la recesi\u00f3n, una observaci\u00f3n m\u00e1s: cuando se ingresa en este proceso, la crisis se agudiza, porque se vende menos, se compra menos, se consume menos. A esto hay que a\u00f1adir los aumentos tarifarios nacionales, provinciales y municipales. Se habla por estas horas \u2014como trascendido\u2014 de avanzar sobre un proyecto que regule la protesta social. Lo m\u00e1s importante es evitarla, no regularla. Para ello hay que crear las condiciones que les quiten raz\u00f3n a quienes quieran aferrase a ella.<br \/>\nSorprende que el Instituto Nacional de Estad\u00edstica y Censos (Indec) demore tanto su puesta en marcha, de all\u00ed que el Frente Renovador mantenga el c\u00e1lculo de IPC Congreso hasta su normalizaci\u00f3n. Seg\u00fan fuentes de la propia oposici\u00f3n, el desguace y el destrato en el capital humano producido desde el 2007 hasta la fecha en dicho instituto hace atendible esta demora.<br \/>\nEl Gobierno ya se reuni\u00f3 y acord\u00f3 algunos puntos de trabajo con las ceget\u00e9s representantes del sector privado. Ahora, el Gobierno debe sentarse con los referentes de las centrales que representan a sus propios trabajadores: los estatales. El ministro de Trabajo, Jorge Triaca, mencion\u00f3 que marzo ser\u00e1 el mes de este encuentro. El 24 de febrero hay un paro de los estatales. La convocatoria posterior al paro debe leerse como que el Gobierno lo cree inevitable y pol\u00edtico.<br \/>\nLos jubilados encontraron en su ombudsman Eugenio Semino un h\u00e1bil dirigente sindical. Propuso la paritaria para este sector, que, junto con los trabajadores en negro y los desocupados, conforma un grupo marginal en las prioridades de muchos Gobiernos; parecer\u00eda que del actual tambi\u00e9n. Los porcentajes son enga\u00f1osos si no se tiene en cuenta el monto del cual se parte: el 15% de cuatro mil pesos no es lo mismo que el 15% de veinte mil pesos. La sensibilidad social debe mirar a los ojos de la necesidad y aplicar las pol\u00edticas acordes.<\/p>\n<p><strong>Fuente:<\/strong> infobae.com, 16 de febrero de 2016.<\/p>\n","protected":false},"excerpt":{"rendered":"<p>Por Mar\u00eda Herminia Grande.- La iteraci\u00f3n de errores parece conformar el ADN pol\u00edtico argentino. Oleadas zigzagueantes acercan y alejan a [&hellip;]<\/p>\n","protected":false},"author":2,"featured_media":0,"comment_status":"open","ping_status":"closed","sticky":false,"template":"","format":"standard","meta":{"site-sidebar-layout":"default","site-content-layout":"","ast-site-content-layout":"default","site-content-style":"default","site-sidebar-style":"default","ast-global-header-display":"","ast-banner-title-visibility":"","ast-main-header-display":"","ast-hfb-above-header-display":"","ast-hfb-below-header-display":"","ast-hfb-mobile-header-display":"","site-post-title":"","ast-breadcrumbs-content":"","ast-featured-img":"","footer-sml-layout":"","ast-disable-related-posts":"","theme-transparent-header-meta":"","adv-header-id-meta":"","stick-header-meta":"","header-above-stick-meta":"","header-main-stick-meta":"","header-below-stick-meta":"","astra-migrate-meta-layouts":"default","ast-page-background-enabled":"default","ast-page-background-meta":{"desktop":{"background-color":"var(--ast-global-color-4)","background-image":"","background-repeat":"repeat","background-position":"center center","background-size":"auto","background-attachment":"scroll","background-type":"","background-media":"","overlay-type":"","overlay-color":"","overlay-opacity":"","overlay-gradient":""},"tablet":{"background-color":"","background-image":"","background-repeat":"repeat","background-position":"center center","background-size":"auto","background-attachment":"scroll","background-type":"","background-media":"","overlay-type":"","overlay-color":"","overlay-opacity":"","overlay-gradient":""},"mobile":{"background-color":"","background-image":"","background-repeat":"repeat","background-position":"center center","background-size":"auto","background-attachment":"scroll","background-type":"","background-media":"","overlay-type":"","overlay-color":"","overlay-opacity":"","overlay-gradient":""}},"ast-content-background-meta":{"desktop":{"background-color":"var(--ast-global-color-5)","background-image":"","background-repeat":"repeat","background-position":"center center","background-size":"auto","background-attachment":"scroll","background-type":"","background-media":"","overlay-type":"","overlay-color":"","overlay-opacity":"","overlay-gradient":""},"tablet":{"background-color":"var(--ast-global-color-5)","background-image":"","background-repeat":"repeat","background-position":"center center","background-size":"auto","background-attachment":"scroll","background-type":"","background-media":"","overlay-type":"","overlay-color":"","overlay-opacity":"","overlay-gradient":""},"mobile":{"background-color":"var(--ast-global-color-5)","background-image":"","background-repeat":"repeat","background-position":"center center","background-size":"auto","background-attachment":"scroll","background-type":"","background-media":"","overlay-type":"","overlay-color":"","overlay-opacity":"","overlay-gradient":""}},"footnotes":""},"categories":[5],"tags":[5435],"class_list":["post-4379","post","type-post","status-publish","format-standard","hentry","category-politica","tag-y-si-mostramos-el-plan"],"yoast_head":"<!-- This site is optimized with the Yoast SEO plugin v23.2 - https:\/\/yoast.com\/wordpress\/plugins\/seo\/ -->\n<title>\u00bfY si mostramos el plan? - Sabado 100<\/title>\n<meta name=\"robots\" content=\"index, follow, max-snippet:-1, max-image-preview:large, max-video-preview:-1\" \/>\n<link rel=\"canonical\" href=\"https:\/\/sabado100.com.ar\/es-ar\/y-si-mostramos-el-plan\/\" \/>\n<meta property=\"og:locale\" content=\"es_ES\" \/>\n<meta property=\"og:type\" content=\"article\" \/>\n<meta property=\"og:title\" content=\"\u00bfY si mostramos el plan? - Sabado 100\" \/>\n<meta property=\"og:description\" content=\"Por Mar\u00eda Herminia Grande.- La iteraci\u00f3n de errores parece conformar el ADN pol\u00edtico argentino. Oleadas zigzagueantes acercan y alejan a [&hellip;]\" \/>\n<meta property=\"og:url\" content=\"https:\/\/sabado100.com.ar\/es-ar\/y-si-mostramos-el-plan\/\" \/>\n<meta property=\"og:site_name\" content=\"Sabado 100\" \/>\n<meta property=\"article:publisher\" content=\"https:\/\/www.facebook.com\/sabadocien\/\" \/>\n<meta property=\"article:published_time\" content=\"2016-02-18T13:06:20+00:00\" \/>\n<meta name=\"author\" content=\"sabado cien\" \/>\n<meta name=\"twitter:card\" content=\"summary_large_image\" \/>\n<meta name=\"twitter:label1\" content=\"Escrito por\" \/>\n\t<meta name=\"twitter:data1\" content=\"sabado cien\" \/>\n\t<meta name=\"twitter:label2\" content=\"Tiempo de lectura\" \/>\n\t<meta name=\"twitter:data2\" content=\"4 minutos\" \/>\n<script type=\"application\/ld+json\" class=\"yoast-schema-graph\">{\"@context\":\"https:\/\/schema.org\",\"@graph\":[{\"@type\":\"Article\",\"@id\":\"https:\/\/sabado100.com.ar\/es-ar\/y-si-mostramos-el-plan\/#article\",\"isPartOf\":{\"@id\":\"https:\/\/sabado100.com.ar\/es-ar\/y-si-mostramos-el-plan\/\"},\"author\":{\"name\":\"sabado cien\",\"@id\":\"https:\/\/sabado100.com.ar\/es-ar\/#\/schema\/person\/58e38b918ef4e44b11398f25d4684c6d\"},\"headline\":\"\u00bfY si mostramos el plan?\",\"datePublished\":\"2016-02-18T13:06:20+00:00\",\"dateModified\":\"2016-02-18T13:06:20+00:00\",\"mainEntityOfPage\":{\"@id\":\"https:\/\/sabado100.com.ar\/es-ar\/y-si-mostramos-el-plan\/\"},\"wordCount\":747,\"commentCount\":0,\"publisher\":{\"@id\":\"https:\/\/sabado100.com.ar\/es-ar\/#organization\"},\"keywords\":[\"\u00bfY si mostramos el plan?\"],\"articleSection\":[\"Pol\u00edtica\"],\"inLanguage\":\"es\",\"potentialAction\":[{\"@type\":\"CommentAction\",\"name\":\"Comment\",\"target\":[\"https:\/\/sabado100.com.ar\/es-ar\/y-si-mostramos-el-plan\/#respond\"]}]},{\"@type\":\"WebPage\",\"@id\":\"https:\/\/sabado100.com.ar\/es-ar\/y-si-mostramos-el-plan\/\",\"url\":\"https:\/\/sabado100.com.ar\/es-ar\/y-si-mostramos-el-plan\/\",\"name\":\"\u00bfY si mostramos el plan? - Sabado 100\",\"isPartOf\":{\"@id\":\"https:\/\/sabado100.com.ar\/es-ar\/#website\"},\"datePublished\":\"2016-02-18T13:06:20+00:00\",\"dateModified\":\"2016-02-18T13:06:20+00:00\",\"breadcrumb\":{\"@id\":\"https:\/\/sabado100.com.ar\/es-ar\/y-si-mostramos-el-plan\/#breadcrumb\"},\"inLanguage\":\"es\",\"potentialAction\":[{\"@type\":\"ReadAction\",\"target\":[\"https:\/\/sabado100.com.ar\/es-ar\/y-si-mostramos-el-plan\/\"]}]},{\"@type\":\"BreadcrumbList\",\"@id\":\"https:\/\/sabado100.com.ar\/es-ar\/y-si-mostramos-el-plan\/#breadcrumb\",\"itemListElement\":[{\"@type\":\"ListItem\",\"position\":1,\"name\":\"Portada\",\"item\":\"https:\/\/sabado100.com.ar\/es-ar\/\"},{\"@type\":\"ListItem\",\"position\":2,\"name\":\"\u00bfY si mostramos el plan?\"}]},{\"@type\":\"WebSite\",\"@id\":\"https:\/\/sabado100.com.ar\/es-ar\/#website\",\"url\":\"https:\/\/sabado100.com.ar\/es-ar\/\",\"name\":\"Sabado 100\",\"description\":\"\",\"publisher\":{\"@id\":\"https:\/\/sabado100.com.ar\/es-ar\/#organization\"},\"potentialAction\":[{\"@type\":\"SearchAction\",\"target\":{\"@type\":\"EntryPoint\",\"urlTemplate\":\"https:\/\/sabado100.com.ar\/es-ar\/?s={search_term_string}\"},\"query-input\":\"required name=search_term_string\"}],\"inLanguage\":\"es\"},{\"@type\":\"Organization\",\"@id\":\"https:\/\/sabado100.com.ar\/es-ar\/#organization\",\"name\":\"Sabado 100\",\"url\":\"https:\/\/sabado100.com.ar\/es-ar\/\",\"logo\":{\"@type\":\"ImageObject\",\"inLanguage\":\"es\",\"@id\":\"https:\/\/sabado100.com.ar\/es-ar\/#\/schema\/logo\/image\/\",\"url\":\"https:\/\/sabado100.com.ar\/es-ar\/wp-content\/uploads\/2024\/04\/logo3.jpg\",\"contentUrl\":\"https:\/\/sabado100.com.ar\/es-ar\/wp-content\/uploads\/2024\/04\/logo3.jpg\",\"width\":300,\"height\":174,\"caption\":\"Sabado 100\"},\"image\":{\"@id\":\"https:\/\/sabado100.com.ar\/es-ar\/#\/schema\/logo\/image\/\"},\"sameAs\":[\"https:\/\/www.facebook.com\/sabadocien\/\",\"https:\/\/www.instagram.com\/sabado100.com.ar\/\",\"https:\/\/www.youtube.com\/@sabado1003\"]},{\"@type\":\"Person\",\"@id\":\"https:\/\/sabado100.com.ar\/es-ar\/#\/schema\/person\/58e38b918ef4e44b11398f25d4684c6d\",\"name\":\"sabado cien\",\"image\":{\"@type\":\"ImageObject\",\"inLanguage\":\"es\",\"@id\":\"https:\/\/sabado100.com.ar\/es-ar\/#\/schema\/person\/image\/\",\"url\":\"https:\/\/sabado100.com.ar\/es-ar\/wp-content\/litespeed\/avatar\/484bccfbd493fbb703b0f1b8113dad61.jpg?ver=1787731622\",\"contentUrl\":\"https:\/\/sabado100.com.ar\/es-ar\/wp-content\/litespeed\/avatar\/484bccfbd493fbb703b0f1b8113dad61.jpg?ver=1787731622\",\"caption\":\"sabado cien\"},\"url\":\"https:\/\/sabado100.com.ar\/es-ar\/author\/sabado100\/\"}]}<\/script>\n<!-- \/ Yoast SEO plugin. -->","yoast_head_json":{"title":"\u00bfY si mostramos el plan? - Sabado 100","robots":{"index":"index","follow":"follow","max-snippet":"max-snippet:-1","max-image-preview":"max-image-preview:large","max-video-preview":"max-video-preview:-1"},"canonical":"https:\/\/sabado100.com.ar\/es-ar\/y-si-mostramos-el-plan\/","og_locale":"es_ES","og_type":"article","og_title":"\u00bfY si mostramos el plan? - Sabado 100","og_description":"Por Mar\u00eda Herminia Grande.- La iteraci\u00f3n de errores parece conformar el ADN pol\u00edtico argentino. Oleadas zigzagueantes acercan y alejan a [&hellip;]","og_url":"https:\/\/sabado100.com.ar\/es-ar\/y-si-mostramos-el-plan\/","og_site_name":"Sabado 100","article_publisher":"https:\/\/www.facebook.com\/sabadocien\/","article_published_time":"2016-02-18T13:06:20+00:00","author":"sabado cien","twitter_card":"summary_large_image","twitter_misc":{"Escrito por":"sabado cien","Tiempo de lectura":"4 minutos"},"schema":{"@context":"https:\/\/schema.org","@graph":[{"@type":"Article","@id":"https:\/\/sabado100.com.ar\/es-ar\/y-si-mostramos-el-plan\/#article","isPartOf":{"@id":"https:\/\/sabado100.com.ar\/es-ar\/y-si-mostramos-el-plan\/"},"author":{"name":"sabado cien","@id":"https:\/\/sabado100.com.ar\/es-ar\/#\/schema\/person\/58e38b918ef4e44b11398f25d4684c6d"},"headline":"\u00bfY si mostramos el plan?","datePublished":"2016-02-18T13:06:20+00:00","dateModified":"2016-02-18T13:06:20+00:00","mainEntityOfPage":{"@id":"https:\/\/sabado100.com.ar\/es-ar\/y-si-mostramos-el-plan\/"},"wordCount":747,"commentCount":0,"publisher":{"@id":"https:\/\/sabado100.com.ar\/es-ar\/#organization"},"keywords":["\u00bfY si mostramos el plan?"],"articleSection":["Pol\u00edtica"],"inLanguage":"es","potentialAction":[{"@type":"CommentAction","name":"Comment","target":["https:\/\/sabado100.com.ar\/es-ar\/y-si-mostramos-el-plan\/#respond"]}]},{"@type":"WebPage","@id":"https:\/\/sabado100.com.ar\/es-ar\/y-si-mostramos-el-plan\/","url":"https:\/\/sabado100.com.ar\/es-ar\/y-si-mostramos-el-plan\/","name":"\u00bfY si mostramos el plan? - Sabado 100","isPartOf":{"@id":"https:\/\/sabado100.com.ar\/es-ar\/#website"},"datePublished":"2016-02-18T13:06:20+00:00","dateModified":"2016-02-18T13:06:20+00:00","breadcrumb":{"@id":"https:\/\/sabado100.com.ar\/es-ar\/y-si-mostramos-el-plan\/#breadcrumb"},"inLanguage":"es","potentialAction":[{"@type":"ReadAction","target":["https:\/\/sabado100.com.ar\/es-ar\/y-si-mostramos-el-plan\/"]}]},{"@type":"BreadcrumbList","@id":"https:\/\/sabado100.com.ar\/es-ar\/y-si-mostramos-el-plan\/#breadcrumb","itemListElement":[{"@type":"ListItem","position":1,"name":"Portada","item":"https:\/\/sabado100.com.ar\/es-ar\/"},{"@type":"ListItem","position":2,"name":"\u00bfY si mostramos el plan?"}]},{"@type":"WebSite","@id":"https:\/\/sabado100.com.ar\/es-ar\/#website","url":"https:\/\/sabado100.com.ar\/es-ar\/","name":"Sabado 100","description":"","publisher":{"@id":"https:\/\/sabado100.com.ar\/es-ar\/#organization"},"potentialAction":[{"@type":"SearchAction","target":{"@type":"EntryPoint","urlTemplate":"https:\/\/sabado100.com.ar\/es-ar\/?s={search_term_string}"},"query-input":"required name=search_term_string"}],"inLanguage":"es"},{"@type":"Organization","@id":"https:\/\/sabado100.com.ar\/es-ar\/#organization","name":"Sabado 100","url":"https:\/\/sabado100.com.ar\/es-ar\/","logo":{"@type":"ImageObject","inLanguage":"es","@id":"https:\/\/sabado100.com.ar\/es-ar\/#\/schema\/logo\/image\/","url":"https:\/\/sabado100.com.ar\/es-ar\/wp-content\/uploads\/2024\/04\/logo3.jpg","contentUrl":"https:\/\/sabado100.com.ar\/es-ar\/wp-content\/uploads\/2024\/04\/logo3.jpg","width":300,"height":174,"caption":"Sabado 100"},"image":{"@id":"https:\/\/sabado100.com.ar\/es-ar\/#\/schema\/logo\/image\/"},"sameAs":["https:\/\/www.facebook.com\/sabadocien\/","https:\/\/www.instagram.com\/sabado100.com.ar\/","https:\/\/www.youtube.com\/@sabado1003"]},{"@type":"Person","@id":"https:\/\/sabado100.com.ar\/es-ar\/#\/schema\/person\/58e38b918ef4e44b11398f25d4684c6d","name":"sabado cien","image":{"@type":"ImageObject","inLanguage":"es","@id":"https:\/\/sabado100.com.ar\/es-ar\/#\/schema\/person\/image\/","url":"https:\/\/sabado100.com.ar\/es-ar\/wp-content\/litespeed\/avatar\/484bccfbd493fbb703b0f1b8113dad61.jpg?ver=1787731622","contentUrl":"https:\/\/sabado100.com.ar\/es-ar\/wp-content\/litespeed\/avatar\/484bccfbd493fbb703b0f1b8113dad61.jpg?ver=1787731622","caption":"sabado cien"},"url":"https:\/\/sabado100.com.ar\/es-ar\/author\/sabado100\/"}]}},"_links":{"self":[{"href":"https:\/\/sabado100.com.ar\/es-ar\/wp-json\/wp\/v2\/posts\/4379","targetHints":{"allow":["GET"]}}],"collection":[{"href":"https:\/\/sabado100.com.ar\/es-ar\/wp-json\/wp\/v2\/posts"}],"about":[{"href":"https:\/\/sabado100.com.ar\/es-ar\/wp-json\/wp\/v2\/types\/post"}],"author":[{"embeddable":true,"href":"https:\/\/sabado100.com.ar\/es-ar\/wp-json\/wp\/v2\/users\/2"}],"replies":[{"embeddable":true,"href":"https:\/\/sabado100.com.ar\/es-ar\/wp-json\/wp\/v2\/comments?post=4379"}],"version-history":[{"count":0,"href":"https:\/\/sabado100.com.ar\/es-ar\/wp-json\/wp\/v2\/posts\/4379\/revisions"}],"wp:attachment":[{"href":"https:\/\/sabado100.com.ar\/es-ar\/wp-json\/wp\/v2\/media?parent=4379"}],"wp:term":[{"taxonomy":"category","embeddable":true,"href":"https:\/\/sabado100.com.ar\/es-ar\/wp-json\/wp\/v2\/categories?post=4379"},{"taxonomy":"post_tag","embeddable":true,"href":"https:\/\/sabado100.com.ar\/es-ar\/wp-json\/wp\/v2\/tags?post=4379"}],"curies":[{"name":"wp","href":"https:\/\/api.w.org\/{rel}","templated":true}]}}