{"id":4377,"date":"2016-02-12T15:59:38","date_gmt":"2016-02-12T13:59:38","guid":{"rendered":"https:\/\/www.sabado100.com.ar\/?p=4377"},"modified":"2016-02-12T15:59:38","modified_gmt":"2016-02-12T13:59:38","slug":"los-contrastes-brasilenos","status":"publish","type":"post","link":"https:\/\/sabado100.com.ar\/es-ar\/los-contrastes-brasilenos\/","title":{"rendered":"Los contrastes brasile\u00f1os&#8230;"},"content":{"rendered":"<p><strong>Por Emilio Grande.-<\/strong> Este verano las playas de Brasil vienen siendo un lugar de predilecci\u00f3n para miles de turistas argentinos, entre ellos decenas de rafaelinos. Seg\u00fan algunas estimaciones oficiales hablan de 2.000.000 de personas, teniendo como epicentro los Estados de Rio Grande do Sul y Santa Catarina, y en menor medida la entra\u00f1able Bah\u00eda, Rio de Janeiro y Sao Pablo, entre otros.<br \/>\nLos argentinos se movilizan por distintas v\u00edas: la masiva es con el autom\u00f3vil, luego el colectivo, el avi\u00f3n y en menor medida est\u00e1n los cruceros que recorren varias ciudades uruguayas y brasile\u00f1as.<br \/>\nHist\u00f3ricamente, Brasil fue un lugar favorito para los argentinos por sus extensas playas, el agua m\u00e1s tibia que en nuestro pa\u00eds, el carnaval, la m\u00fasica heterog\u00e9nea, la caipirinha, entre otros.<br \/>\nEste verano se sum\u00f3 un condimento significativo: el cambio de la moneda que nos favorece debido a la devaluaci\u00f3n que tuvieron, habiendo una diferencia significativa de precios en la nafta, la comida, la vestimenta, el hospedaje (hoteles, casas, caba\u00f1as, departamentos).<br \/>\nEn lo personal, voy a contar lo vivido en la primera quincena de enero en las playas de Rio Grande do Sul, Estado que limita con las provincias de Corrientes y Misiones.<br \/>\nEn general, los brasile\u00f1os son muy amables con los turistas en el trato directo ante diferentes consultas, que queda de manifiesto tambi\u00e9n en la atenci\u00f3n al p\u00fablico en los negocios, dando prioridad los automovilistas a los transe\u00fantes en las sendas peatonales.<br \/>\nUn detalle no menor es la ornamentaci\u00f3n para las fiestas de fin de a\u00f1o, decorando masivamente las calles y avenidas, las \u00ablojas\u00bb (tiendas) y lugares p\u00fablicos, sobresaliendo arbolitos de Navidad, pesebres, los Pap\u00e1 Noel, entre otros. Para destacar, el festejo del 31 de diciembre a la medianoche con cientos de personas en la playa bajo la lluvia para despedir el a\u00f1o y recibir el 2016, mientras lanzaban fuegos artificiales; tampoco faltaron los ebrios perdidos usando peligrosamente autos sobre la arena y la juventud que cop\u00f3 una de las plazas principales de Arroio do Sal (30 km al sur de Torres) con la m\u00fasica tecno a todo volumen de los parlantes de decenas de autos, aturdiendo a la gente, frente a la ausencia de control policial.<br \/>\nEn general, las rutas brasile\u00f1as son buenas y regulares, sumado a contadas autopistas, pero hay algunas rutas que est\u00e1n en un estado desastroso como la 377, pero ocurre lo mismo con las rutas argentinas hacia Brasil, especialmente la 127 que atraviesa la provincia de Entre R\u00edos de suroeste a noreste. \u00bfLos pol\u00edticos de ambos pa\u00edses no piensan en la seguridad de la gente que se desplaza por las rutas, sin olvidar que conducen a destinos tur\u00edsticos?<br \/>\nLos cambios clim\u00e1ticos vienen siendo materia de debate p\u00fablico en distintos lugares del mundo (sin olvidar la reciente cumbre en Francia) por las consecuencias que trae aparejado la emisi\u00f3n de gases de invernadero, la tala indiscriminada de los \u00e1rboles, los excesos en el uso de la energ\u00eda, que terminan generando el recalentamiento global. En el sur del pa\u00eds viene provocando abundantes lluvias (la mayor\u00eda de los d\u00edas que estuve hubo precipitaciones, nubosidad variable y vientos) y en algunos casos la rotura de caminos, por ejemplo a los pocos kil\u00f3metros de Gramado hacia Porto Alegre la ruta cortada y no est\u00e1 se\u00f1alizado, solamente hay una \u00abmonta\u00f1ita\u00bb de tierra obstruyendo el camino.<br \/>\nDicen que los brasile\u00f1os son alegres y festivos, y esto es verdad, inclusive en<br \/>\nlas misas de la Iglesia Cat\u00f3lica, similares a las nuestras que organiza la Renovaci\u00f3n Carism\u00e1tica, participando vivamente la gente con c\u00e1nticos y aplausos en las celebraciones. Una particularidad es la entrega al inicio del gui\u00f3n escrito, promovido por la Arquidi\u00f3cesis de Porto Alegre, que permite una mayor concentraci\u00f3n y, al mismo tiempo, entender la liturgia en el idioma portugu\u00e9s; esta pr\u00e1ctica tambi\u00e9n se repite en Italia, \u00bfno ser\u00e1 factible en la Argentina?.<\/p>\n<p><strong>A TENER EN CUENTA<\/strong><\/p>\n<p>* Para los argentinos que viajan en auto es obligatorio hacer migraciones en ambas aduanas (por ejemplo, Paso de los Libres y Uruguayana) porque del lado brasile\u00f1o no suelen estar afuera y al regreso de las vacaciones aplican multas rigurosas.<br \/>\n* En muchos pueblos y ciudades funcionan los radares para los controles de velocidad con m\u00e1ximas de 50 y 60 km (como en Argentina), pero hay que respetarlos para evitar futuras multas.<br \/>\n* Los celulares argentinos funcionan siempre y cuando haya \u00abwi-fi\u00bb en los lugares en que uno se encuentre: hoteles, shopping, organismos p\u00fablicos, especialmente para enviar mensajes gratis de whatsapp.<br \/>\n* La mayor\u00eda de las tarjetas (cart\u00f3n se llama en Brasil) de d\u00e9bito y cr\u00e9dito funcionan correctamente en casi todos lados (comedores, estaciones de servicio, hoteles, entre otros), lo que permite no portar muchos \u00abreales\u00bb y da mayor seguridad durante la estad\u00eda. <\/p>\n","protected":false},"excerpt":{"rendered":"<p>Por Emilio Grande.- Este verano las playas de Brasil vienen siendo un lugar de predilecci\u00f3n para miles de turistas argentinos, [&hellip;]<\/p>\n","protected":false},"author":2,"featured_media":0,"comment_status":"open","ping_status":"closed","sticky":false,"template":"","format":"standard","meta":{"site-sidebar-layout":"default","site-content-layout":"","ast-site-content-layout":"default","site-content-style":"default","site-sidebar-style":"default","ast-global-header-display":"","ast-banner-title-visibility":"","ast-main-header-display":"","ast-hfb-above-header-display":"","ast-hfb-below-header-display":"","ast-hfb-mobile-header-display":"","site-post-title":"","ast-breadcrumbs-content":"","ast-featured-img":"","footer-sml-layout":"","ast-disable-related-posts":"","theme-transparent-header-meta":"","adv-header-id-meta":"","stick-header-meta":"","header-above-stick-meta":"","header-main-stick-meta":"","header-below-stick-meta":"","astra-migrate-meta-layouts":"default","ast-page-background-enabled":"default","ast-page-background-meta":{"desktop":{"background-color":"var(--ast-global-color-4)","background-image":"","background-repeat":"repeat","background-position":"center center","background-size":"auto","background-attachment":"scroll","background-type":"","background-media":"","overlay-type":"","overlay-color":"","overlay-opacity":"","overlay-gradient":""},"tablet":{"background-color":"","background-image":"","background-repeat":"repeat","background-position":"center center","background-size":"auto","background-attachment":"scroll","background-type":"","background-media":"","overlay-type":"","overlay-color":"","overlay-opacity":"","overlay-gradient":""},"mobile":{"background-color":"","background-image":"","background-repeat":"repeat","background-position":"center center","background-size":"auto","background-attachment":"scroll","background-type":"","background-media":"","overlay-type":"","overlay-color":"","overlay-opacity":"","overlay-gradient":""}},"ast-content-background-meta":{"desktop":{"background-color":"var(--ast-global-color-5)","background-image":"","background-repeat":"repeat","background-position":"center center","background-size":"auto","background-attachment":"scroll","background-type":"","background-media":"","overlay-type":"","overlay-color":"","overlay-opacity":"","overlay-gradient":""},"tablet":{"background-color":"var(--ast-global-color-5)","background-image":"","background-repeat":"repeat","background-position":"center center","background-size":"auto","background-attachment":"scroll","background-type":"","background-media":"","overlay-type":"","overlay-color":"","overlay-opacity":"","overlay-gradient":""},"mobile":{"background-color":"var(--ast-global-color-5)","background-image":"","background-repeat":"repeat","background-position":"center center","background-size":"auto","background-attachment":"scroll","background-type":"","background-media":"","overlay-type":"","overlay-color":"","overlay-opacity":"","overlay-gradient":""}},"footnotes":""},"categories":[4],"tags":[5434],"class_list":["post-4377","post","type-post","status-publish","format-standard","hentry","category-cultura-y-sociedad","tag-los-contrastes-brasilenos"],"yoast_head":"<!-- This site is optimized with the Yoast SEO plugin v23.2 - https:\/\/yoast.com\/wordpress\/plugins\/seo\/ -->\n<title>Los contrastes brasile\u00f1os... - Sabado 100<\/title>\n<meta name=\"robots\" content=\"index, follow, max-snippet:-1, max-image-preview:large, max-video-preview:-1\" \/>\n<link rel=\"canonical\" href=\"https:\/\/sabado100.com.ar\/es-ar\/los-contrastes-brasilenos\/\" \/>\n<meta property=\"og:locale\" content=\"es_ES\" \/>\n<meta property=\"og:type\" content=\"article\" \/>\n<meta property=\"og:title\" content=\"Los contrastes brasile\u00f1os... - Sabado 100\" \/>\n<meta property=\"og:description\" content=\"Por Emilio Grande.- Este verano las playas de Brasil vienen siendo un lugar de predilecci\u00f3n para miles de turistas argentinos, [&hellip;]\" \/>\n<meta property=\"og:url\" content=\"https:\/\/sabado100.com.ar\/es-ar\/los-contrastes-brasilenos\/\" \/>\n<meta property=\"og:site_name\" content=\"Sabado 100\" \/>\n<meta property=\"article:publisher\" content=\"https:\/\/www.facebook.com\/sabadocien\/\" \/>\n<meta property=\"article:published_time\" content=\"2016-02-12T13:59:38+00:00\" \/>\n<meta name=\"author\" content=\"sabado cien\" \/>\n<meta name=\"twitter:card\" content=\"summary_large_image\" \/>\n<meta name=\"twitter:label1\" content=\"Escrito por\" \/>\n\t<meta name=\"twitter:data1\" content=\"sabado cien\" \/>\n\t<meta name=\"twitter:label2\" content=\"Tiempo de lectura\" \/>\n\t<meta name=\"twitter:data2\" content=\"4 minutos\" \/>\n<script type=\"application\/ld+json\" class=\"yoast-schema-graph\">{\"@context\":\"https:\/\/schema.org\",\"@graph\":[{\"@type\":\"Article\",\"@id\":\"https:\/\/sabado100.com.ar\/es-ar\/los-contrastes-brasilenos\/#article\",\"isPartOf\":{\"@id\":\"https:\/\/sabado100.com.ar\/es-ar\/los-contrastes-brasilenos\/\"},\"author\":{\"name\":\"sabado cien\",\"@id\":\"https:\/\/sabado100.com.ar\/es-ar\/#\/schema\/person\/58e38b918ef4e44b11398f25d4684c6d\"},\"headline\":\"Los contrastes brasile\u00f1os&#8230;\",\"datePublished\":\"2016-02-12T13:59:38+00:00\",\"dateModified\":\"2016-02-12T13:59:38+00:00\",\"mainEntityOfPage\":{\"@id\":\"https:\/\/sabado100.com.ar\/es-ar\/los-contrastes-brasilenos\/\"},\"wordCount\":835,\"commentCount\":0,\"publisher\":{\"@id\":\"https:\/\/sabado100.com.ar\/es-ar\/#organization\"},\"keywords\":[\"Los contrastes brasile\u00f1os...\"],\"articleSection\":[\"Cultura y Sociedad\"],\"inLanguage\":\"es\",\"potentialAction\":[{\"@type\":\"CommentAction\",\"name\":\"Comment\",\"target\":[\"https:\/\/sabado100.com.ar\/es-ar\/los-contrastes-brasilenos\/#respond\"]}]},{\"@type\":\"WebPage\",\"@id\":\"https:\/\/sabado100.com.ar\/es-ar\/los-contrastes-brasilenos\/\",\"url\":\"https:\/\/sabado100.com.ar\/es-ar\/los-contrastes-brasilenos\/\",\"name\":\"Los contrastes brasile\u00f1os... - Sabado 100\",\"isPartOf\":{\"@id\":\"https:\/\/sabado100.com.ar\/es-ar\/#website\"},\"datePublished\":\"2016-02-12T13:59:38+00:00\",\"dateModified\":\"2016-02-12T13:59:38+00:00\",\"breadcrumb\":{\"@id\":\"https:\/\/sabado100.com.ar\/es-ar\/los-contrastes-brasilenos\/#breadcrumb\"},\"inLanguage\":\"es\",\"potentialAction\":[{\"@type\":\"ReadAction\",\"target\":[\"https:\/\/sabado100.com.ar\/es-ar\/los-contrastes-brasilenos\/\"]}]},{\"@type\":\"BreadcrumbList\",\"@id\":\"https:\/\/sabado100.com.ar\/es-ar\/los-contrastes-brasilenos\/#breadcrumb\",\"itemListElement\":[{\"@type\":\"ListItem\",\"position\":1,\"name\":\"Portada\",\"item\":\"https:\/\/sabado100.com.ar\/es-ar\/\"},{\"@type\":\"ListItem\",\"position\":2,\"name\":\"Los contrastes brasile\u00f1os&#8230;\"}]},{\"@type\":\"WebSite\",\"@id\":\"https:\/\/sabado100.com.ar\/es-ar\/#website\",\"url\":\"https:\/\/sabado100.com.ar\/es-ar\/\",\"name\":\"Sabado 100\",\"description\":\"\",\"publisher\":{\"@id\":\"https:\/\/sabado100.com.ar\/es-ar\/#organization\"},\"potentialAction\":[{\"@type\":\"SearchAction\",\"target\":{\"@type\":\"EntryPoint\",\"urlTemplate\":\"https:\/\/sabado100.com.ar\/es-ar\/?s={search_term_string}\"},\"query-input\":\"required name=search_term_string\"}],\"inLanguage\":\"es\"},{\"@type\":\"Organization\",\"@id\":\"https:\/\/sabado100.com.ar\/es-ar\/#organization\",\"name\":\"Sabado 100\",\"url\":\"https:\/\/sabado100.com.ar\/es-ar\/\",\"logo\":{\"@type\":\"ImageObject\",\"inLanguage\":\"es\",\"@id\":\"https:\/\/sabado100.com.ar\/es-ar\/#\/schema\/logo\/image\/\",\"url\":\"https:\/\/sabado100.com.ar\/es-ar\/wp-content\/uploads\/2024\/04\/logo3.jpg\",\"contentUrl\":\"https:\/\/sabado100.com.ar\/es-ar\/wp-content\/uploads\/2024\/04\/logo3.jpg\",\"width\":300,\"height\":174,\"caption\":\"Sabado 100\"},\"image\":{\"@id\":\"https:\/\/sabado100.com.ar\/es-ar\/#\/schema\/logo\/image\/\"},\"sameAs\":[\"https:\/\/www.facebook.com\/sabadocien\/\",\"https:\/\/www.instagram.com\/sabado100.com.ar\/\",\"https:\/\/www.youtube.com\/@sabado1003\"]},{\"@type\":\"Person\",\"@id\":\"https:\/\/sabado100.com.ar\/es-ar\/#\/schema\/person\/58e38b918ef4e44b11398f25d4684c6d\",\"name\":\"sabado cien\",\"image\":{\"@type\":\"ImageObject\",\"inLanguage\":\"es\",\"@id\":\"https:\/\/sabado100.com.ar\/es-ar\/#\/schema\/person\/image\/\",\"url\":\"https:\/\/sabado100.com.ar\/es-ar\/wp-content\/litespeed\/avatar\/484bccfbd493fbb703b0f1b8113dad61.jpg?ver=1787731622\",\"contentUrl\":\"https:\/\/sabado100.com.ar\/es-ar\/wp-content\/litespeed\/avatar\/484bccfbd493fbb703b0f1b8113dad61.jpg?ver=1787731622\",\"caption\":\"sabado cien\"},\"url\":\"https:\/\/sabado100.com.ar\/es-ar\/author\/sabado100\/\"}]}<\/script>\n<!-- \/ Yoast SEO plugin. -->","yoast_head_json":{"title":"Los contrastes brasile\u00f1os... - Sabado 100","robots":{"index":"index","follow":"follow","max-snippet":"max-snippet:-1","max-image-preview":"max-image-preview:large","max-video-preview":"max-video-preview:-1"},"canonical":"https:\/\/sabado100.com.ar\/es-ar\/los-contrastes-brasilenos\/","og_locale":"es_ES","og_type":"article","og_title":"Los contrastes brasile\u00f1os... - Sabado 100","og_description":"Por Emilio Grande.- Este verano las playas de Brasil vienen siendo un lugar de predilecci\u00f3n para miles de turistas argentinos, [&hellip;]","og_url":"https:\/\/sabado100.com.ar\/es-ar\/los-contrastes-brasilenos\/","og_site_name":"Sabado 100","article_publisher":"https:\/\/www.facebook.com\/sabadocien\/","article_published_time":"2016-02-12T13:59:38+00:00","author":"sabado cien","twitter_card":"summary_large_image","twitter_misc":{"Escrito por":"sabado cien","Tiempo de lectura":"4 minutos"},"schema":{"@context":"https:\/\/schema.org","@graph":[{"@type":"Article","@id":"https:\/\/sabado100.com.ar\/es-ar\/los-contrastes-brasilenos\/#article","isPartOf":{"@id":"https:\/\/sabado100.com.ar\/es-ar\/los-contrastes-brasilenos\/"},"author":{"name":"sabado cien","@id":"https:\/\/sabado100.com.ar\/es-ar\/#\/schema\/person\/58e38b918ef4e44b11398f25d4684c6d"},"headline":"Los contrastes brasile\u00f1os&#8230;","datePublished":"2016-02-12T13:59:38+00:00","dateModified":"2016-02-12T13:59:38+00:00","mainEntityOfPage":{"@id":"https:\/\/sabado100.com.ar\/es-ar\/los-contrastes-brasilenos\/"},"wordCount":835,"commentCount":0,"publisher":{"@id":"https:\/\/sabado100.com.ar\/es-ar\/#organization"},"keywords":["Los contrastes brasile\u00f1os..."],"articleSection":["Cultura y Sociedad"],"inLanguage":"es","potentialAction":[{"@type":"CommentAction","name":"Comment","target":["https:\/\/sabado100.com.ar\/es-ar\/los-contrastes-brasilenos\/#respond"]}]},{"@type":"WebPage","@id":"https:\/\/sabado100.com.ar\/es-ar\/los-contrastes-brasilenos\/","url":"https:\/\/sabado100.com.ar\/es-ar\/los-contrastes-brasilenos\/","name":"Los contrastes brasile\u00f1os... - Sabado 100","isPartOf":{"@id":"https:\/\/sabado100.com.ar\/es-ar\/#website"},"datePublished":"2016-02-12T13:59:38+00:00","dateModified":"2016-02-12T13:59:38+00:00","breadcrumb":{"@id":"https:\/\/sabado100.com.ar\/es-ar\/los-contrastes-brasilenos\/#breadcrumb"},"inLanguage":"es","potentialAction":[{"@type":"ReadAction","target":["https:\/\/sabado100.com.ar\/es-ar\/los-contrastes-brasilenos\/"]}]},{"@type":"BreadcrumbList","@id":"https:\/\/sabado100.com.ar\/es-ar\/los-contrastes-brasilenos\/#breadcrumb","itemListElement":[{"@type":"ListItem","position":1,"name":"Portada","item":"https:\/\/sabado100.com.ar\/es-ar\/"},{"@type":"ListItem","position":2,"name":"Los contrastes brasile\u00f1os&#8230;"}]},{"@type":"WebSite","@id":"https:\/\/sabado100.com.ar\/es-ar\/#website","url":"https:\/\/sabado100.com.ar\/es-ar\/","name":"Sabado 100","description":"","publisher":{"@id":"https:\/\/sabado100.com.ar\/es-ar\/#organization"},"potentialAction":[{"@type":"SearchAction","target":{"@type":"EntryPoint","urlTemplate":"https:\/\/sabado100.com.ar\/es-ar\/?s={search_term_string}"},"query-input":"required name=search_term_string"}],"inLanguage":"es"},{"@type":"Organization","@id":"https:\/\/sabado100.com.ar\/es-ar\/#organization","name":"Sabado 100","url":"https:\/\/sabado100.com.ar\/es-ar\/","logo":{"@type":"ImageObject","inLanguage":"es","@id":"https:\/\/sabado100.com.ar\/es-ar\/#\/schema\/logo\/image\/","url":"https:\/\/sabado100.com.ar\/es-ar\/wp-content\/uploads\/2024\/04\/logo3.jpg","contentUrl":"https:\/\/sabado100.com.ar\/es-ar\/wp-content\/uploads\/2024\/04\/logo3.jpg","width":300,"height":174,"caption":"Sabado 100"},"image":{"@id":"https:\/\/sabado100.com.ar\/es-ar\/#\/schema\/logo\/image\/"},"sameAs":["https:\/\/www.facebook.com\/sabadocien\/","https:\/\/www.instagram.com\/sabado100.com.ar\/","https:\/\/www.youtube.com\/@sabado1003"]},{"@type":"Person","@id":"https:\/\/sabado100.com.ar\/es-ar\/#\/schema\/person\/58e38b918ef4e44b11398f25d4684c6d","name":"sabado cien","image":{"@type":"ImageObject","inLanguage":"es","@id":"https:\/\/sabado100.com.ar\/es-ar\/#\/schema\/person\/image\/","url":"https:\/\/sabado100.com.ar\/es-ar\/wp-content\/litespeed\/avatar\/484bccfbd493fbb703b0f1b8113dad61.jpg?ver=1787731622","contentUrl":"https:\/\/sabado100.com.ar\/es-ar\/wp-content\/litespeed\/avatar\/484bccfbd493fbb703b0f1b8113dad61.jpg?ver=1787731622","caption":"sabado cien"},"url":"https:\/\/sabado100.com.ar\/es-ar\/author\/sabado100\/"}]}},"_links":{"self":[{"href":"https:\/\/sabado100.com.ar\/es-ar\/wp-json\/wp\/v2\/posts\/4377","targetHints":{"allow":["GET"]}}],"collection":[{"href":"https:\/\/sabado100.com.ar\/es-ar\/wp-json\/wp\/v2\/posts"}],"about":[{"href":"https:\/\/sabado100.com.ar\/es-ar\/wp-json\/wp\/v2\/types\/post"}],"author":[{"embeddable":true,"href":"https:\/\/sabado100.com.ar\/es-ar\/wp-json\/wp\/v2\/users\/2"}],"replies":[{"embeddable":true,"href":"https:\/\/sabado100.com.ar\/es-ar\/wp-json\/wp\/v2\/comments?post=4377"}],"version-history":[{"count":0,"href":"https:\/\/sabado100.com.ar\/es-ar\/wp-json\/wp\/v2\/posts\/4377\/revisions"}],"wp:attachment":[{"href":"https:\/\/sabado100.com.ar\/es-ar\/wp-json\/wp\/v2\/media?parent=4377"}],"wp:term":[{"taxonomy":"category","embeddable":true,"href":"https:\/\/sabado100.com.ar\/es-ar\/wp-json\/wp\/v2\/categories?post=4377"},{"taxonomy":"post_tag","embeddable":true,"href":"https:\/\/sabado100.com.ar\/es-ar\/wp-json\/wp\/v2\/tags?post=4377"}],"curies":[{"name":"wp","href":"https:\/\/api.w.org\/{rel}","templated":true}]}}