{"id":4373,"date":"2016-02-11T16:56:00","date_gmt":"2016-02-11T14:56:00","guid":{"rendered":"https:\/\/www.sabado100.com.ar\/?p=4373"},"modified":"2016-02-11T16:56:00","modified_gmt":"2016-02-11T14:56:00","slug":"el-equilibrio-necesario-para-gobernar","status":"publish","type":"post","link":"https:\/\/sabado100.com.ar\/es-ar\/el-equilibrio-necesario-para-gobernar\/","title":{"rendered":"El equilibrio necesario para gobernar"},"content":{"rendered":"<p>Por Mar\u00eda Herminia Grande.- \u201cLa sociedad est\u00e1 enojada y la pol\u00edtica no se anima. Si las circunstancias cambian, el hombre tambi\u00e9n puede cambiar. Nos guste o no los detenidos en c\u00e1rceles son nuestros. Es el fracaso de nuestra sociedad. El debe est\u00e1 afuera\u201d. El autor de estas definiciones es Luis Parodi, un uruguayo compa\u00f1ero de Jos\u00e9 Mujica, conocedor de c\u00e1rceles, exiliado en Francia, donde se dedic\u00f3 a la educaci\u00f3n. Hoy es el director en Montevideo de la c\u00e1rcel-pueblo Punta de Rieles. Las sociedades, entre ellas la nuestra, est\u00e1n enojadas por diversos motivos: la inseguridad es uno de ellos. En nuestro caso, tambi\u00e9n lo son la corrupci\u00f3n y la inflaci\u00f3n. La pol\u00edtica no s\u00f3lo no se anima en nuestro pa\u00eds a la reeducaci\u00f3n de quien delinque, sino tampoco en casi todo el mundo. Y en casos, como la experiencia uruguaya, preparan al hombre para ir afuera, pero luego la sociedad no responde d\u00e1ndole otra oportunidad.<br \/>\nUno de los principales desaf\u00edos de los distintos Gobiernos (nacional, provinciales y municipales) electos en nuestro pa\u00eds en los \u00faltimos comicios es la tentaci\u00f3n de ejercer autoritarismo. Se sabe que las tarifas (especialmente en Capital Federal) estaban absolutamente retrasadas, no as\u00ed en muchas provincias y municipios del interior del pa\u00eds. Santa Fe es un caso claro, la empresa provincial de energ\u00eda aumentar\u00e1 este a\u00f1o sus tarifas aproximadamente un 80%, a pesar de que estas fueron regularmente ajustadas.<br \/>\nLos gobernantes (cualquiera de ellos) no dudan en aplicar tarifazos. El autoritarismo se advierte cuando se los escucha negar paritarias acordes a los aumentos unilateralmente aplicados. Mientras tanto, tibiamente el Gobierno nacional amenaza a los empresarios formadores de precios con la creaci\u00f3n de una Comisi\u00f3n de Defensa de la Competencia; la experiencia demuestra que nunca ha funcionado. Todo indica que a la devaluaci\u00f3n se la est\u00e1 deglutiendo el valor del d\u00f3lar y los precios.<br \/>\nMonse\u00f1or Jorge Lozano, me dec\u00eda: \u201cA veces desde la Pastoral Social nuestro trabajo no es bien entendido. Nosotros abrimos canales de di\u00e1logo\u201d. Esto es en referencia a la reuni\u00f3n que mantuvo con representantes de organizaciones sociales y los ministros Marcos Pe\u00f1a y Rogelio Frigerio. \u201cCon ellos quedamos en seguir dialogando y confeccionar una agenda social. Es prematuro analizar el efecto de las medidas econ\u00f3micas, pero en nuestros barrios hay gran preocupaci\u00f3n. La pobreza en determinados lugares golpea mucho, al igual que el hacinamiento, la desnutrici\u00f3n infantil y la droga. Es nuestra obligaci\u00f3n alertar a los gobernantes sobre -como dice el papa Francisco-, la sutil xenofobia hacia los que trabajan por los m\u00e1s pobres y excluidos\u201d.<br \/>\nLa divisi\u00f3n del bloque del Frente para la Victoria en Diputados, vivido por el macrismo \u2014puertas adentro\u2014 con gran expectativa positiva, muestra la fragilidad de las convicciones del kirchnerismo. Una cosa es liderar y otra es mandar. Esta conducta pol\u00edtica ilustra que la ex presidente Cristina Kirchner mandaba mucho m\u00e1s que lo que lideraba. El presidente Mauricio Macri deber\u00eda analizar con cautela esta escisi\u00f3n, dado que las conductas de los integrantes del nuevo bloque tienen mucho m\u00e1s que ver con la conveniencia que con la coincidencia. Hemos dicho ya que el ministro del Interior, Frigerio y el presidente de la C\u00e1mara de Diputados, Emilio Monz\u00f3, manejan discrecionalmente la obra p\u00fablica para ayudar a \u201cconvencer\u201d (al estilo del peor peronismo) a quienes est\u00e1n flojos de convicciones.<br \/>\nEl problema es que cuando la pol\u00edtica elige este camino, los precios van variando de acuerdo con las necesidades del Gobierno de turno. Seg\u00fan lo anunciado por Juan Carlos Schmid, titular de la Confederaci\u00f3n Argentina de Trabajadores del Transporte (CATT), el presidente Macri atender\u00e1 a los secretarios generales de las Confederaciones Generales del Trabajo (CGT) entre jueves o viernes. Mientras tanto, el 24 de febrero la Confederaci\u00f3n de Trabajadores de la Argentina (CTA) ha convocado un paro nacional. Hugo \u201cCachorro\u201d Godoy mencion\u00f3: \u201cNo fuimos convocados por el Ministerio de Trabajo. Si nos llaman, iremos a expresar nuestra problem\u00e1tica\u201d.<br \/>\nLo cierto es que los trabajadores sindicalizados tienen, a trav\u00e9s de sus representantes, defensa para su problem\u00e1tica. Los que est\u00e1n indefensos son los m\u00e1s necesitados y destutelados: los trabajadores en negro, los cuentapropistas y la deuda urgente con los jubilados y los pensionados. A estos \u00faltimos, entre otras cosas no menores, los apura la vida por vivir. El ombusdman de la tercera edad, Eugenio Semino, me dec\u00eda, d\u00edas atr\u00e1s: \u201cEn octubre la canasta b\u00e1sica necesaria para un jubilado ascend\u00eda a 8.500 pesos; reci\u00e9n en marzo el 53% de los jubilados que perciben el haber m\u00ednimo cobrar\u00e1n 4.608 pesos\u201d.<\/p>\n<p><strong>Pol\u00edtica en Santa Fe<\/strong><\/p>\n<p>El diputado Mario Barletta, ex presidente del Comit\u00e9 Nacional de la Uni\u00f3n C\u00edvica Radical (UCR), luego de una reuni\u00f3n con el socialismo santafesino, declar\u00f3 que le solicitaron \u201cser prudentes y no agresivos con el Gobierno nacional, que es nuestro socio\u201d. Remarc\u00f3: \u201cHoy se ve muy dif\u00edcil la posibilidad de coincidir electoralmente con el socialismo en el 2017 y ni que hablar en el 2019\u201d. Aprovech\u00f3 la ocasi\u00f3n para fustigar a quienes ya le echan culpas al Gobierno de Macri. \u201cLos k son brutos y corruptos, generaron inflaci\u00f3n a prop\u00f3sito. Doce a\u00f1os de fiesta y de robo se pagan con el sufrimiento de todos. Hay que ser necio para responsabilizar a Cambiemos de esta realidad. En seis meses soy optimista, la econom\u00eda se volver\u00e1 controlable\u201d. Por las dudas reconoce la reuni\u00f3n del actual presidente de la UCR, Jos\u00e9 Corral y el senador nacional Omar Perotti, pero se encarga de dejarlo a Perotti del lado del Partido Justicialista, no nos olvidemos que Corral, al igual que Perotti, miran el 2019.<\/p>\n<p><strong>Fuente:<\/strong> http:\/\/opinion.infobae.com\/, 9 de febrero de 2016.<\/p>\n","protected":false},"excerpt":{"rendered":"<p>Por Mar\u00eda Herminia Grande.- \u201cLa sociedad est\u00e1 enojada y la pol\u00edtica no se anima. Si las circunstancias cambian, el hombre [&hellip;]<\/p>\n","protected":false},"author":2,"featured_media":0,"comment_status":"open","ping_status":"closed","sticky":false,"template":"","format":"standard","meta":{"site-sidebar-layout":"default","site-content-layout":"","ast-site-content-layout":"default","site-content-style":"default","site-sidebar-style":"default","ast-global-header-display":"","ast-banner-title-visibility":"","ast-main-header-display":"","ast-hfb-above-header-display":"","ast-hfb-below-header-display":"","ast-hfb-mobile-header-display":"","site-post-title":"","ast-breadcrumbs-content":"","ast-featured-img":"","footer-sml-layout":"","ast-disable-related-posts":"","theme-transparent-header-meta":"","adv-header-id-meta":"","stick-header-meta":"","header-above-stick-meta":"","header-main-stick-meta":"","header-below-stick-meta":"","astra-migrate-meta-layouts":"default","ast-page-background-enabled":"default","ast-page-background-meta":{"desktop":{"background-color":"var(--ast-global-color-4)","background-image":"","background-repeat":"repeat","background-position":"center center","background-size":"auto","background-attachment":"scroll","background-type":"","background-media":"","overlay-type":"","overlay-color":"","overlay-opacity":"","overlay-gradient":""},"tablet":{"background-color":"","background-image":"","background-repeat":"repeat","background-position":"center center","background-size":"auto","background-attachment":"scroll","background-type":"","background-media":"","overlay-type":"","overlay-color":"","overlay-opacity":"","overlay-gradient":""},"mobile":{"background-color":"","background-image":"","background-repeat":"repeat","background-position":"center center","background-size":"auto","background-attachment":"scroll","background-type":"","background-media":"","overlay-type":"","overlay-color":"","overlay-opacity":"","overlay-gradient":""}},"ast-content-background-meta":{"desktop":{"background-color":"var(--ast-global-color-5)","background-image":"","background-repeat":"repeat","background-position":"center center","background-size":"auto","background-attachment":"scroll","background-type":"","background-media":"","overlay-type":"","overlay-color":"","overlay-opacity":"","overlay-gradient":""},"tablet":{"background-color":"var(--ast-global-color-5)","background-image":"","background-repeat":"repeat","background-position":"center center","background-size":"auto","background-attachment":"scroll","background-type":"","background-media":"","overlay-type":"","overlay-color":"","overlay-opacity":"","overlay-gradient":""},"mobile":{"background-color":"var(--ast-global-color-5)","background-image":"","background-repeat":"repeat","background-position":"center center","background-size":"auto","background-attachment":"scroll","background-type":"","background-media":"","overlay-type":"","overlay-color":"","overlay-opacity":"","overlay-gradient":""}},"footnotes":""},"categories":[5],"tags":[5432],"class_list":["post-4373","post","type-post","status-publish","format-standard","hentry","category-politica","tag-el-equilibrio-necesario-para-gobernar"],"yoast_head":"<!-- This site is optimized with the Yoast SEO plugin v23.2 - https:\/\/yoast.com\/wordpress\/plugins\/seo\/ -->\n<title>El equilibrio necesario para gobernar - Sabado 100<\/title>\n<meta name=\"robots\" content=\"index, follow, max-snippet:-1, max-image-preview:large, max-video-preview:-1\" \/>\n<link rel=\"canonical\" href=\"https:\/\/sabado100.com.ar\/es-ar\/el-equilibrio-necesario-para-gobernar\/\" \/>\n<meta property=\"og:locale\" content=\"es_ES\" \/>\n<meta property=\"og:type\" content=\"article\" \/>\n<meta property=\"og:title\" content=\"El equilibrio necesario para gobernar - Sabado 100\" \/>\n<meta property=\"og:description\" content=\"Por Mar\u00eda Herminia Grande.- \u201cLa sociedad est\u00e1 enojada y la pol\u00edtica no se anima. Si las circunstancias cambian, el hombre [&hellip;]\" \/>\n<meta property=\"og:url\" content=\"https:\/\/sabado100.com.ar\/es-ar\/el-equilibrio-necesario-para-gobernar\/\" \/>\n<meta property=\"og:site_name\" content=\"Sabado 100\" \/>\n<meta property=\"article:publisher\" content=\"https:\/\/www.facebook.com\/sabadocien\/\" \/>\n<meta property=\"article:published_time\" content=\"2016-02-11T14:56:00+00:00\" \/>\n<meta name=\"author\" content=\"sabado cien\" \/>\n<meta name=\"twitter:card\" content=\"summary_large_image\" \/>\n<meta name=\"twitter:label1\" content=\"Escrito por\" \/>\n\t<meta name=\"twitter:data1\" content=\"sabado cien\" \/>\n\t<meta name=\"twitter:label2\" content=\"Tiempo de lectura\" \/>\n\t<meta name=\"twitter:data2\" content=\"5 minutos\" \/>\n<script type=\"application\/ld+json\" class=\"yoast-schema-graph\">{\"@context\":\"https:\/\/schema.org\",\"@graph\":[{\"@type\":\"Article\",\"@id\":\"https:\/\/sabado100.com.ar\/es-ar\/el-equilibrio-necesario-para-gobernar\/#article\",\"isPartOf\":{\"@id\":\"https:\/\/sabado100.com.ar\/es-ar\/el-equilibrio-necesario-para-gobernar\/\"},\"author\":{\"name\":\"sabado cien\",\"@id\":\"https:\/\/sabado100.com.ar\/es-ar\/#\/schema\/person\/58e38b918ef4e44b11398f25d4684c6d\"},\"headline\":\"El equilibrio necesario para gobernar\",\"datePublished\":\"2016-02-11T14:56:00+00:00\",\"dateModified\":\"2016-02-11T14:56:00+00:00\",\"mainEntityOfPage\":{\"@id\":\"https:\/\/sabado100.com.ar\/es-ar\/el-equilibrio-necesario-para-gobernar\/\"},\"wordCount\":993,\"commentCount\":0,\"publisher\":{\"@id\":\"https:\/\/sabado100.com.ar\/es-ar\/#organization\"},\"keywords\":[\"El equilibrio necesario para gobernar\"],\"articleSection\":[\"Pol\u00edtica\"],\"inLanguage\":\"es\",\"potentialAction\":[{\"@type\":\"CommentAction\",\"name\":\"Comment\",\"target\":[\"https:\/\/sabado100.com.ar\/es-ar\/el-equilibrio-necesario-para-gobernar\/#respond\"]}]},{\"@type\":\"WebPage\",\"@id\":\"https:\/\/sabado100.com.ar\/es-ar\/el-equilibrio-necesario-para-gobernar\/\",\"url\":\"https:\/\/sabado100.com.ar\/es-ar\/el-equilibrio-necesario-para-gobernar\/\",\"name\":\"El equilibrio necesario para gobernar - Sabado 100\",\"isPartOf\":{\"@id\":\"https:\/\/sabado100.com.ar\/es-ar\/#website\"},\"datePublished\":\"2016-02-11T14:56:00+00:00\",\"dateModified\":\"2016-02-11T14:56:00+00:00\",\"breadcrumb\":{\"@id\":\"https:\/\/sabado100.com.ar\/es-ar\/el-equilibrio-necesario-para-gobernar\/#breadcrumb\"},\"inLanguage\":\"es\",\"potentialAction\":[{\"@type\":\"ReadAction\",\"target\":[\"https:\/\/sabado100.com.ar\/es-ar\/el-equilibrio-necesario-para-gobernar\/\"]}]},{\"@type\":\"BreadcrumbList\",\"@id\":\"https:\/\/sabado100.com.ar\/es-ar\/el-equilibrio-necesario-para-gobernar\/#breadcrumb\",\"itemListElement\":[{\"@type\":\"ListItem\",\"position\":1,\"name\":\"Portada\",\"item\":\"https:\/\/sabado100.com.ar\/es-ar\/\"},{\"@type\":\"ListItem\",\"position\":2,\"name\":\"El equilibrio necesario para gobernar\"}]},{\"@type\":\"WebSite\",\"@id\":\"https:\/\/sabado100.com.ar\/es-ar\/#website\",\"url\":\"https:\/\/sabado100.com.ar\/es-ar\/\",\"name\":\"Sabado 100\",\"description\":\"\",\"publisher\":{\"@id\":\"https:\/\/sabado100.com.ar\/es-ar\/#organization\"},\"potentialAction\":[{\"@type\":\"SearchAction\",\"target\":{\"@type\":\"EntryPoint\",\"urlTemplate\":\"https:\/\/sabado100.com.ar\/es-ar\/?s={search_term_string}\"},\"query-input\":\"required name=search_term_string\"}],\"inLanguage\":\"es\"},{\"@type\":\"Organization\",\"@id\":\"https:\/\/sabado100.com.ar\/es-ar\/#organization\",\"name\":\"Sabado 100\",\"url\":\"https:\/\/sabado100.com.ar\/es-ar\/\",\"logo\":{\"@type\":\"ImageObject\",\"inLanguage\":\"es\",\"@id\":\"https:\/\/sabado100.com.ar\/es-ar\/#\/schema\/logo\/image\/\",\"url\":\"https:\/\/sabado100.com.ar\/es-ar\/wp-content\/uploads\/2024\/04\/logo3.jpg\",\"contentUrl\":\"https:\/\/sabado100.com.ar\/es-ar\/wp-content\/uploads\/2024\/04\/logo3.jpg\",\"width\":300,\"height\":174,\"caption\":\"Sabado 100\"},\"image\":{\"@id\":\"https:\/\/sabado100.com.ar\/es-ar\/#\/schema\/logo\/image\/\"},\"sameAs\":[\"https:\/\/www.facebook.com\/sabadocien\/\",\"https:\/\/www.instagram.com\/sabado100.com.ar\/\",\"https:\/\/www.youtube.com\/@sabado1003\"]},{\"@type\":\"Person\",\"@id\":\"https:\/\/sabado100.com.ar\/es-ar\/#\/schema\/person\/58e38b918ef4e44b11398f25d4684c6d\",\"name\":\"sabado cien\",\"image\":{\"@type\":\"ImageObject\",\"inLanguage\":\"es\",\"@id\":\"https:\/\/sabado100.com.ar\/es-ar\/#\/schema\/person\/image\/\",\"url\":\"https:\/\/sabado100.com.ar\/es-ar\/wp-content\/litespeed\/avatar\/484bccfbd493fbb703b0f1b8113dad61.jpg?ver=1787731622\",\"contentUrl\":\"https:\/\/sabado100.com.ar\/es-ar\/wp-content\/litespeed\/avatar\/484bccfbd493fbb703b0f1b8113dad61.jpg?ver=1787731622\",\"caption\":\"sabado cien\"},\"url\":\"https:\/\/sabado100.com.ar\/es-ar\/author\/sabado100\/\"}]}<\/script>\n<!-- \/ Yoast SEO plugin. -->","yoast_head_json":{"title":"El equilibrio necesario para gobernar - Sabado 100","robots":{"index":"index","follow":"follow","max-snippet":"max-snippet:-1","max-image-preview":"max-image-preview:large","max-video-preview":"max-video-preview:-1"},"canonical":"https:\/\/sabado100.com.ar\/es-ar\/el-equilibrio-necesario-para-gobernar\/","og_locale":"es_ES","og_type":"article","og_title":"El equilibrio necesario para gobernar - Sabado 100","og_description":"Por Mar\u00eda Herminia Grande.- \u201cLa sociedad est\u00e1 enojada y la pol\u00edtica no se anima. Si las circunstancias cambian, el hombre [&hellip;]","og_url":"https:\/\/sabado100.com.ar\/es-ar\/el-equilibrio-necesario-para-gobernar\/","og_site_name":"Sabado 100","article_publisher":"https:\/\/www.facebook.com\/sabadocien\/","article_published_time":"2016-02-11T14:56:00+00:00","author":"sabado cien","twitter_card":"summary_large_image","twitter_misc":{"Escrito por":"sabado cien","Tiempo de lectura":"5 minutos"},"schema":{"@context":"https:\/\/schema.org","@graph":[{"@type":"Article","@id":"https:\/\/sabado100.com.ar\/es-ar\/el-equilibrio-necesario-para-gobernar\/#article","isPartOf":{"@id":"https:\/\/sabado100.com.ar\/es-ar\/el-equilibrio-necesario-para-gobernar\/"},"author":{"name":"sabado cien","@id":"https:\/\/sabado100.com.ar\/es-ar\/#\/schema\/person\/58e38b918ef4e44b11398f25d4684c6d"},"headline":"El equilibrio necesario para gobernar","datePublished":"2016-02-11T14:56:00+00:00","dateModified":"2016-02-11T14:56:00+00:00","mainEntityOfPage":{"@id":"https:\/\/sabado100.com.ar\/es-ar\/el-equilibrio-necesario-para-gobernar\/"},"wordCount":993,"commentCount":0,"publisher":{"@id":"https:\/\/sabado100.com.ar\/es-ar\/#organization"},"keywords":["El equilibrio necesario para gobernar"],"articleSection":["Pol\u00edtica"],"inLanguage":"es","potentialAction":[{"@type":"CommentAction","name":"Comment","target":["https:\/\/sabado100.com.ar\/es-ar\/el-equilibrio-necesario-para-gobernar\/#respond"]}]},{"@type":"WebPage","@id":"https:\/\/sabado100.com.ar\/es-ar\/el-equilibrio-necesario-para-gobernar\/","url":"https:\/\/sabado100.com.ar\/es-ar\/el-equilibrio-necesario-para-gobernar\/","name":"El equilibrio necesario para gobernar - Sabado 100","isPartOf":{"@id":"https:\/\/sabado100.com.ar\/es-ar\/#website"},"datePublished":"2016-02-11T14:56:00+00:00","dateModified":"2016-02-11T14:56:00+00:00","breadcrumb":{"@id":"https:\/\/sabado100.com.ar\/es-ar\/el-equilibrio-necesario-para-gobernar\/#breadcrumb"},"inLanguage":"es","potentialAction":[{"@type":"ReadAction","target":["https:\/\/sabado100.com.ar\/es-ar\/el-equilibrio-necesario-para-gobernar\/"]}]},{"@type":"BreadcrumbList","@id":"https:\/\/sabado100.com.ar\/es-ar\/el-equilibrio-necesario-para-gobernar\/#breadcrumb","itemListElement":[{"@type":"ListItem","position":1,"name":"Portada","item":"https:\/\/sabado100.com.ar\/es-ar\/"},{"@type":"ListItem","position":2,"name":"El equilibrio necesario para gobernar"}]},{"@type":"WebSite","@id":"https:\/\/sabado100.com.ar\/es-ar\/#website","url":"https:\/\/sabado100.com.ar\/es-ar\/","name":"Sabado 100","description":"","publisher":{"@id":"https:\/\/sabado100.com.ar\/es-ar\/#organization"},"potentialAction":[{"@type":"SearchAction","target":{"@type":"EntryPoint","urlTemplate":"https:\/\/sabado100.com.ar\/es-ar\/?s={search_term_string}"},"query-input":"required name=search_term_string"}],"inLanguage":"es"},{"@type":"Organization","@id":"https:\/\/sabado100.com.ar\/es-ar\/#organization","name":"Sabado 100","url":"https:\/\/sabado100.com.ar\/es-ar\/","logo":{"@type":"ImageObject","inLanguage":"es","@id":"https:\/\/sabado100.com.ar\/es-ar\/#\/schema\/logo\/image\/","url":"https:\/\/sabado100.com.ar\/es-ar\/wp-content\/uploads\/2024\/04\/logo3.jpg","contentUrl":"https:\/\/sabado100.com.ar\/es-ar\/wp-content\/uploads\/2024\/04\/logo3.jpg","width":300,"height":174,"caption":"Sabado 100"},"image":{"@id":"https:\/\/sabado100.com.ar\/es-ar\/#\/schema\/logo\/image\/"},"sameAs":["https:\/\/www.facebook.com\/sabadocien\/","https:\/\/www.instagram.com\/sabado100.com.ar\/","https:\/\/www.youtube.com\/@sabado1003"]},{"@type":"Person","@id":"https:\/\/sabado100.com.ar\/es-ar\/#\/schema\/person\/58e38b918ef4e44b11398f25d4684c6d","name":"sabado cien","image":{"@type":"ImageObject","inLanguage":"es","@id":"https:\/\/sabado100.com.ar\/es-ar\/#\/schema\/person\/image\/","url":"https:\/\/sabado100.com.ar\/es-ar\/wp-content\/litespeed\/avatar\/484bccfbd493fbb703b0f1b8113dad61.jpg?ver=1787731622","contentUrl":"https:\/\/sabado100.com.ar\/es-ar\/wp-content\/litespeed\/avatar\/484bccfbd493fbb703b0f1b8113dad61.jpg?ver=1787731622","caption":"sabado cien"},"url":"https:\/\/sabado100.com.ar\/es-ar\/author\/sabado100\/"}]}},"_links":{"self":[{"href":"https:\/\/sabado100.com.ar\/es-ar\/wp-json\/wp\/v2\/posts\/4373","targetHints":{"allow":["GET"]}}],"collection":[{"href":"https:\/\/sabado100.com.ar\/es-ar\/wp-json\/wp\/v2\/posts"}],"about":[{"href":"https:\/\/sabado100.com.ar\/es-ar\/wp-json\/wp\/v2\/types\/post"}],"author":[{"embeddable":true,"href":"https:\/\/sabado100.com.ar\/es-ar\/wp-json\/wp\/v2\/users\/2"}],"replies":[{"embeddable":true,"href":"https:\/\/sabado100.com.ar\/es-ar\/wp-json\/wp\/v2\/comments?post=4373"}],"version-history":[{"count":0,"href":"https:\/\/sabado100.com.ar\/es-ar\/wp-json\/wp\/v2\/posts\/4373\/revisions"}],"wp:attachment":[{"href":"https:\/\/sabado100.com.ar\/es-ar\/wp-json\/wp\/v2\/media?parent=4373"}],"wp:term":[{"taxonomy":"category","embeddable":true,"href":"https:\/\/sabado100.com.ar\/es-ar\/wp-json\/wp\/v2\/categories?post=4373"},{"taxonomy":"post_tag","embeddable":true,"href":"https:\/\/sabado100.com.ar\/es-ar\/wp-json\/wp\/v2\/tags?post=4373"}],"curies":[{"name":"wp","href":"https:\/\/api.w.org\/{rel}","templated":true}]}}