{"id":4371,"date":"2016-02-11T16:49:17","date_gmt":"2016-02-11T14:49:17","guid":{"rendered":"https:\/\/www.sabado100.com.ar\/?p=4371"},"modified":"2016-02-11T16:49:17","modified_gmt":"2016-02-11T14:49:17","slug":"rafaela-una-ciudad-tan-linda-con-veredas-tan-feas","status":"publish","type":"post","link":"https:\/\/sabado100.com.ar\/es-ar\/rafaela-una-ciudad-tan-linda-con-veredas-tan-feas\/","title":{"rendered":"Rafaela: \u201cUna ciudad tan linda con veredas tan feas\u201d"},"content":{"rendered":"<p><strong>Por Emilio J. Grande.-<\/strong> El t\u00edtulo entrecomillado refiere a la expresi\u00f3n de un periodista tucumano que asisti\u00f3 a la asamblea general ordinaria de ADEPA (Asociaci\u00f3n de Entidades Period\u00edsticas Argentinas), que se realiz\u00f3 en el mes de setiembre \u00faltimo en esta ciudad, organizado por diario Castellanos.<br \/>\nEl colega norte\u00f1o que ponder\u00f3 el trazado, la pujanza, la cultura y la diversidad de actividades de Rafaela, que la hacen tan pr\u00f3spera con el acertado \u201cLa Perla del Oeste\u201d, peg\u00f3 en el clavo cuando tras recorrer el centro y varios barrios se sincer\u00f3 al decir \u201cuna ciudad tan linda con veredas tan feas\u201d.<br \/>\nQuien haya visitado en el exterior ciudades de los distintos continentes, habr\u00e1 observado que en general hay uniformidad en las aceras; algunas con baldosas y otras de material alisado. En cambio las nuestras son un muestrario de colores y desniveles, con falta de mantenimiento cuyo mal estado revela desatenci\u00f3n de muchos a\u00f1os, de d\u00e9cadas en varios lugares, cuando en no pocos casos son de tierra invadidas por yuyales.<br \/>\nLos \u00faltimos gobiernos municipales en general de buena a muy buena gesti\u00f3n, han coincidido en ignorar el cuidado de las veredas en varios aspectos.<br \/>\nLo de la distinta coloraci\u00f3n de las baldosas que, como se\u00f1alamos antes, contrasta con lo general en el mundo, podr\u00eda aceptarse; lo que no, enf\u00e1ticamente, son los desniveles en casos de 10, 20, 30 y hasta 40 cent\u00edmetros.<br \/>\nCuando se renuevan o se construyan nuevas, la ausencia de una reglamentaci\u00f3n o de su incumplimiento si existiera, deriva en lo ins\u00f3lito de que en una misma cuadra la vereda se convierta en un sube y baja con tres, cuatro y m\u00e1s desniveles. Y cuando estos son muy pronunciados se convierten muy peligrosos para los peatones. Cuando por ellas transitan personas con discapacidades f\u00edsicas, ayud\u00e1ndose con bast\u00f3n o muletas, y madres empujando cochecitos con sus beb\u00e9s, deben bajar a la calzada con el peligro que eso conlleva. De producirse accidentes, esto lleva a pensar en \u00bfcu\u00e1l es la responsabilidad que deber\u00edan asumir el gobierno municipal y los frentistas en caso de una demanda?<br \/>\nEs verdad, el arreglo imprescindible de veredas es muy sensible al bolsillo de los vecinos que pol\u00edticamente los intendentes no quieren tocar, pero el extremo al que se ha llegado del deterioro de las aceras, algo hay que hacer, que el Departamento Ejecutivo y el Concejo Municipal estudien alguna soluci\u00f3n, y el costo de tal arreglo se asuma entre los propietarios y el Estado municipal. \u00bfPodr\u00eda ser agregando alg\u00fan valor a la tasa municipal o en tal efecto deducir un porcentaje de lo que ya se cobra de ese tributo?<\/p>\n","protected":false},"excerpt":{"rendered":"<p>Por Emilio J. Grande.- El t\u00edtulo entrecomillado refiere a la expresi\u00f3n de un periodista tucumano que asisti\u00f3 a la asamblea [&hellip;]<\/p>\n","protected":false},"author":2,"featured_media":0,"comment_status":"open","ping_status":"closed","sticky":false,"template":"","format":"standard","meta":{"site-sidebar-layout":"default","site-content-layout":"","ast-site-content-layout":"default","site-content-style":"default","site-sidebar-style":"default","ast-global-header-display":"","ast-banner-title-visibility":"","ast-main-header-display":"","ast-hfb-above-header-display":"","ast-hfb-below-header-display":"","ast-hfb-mobile-header-display":"","site-post-title":"","ast-breadcrumbs-content":"","ast-featured-img":"","footer-sml-layout":"","ast-disable-related-posts":"","theme-transparent-header-meta":"","adv-header-id-meta":"","stick-header-meta":"","header-above-stick-meta":"","header-main-stick-meta":"","header-below-stick-meta":"","astra-migrate-meta-layouts":"default","ast-page-background-enabled":"default","ast-page-background-meta":{"desktop":{"background-color":"var(--ast-global-color-4)","background-image":"","background-repeat":"repeat","background-position":"center center","background-size":"auto","background-attachment":"scroll","background-type":"","background-media":"","overlay-type":"","overlay-color":"","overlay-opacity":"","overlay-gradient":""},"tablet":{"background-color":"","background-image":"","background-repeat":"repeat","background-position":"center center","background-size":"auto","background-attachment":"scroll","background-type":"","background-media":"","overlay-type":"","overlay-color":"","overlay-opacity":"","overlay-gradient":""},"mobile":{"background-color":"","background-image":"","background-repeat":"repeat","background-position":"center center","background-size":"auto","background-attachment":"scroll","background-type":"","background-media":"","overlay-type":"","overlay-color":"","overlay-opacity":"","overlay-gradient":""}},"ast-content-background-meta":{"desktop":{"background-color":"var(--ast-global-color-5)","background-image":"","background-repeat":"repeat","background-position":"center center","background-size":"auto","background-attachment":"scroll","background-type":"","background-media":"","overlay-type":"","overlay-color":"","overlay-opacity":"","overlay-gradient":""},"tablet":{"background-color":"var(--ast-global-color-5)","background-image":"","background-repeat":"repeat","background-position":"center center","background-size":"auto","background-attachment":"scroll","background-type":"","background-media":"","overlay-type":"","overlay-color":"","overlay-opacity":"","overlay-gradient":""},"mobile":{"background-color":"var(--ast-global-color-5)","background-image":"","background-repeat":"repeat","background-position":"center center","background-size":"auto","background-attachment":"scroll","background-type":"","background-media":"","overlay-type":"","overlay-color":"","overlay-opacity":"","overlay-gradient":""}},"footnotes":""},"categories":[4],"tags":[5431],"class_list":["post-4371","post","type-post","status-publish","format-standard","hentry","category-cultura-y-sociedad","tag-una-ciudad-tan-linda-con-veredas-tan-feas"],"yoast_head":"<!-- This site is optimized with the Yoast SEO plugin v23.2 - https:\/\/yoast.com\/wordpress\/plugins\/seo\/ -->\n<title>Rafaela: \u201cUna ciudad tan linda con veredas tan feas\u201d - Sabado 100<\/title>\n<meta name=\"robots\" content=\"index, follow, max-snippet:-1, max-image-preview:large, max-video-preview:-1\" \/>\n<link rel=\"canonical\" href=\"https:\/\/sabado100.com.ar\/es-ar\/rafaela-una-ciudad-tan-linda-con-veredas-tan-feas\/\" \/>\n<meta property=\"og:locale\" content=\"es_ES\" \/>\n<meta property=\"og:type\" content=\"article\" \/>\n<meta property=\"og:title\" content=\"Rafaela: \u201cUna ciudad tan linda con veredas tan feas\u201d - Sabado 100\" \/>\n<meta property=\"og:description\" content=\"Por Emilio J. Grande.- El t\u00edtulo entrecomillado refiere a la expresi\u00f3n de un periodista tucumano que asisti\u00f3 a la asamblea [&hellip;]\" \/>\n<meta property=\"og:url\" content=\"https:\/\/sabado100.com.ar\/es-ar\/rafaela-una-ciudad-tan-linda-con-veredas-tan-feas\/\" \/>\n<meta property=\"og:site_name\" content=\"Sabado 100\" \/>\n<meta property=\"article:publisher\" content=\"https:\/\/www.facebook.com\/sabadocien\/\" \/>\n<meta property=\"article:published_time\" content=\"2016-02-11T14:49:17+00:00\" \/>\n<meta name=\"author\" content=\"sabado cien\" \/>\n<meta name=\"twitter:card\" content=\"summary_large_image\" \/>\n<meta name=\"twitter:label1\" content=\"Escrito por\" \/>\n\t<meta name=\"twitter:data1\" content=\"sabado cien\" \/>\n\t<meta name=\"twitter:label2\" content=\"Tiempo de lectura\" \/>\n\t<meta name=\"twitter:data2\" content=\"2 minutos\" \/>\n<script type=\"application\/ld+json\" class=\"yoast-schema-graph\">{\"@context\":\"https:\/\/schema.org\",\"@graph\":[{\"@type\":\"Article\",\"@id\":\"https:\/\/sabado100.com.ar\/es-ar\/rafaela-una-ciudad-tan-linda-con-veredas-tan-feas\/#article\",\"isPartOf\":{\"@id\":\"https:\/\/sabado100.com.ar\/es-ar\/rafaela-una-ciudad-tan-linda-con-veredas-tan-feas\/\"},\"author\":{\"name\":\"sabado cien\",\"@id\":\"https:\/\/sabado100.com.ar\/es-ar\/#\/schema\/person\/58e38b918ef4e44b11398f25d4684c6d\"},\"headline\":\"Rafaela: \u201cUna ciudad tan linda con veredas tan feas\u201d\",\"datePublished\":\"2016-02-11T14:49:17+00:00\",\"dateModified\":\"2016-02-11T14:49:17+00:00\",\"mainEntityOfPage\":{\"@id\":\"https:\/\/sabado100.com.ar\/es-ar\/rafaela-una-ciudad-tan-linda-con-veredas-tan-feas\/\"},\"wordCount\":466,\"commentCount\":0,\"publisher\":{\"@id\":\"https:\/\/sabado100.com.ar\/es-ar\/#organization\"},\"keywords\":[\"\u201cUna ciudad tan linda con veredas tan feas\u201d\"],\"articleSection\":[\"Cultura y Sociedad\"],\"inLanguage\":\"es\",\"potentialAction\":[{\"@type\":\"CommentAction\",\"name\":\"Comment\",\"target\":[\"https:\/\/sabado100.com.ar\/es-ar\/rafaela-una-ciudad-tan-linda-con-veredas-tan-feas\/#respond\"]}]},{\"@type\":\"WebPage\",\"@id\":\"https:\/\/sabado100.com.ar\/es-ar\/rafaela-una-ciudad-tan-linda-con-veredas-tan-feas\/\",\"url\":\"https:\/\/sabado100.com.ar\/es-ar\/rafaela-una-ciudad-tan-linda-con-veredas-tan-feas\/\",\"name\":\"Rafaela: \u201cUna ciudad tan linda con veredas tan feas\u201d - Sabado 100\",\"isPartOf\":{\"@id\":\"https:\/\/sabado100.com.ar\/es-ar\/#website\"},\"datePublished\":\"2016-02-11T14:49:17+00:00\",\"dateModified\":\"2016-02-11T14:49:17+00:00\",\"breadcrumb\":{\"@id\":\"https:\/\/sabado100.com.ar\/es-ar\/rafaela-una-ciudad-tan-linda-con-veredas-tan-feas\/#breadcrumb\"},\"inLanguage\":\"es\",\"potentialAction\":[{\"@type\":\"ReadAction\",\"target\":[\"https:\/\/sabado100.com.ar\/es-ar\/rafaela-una-ciudad-tan-linda-con-veredas-tan-feas\/\"]}]},{\"@type\":\"BreadcrumbList\",\"@id\":\"https:\/\/sabado100.com.ar\/es-ar\/rafaela-una-ciudad-tan-linda-con-veredas-tan-feas\/#breadcrumb\",\"itemListElement\":[{\"@type\":\"ListItem\",\"position\":1,\"name\":\"Portada\",\"item\":\"https:\/\/sabado100.com.ar\/es-ar\/\"},{\"@type\":\"ListItem\",\"position\":2,\"name\":\"Rafaela: \u201cUna ciudad tan linda con veredas tan feas\u201d\"}]},{\"@type\":\"WebSite\",\"@id\":\"https:\/\/sabado100.com.ar\/es-ar\/#website\",\"url\":\"https:\/\/sabado100.com.ar\/es-ar\/\",\"name\":\"Sabado 100\",\"description\":\"\",\"publisher\":{\"@id\":\"https:\/\/sabado100.com.ar\/es-ar\/#organization\"},\"potentialAction\":[{\"@type\":\"SearchAction\",\"target\":{\"@type\":\"EntryPoint\",\"urlTemplate\":\"https:\/\/sabado100.com.ar\/es-ar\/?s={search_term_string}\"},\"query-input\":\"required name=search_term_string\"}],\"inLanguage\":\"es\"},{\"@type\":\"Organization\",\"@id\":\"https:\/\/sabado100.com.ar\/es-ar\/#organization\",\"name\":\"Sabado 100\",\"url\":\"https:\/\/sabado100.com.ar\/es-ar\/\",\"logo\":{\"@type\":\"ImageObject\",\"inLanguage\":\"es\",\"@id\":\"https:\/\/sabado100.com.ar\/es-ar\/#\/schema\/logo\/image\/\",\"url\":\"https:\/\/sabado100.com.ar\/es-ar\/wp-content\/uploads\/2024\/04\/logo3.jpg\",\"contentUrl\":\"https:\/\/sabado100.com.ar\/es-ar\/wp-content\/uploads\/2024\/04\/logo3.jpg\",\"width\":300,\"height\":174,\"caption\":\"Sabado 100\"},\"image\":{\"@id\":\"https:\/\/sabado100.com.ar\/es-ar\/#\/schema\/logo\/image\/\"},\"sameAs\":[\"https:\/\/www.facebook.com\/sabadocien\/\",\"https:\/\/www.instagram.com\/sabado100.com.ar\/\",\"https:\/\/www.youtube.com\/@sabado1003\"]},{\"@type\":\"Person\",\"@id\":\"https:\/\/sabado100.com.ar\/es-ar\/#\/schema\/person\/58e38b918ef4e44b11398f25d4684c6d\",\"name\":\"sabado cien\",\"image\":{\"@type\":\"ImageObject\",\"inLanguage\":\"es\",\"@id\":\"https:\/\/sabado100.com.ar\/es-ar\/#\/schema\/person\/image\/\",\"url\":\"https:\/\/sabado100.com.ar\/es-ar\/wp-content\/litespeed\/avatar\/484bccfbd493fbb703b0f1b8113dad61.jpg?ver=1787731622\",\"contentUrl\":\"https:\/\/sabado100.com.ar\/es-ar\/wp-content\/litespeed\/avatar\/484bccfbd493fbb703b0f1b8113dad61.jpg?ver=1787731622\",\"caption\":\"sabado cien\"},\"url\":\"https:\/\/sabado100.com.ar\/es-ar\/author\/sabado100\/\"}]}<\/script>\n<!-- \/ Yoast SEO plugin. -->","yoast_head_json":{"title":"Rafaela: \u201cUna ciudad tan linda con veredas tan feas\u201d - Sabado 100","robots":{"index":"index","follow":"follow","max-snippet":"max-snippet:-1","max-image-preview":"max-image-preview:large","max-video-preview":"max-video-preview:-1"},"canonical":"https:\/\/sabado100.com.ar\/es-ar\/rafaela-una-ciudad-tan-linda-con-veredas-tan-feas\/","og_locale":"es_ES","og_type":"article","og_title":"Rafaela: \u201cUna ciudad tan linda con veredas tan feas\u201d - Sabado 100","og_description":"Por Emilio J. Grande.- El t\u00edtulo entrecomillado refiere a la expresi\u00f3n de un periodista tucumano que asisti\u00f3 a la asamblea [&hellip;]","og_url":"https:\/\/sabado100.com.ar\/es-ar\/rafaela-una-ciudad-tan-linda-con-veredas-tan-feas\/","og_site_name":"Sabado 100","article_publisher":"https:\/\/www.facebook.com\/sabadocien\/","article_published_time":"2016-02-11T14:49:17+00:00","author":"sabado cien","twitter_card":"summary_large_image","twitter_misc":{"Escrito por":"sabado cien","Tiempo de lectura":"2 minutos"},"schema":{"@context":"https:\/\/schema.org","@graph":[{"@type":"Article","@id":"https:\/\/sabado100.com.ar\/es-ar\/rafaela-una-ciudad-tan-linda-con-veredas-tan-feas\/#article","isPartOf":{"@id":"https:\/\/sabado100.com.ar\/es-ar\/rafaela-una-ciudad-tan-linda-con-veredas-tan-feas\/"},"author":{"name":"sabado cien","@id":"https:\/\/sabado100.com.ar\/es-ar\/#\/schema\/person\/58e38b918ef4e44b11398f25d4684c6d"},"headline":"Rafaela: \u201cUna ciudad tan linda con veredas tan feas\u201d","datePublished":"2016-02-11T14:49:17+00:00","dateModified":"2016-02-11T14:49:17+00:00","mainEntityOfPage":{"@id":"https:\/\/sabado100.com.ar\/es-ar\/rafaela-una-ciudad-tan-linda-con-veredas-tan-feas\/"},"wordCount":466,"commentCount":0,"publisher":{"@id":"https:\/\/sabado100.com.ar\/es-ar\/#organization"},"keywords":["\u201cUna ciudad tan linda con veredas tan feas\u201d"],"articleSection":["Cultura y Sociedad"],"inLanguage":"es","potentialAction":[{"@type":"CommentAction","name":"Comment","target":["https:\/\/sabado100.com.ar\/es-ar\/rafaela-una-ciudad-tan-linda-con-veredas-tan-feas\/#respond"]}]},{"@type":"WebPage","@id":"https:\/\/sabado100.com.ar\/es-ar\/rafaela-una-ciudad-tan-linda-con-veredas-tan-feas\/","url":"https:\/\/sabado100.com.ar\/es-ar\/rafaela-una-ciudad-tan-linda-con-veredas-tan-feas\/","name":"Rafaela: \u201cUna ciudad tan linda con veredas tan feas\u201d - Sabado 100","isPartOf":{"@id":"https:\/\/sabado100.com.ar\/es-ar\/#website"},"datePublished":"2016-02-11T14:49:17+00:00","dateModified":"2016-02-11T14:49:17+00:00","breadcrumb":{"@id":"https:\/\/sabado100.com.ar\/es-ar\/rafaela-una-ciudad-tan-linda-con-veredas-tan-feas\/#breadcrumb"},"inLanguage":"es","potentialAction":[{"@type":"ReadAction","target":["https:\/\/sabado100.com.ar\/es-ar\/rafaela-una-ciudad-tan-linda-con-veredas-tan-feas\/"]}]},{"@type":"BreadcrumbList","@id":"https:\/\/sabado100.com.ar\/es-ar\/rafaela-una-ciudad-tan-linda-con-veredas-tan-feas\/#breadcrumb","itemListElement":[{"@type":"ListItem","position":1,"name":"Portada","item":"https:\/\/sabado100.com.ar\/es-ar\/"},{"@type":"ListItem","position":2,"name":"Rafaela: \u201cUna ciudad tan linda con veredas tan feas\u201d"}]},{"@type":"WebSite","@id":"https:\/\/sabado100.com.ar\/es-ar\/#website","url":"https:\/\/sabado100.com.ar\/es-ar\/","name":"Sabado 100","description":"","publisher":{"@id":"https:\/\/sabado100.com.ar\/es-ar\/#organization"},"potentialAction":[{"@type":"SearchAction","target":{"@type":"EntryPoint","urlTemplate":"https:\/\/sabado100.com.ar\/es-ar\/?s={search_term_string}"},"query-input":"required name=search_term_string"}],"inLanguage":"es"},{"@type":"Organization","@id":"https:\/\/sabado100.com.ar\/es-ar\/#organization","name":"Sabado 100","url":"https:\/\/sabado100.com.ar\/es-ar\/","logo":{"@type":"ImageObject","inLanguage":"es","@id":"https:\/\/sabado100.com.ar\/es-ar\/#\/schema\/logo\/image\/","url":"https:\/\/sabado100.com.ar\/es-ar\/wp-content\/uploads\/2024\/04\/logo3.jpg","contentUrl":"https:\/\/sabado100.com.ar\/es-ar\/wp-content\/uploads\/2024\/04\/logo3.jpg","width":300,"height":174,"caption":"Sabado 100"},"image":{"@id":"https:\/\/sabado100.com.ar\/es-ar\/#\/schema\/logo\/image\/"},"sameAs":["https:\/\/www.facebook.com\/sabadocien\/","https:\/\/www.instagram.com\/sabado100.com.ar\/","https:\/\/www.youtube.com\/@sabado1003"]},{"@type":"Person","@id":"https:\/\/sabado100.com.ar\/es-ar\/#\/schema\/person\/58e38b918ef4e44b11398f25d4684c6d","name":"sabado cien","image":{"@type":"ImageObject","inLanguage":"es","@id":"https:\/\/sabado100.com.ar\/es-ar\/#\/schema\/person\/image\/","url":"https:\/\/sabado100.com.ar\/es-ar\/wp-content\/litespeed\/avatar\/484bccfbd493fbb703b0f1b8113dad61.jpg?ver=1787731622","contentUrl":"https:\/\/sabado100.com.ar\/es-ar\/wp-content\/litespeed\/avatar\/484bccfbd493fbb703b0f1b8113dad61.jpg?ver=1787731622","caption":"sabado cien"},"url":"https:\/\/sabado100.com.ar\/es-ar\/author\/sabado100\/"}]}},"_links":{"self":[{"href":"https:\/\/sabado100.com.ar\/es-ar\/wp-json\/wp\/v2\/posts\/4371","targetHints":{"allow":["GET"]}}],"collection":[{"href":"https:\/\/sabado100.com.ar\/es-ar\/wp-json\/wp\/v2\/posts"}],"about":[{"href":"https:\/\/sabado100.com.ar\/es-ar\/wp-json\/wp\/v2\/types\/post"}],"author":[{"embeddable":true,"href":"https:\/\/sabado100.com.ar\/es-ar\/wp-json\/wp\/v2\/users\/2"}],"replies":[{"embeddable":true,"href":"https:\/\/sabado100.com.ar\/es-ar\/wp-json\/wp\/v2\/comments?post=4371"}],"version-history":[{"count":0,"href":"https:\/\/sabado100.com.ar\/es-ar\/wp-json\/wp\/v2\/posts\/4371\/revisions"}],"wp:attachment":[{"href":"https:\/\/sabado100.com.ar\/es-ar\/wp-json\/wp\/v2\/media?parent=4371"}],"wp:term":[{"taxonomy":"category","embeddable":true,"href":"https:\/\/sabado100.com.ar\/es-ar\/wp-json\/wp\/v2\/categories?post=4371"},{"taxonomy":"post_tag","embeddable":true,"href":"https:\/\/sabado100.com.ar\/es-ar\/wp-json\/wp\/v2\/tags?post=4371"}],"curies":[{"name":"wp","href":"https:\/\/api.w.org\/{rel}","templated":true}]}}