{"id":4367,"date":"2016-02-02T15:34:11","date_gmt":"2016-02-02T13:34:11","guid":{"rendered":"https:\/\/www.sabado100.com.ar\/?p=4367"},"modified":"2016-02-02T15:34:11","modified_gmt":"2016-02-02T13:34:11","slug":"murio-marino-marcucci-nos-dejo-un-personaje-y-artesano-musical","status":"publish","type":"post","link":"https:\/\/sabado100.com.ar\/es-ar\/murio-marino-marcucci-nos-dejo-un-personaje-y-artesano-musical\/","title":{"rendered":"Muri\u00f3 Marino Marcucci: nos dej\u00f3 un personaje y artesano musical"},"content":{"rendered":"<p><a href=\"https:\/\/www.sabado100.com.ar\/wp-content\/uploads\/2016\/02\/Marino-Marcucci.jpg\" rel=\"attachment wp-att-4368\"><img fetchpriority=\"high\" decoding=\"async\" src=\"https:\/\/www.sabado100.com.ar\/wp-content\/uploads\/2016\/02\/Marino-Marcucci-300x225.jpg\" alt=\"Marino Marcucci\" width=\"300\" height=\"225\" class=\"alignnone size-medium wp-image-4368\" \/><\/a><\/p>\n<p><strong>Por Emilio Grande (h.).-<\/strong> En la ma\u00f1ana de ayer falleci\u00f3 Marino P\u00edo Marcucci a la edad de 95 a\u00f1os, un verdadero personaje de nuestra ciudad durante d\u00e9cadas, especialmente vinculado a la m\u00fasica.<br \/>\nNaci\u00f3 en Rafaela el 8 de enero de 1921, hombre detallista y apasionado, de buen humor, dejando un riqu\u00edsimo legado cultural: fue alumno de su primo Feliciano Brunelli (su pap\u00e1 Juan fue creador de la orquesta caracter\u00edstica), integrando a los 16 a\u00f1os su orquesta en Buenos Aires; lleg\u00f3 a tocar en vivo en radio Splendid.<br \/>\nDe regreso a Rafaela integr\u00f3 la Orquesta de Paludi. Don Marino fue un gran acordeonista y excelente profesor, seg\u00fan la revista \u00abEl acorde\u00f3n\u00bb de Buenos Aires, llegando a tener unos 30 alumnos en nuestra ciudad.<br \/>\nPero tuvo que hacer el servicio militar, se radic\u00f3 unos meses en Mendoza y al volver a \u00abnuestro pago\u00bb conoci\u00f3 a Norma Maine con quien se cas\u00f3 y naci\u00f3 su hijo Alberto Juan. Con su hermano Virgilio (fundador de Casa Marcucci, actualmente en calle Lavalle 78), se dedicaron a la compra y reparaci\u00f3n de pianos usados y reconstruidos a nuevos, colaborando tambi\u00e9n una vez jubilado con esa casa de m\u00fasica.<br \/>\nCon su hermano y unos amigos compraron una f\u00e1brica de pianos en Rosario, haci\u00e9ndose cargo Marino de la gerencia en la citada ciudad, continuando con el nombre de \u00abF\u00e1brica de Pianos Rosario SRL\u00bb; llegaron a producir 10 pianos por mes. En 1961 los socios decidieron mudarla a Rafaela, comprando un terreno y posterior construcci\u00f3n del edificio en avenida Luis Fanti 774 (actualmente sal\u00f3n de Papasquiaro), llegando a fabricar 18 pianos mensuales con un plantel de 54 operarios especializados. Adem\u00e1s de socio gerente, Marino fue el director t\u00e9cnico de la fabricaci\u00f3n y encargado de compras, importando las maderas de Suecia y Finlandia, el enchapado de la India, los alambres de acero especial para las cuerdas de Alemania, el casimir (pa\u00f1o) y nogal de Italia, el petribi de Brasil. Los pianos llevaban las marcas \u00abBrandt\u00bb y \u00abRembler\u00bb, teniendo como clientes a las m\u00e1s importantes casas de m\u00fasica de Buenos Aires y de otros puntos del pa\u00eds. En el proceso productivo se elaboraron unos 3.000 pianos.<br \/>\n\u00abEl elevado costo de importaci\u00f3n de las materias primas y la facilidad con que en los a\u00f1os 70 ingresaron \u00f3rganos el\u00e9ctricos de origen oriental (sustitu\u00edan los pianos) determinaron como \u00faltima medida el cierre del establecimiento en 1973, pero los operarios fueron absorbidos por otras empresas\u00bb, recordaba Marino en una cr\u00f3nica publicada en La  Opini\u00f3n, firmada por Javier Alfonso el 12 de febrero de 2011.<br \/>\nLuego fue empleado de la concesionaria de autos Carlos y Am\u00e9rico Grossi, que funcionaba en la esquina de las avenidas Luis Fanti y Angela de la Casa.<br \/>\nEn el plano social, integr\u00f3 durante muchos a\u00f1os el Club de Leones de nuestra ciudad, del cual fue presidente; el 8 de enero pasado lo homenajearon al cumplir 95 pirulos.<br \/>\nEn los \u00faltimos a\u00f1os ten\u00eda la sana costumbre de desayunar a las 8 de la ma\u00f1ana en el caf\u00e9 Roberto Grau para luego volver al mediod\u00eda para jugar al domino, siendo lector de los diarios La Opini\u00f3n y La Naci\u00f3n.<br \/>\nEl mi\u00e9rcoles pasado se descompuso por un problema renal que lo aquejaba, fue internado y se le complic\u00f3 hasta su deceso, pero estuvo l\u00facido hasta hace unos d\u00edas, causando hondo pesar entre sus familiares y una legi\u00f3n de amigos en distintos \u00e1mbitos sociales&#8230;<\/p>\n<p><strong>Fuente:<\/strong> diario La Opini\u00f3n, Rafaela, 2\/2\/2016.<\/p>\n","protected":false},"excerpt":{"rendered":"<p>Por Emilio Grande (h.).- En la ma\u00f1ana de ayer falleci\u00f3 Marino P\u00edo Marcucci a la edad de 95 a\u00f1os, un [&hellip;]<\/p>\n","protected":false},"author":2,"featured_media":4368,"comment_status":"open","ping_status":"closed","sticky":false,"template":"","format":"standard","meta":{"site-sidebar-layout":"default","site-content-layout":"","ast-site-content-layout":"default","site-content-style":"default","site-sidebar-style":"default","ast-global-header-display":"","ast-banner-title-visibility":"","ast-main-header-display":"","ast-hfb-above-header-display":"","ast-hfb-below-header-display":"","ast-hfb-mobile-header-display":"","site-post-title":"","ast-breadcrumbs-content":"","ast-featured-img":"","footer-sml-layout":"","ast-disable-related-posts":"","theme-transparent-header-meta":"","adv-header-id-meta":"","stick-header-meta":"","header-above-stick-meta":"","header-main-stick-meta":"","header-below-stick-meta":"","astra-migrate-meta-layouts":"default","ast-page-background-enabled":"default","ast-page-background-meta":{"desktop":{"background-color":"var(--ast-global-color-4)","background-image":"","background-repeat":"repeat","background-position":"center center","background-size":"auto","background-attachment":"scroll","background-type":"","background-media":"","overlay-type":"","overlay-color":"","overlay-opacity":"","overlay-gradient":""},"tablet":{"background-color":"","background-image":"","background-repeat":"repeat","background-position":"center center","background-size":"auto","background-attachment":"scroll","background-type":"","background-media":"","overlay-type":"","overlay-color":"","overlay-opacity":"","overlay-gradient":""},"mobile":{"background-color":"","background-image":"","background-repeat":"repeat","background-position":"center center","background-size":"auto","background-attachment":"scroll","background-type":"","background-media":"","overlay-type":"","overlay-color":"","overlay-opacity":"","overlay-gradient":""}},"ast-content-background-meta":{"desktop":{"background-color":"var(--ast-global-color-5)","background-image":"","background-repeat":"repeat","background-position":"center center","background-size":"auto","background-attachment":"scroll","background-type":"","background-media":"","overlay-type":"","overlay-color":"","overlay-opacity":"","overlay-gradient":""},"tablet":{"background-color":"var(--ast-global-color-5)","background-image":"","background-repeat":"repeat","background-position":"center center","background-size":"auto","background-attachment":"scroll","background-type":"","background-media":"","overlay-type":"","overlay-color":"","overlay-opacity":"","overlay-gradient":""},"mobile":{"background-color":"var(--ast-global-color-5)","background-image":"","background-repeat":"repeat","background-position":"center center","background-size":"auto","background-attachment":"scroll","background-type":"","background-media":"","overlay-type":"","overlay-color":"","overlay-opacity":"","overlay-gradient":""}},"footnotes":""},"categories":[4],"tags":[5430],"class_list":["post-4367","post","type-post","status-publish","format-standard","has-post-thumbnail","hentry","category-cultura-y-sociedad","tag-murio-marino-marcucci-nos-dejo-un-personaje-y-artesano-musical"],"yoast_head":"<!-- This site is optimized with the Yoast SEO plugin v23.2 - https:\/\/yoast.com\/wordpress\/plugins\/seo\/ -->\n<title>Muri\u00f3 Marino Marcucci: nos dej\u00f3 un personaje y artesano musical - Sabado 100<\/title>\n<meta name=\"robots\" content=\"index, follow, max-snippet:-1, max-image-preview:large, max-video-preview:-1\" \/>\n<link rel=\"canonical\" href=\"https:\/\/sabado100.com.ar\/es-ar\/murio-marino-marcucci-nos-dejo-un-personaje-y-artesano-musical\/\" \/>\n<meta property=\"og:locale\" content=\"es_ES\" \/>\n<meta property=\"og:type\" content=\"article\" \/>\n<meta property=\"og:title\" content=\"Muri\u00f3 Marino Marcucci: nos dej\u00f3 un personaje y artesano musical - Sabado 100\" \/>\n<meta property=\"og:description\" content=\"Por Emilio Grande (h.).- En la ma\u00f1ana de ayer falleci\u00f3 Marino P\u00edo Marcucci a la edad de 95 a\u00f1os, un [&hellip;]\" \/>\n<meta property=\"og:url\" content=\"https:\/\/sabado100.com.ar\/es-ar\/murio-marino-marcucci-nos-dejo-un-personaje-y-artesano-musical\/\" \/>\n<meta property=\"og:site_name\" content=\"Sabado 100\" \/>\n<meta property=\"article:publisher\" content=\"https:\/\/www.facebook.com\/sabadocien\/\" \/>\n<meta property=\"article:published_time\" content=\"2016-02-02T13:34:11+00:00\" \/>\n<meta name=\"author\" content=\"sabado cien\" \/>\n<meta name=\"twitter:card\" content=\"summary_large_image\" \/>\n<meta name=\"twitter:label1\" content=\"Escrito por\" \/>\n\t<meta name=\"twitter:data1\" content=\"sabado cien\" \/>\n\t<meta name=\"twitter:label2\" content=\"Tiempo de lectura\" \/>\n\t<meta name=\"twitter:data2\" content=\"3 minutos\" \/>\n<script type=\"application\/ld+json\" class=\"yoast-schema-graph\">{\"@context\":\"https:\/\/schema.org\",\"@graph\":[{\"@type\":\"Article\",\"@id\":\"https:\/\/sabado100.com.ar\/es-ar\/murio-marino-marcucci-nos-dejo-un-personaje-y-artesano-musical\/#article\",\"isPartOf\":{\"@id\":\"https:\/\/sabado100.com.ar\/es-ar\/murio-marino-marcucci-nos-dejo-un-personaje-y-artesano-musical\/\"},\"author\":{\"name\":\"sabado cien\",\"@id\":\"https:\/\/sabado100.com.ar\/es-ar\/#\/schema\/person\/58e38b918ef4e44b11398f25d4684c6d\"},\"headline\":\"Muri\u00f3 Marino Marcucci: nos dej\u00f3 un personaje y artesano musical\",\"datePublished\":\"2016-02-02T13:34:11+00:00\",\"dateModified\":\"2016-02-02T13:34:11+00:00\",\"mainEntityOfPage\":{\"@id\":\"https:\/\/sabado100.com.ar\/es-ar\/murio-marino-marcucci-nos-dejo-un-personaje-y-artesano-musical\/\"},\"wordCount\":600,\"commentCount\":0,\"publisher\":{\"@id\":\"https:\/\/sabado100.com.ar\/es-ar\/#organization\"},\"image\":{\"@id\":\"https:\/\/sabado100.com.ar\/es-ar\/murio-marino-marcucci-nos-dejo-un-personaje-y-artesano-musical\/#primaryimage\"},\"thumbnailUrl\":\"\",\"keywords\":[\"Muri\u00f3 Marino Marcucci: nos dej\u00f3 un personaje y artesano musical\"],\"articleSection\":[\"Cultura y Sociedad\"],\"inLanguage\":\"es\",\"potentialAction\":[{\"@type\":\"CommentAction\",\"name\":\"Comment\",\"target\":[\"https:\/\/sabado100.com.ar\/es-ar\/murio-marino-marcucci-nos-dejo-un-personaje-y-artesano-musical\/#respond\"]}]},{\"@type\":\"WebPage\",\"@id\":\"https:\/\/sabado100.com.ar\/es-ar\/murio-marino-marcucci-nos-dejo-un-personaje-y-artesano-musical\/\",\"url\":\"https:\/\/sabado100.com.ar\/es-ar\/murio-marino-marcucci-nos-dejo-un-personaje-y-artesano-musical\/\",\"name\":\"Muri\u00f3 Marino Marcucci: nos dej\u00f3 un personaje y artesano musical - Sabado 100\",\"isPartOf\":{\"@id\":\"https:\/\/sabado100.com.ar\/es-ar\/#website\"},\"primaryImageOfPage\":{\"@id\":\"https:\/\/sabado100.com.ar\/es-ar\/murio-marino-marcucci-nos-dejo-un-personaje-y-artesano-musical\/#primaryimage\"},\"image\":{\"@id\":\"https:\/\/sabado100.com.ar\/es-ar\/murio-marino-marcucci-nos-dejo-un-personaje-y-artesano-musical\/#primaryimage\"},\"thumbnailUrl\":\"\",\"datePublished\":\"2016-02-02T13:34:11+00:00\",\"dateModified\":\"2016-02-02T13:34:11+00:00\",\"breadcrumb\":{\"@id\":\"https:\/\/sabado100.com.ar\/es-ar\/murio-marino-marcucci-nos-dejo-un-personaje-y-artesano-musical\/#breadcrumb\"},\"inLanguage\":\"es\",\"potentialAction\":[{\"@type\":\"ReadAction\",\"target\":[\"https:\/\/sabado100.com.ar\/es-ar\/murio-marino-marcucci-nos-dejo-un-personaje-y-artesano-musical\/\"]}]},{\"@type\":\"ImageObject\",\"inLanguage\":\"es\",\"@id\":\"https:\/\/sabado100.com.ar\/es-ar\/murio-marino-marcucci-nos-dejo-un-personaje-y-artesano-musical\/#primaryimage\",\"url\":\"\",\"contentUrl\":\"\"},{\"@type\":\"BreadcrumbList\",\"@id\":\"https:\/\/sabado100.com.ar\/es-ar\/murio-marino-marcucci-nos-dejo-un-personaje-y-artesano-musical\/#breadcrumb\",\"itemListElement\":[{\"@type\":\"ListItem\",\"position\":1,\"name\":\"Portada\",\"item\":\"https:\/\/sabado100.com.ar\/es-ar\/\"},{\"@type\":\"ListItem\",\"position\":2,\"name\":\"Muri\u00f3 Marino Marcucci: nos dej\u00f3 un personaje y artesano musical\"}]},{\"@type\":\"WebSite\",\"@id\":\"https:\/\/sabado100.com.ar\/es-ar\/#website\",\"url\":\"https:\/\/sabado100.com.ar\/es-ar\/\",\"name\":\"Sabado 100\",\"description\":\"\",\"publisher\":{\"@id\":\"https:\/\/sabado100.com.ar\/es-ar\/#organization\"},\"potentialAction\":[{\"@type\":\"SearchAction\",\"target\":{\"@type\":\"EntryPoint\",\"urlTemplate\":\"https:\/\/sabado100.com.ar\/es-ar\/?s={search_term_string}\"},\"query-input\":\"required name=search_term_string\"}],\"inLanguage\":\"es\"},{\"@type\":\"Organization\",\"@id\":\"https:\/\/sabado100.com.ar\/es-ar\/#organization\",\"name\":\"Sabado 100\",\"url\":\"https:\/\/sabado100.com.ar\/es-ar\/\",\"logo\":{\"@type\":\"ImageObject\",\"inLanguage\":\"es\",\"@id\":\"https:\/\/sabado100.com.ar\/es-ar\/#\/schema\/logo\/image\/\",\"url\":\"https:\/\/sabado100.com.ar\/es-ar\/wp-content\/uploads\/2024\/04\/logo3.jpg\",\"contentUrl\":\"https:\/\/sabado100.com.ar\/es-ar\/wp-content\/uploads\/2024\/04\/logo3.jpg\",\"width\":300,\"height\":174,\"caption\":\"Sabado 100\"},\"image\":{\"@id\":\"https:\/\/sabado100.com.ar\/es-ar\/#\/schema\/logo\/image\/\"},\"sameAs\":[\"https:\/\/www.facebook.com\/sabadocien\/\",\"https:\/\/www.instagram.com\/sabado100.com.ar\/\",\"https:\/\/www.youtube.com\/@sabado1003\"]},{\"@type\":\"Person\",\"@id\":\"https:\/\/sabado100.com.ar\/es-ar\/#\/schema\/person\/58e38b918ef4e44b11398f25d4684c6d\",\"name\":\"sabado cien\",\"image\":{\"@type\":\"ImageObject\",\"inLanguage\":\"es\",\"@id\":\"https:\/\/sabado100.com.ar\/es-ar\/#\/schema\/person\/image\/\",\"url\":\"https:\/\/sabado100.com.ar\/es-ar\/wp-content\/litespeed\/avatar\/484bccfbd493fbb703b0f1b8113dad61.jpg?ver=1787731622\",\"contentUrl\":\"https:\/\/sabado100.com.ar\/es-ar\/wp-content\/litespeed\/avatar\/484bccfbd493fbb703b0f1b8113dad61.jpg?ver=1787731622\",\"caption\":\"sabado cien\"},\"url\":\"https:\/\/sabado100.com.ar\/es-ar\/author\/sabado100\/\"}]}<\/script>\n<!-- \/ Yoast SEO plugin. -->","yoast_head_json":{"title":"Muri\u00f3 Marino Marcucci: nos dej\u00f3 un personaje y artesano musical - Sabado 100","robots":{"index":"index","follow":"follow","max-snippet":"max-snippet:-1","max-image-preview":"max-image-preview:large","max-video-preview":"max-video-preview:-1"},"canonical":"https:\/\/sabado100.com.ar\/es-ar\/murio-marino-marcucci-nos-dejo-un-personaje-y-artesano-musical\/","og_locale":"es_ES","og_type":"article","og_title":"Muri\u00f3 Marino Marcucci: nos dej\u00f3 un personaje y artesano musical - Sabado 100","og_description":"Por Emilio Grande (h.).- En la ma\u00f1ana de ayer falleci\u00f3 Marino P\u00edo Marcucci a la edad de 95 a\u00f1os, un [&hellip;]","og_url":"https:\/\/sabado100.com.ar\/es-ar\/murio-marino-marcucci-nos-dejo-un-personaje-y-artesano-musical\/","og_site_name":"Sabado 100","article_publisher":"https:\/\/www.facebook.com\/sabadocien\/","article_published_time":"2016-02-02T13:34:11+00:00","author":"sabado cien","twitter_card":"summary_large_image","twitter_misc":{"Escrito por":"sabado cien","Tiempo de lectura":"3 minutos"},"schema":{"@context":"https:\/\/schema.org","@graph":[{"@type":"Article","@id":"https:\/\/sabado100.com.ar\/es-ar\/murio-marino-marcucci-nos-dejo-un-personaje-y-artesano-musical\/#article","isPartOf":{"@id":"https:\/\/sabado100.com.ar\/es-ar\/murio-marino-marcucci-nos-dejo-un-personaje-y-artesano-musical\/"},"author":{"name":"sabado cien","@id":"https:\/\/sabado100.com.ar\/es-ar\/#\/schema\/person\/58e38b918ef4e44b11398f25d4684c6d"},"headline":"Muri\u00f3 Marino Marcucci: nos dej\u00f3 un personaje y artesano musical","datePublished":"2016-02-02T13:34:11+00:00","dateModified":"2016-02-02T13:34:11+00:00","mainEntityOfPage":{"@id":"https:\/\/sabado100.com.ar\/es-ar\/murio-marino-marcucci-nos-dejo-un-personaje-y-artesano-musical\/"},"wordCount":600,"commentCount":0,"publisher":{"@id":"https:\/\/sabado100.com.ar\/es-ar\/#organization"},"image":{"@id":"https:\/\/sabado100.com.ar\/es-ar\/murio-marino-marcucci-nos-dejo-un-personaje-y-artesano-musical\/#primaryimage"},"thumbnailUrl":"","keywords":["Muri\u00f3 Marino Marcucci: nos dej\u00f3 un personaje y artesano musical"],"articleSection":["Cultura y Sociedad"],"inLanguage":"es","potentialAction":[{"@type":"CommentAction","name":"Comment","target":["https:\/\/sabado100.com.ar\/es-ar\/murio-marino-marcucci-nos-dejo-un-personaje-y-artesano-musical\/#respond"]}]},{"@type":"WebPage","@id":"https:\/\/sabado100.com.ar\/es-ar\/murio-marino-marcucci-nos-dejo-un-personaje-y-artesano-musical\/","url":"https:\/\/sabado100.com.ar\/es-ar\/murio-marino-marcucci-nos-dejo-un-personaje-y-artesano-musical\/","name":"Muri\u00f3 Marino Marcucci: nos dej\u00f3 un personaje y artesano musical - Sabado 100","isPartOf":{"@id":"https:\/\/sabado100.com.ar\/es-ar\/#website"},"primaryImageOfPage":{"@id":"https:\/\/sabado100.com.ar\/es-ar\/murio-marino-marcucci-nos-dejo-un-personaje-y-artesano-musical\/#primaryimage"},"image":{"@id":"https:\/\/sabado100.com.ar\/es-ar\/murio-marino-marcucci-nos-dejo-un-personaje-y-artesano-musical\/#primaryimage"},"thumbnailUrl":"","datePublished":"2016-02-02T13:34:11+00:00","dateModified":"2016-02-02T13:34:11+00:00","breadcrumb":{"@id":"https:\/\/sabado100.com.ar\/es-ar\/murio-marino-marcucci-nos-dejo-un-personaje-y-artesano-musical\/#breadcrumb"},"inLanguage":"es","potentialAction":[{"@type":"ReadAction","target":["https:\/\/sabado100.com.ar\/es-ar\/murio-marino-marcucci-nos-dejo-un-personaje-y-artesano-musical\/"]}]},{"@type":"ImageObject","inLanguage":"es","@id":"https:\/\/sabado100.com.ar\/es-ar\/murio-marino-marcucci-nos-dejo-un-personaje-y-artesano-musical\/#primaryimage","url":"","contentUrl":""},{"@type":"BreadcrumbList","@id":"https:\/\/sabado100.com.ar\/es-ar\/murio-marino-marcucci-nos-dejo-un-personaje-y-artesano-musical\/#breadcrumb","itemListElement":[{"@type":"ListItem","position":1,"name":"Portada","item":"https:\/\/sabado100.com.ar\/es-ar\/"},{"@type":"ListItem","position":2,"name":"Muri\u00f3 Marino Marcucci: nos dej\u00f3 un personaje y artesano musical"}]},{"@type":"WebSite","@id":"https:\/\/sabado100.com.ar\/es-ar\/#website","url":"https:\/\/sabado100.com.ar\/es-ar\/","name":"Sabado 100","description":"","publisher":{"@id":"https:\/\/sabado100.com.ar\/es-ar\/#organization"},"potentialAction":[{"@type":"SearchAction","target":{"@type":"EntryPoint","urlTemplate":"https:\/\/sabado100.com.ar\/es-ar\/?s={search_term_string}"},"query-input":"required name=search_term_string"}],"inLanguage":"es"},{"@type":"Organization","@id":"https:\/\/sabado100.com.ar\/es-ar\/#organization","name":"Sabado 100","url":"https:\/\/sabado100.com.ar\/es-ar\/","logo":{"@type":"ImageObject","inLanguage":"es","@id":"https:\/\/sabado100.com.ar\/es-ar\/#\/schema\/logo\/image\/","url":"https:\/\/sabado100.com.ar\/es-ar\/wp-content\/uploads\/2024\/04\/logo3.jpg","contentUrl":"https:\/\/sabado100.com.ar\/es-ar\/wp-content\/uploads\/2024\/04\/logo3.jpg","width":300,"height":174,"caption":"Sabado 100"},"image":{"@id":"https:\/\/sabado100.com.ar\/es-ar\/#\/schema\/logo\/image\/"},"sameAs":["https:\/\/www.facebook.com\/sabadocien\/","https:\/\/www.instagram.com\/sabado100.com.ar\/","https:\/\/www.youtube.com\/@sabado1003"]},{"@type":"Person","@id":"https:\/\/sabado100.com.ar\/es-ar\/#\/schema\/person\/58e38b918ef4e44b11398f25d4684c6d","name":"sabado cien","image":{"@type":"ImageObject","inLanguage":"es","@id":"https:\/\/sabado100.com.ar\/es-ar\/#\/schema\/person\/image\/","url":"https:\/\/sabado100.com.ar\/es-ar\/wp-content\/litespeed\/avatar\/484bccfbd493fbb703b0f1b8113dad61.jpg?ver=1787731622","contentUrl":"https:\/\/sabado100.com.ar\/es-ar\/wp-content\/litespeed\/avatar\/484bccfbd493fbb703b0f1b8113dad61.jpg?ver=1787731622","caption":"sabado cien"},"url":"https:\/\/sabado100.com.ar\/es-ar\/author\/sabado100\/"}]}},"_links":{"self":[{"href":"https:\/\/sabado100.com.ar\/es-ar\/wp-json\/wp\/v2\/posts\/4367","targetHints":{"allow":["GET"]}}],"collection":[{"href":"https:\/\/sabado100.com.ar\/es-ar\/wp-json\/wp\/v2\/posts"}],"about":[{"href":"https:\/\/sabado100.com.ar\/es-ar\/wp-json\/wp\/v2\/types\/post"}],"author":[{"embeddable":true,"href":"https:\/\/sabado100.com.ar\/es-ar\/wp-json\/wp\/v2\/users\/2"}],"replies":[{"embeddable":true,"href":"https:\/\/sabado100.com.ar\/es-ar\/wp-json\/wp\/v2\/comments?post=4367"}],"version-history":[{"count":0,"href":"https:\/\/sabado100.com.ar\/es-ar\/wp-json\/wp\/v2\/posts\/4367\/revisions"}],"wp:attachment":[{"href":"https:\/\/sabado100.com.ar\/es-ar\/wp-json\/wp\/v2\/media?parent=4367"}],"wp:term":[{"taxonomy":"category","embeddable":true,"href":"https:\/\/sabado100.com.ar\/es-ar\/wp-json\/wp\/v2\/categories?post=4367"},{"taxonomy":"post_tag","embeddable":true,"href":"https:\/\/sabado100.com.ar\/es-ar\/wp-json\/wp\/v2\/tags?post=4367"}],"curies":[{"name":"wp","href":"https:\/\/api.w.org\/{rel}","templated":true}]}}