{"id":4363,"date":"2016-01-23T15:31:06","date_gmt":"2016-01-23T13:31:06","guid":{"rendered":"https:\/\/www.sabado100.com.ar\/?p=4363"},"modified":"2016-01-23T15:31:06","modified_gmt":"2016-01-23T13:31:06","slug":"ettore-scola-fez-no-cinema-a-melhor-psicanalise-da-esquerda","status":"publish","type":"post","link":"https:\/\/sabado100.com.ar\/es-ar\/ettore-scola-fez-no-cinema-a-melhor-psicanalise-da-esquerda\/","title":{"rendered":"Ettore Scola fez no cinema a melhor psican\u00e1lise da esquerda"},"content":{"rendered":"<p><strong>Por Alceu Lu\u00eds Castilho.-<\/strong> N\u00e3o, ele n\u00e3o falou s\u00f3 de esquerda. Era um cineasta completo. Mas a obra do italiano Ettore Scola (1931- 2016) pode tamb\u00e9m ser analisada pelo que refletiu sobre os rumos da esquerda. N\u00e3o necessariamente os grandes rumos do Partido Comunista Italiano, ou da esquerda mundial. Ele retratava uma esp\u00e9cie de microesquerda. Personagens comuns, do cotidiano, em seus dilemas \u00e9ticos \u2013 ou neuroses. Apresentados com um misto de afeto e amargura. Com um fio de esperan\u00e7a a desafiar a sensa\u00e7\u00e3o de impot\u00eancia.<br \/>\nEm \u201cO Terra\u00e7o\u201d (1980), os protagonistas vagam em uma festa em meio a problemas pessoais e \u00e0 busca de algum sentido para a luta. Estamos na It\u00e1lia p\u00f3s-Aldo Moro, executado em 1978 pelas Brigadas Vermelhas. N\u00e3o \u00e0 toa h\u00e1 um personagem depressivo, um antigo apresentador da RAI. O personagem de Vittorio Gassman (Mario) \u00e9 um deputado do PCI. Numa cena cl\u00e1ssica ele discute com a personagem de Stefania Sandrelli (Giovanna). Ela diz que \u00e9 mais de esquerda do que ele. Ele reage com ironia: \u201cQue hora \u00e9 a revolu\u00e7\u00e3o?\u201d<br \/>\nCabe assinalar que a pr\u00f3pria est\u00e9tica de Scola era refrat\u00e1ria a abordagens dogm\u00e1ticas. No pr\u00f3prio \u201cTerra\u00e7o\u201d ele radicaliza o in\u00edcio reiterativo de \u201cN\u00f3s que nos Am\u00e1vamos Tanto\u201d (filho da nouvelle vague, do cinema novo), ao propor a observa\u00e7\u00e3o das mesmas cenas \u2013 ou dos mesmos di\u00e1logos \u2013 a partir de perspectivas diferentes, conforme a leitura de cada um dos cinco personagens principais. Resultado: quando se v\u00ea da perspectiva do outro, aquela certeza \u00e9 matizada. E se valoriza o todo. Scola era verdadeiramente dial\u00e9tico.<br \/>\nA beleza n\u00e3o estava nos personagens mais caricaturais, como se poderia pensar no caso de um cineasta que surgiu como um dos principais roteiristas da com\u00e9dia \u00e0 italiana. Esses tinham sua gra\u00e7a: o burgu\u00eas de \u201cN\u00f3s que nos Am\u00e1vamos Tanto\u201d, o Capit\u00e3o Matamoro de \u201cA Viagem do Capit\u00e3o Tornado\u201d. Mas o melhor estava naqueles que viviam intensamente as contradi\u00e7\u00f5es: Antonio, de \u201cAm\u00e1vamos Tanto\u201d, Signognac, de \u201cTornado\u201d. Nas sutilezas da dupla Sophia Loren e Marcelo Mastroianni em \u201cUm dia Muito Especial\u201d e em cada olhar aflito de Vittorio Gassman \u2013 o alter ego de \u201cO Jantar\u201d.<br \/>\nNote-se que nada disso anulava a den\u00fancia implac\u00e1vel do nazifascismo. Ela est\u00e1 em \u201cUm Dia Muito Especial\u201d, em \u201cConcorr\u00eancia Desleal\u201d, \u201cO Baile\u201d. A cr\u00edtica social aparece \u2013 e de forma a se tornar uma express\u00e3o em todo o Ocidente \u2013 em \u201cFeios, Sujos e Malvados\u201d. Uma ousadia: retratar moradores pobres como p\u00e9rfidos e grotescos. Mas Scola n\u00e3o tinha maiores ilus\u00f5es em rela\u00e7\u00e3o ao comportamento humano \u2013 e isso convivia muito bem com a manuten\u00e7\u00e3o da utopia. Era comunista, como boa parte dos maiores diretores italianos. Mas n\u00e3o era cego.<br \/>\nA patrulha ideol\u00f3gica existia. Pietro Germi, outro cineasta comunista, autor de cl\u00e1ssicos como \u201cO Ferrovi\u00e1rio\u201d, nunca teve sua cinematografia aceita pelos cr\u00edticos de esquerda mais sisudos. Queriam discursos, ou narrativas encaixotadas em certo esquema, um cinema pol\u00edtico linha dura, sem espa\u00e7o para individualismos. E ele insistia \u2013 como faria depois Scola, como fazia Vittorio de Sica \u2013 em compor os temas pol\u00edticos (como uma greve de ferrovi\u00e1rios) em meio a melodramas. Para intelectuais mais r\u00edgidos, era pequeno burgu\u00eas demais.<\/p>\n<p>UM DIVISOR DE \u00c1GUAS<\/p>\n<p>\u201cN\u00f3s que nos Am\u00e1vamos Tanto\u201d, isoladamente, pode ser considerado em si uma grande reflex\u00e3o sobre as incertezas da esquerda. O filme \u00e9 de 1974, mas segue extremamente atual. Em 1985, o jornalista Fernando Gabeira \u2013 que depois se tornaria deputado parceiro dos conservadores na C\u00e2mara dos Deputados \u2013 escreveu um livro chamado \u201cN\u00f3s que Am\u00e1vamos Tanto a Revolu\u00e7\u00e3o\u201d. A revolu\u00e7\u00e3o era, sim, um dos temas do filme \u2013 mas em meio a cr\u00edtica de m\u00eddia, reflex\u00f5es sobre amor e amizade, \u00e0 tentativa de desconstru\u00e7\u00e3o de pr\u00e1ticas conservadoras. Como o machismo.<br \/>\nN\u00e3o \u00e0 toa o filme gira em torno de Luciana (Stefania Sandrelli). Antonio, Gianni e Nicola lutaram na resist\u00eancia contra o nazismo e s\u00e3o, supostamente, amigos insepar\u00e1veis. Mas o que os une \u00e9 o desejo por Luciana. Os destinos dos tr\u00eas amigos comunistas se tornam bem distintos. Scola estava preocupado exatamente com isso: com as dissens\u00f5es. De certa forma havia um di\u00e1logo com o Elio Petri de \u201cA Classe Oper\u00e1ria vai ao Para\u00edso\u201d. Ou com o \u201cFerrovi\u00e1rio\u201d de Germi. Com Lulu e Andrea Marcocci, personagens fr\u00e1geis.<br \/>\nAntonio (Nino Manfredi) era estourado \u2013 mas sem perder a ternura jamais. E foi ele que manteve a coer\u00eancia, entre os tr\u00eas amigos comunistas do filme. Gianni (Gassman) vendeu-se. Revelou-se um advogado oportunista. O acad\u00eamico Nicola (Satta Flores), diante do radicalismo te\u00f3rico (\u201ceu n\u00e3o acredito em amizade\u201d), fracassou. Antonio apontava para uma esquerda poss\u00edvel, j\u00e1 l\u00e1 em 1974. Com erros, mas capacidade de autocr\u00edtica, persist\u00eancia. E que sabia desviar o olhar do inimigo (a cena da ponte, com Nicola) quando o confronto n\u00e3o era conveniente. Ele era a pr\u00e1xis.<br \/>\nO Brasil viveu d\u00e9cadas depois as desilus\u00f5es que a It\u00e1lia vivia nos anos 70. E at\u00e9 hoje sua esquerda n\u00e3o viu a ficha cair. Uma esquerda que n\u00e3o sabe ouvir, sem autocr\u00edtica, sem espa\u00e7o para sutilezas. Dividida, como no \u201cTerra\u00e7o\u201d, mas sem que os belicosos tenham a forma\u00e7\u00e3o intelectual dos protagonistas desse filme. Sim, Antonio \u2013 o personagem chave de Scola \u2013 n\u00e3o tinha essa forma\u00e7\u00e3o. Era intuitivo. Mas prestava aten\u00e7\u00e3o no que se falava e era generoso. Sem se tornar ref\u00e9m dos plutocratas, ou mesmo um deles \u2013 esse era o Gianni.<\/p>\n<p>ANOS 2000<\/p>\n<p>O \u00faltimo filme de Ettore Scola foi sobre o amigo Federico Fellini: \u201cQue Estranho Chamar-se Frederico\u201d (2013). O an\u00e1rquico Fellini, influ\u00eancia n\u00edtida em um de seus mais belos filmes, \u201cO Baile\u201d (1983). Mas vale prestar aten\u00e7\u00e3o no pen\u00faltimo filme, \u201cGente de Roma\u201d (2003), que ele chegou a anunciar como sua despedida. N\u00e3o era a Roma de Fellini nos anos 70, estetizada. Era uma Roma j\u00e1 sob os efeitos da globaliza\u00e7\u00e3o, repleta de imigrantes. Scola seguia apostando na inser\u00e7\u00e3o, na inclus\u00e3o. Ele que, em 1977, j\u00e1 fizera uma obra-prima (\u201cUm Dia Muito Especial\u201d) contra a homofobia. Um olho na transforma\u00e7\u00e3o pol\u00edtica e outro na transforma\u00e7\u00e3o do ser humano.<\/p>\n<p><strong>Fuente:<\/strong> http:\/\/outraspalavras.net\/ Colaboraci\u00f3n de Carlos Galano desde Villa Constituci\u00f3n (provincia de Santa Fe, Argentina).<\/p>\n","protected":false},"excerpt":{"rendered":"<p>Por Alceu Lu\u00eds Castilho.- N\u00e3o, ele n\u00e3o falou s\u00f3 de esquerda. Era um cineasta completo. Mas a obra do italiano [&hellip;]<\/p>\n","protected":false},"author":2,"featured_media":0,"comment_status":"open","ping_status":"closed","sticky":false,"template":"","format":"standard","meta":{"site-sidebar-layout":"default","site-content-layout":"","ast-site-content-layout":"default","site-content-style":"default","site-sidebar-style":"default","ast-global-header-display":"","ast-banner-title-visibility":"","ast-main-header-display":"","ast-hfb-above-header-display":"","ast-hfb-below-header-display":"","ast-hfb-mobile-header-display":"","site-post-title":"","ast-breadcrumbs-content":"","ast-featured-img":"","footer-sml-layout":"","ast-disable-related-posts":"","theme-transparent-header-meta":"","adv-header-id-meta":"","stick-header-meta":"","header-above-stick-meta":"","header-main-stick-meta":"","header-below-stick-meta":"","astra-migrate-meta-layouts":"default","ast-page-background-enabled":"default","ast-page-background-meta":{"desktop":{"background-color":"var(--ast-global-color-4)","background-image":"","background-repeat":"repeat","background-position":"center center","background-size":"auto","background-attachment":"scroll","background-type":"","background-media":"","overlay-type":"","overlay-color":"","overlay-opacity":"","overlay-gradient":""},"tablet":{"background-color":"","background-image":"","background-repeat":"repeat","background-position":"center center","background-size":"auto","background-attachment":"scroll","background-type":"","background-media":"","overlay-type":"","overlay-color":"","overlay-opacity":"","overlay-gradient":""},"mobile":{"background-color":"","background-image":"","background-repeat":"repeat","background-position":"center center","background-size":"auto","background-attachment":"scroll","background-type":"","background-media":"","overlay-type":"","overlay-color":"","overlay-opacity":"","overlay-gradient":""}},"ast-content-background-meta":{"desktop":{"background-color":"var(--ast-global-color-5)","background-image":"","background-repeat":"repeat","background-position":"center center","background-size":"auto","background-attachment":"scroll","background-type":"","background-media":"","overlay-type":"","overlay-color":"","overlay-opacity":"","overlay-gradient":""},"tablet":{"background-color":"var(--ast-global-color-5)","background-image":"","background-repeat":"repeat","background-position":"center center","background-size":"auto","background-attachment":"scroll","background-type":"","background-media":"","overlay-type":"","overlay-color":"","overlay-opacity":"","overlay-gradient":""},"mobile":{"background-color":"var(--ast-global-color-5)","background-image":"","background-repeat":"repeat","background-position":"center center","background-size":"auto","background-attachment":"scroll","background-type":"","background-media":"","overlay-type":"","overlay-color":"","overlay-opacity":"","overlay-gradient":""}},"footnotes":""},"categories":[4,5],"tags":[5428],"class_list":["post-4363","post","type-post","status-publish","format-standard","hentry","category-cultura-y-sociedad","category-politica","tag-ettore-scola-fez-no-cinema-a-melhor-psicanalise-da-esquerda"],"yoast_head":"<!-- This site is optimized with the Yoast SEO plugin v23.2 - https:\/\/yoast.com\/wordpress\/plugins\/seo\/ -->\n<title>Ettore Scola fez no cinema a melhor psican\u00e1lise da esquerda - Sabado 100<\/title>\n<meta name=\"robots\" content=\"index, follow, max-snippet:-1, max-image-preview:large, max-video-preview:-1\" \/>\n<link rel=\"canonical\" href=\"https:\/\/sabado100.com.ar\/es-ar\/ettore-scola-fez-no-cinema-a-melhor-psicanalise-da-esquerda\/\" \/>\n<meta property=\"og:locale\" content=\"es_ES\" \/>\n<meta property=\"og:type\" content=\"article\" \/>\n<meta property=\"og:title\" content=\"Ettore Scola fez no cinema a melhor psican\u00e1lise da esquerda - Sabado 100\" \/>\n<meta property=\"og:description\" content=\"Por Alceu Lu\u00eds Castilho.- N\u00e3o, ele n\u00e3o falou s\u00f3 de esquerda. Era um cineasta completo. Mas a obra do italiano [&hellip;]\" \/>\n<meta property=\"og:url\" content=\"https:\/\/sabado100.com.ar\/es-ar\/ettore-scola-fez-no-cinema-a-melhor-psicanalise-da-esquerda\/\" \/>\n<meta property=\"og:site_name\" content=\"Sabado 100\" \/>\n<meta property=\"article:publisher\" content=\"https:\/\/www.facebook.com\/sabadocien\/\" \/>\n<meta property=\"article:published_time\" content=\"2016-01-23T13:31:06+00:00\" \/>\n<meta name=\"author\" content=\"sabado cien\" \/>\n<meta name=\"twitter:card\" content=\"summary_large_image\" \/>\n<meta name=\"twitter:label1\" content=\"Escrito por\" \/>\n\t<meta name=\"twitter:data1\" content=\"sabado cien\" \/>\n\t<meta name=\"twitter:label2\" content=\"Tiempo de lectura\" \/>\n\t<meta name=\"twitter:data2\" content=\"5 minutos\" \/>\n<script type=\"application\/ld+json\" class=\"yoast-schema-graph\">{\"@context\":\"https:\/\/schema.org\",\"@graph\":[{\"@type\":\"Article\",\"@id\":\"https:\/\/sabado100.com.ar\/es-ar\/ettore-scola-fez-no-cinema-a-melhor-psicanalise-da-esquerda\/#article\",\"isPartOf\":{\"@id\":\"https:\/\/sabado100.com.ar\/es-ar\/ettore-scola-fez-no-cinema-a-melhor-psicanalise-da-esquerda\/\"},\"author\":{\"name\":\"sabado cien\",\"@id\":\"https:\/\/sabado100.com.ar\/es-ar\/#\/schema\/person\/58e38b918ef4e44b11398f25d4684c6d\"},\"headline\":\"Ettore Scola fez no cinema a melhor psican\u00e1lise da esquerda\",\"datePublished\":\"2016-01-23T13:31:06+00:00\",\"dateModified\":\"2016-01-23T13:31:06+00:00\",\"mainEntityOfPage\":{\"@id\":\"https:\/\/sabado100.com.ar\/es-ar\/ettore-scola-fez-no-cinema-a-melhor-psicanalise-da-esquerda\/\"},\"wordCount\":1098,\"commentCount\":0,\"publisher\":{\"@id\":\"https:\/\/sabado100.com.ar\/es-ar\/#organization\"},\"keywords\":[\"Ettore Scola fez no cinema a melhor psican\u00e1lise da esquerda\"],\"articleSection\":[\"Cultura y Sociedad\",\"Pol\u00edtica\"],\"inLanguage\":\"es\",\"potentialAction\":[{\"@type\":\"CommentAction\",\"name\":\"Comment\",\"target\":[\"https:\/\/sabado100.com.ar\/es-ar\/ettore-scola-fez-no-cinema-a-melhor-psicanalise-da-esquerda\/#respond\"]}]},{\"@type\":\"WebPage\",\"@id\":\"https:\/\/sabado100.com.ar\/es-ar\/ettore-scola-fez-no-cinema-a-melhor-psicanalise-da-esquerda\/\",\"url\":\"https:\/\/sabado100.com.ar\/es-ar\/ettore-scola-fez-no-cinema-a-melhor-psicanalise-da-esquerda\/\",\"name\":\"Ettore Scola fez no cinema a melhor psican\u00e1lise da esquerda - Sabado 100\",\"isPartOf\":{\"@id\":\"https:\/\/sabado100.com.ar\/es-ar\/#website\"},\"datePublished\":\"2016-01-23T13:31:06+00:00\",\"dateModified\":\"2016-01-23T13:31:06+00:00\",\"breadcrumb\":{\"@id\":\"https:\/\/sabado100.com.ar\/es-ar\/ettore-scola-fez-no-cinema-a-melhor-psicanalise-da-esquerda\/#breadcrumb\"},\"inLanguage\":\"es\",\"potentialAction\":[{\"@type\":\"ReadAction\",\"target\":[\"https:\/\/sabado100.com.ar\/es-ar\/ettore-scola-fez-no-cinema-a-melhor-psicanalise-da-esquerda\/\"]}]},{\"@type\":\"BreadcrumbList\",\"@id\":\"https:\/\/sabado100.com.ar\/es-ar\/ettore-scola-fez-no-cinema-a-melhor-psicanalise-da-esquerda\/#breadcrumb\",\"itemListElement\":[{\"@type\":\"ListItem\",\"position\":1,\"name\":\"Portada\",\"item\":\"https:\/\/sabado100.com.ar\/es-ar\/\"},{\"@type\":\"ListItem\",\"position\":2,\"name\":\"Ettore Scola fez no cinema a melhor psican\u00e1lise da esquerda\"}]},{\"@type\":\"WebSite\",\"@id\":\"https:\/\/sabado100.com.ar\/es-ar\/#website\",\"url\":\"https:\/\/sabado100.com.ar\/es-ar\/\",\"name\":\"Sabado 100\",\"description\":\"\",\"publisher\":{\"@id\":\"https:\/\/sabado100.com.ar\/es-ar\/#organization\"},\"potentialAction\":[{\"@type\":\"SearchAction\",\"target\":{\"@type\":\"EntryPoint\",\"urlTemplate\":\"https:\/\/sabado100.com.ar\/es-ar\/?s={search_term_string}\"},\"query-input\":\"required name=search_term_string\"}],\"inLanguage\":\"es\"},{\"@type\":\"Organization\",\"@id\":\"https:\/\/sabado100.com.ar\/es-ar\/#organization\",\"name\":\"Sabado 100\",\"url\":\"https:\/\/sabado100.com.ar\/es-ar\/\",\"logo\":{\"@type\":\"ImageObject\",\"inLanguage\":\"es\",\"@id\":\"https:\/\/sabado100.com.ar\/es-ar\/#\/schema\/logo\/image\/\",\"url\":\"https:\/\/sabado100.com.ar\/es-ar\/wp-content\/uploads\/2024\/04\/logo3.jpg\",\"contentUrl\":\"https:\/\/sabado100.com.ar\/es-ar\/wp-content\/uploads\/2024\/04\/logo3.jpg\",\"width\":300,\"height\":174,\"caption\":\"Sabado 100\"},\"image\":{\"@id\":\"https:\/\/sabado100.com.ar\/es-ar\/#\/schema\/logo\/image\/\"},\"sameAs\":[\"https:\/\/www.facebook.com\/sabadocien\/\",\"https:\/\/www.instagram.com\/sabado100.com.ar\/\",\"https:\/\/www.youtube.com\/@sabado1003\"]},{\"@type\":\"Person\",\"@id\":\"https:\/\/sabado100.com.ar\/es-ar\/#\/schema\/person\/58e38b918ef4e44b11398f25d4684c6d\",\"name\":\"sabado cien\",\"image\":{\"@type\":\"ImageObject\",\"inLanguage\":\"es\",\"@id\":\"https:\/\/sabado100.com.ar\/es-ar\/#\/schema\/person\/image\/\",\"url\":\"https:\/\/sabado100.com.ar\/es-ar\/wp-content\/litespeed\/avatar\/484bccfbd493fbb703b0f1b8113dad61.jpg?ver=1787731622\",\"contentUrl\":\"https:\/\/sabado100.com.ar\/es-ar\/wp-content\/litespeed\/avatar\/484bccfbd493fbb703b0f1b8113dad61.jpg?ver=1787731622\",\"caption\":\"sabado cien\"},\"url\":\"https:\/\/sabado100.com.ar\/es-ar\/author\/sabado100\/\"}]}<\/script>\n<!-- \/ Yoast SEO plugin. -->","yoast_head_json":{"title":"Ettore Scola fez no cinema a melhor psican\u00e1lise da esquerda - Sabado 100","robots":{"index":"index","follow":"follow","max-snippet":"max-snippet:-1","max-image-preview":"max-image-preview:large","max-video-preview":"max-video-preview:-1"},"canonical":"https:\/\/sabado100.com.ar\/es-ar\/ettore-scola-fez-no-cinema-a-melhor-psicanalise-da-esquerda\/","og_locale":"es_ES","og_type":"article","og_title":"Ettore Scola fez no cinema a melhor psican\u00e1lise da esquerda - Sabado 100","og_description":"Por Alceu Lu\u00eds Castilho.- N\u00e3o, ele n\u00e3o falou s\u00f3 de esquerda. Era um cineasta completo. Mas a obra do italiano [&hellip;]","og_url":"https:\/\/sabado100.com.ar\/es-ar\/ettore-scola-fez-no-cinema-a-melhor-psicanalise-da-esquerda\/","og_site_name":"Sabado 100","article_publisher":"https:\/\/www.facebook.com\/sabadocien\/","article_published_time":"2016-01-23T13:31:06+00:00","author":"sabado cien","twitter_card":"summary_large_image","twitter_misc":{"Escrito por":"sabado cien","Tiempo de lectura":"5 minutos"},"schema":{"@context":"https:\/\/schema.org","@graph":[{"@type":"Article","@id":"https:\/\/sabado100.com.ar\/es-ar\/ettore-scola-fez-no-cinema-a-melhor-psicanalise-da-esquerda\/#article","isPartOf":{"@id":"https:\/\/sabado100.com.ar\/es-ar\/ettore-scola-fez-no-cinema-a-melhor-psicanalise-da-esquerda\/"},"author":{"name":"sabado cien","@id":"https:\/\/sabado100.com.ar\/es-ar\/#\/schema\/person\/58e38b918ef4e44b11398f25d4684c6d"},"headline":"Ettore Scola fez no cinema a melhor psican\u00e1lise da esquerda","datePublished":"2016-01-23T13:31:06+00:00","dateModified":"2016-01-23T13:31:06+00:00","mainEntityOfPage":{"@id":"https:\/\/sabado100.com.ar\/es-ar\/ettore-scola-fez-no-cinema-a-melhor-psicanalise-da-esquerda\/"},"wordCount":1098,"commentCount":0,"publisher":{"@id":"https:\/\/sabado100.com.ar\/es-ar\/#organization"},"keywords":["Ettore Scola fez no cinema a melhor psican\u00e1lise da esquerda"],"articleSection":["Cultura y Sociedad","Pol\u00edtica"],"inLanguage":"es","potentialAction":[{"@type":"CommentAction","name":"Comment","target":["https:\/\/sabado100.com.ar\/es-ar\/ettore-scola-fez-no-cinema-a-melhor-psicanalise-da-esquerda\/#respond"]}]},{"@type":"WebPage","@id":"https:\/\/sabado100.com.ar\/es-ar\/ettore-scola-fez-no-cinema-a-melhor-psicanalise-da-esquerda\/","url":"https:\/\/sabado100.com.ar\/es-ar\/ettore-scola-fez-no-cinema-a-melhor-psicanalise-da-esquerda\/","name":"Ettore Scola fez no cinema a melhor psican\u00e1lise da esquerda - Sabado 100","isPartOf":{"@id":"https:\/\/sabado100.com.ar\/es-ar\/#website"},"datePublished":"2016-01-23T13:31:06+00:00","dateModified":"2016-01-23T13:31:06+00:00","breadcrumb":{"@id":"https:\/\/sabado100.com.ar\/es-ar\/ettore-scola-fez-no-cinema-a-melhor-psicanalise-da-esquerda\/#breadcrumb"},"inLanguage":"es","potentialAction":[{"@type":"ReadAction","target":["https:\/\/sabado100.com.ar\/es-ar\/ettore-scola-fez-no-cinema-a-melhor-psicanalise-da-esquerda\/"]}]},{"@type":"BreadcrumbList","@id":"https:\/\/sabado100.com.ar\/es-ar\/ettore-scola-fez-no-cinema-a-melhor-psicanalise-da-esquerda\/#breadcrumb","itemListElement":[{"@type":"ListItem","position":1,"name":"Portada","item":"https:\/\/sabado100.com.ar\/es-ar\/"},{"@type":"ListItem","position":2,"name":"Ettore Scola fez no cinema a melhor psican\u00e1lise da esquerda"}]},{"@type":"WebSite","@id":"https:\/\/sabado100.com.ar\/es-ar\/#website","url":"https:\/\/sabado100.com.ar\/es-ar\/","name":"Sabado 100","description":"","publisher":{"@id":"https:\/\/sabado100.com.ar\/es-ar\/#organization"},"potentialAction":[{"@type":"SearchAction","target":{"@type":"EntryPoint","urlTemplate":"https:\/\/sabado100.com.ar\/es-ar\/?s={search_term_string}"},"query-input":"required name=search_term_string"}],"inLanguage":"es"},{"@type":"Organization","@id":"https:\/\/sabado100.com.ar\/es-ar\/#organization","name":"Sabado 100","url":"https:\/\/sabado100.com.ar\/es-ar\/","logo":{"@type":"ImageObject","inLanguage":"es","@id":"https:\/\/sabado100.com.ar\/es-ar\/#\/schema\/logo\/image\/","url":"https:\/\/sabado100.com.ar\/es-ar\/wp-content\/uploads\/2024\/04\/logo3.jpg","contentUrl":"https:\/\/sabado100.com.ar\/es-ar\/wp-content\/uploads\/2024\/04\/logo3.jpg","width":300,"height":174,"caption":"Sabado 100"},"image":{"@id":"https:\/\/sabado100.com.ar\/es-ar\/#\/schema\/logo\/image\/"},"sameAs":["https:\/\/www.facebook.com\/sabadocien\/","https:\/\/www.instagram.com\/sabado100.com.ar\/","https:\/\/www.youtube.com\/@sabado1003"]},{"@type":"Person","@id":"https:\/\/sabado100.com.ar\/es-ar\/#\/schema\/person\/58e38b918ef4e44b11398f25d4684c6d","name":"sabado cien","image":{"@type":"ImageObject","inLanguage":"es","@id":"https:\/\/sabado100.com.ar\/es-ar\/#\/schema\/person\/image\/","url":"https:\/\/sabado100.com.ar\/es-ar\/wp-content\/litespeed\/avatar\/484bccfbd493fbb703b0f1b8113dad61.jpg?ver=1787731622","contentUrl":"https:\/\/sabado100.com.ar\/es-ar\/wp-content\/litespeed\/avatar\/484bccfbd493fbb703b0f1b8113dad61.jpg?ver=1787731622","caption":"sabado cien"},"url":"https:\/\/sabado100.com.ar\/es-ar\/author\/sabado100\/"}]}},"_links":{"self":[{"href":"https:\/\/sabado100.com.ar\/es-ar\/wp-json\/wp\/v2\/posts\/4363","targetHints":{"allow":["GET"]}}],"collection":[{"href":"https:\/\/sabado100.com.ar\/es-ar\/wp-json\/wp\/v2\/posts"}],"about":[{"href":"https:\/\/sabado100.com.ar\/es-ar\/wp-json\/wp\/v2\/types\/post"}],"author":[{"embeddable":true,"href":"https:\/\/sabado100.com.ar\/es-ar\/wp-json\/wp\/v2\/users\/2"}],"replies":[{"embeddable":true,"href":"https:\/\/sabado100.com.ar\/es-ar\/wp-json\/wp\/v2\/comments?post=4363"}],"version-history":[{"count":0,"href":"https:\/\/sabado100.com.ar\/es-ar\/wp-json\/wp\/v2\/posts\/4363\/revisions"}],"wp:attachment":[{"href":"https:\/\/sabado100.com.ar\/es-ar\/wp-json\/wp\/v2\/media?parent=4363"}],"wp:term":[{"taxonomy":"category","embeddable":true,"href":"https:\/\/sabado100.com.ar\/es-ar\/wp-json\/wp\/v2\/categories?post=4363"},{"taxonomy":"post_tag","embeddable":true,"href":"https:\/\/sabado100.com.ar\/es-ar\/wp-json\/wp\/v2\/tags?post=4363"}],"curies":[{"name":"wp","href":"https:\/\/api.w.org\/{rel}","templated":true}]}}