{"id":4357,"date":"2016-01-22T15:25:18","date_gmt":"2016-01-22T13:25:18","guid":{"rendered":"https:\/\/www.sabado100.com.ar\/?p=4357"},"modified":"2016-01-22T15:25:18","modified_gmt":"2016-01-22T13:25:18","slug":"nuevos-viejos-temas-de-la-politica-argentina","status":"publish","type":"post","link":"https:\/\/sabado100.com.ar\/es-ar\/nuevos-viejos-temas-de-la-politica-argentina\/","title":{"rendered":"Nuevos viejos temas de la pol\u00edtica argentina"},"content":{"rendered":"<p><strong>Por Mar\u00eda Herminia Grande.-<\/strong> Concluida en parte la decadente saga de fuga y vuelta a la c\u00e1rcel de los Lanatta y C\u00eda., tres asesinos sicarios, el presidente Mauricio Macri declar\u00f3, con enorme franqueza: \u201cComo estamos no podemos combatir al narcotr\u00e1fico con \u00e9xito\u201d. Luego del show poco profesional de los ministros de Seguridad, el Presidente voce\u00f3 una dosis de sensatez. Claro que se deber\u00eda llegar al poder con ideas concretas de lo que hay por hacer y no haciendo de cada realidad un globo de ensayo para intentar aprender o errar menos. El episodio no concluy\u00f3. Nadie ha informado a\u00fan con claridad sobre lo ocurrido y la cadena de complicidades. Tal vez lo m\u00e1s destacable es que este tema, al igual que un cuerpo desnudo, pone en evidencia las zonas que gritan \u201curgencia\u201d. Hubo descabezamientos cupulares de fuerzas que est\u00e1n para combatir al delito, ahora falta asumir y aceptar que se debe planificar de qu\u00e9 manera se rompe con la cadena de impunidades que el delito impuso en Argentina como pol\u00edtica de Estado narco.<\/p>\n<p>La gobernadora Mar\u00eda Eugenia Vidal viene poniendo una buena dosis de pol\u00edtica a su Gobierno. Fue clara desde el inicio con la situaci\u00f3n en que recibi\u00f3 a su provincia y ha logrado conquistar desde la minor\u00eda la aprobaci\u00f3n del presupuesto.<\/p>\n<p>Dado que el Presidente participar\u00e1 en Davos de distintas reuniones y la canciller Susana Malcorra anunci\u00f3 posibles convenios con M\u00e9xico sobre combate al narcotr\u00e1fico, me parece oportuno recordar lo que me cont\u00f3 el colega Javier Garza sobre el proceso que se dio en su pa\u00eds. Indic\u00f3 que M\u00e9xico tuvo avisos que las autoridades no atendieron. En las ciudades donde hoy la violencia homicida deja decena de cad\u00e1veres, asaltos, baleados mensualmente, no fue un proceso repentino. Estos indicios no se quisieron ver hasta que colaps\u00f3. El colega mexicano sostuvo: \u201cAs\u00ed comienza, de a poco\u201d, y mientras la tragedia aumentaba, desde la pol\u00edtica se aseguraba que eran hechos aislados (en Argentina hablar\u00edamos de \u201cajustes de cuenta\u201d). Entre tanto, la maquinaria de cultivar delincuentes trabajaba las 24 horas. Sabemos que Argentina est\u00e1 a tiempo de parar esta enfermedad social, depende de varios factores, entre ellos, la depuraci\u00f3n de lo polic\u00edaco, la confiscaci\u00f3n de los activos provenientes del delito, las sever\u00edsimas pol\u00edticas para los corruptos y la llegada a la poblaci\u00f3n vulnerable (ni\u00f1os de 9 o 10 a\u00f1os) antes que el alcohol y la droga.<\/p>\n<p>Nuestro pa\u00eds est\u00e1 atravesado por distintos nuevos viejos temas que pujan por protagonismo. Cada tanto la muerte de alg\u00fan ni\u00f1o qom nos recuerda que la vieja desnutrici\u00f3n no est\u00e1 tan vieja ni desnutrida. Que la plaga de langostas con la que luchaban nuestros abuelos para no perder las cosechas no quedaron con los viejos arados de mancera, sino que enfrentan la modernizaci\u00f3n del siglo XXI.<\/p>\n<p>Otro de los nuevos viejos temas que nos atraviesan tiene que ver con el no esclarecimiento de tremendas tragedias. AMIA es una de ellos y por estas horas se recuerda la \u201cextra\u00f1a\u201d muerte del fiscal Alberto Nisman. A 365 d\u00edas de este hallazgo no se sabe a\u00fan si fue suicidio o asesinato. El Dr. Pablo Lanusse, patrocinante de la mam\u00e1 del fiscal, Sara Garfunkel, dice no tener dudas: \u201cA Alberto lo mataron por haber desnudado a Cristina Fern\u00e1ndez de Kirchner y las implicancias en su pacto con Ir\u00e1n\u201d.<\/p>\n<p>Tal vez el otro de los nuevos viejos temas que aparece en el top ten argentino es la incre\u00edble ligaz\u00f3n de lo il\u00edcito, lo espurio entre gran parte de los integrantes de los tres poderes. Aparece a veces, se camufla, pero la red de su telara\u00f1a no tiene grietas.<\/p>\n<p>P.D.: Respetuosamente, al equipo de imagen del Presidente, el perro en el sill\u00f3n presidencial no es la mejor foto para ayudar a captar respeto internacional, ni para despertar inter\u00e9s pol\u00edtico fronteras para dentro.<\/p>\n<p><strong>Fuente:<\/strong> opinion.infobae.com, 19 de enero de 2016.<\/p>\n","protected":false},"excerpt":{"rendered":"<p>Por Mar\u00eda Herminia Grande.- Concluida en parte la decadente saga de fuga y vuelta a la c\u00e1rcel de los Lanatta [&hellip;]<\/p>\n","protected":false},"author":2,"featured_media":0,"comment_status":"open","ping_status":"closed","sticky":false,"template":"","format":"standard","meta":{"site-sidebar-layout":"default","site-content-layout":"","ast-site-content-layout":"default","site-content-style":"default","site-sidebar-style":"default","ast-global-header-display":"","ast-banner-title-visibility":"","ast-main-header-display":"","ast-hfb-above-header-display":"","ast-hfb-below-header-display":"","ast-hfb-mobile-header-display":"","site-post-title":"","ast-breadcrumbs-content":"","ast-featured-img":"","footer-sml-layout":"","ast-disable-related-posts":"","theme-transparent-header-meta":"","adv-header-id-meta":"","stick-header-meta":"","header-above-stick-meta":"","header-main-stick-meta":"","header-below-stick-meta":"","astra-migrate-meta-layouts":"default","ast-page-background-enabled":"default","ast-page-background-meta":{"desktop":{"background-color":"var(--ast-global-color-4)","background-image":"","background-repeat":"repeat","background-position":"center center","background-size":"auto","background-attachment":"scroll","background-type":"","background-media":"","overlay-type":"","overlay-color":"","overlay-opacity":"","overlay-gradient":""},"tablet":{"background-color":"","background-image":"","background-repeat":"repeat","background-position":"center center","background-size":"auto","background-attachment":"scroll","background-type":"","background-media":"","overlay-type":"","overlay-color":"","overlay-opacity":"","overlay-gradient":""},"mobile":{"background-color":"","background-image":"","background-repeat":"repeat","background-position":"center center","background-size":"auto","background-attachment":"scroll","background-type":"","background-media":"","overlay-type":"","overlay-color":"","overlay-opacity":"","overlay-gradient":""}},"ast-content-background-meta":{"desktop":{"background-color":"var(--ast-global-color-5)","background-image":"","background-repeat":"repeat","background-position":"center center","background-size":"auto","background-attachment":"scroll","background-type":"","background-media":"","overlay-type":"","overlay-color":"","overlay-opacity":"","overlay-gradient":""},"tablet":{"background-color":"var(--ast-global-color-5)","background-image":"","background-repeat":"repeat","background-position":"center center","background-size":"auto","background-attachment":"scroll","background-type":"","background-media":"","overlay-type":"","overlay-color":"","overlay-opacity":"","overlay-gradient":""},"mobile":{"background-color":"var(--ast-global-color-5)","background-image":"","background-repeat":"repeat","background-position":"center center","background-size":"auto","background-attachment":"scroll","background-type":"","background-media":"","overlay-type":"","overlay-color":"","overlay-opacity":"","overlay-gradient":""}},"footnotes":""},"categories":[5],"tags":[5426],"class_list":["post-4357","post","type-post","status-publish","format-standard","hentry","category-politica","tag-nuevos-viejos-temas-de-la-politica-argentina"],"yoast_head":"<!-- This site is optimized with the Yoast SEO plugin v23.2 - https:\/\/yoast.com\/wordpress\/plugins\/seo\/ -->\n<title>Nuevos viejos temas de la pol\u00edtica argentina - Sabado 100<\/title>\n<meta name=\"robots\" content=\"index, follow, max-snippet:-1, max-image-preview:large, max-video-preview:-1\" \/>\n<link rel=\"canonical\" href=\"https:\/\/sabado100.com.ar\/es-ar\/nuevos-viejos-temas-de-la-politica-argentina\/\" \/>\n<meta property=\"og:locale\" content=\"es_ES\" \/>\n<meta property=\"og:type\" content=\"article\" \/>\n<meta property=\"og:title\" content=\"Nuevos viejos temas de la pol\u00edtica argentina - Sabado 100\" \/>\n<meta property=\"og:description\" content=\"Por Mar\u00eda Herminia Grande.- Concluida en parte la decadente saga de fuga y vuelta a la c\u00e1rcel de los Lanatta [&hellip;]\" \/>\n<meta property=\"og:url\" content=\"https:\/\/sabado100.com.ar\/es-ar\/nuevos-viejos-temas-de-la-politica-argentina\/\" \/>\n<meta property=\"og:site_name\" content=\"Sabado 100\" \/>\n<meta property=\"article:publisher\" content=\"https:\/\/www.facebook.com\/sabadocien\/\" \/>\n<meta property=\"article:published_time\" content=\"2016-01-22T13:25:18+00:00\" \/>\n<meta name=\"author\" content=\"sabado cien\" \/>\n<meta name=\"twitter:card\" content=\"summary_large_image\" \/>\n<meta name=\"twitter:label1\" content=\"Escrito por\" \/>\n\t<meta name=\"twitter:data1\" content=\"sabado cien\" \/>\n\t<meta name=\"twitter:label2\" content=\"Tiempo de lectura\" \/>\n\t<meta name=\"twitter:data2\" content=\"3 minutos\" \/>\n<script type=\"application\/ld+json\" class=\"yoast-schema-graph\">{\"@context\":\"https:\/\/schema.org\",\"@graph\":[{\"@type\":\"Article\",\"@id\":\"https:\/\/sabado100.com.ar\/es-ar\/nuevos-viejos-temas-de-la-politica-argentina\/#article\",\"isPartOf\":{\"@id\":\"https:\/\/sabado100.com.ar\/es-ar\/nuevos-viejos-temas-de-la-politica-argentina\/\"},\"author\":{\"name\":\"sabado cien\",\"@id\":\"https:\/\/sabado100.com.ar\/es-ar\/#\/schema\/person\/58e38b918ef4e44b11398f25d4684c6d\"},\"headline\":\"Nuevos viejos temas de la pol\u00edtica argentina\",\"datePublished\":\"2016-01-22T13:25:18+00:00\",\"dateModified\":\"2016-01-22T13:25:18+00:00\",\"mainEntityOfPage\":{\"@id\":\"https:\/\/sabado100.com.ar\/es-ar\/nuevos-viejos-temas-de-la-politica-argentina\/\"},\"wordCount\":688,\"commentCount\":0,\"publisher\":{\"@id\":\"https:\/\/sabado100.com.ar\/es-ar\/#organization\"},\"keywords\":[\"Nuevos viejos temas de la pol\u00edtica argentina\"],\"articleSection\":[\"Pol\u00edtica\"],\"inLanguage\":\"es\",\"potentialAction\":[{\"@type\":\"CommentAction\",\"name\":\"Comment\",\"target\":[\"https:\/\/sabado100.com.ar\/es-ar\/nuevos-viejos-temas-de-la-politica-argentina\/#respond\"]}]},{\"@type\":\"WebPage\",\"@id\":\"https:\/\/sabado100.com.ar\/es-ar\/nuevos-viejos-temas-de-la-politica-argentina\/\",\"url\":\"https:\/\/sabado100.com.ar\/es-ar\/nuevos-viejos-temas-de-la-politica-argentina\/\",\"name\":\"Nuevos viejos temas de la pol\u00edtica argentina - Sabado 100\",\"isPartOf\":{\"@id\":\"https:\/\/sabado100.com.ar\/es-ar\/#website\"},\"datePublished\":\"2016-01-22T13:25:18+00:00\",\"dateModified\":\"2016-01-22T13:25:18+00:00\",\"breadcrumb\":{\"@id\":\"https:\/\/sabado100.com.ar\/es-ar\/nuevos-viejos-temas-de-la-politica-argentina\/#breadcrumb\"},\"inLanguage\":\"es\",\"potentialAction\":[{\"@type\":\"ReadAction\",\"target\":[\"https:\/\/sabado100.com.ar\/es-ar\/nuevos-viejos-temas-de-la-politica-argentina\/\"]}]},{\"@type\":\"BreadcrumbList\",\"@id\":\"https:\/\/sabado100.com.ar\/es-ar\/nuevos-viejos-temas-de-la-politica-argentina\/#breadcrumb\",\"itemListElement\":[{\"@type\":\"ListItem\",\"position\":1,\"name\":\"Portada\",\"item\":\"https:\/\/sabado100.com.ar\/es-ar\/\"},{\"@type\":\"ListItem\",\"position\":2,\"name\":\"Nuevos viejos temas de la pol\u00edtica argentina\"}]},{\"@type\":\"WebSite\",\"@id\":\"https:\/\/sabado100.com.ar\/es-ar\/#website\",\"url\":\"https:\/\/sabado100.com.ar\/es-ar\/\",\"name\":\"Sabado 100\",\"description\":\"\",\"publisher\":{\"@id\":\"https:\/\/sabado100.com.ar\/es-ar\/#organization\"},\"potentialAction\":[{\"@type\":\"SearchAction\",\"target\":{\"@type\":\"EntryPoint\",\"urlTemplate\":\"https:\/\/sabado100.com.ar\/es-ar\/?s={search_term_string}\"},\"query-input\":\"required name=search_term_string\"}],\"inLanguage\":\"es\"},{\"@type\":\"Organization\",\"@id\":\"https:\/\/sabado100.com.ar\/es-ar\/#organization\",\"name\":\"Sabado 100\",\"url\":\"https:\/\/sabado100.com.ar\/es-ar\/\",\"logo\":{\"@type\":\"ImageObject\",\"inLanguage\":\"es\",\"@id\":\"https:\/\/sabado100.com.ar\/es-ar\/#\/schema\/logo\/image\/\",\"url\":\"https:\/\/sabado100.com.ar\/es-ar\/wp-content\/uploads\/2024\/04\/logo3.jpg\",\"contentUrl\":\"https:\/\/sabado100.com.ar\/es-ar\/wp-content\/uploads\/2024\/04\/logo3.jpg\",\"width\":300,\"height\":174,\"caption\":\"Sabado 100\"},\"image\":{\"@id\":\"https:\/\/sabado100.com.ar\/es-ar\/#\/schema\/logo\/image\/\"},\"sameAs\":[\"https:\/\/www.facebook.com\/sabadocien\/\",\"https:\/\/www.instagram.com\/sabado100.com.ar\/\",\"https:\/\/www.youtube.com\/@sabado1003\"]},{\"@type\":\"Person\",\"@id\":\"https:\/\/sabado100.com.ar\/es-ar\/#\/schema\/person\/58e38b918ef4e44b11398f25d4684c6d\",\"name\":\"sabado cien\",\"image\":{\"@type\":\"ImageObject\",\"inLanguage\":\"es\",\"@id\":\"https:\/\/sabado100.com.ar\/es-ar\/#\/schema\/person\/image\/\",\"url\":\"https:\/\/sabado100.com.ar\/es-ar\/wp-content\/litespeed\/avatar\/484bccfbd493fbb703b0f1b8113dad61.jpg?ver=1787731622\",\"contentUrl\":\"https:\/\/sabado100.com.ar\/es-ar\/wp-content\/litespeed\/avatar\/484bccfbd493fbb703b0f1b8113dad61.jpg?ver=1787731622\",\"caption\":\"sabado cien\"},\"url\":\"https:\/\/sabado100.com.ar\/es-ar\/author\/sabado100\/\"}]}<\/script>\n<!-- \/ Yoast SEO plugin. -->","yoast_head_json":{"title":"Nuevos viejos temas de la pol\u00edtica argentina - Sabado 100","robots":{"index":"index","follow":"follow","max-snippet":"max-snippet:-1","max-image-preview":"max-image-preview:large","max-video-preview":"max-video-preview:-1"},"canonical":"https:\/\/sabado100.com.ar\/es-ar\/nuevos-viejos-temas-de-la-politica-argentina\/","og_locale":"es_ES","og_type":"article","og_title":"Nuevos viejos temas de la pol\u00edtica argentina - Sabado 100","og_description":"Por Mar\u00eda Herminia Grande.- Concluida en parte la decadente saga de fuga y vuelta a la c\u00e1rcel de los Lanatta [&hellip;]","og_url":"https:\/\/sabado100.com.ar\/es-ar\/nuevos-viejos-temas-de-la-politica-argentina\/","og_site_name":"Sabado 100","article_publisher":"https:\/\/www.facebook.com\/sabadocien\/","article_published_time":"2016-01-22T13:25:18+00:00","author":"sabado cien","twitter_card":"summary_large_image","twitter_misc":{"Escrito por":"sabado cien","Tiempo de lectura":"3 minutos"},"schema":{"@context":"https:\/\/schema.org","@graph":[{"@type":"Article","@id":"https:\/\/sabado100.com.ar\/es-ar\/nuevos-viejos-temas-de-la-politica-argentina\/#article","isPartOf":{"@id":"https:\/\/sabado100.com.ar\/es-ar\/nuevos-viejos-temas-de-la-politica-argentina\/"},"author":{"name":"sabado cien","@id":"https:\/\/sabado100.com.ar\/es-ar\/#\/schema\/person\/58e38b918ef4e44b11398f25d4684c6d"},"headline":"Nuevos viejos temas de la pol\u00edtica argentina","datePublished":"2016-01-22T13:25:18+00:00","dateModified":"2016-01-22T13:25:18+00:00","mainEntityOfPage":{"@id":"https:\/\/sabado100.com.ar\/es-ar\/nuevos-viejos-temas-de-la-politica-argentina\/"},"wordCount":688,"commentCount":0,"publisher":{"@id":"https:\/\/sabado100.com.ar\/es-ar\/#organization"},"keywords":["Nuevos viejos temas de la pol\u00edtica argentina"],"articleSection":["Pol\u00edtica"],"inLanguage":"es","potentialAction":[{"@type":"CommentAction","name":"Comment","target":["https:\/\/sabado100.com.ar\/es-ar\/nuevos-viejos-temas-de-la-politica-argentina\/#respond"]}]},{"@type":"WebPage","@id":"https:\/\/sabado100.com.ar\/es-ar\/nuevos-viejos-temas-de-la-politica-argentina\/","url":"https:\/\/sabado100.com.ar\/es-ar\/nuevos-viejos-temas-de-la-politica-argentina\/","name":"Nuevos viejos temas de la pol\u00edtica argentina - Sabado 100","isPartOf":{"@id":"https:\/\/sabado100.com.ar\/es-ar\/#website"},"datePublished":"2016-01-22T13:25:18+00:00","dateModified":"2016-01-22T13:25:18+00:00","breadcrumb":{"@id":"https:\/\/sabado100.com.ar\/es-ar\/nuevos-viejos-temas-de-la-politica-argentina\/#breadcrumb"},"inLanguage":"es","potentialAction":[{"@type":"ReadAction","target":["https:\/\/sabado100.com.ar\/es-ar\/nuevos-viejos-temas-de-la-politica-argentina\/"]}]},{"@type":"BreadcrumbList","@id":"https:\/\/sabado100.com.ar\/es-ar\/nuevos-viejos-temas-de-la-politica-argentina\/#breadcrumb","itemListElement":[{"@type":"ListItem","position":1,"name":"Portada","item":"https:\/\/sabado100.com.ar\/es-ar\/"},{"@type":"ListItem","position":2,"name":"Nuevos viejos temas de la pol\u00edtica argentina"}]},{"@type":"WebSite","@id":"https:\/\/sabado100.com.ar\/es-ar\/#website","url":"https:\/\/sabado100.com.ar\/es-ar\/","name":"Sabado 100","description":"","publisher":{"@id":"https:\/\/sabado100.com.ar\/es-ar\/#organization"},"potentialAction":[{"@type":"SearchAction","target":{"@type":"EntryPoint","urlTemplate":"https:\/\/sabado100.com.ar\/es-ar\/?s={search_term_string}"},"query-input":"required name=search_term_string"}],"inLanguage":"es"},{"@type":"Organization","@id":"https:\/\/sabado100.com.ar\/es-ar\/#organization","name":"Sabado 100","url":"https:\/\/sabado100.com.ar\/es-ar\/","logo":{"@type":"ImageObject","inLanguage":"es","@id":"https:\/\/sabado100.com.ar\/es-ar\/#\/schema\/logo\/image\/","url":"https:\/\/sabado100.com.ar\/es-ar\/wp-content\/uploads\/2024\/04\/logo3.jpg","contentUrl":"https:\/\/sabado100.com.ar\/es-ar\/wp-content\/uploads\/2024\/04\/logo3.jpg","width":300,"height":174,"caption":"Sabado 100"},"image":{"@id":"https:\/\/sabado100.com.ar\/es-ar\/#\/schema\/logo\/image\/"},"sameAs":["https:\/\/www.facebook.com\/sabadocien\/","https:\/\/www.instagram.com\/sabado100.com.ar\/","https:\/\/www.youtube.com\/@sabado1003"]},{"@type":"Person","@id":"https:\/\/sabado100.com.ar\/es-ar\/#\/schema\/person\/58e38b918ef4e44b11398f25d4684c6d","name":"sabado cien","image":{"@type":"ImageObject","inLanguage":"es","@id":"https:\/\/sabado100.com.ar\/es-ar\/#\/schema\/person\/image\/","url":"https:\/\/sabado100.com.ar\/es-ar\/wp-content\/litespeed\/avatar\/484bccfbd493fbb703b0f1b8113dad61.jpg?ver=1787731622","contentUrl":"https:\/\/sabado100.com.ar\/es-ar\/wp-content\/litespeed\/avatar\/484bccfbd493fbb703b0f1b8113dad61.jpg?ver=1787731622","caption":"sabado cien"},"url":"https:\/\/sabado100.com.ar\/es-ar\/author\/sabado100\/"}]}},"_links":{"self":[{"href":"https:\/\/sabado100.com.ar\/es-ar\/wp-json\/wp\/v2\/posts\/4357","targetHints":{"allow":["GET"]}}],"collection":[{"href":"https:\/\/sabado100.com.ar\/es-ar\/wp-json\/wp\/v2\/posts"}],"about":[{"href":"https:\/\/sabado100.com.ar\/es-ar\/wp-json\/wp\/v2\/types\/post"}],"author":[{"embeddable":true,"href":"https:\/\/sabado100.com.ar\/es-ar\/wp-json\/wp\/v2\/users\/2"}],"replies":[{"embeddable":true,"href":"https:\/\/sabado100.com.ar\/es-ar\/wp-json\/wp\/v2\/comments?post=4357"}],"version-history":[{"count":0,"href":"https:\/\/sabado100.com.ar\/es-ar\/wp-json\/wp\/v2\/posts\/4357\/revisions"}],"wp:attachment":[{"href":"https:\/\/sabado100.com.ar\/es-ar\/wp-json\/wp\/v2\/media?parent=4357"}],"wp:term":[{"taxonomy":"category","embeddable":true,"href":"https:\/\/sabado100.com.ar\/es-ar\/wp-json\/wp\/v2\/categories?post=4357"},{"taxonomy":"post_tag","embeddable":true,"href":"https:\/\/sabado100.com.ar\/es-ar\/wp-json\/wp\/v2\/tags?post=4357"}],"curies":[{"name":"wp","href":"https:\/\/api.w.org\/{rel}","templated":true}]}}