{"id":4355,"date":"2016-01-22T15:21:39","date_gmt":"2016-01-22T13:21:39","guid":{"rendered":"https:\/\/www.sabado100.com.ar\/?p=4355"},"modified":"2016-01-22T15:21:39","modified_gmt":"2016-01-22T13:21:39","slug":"torcer-el-adn-de-un-estado-que-no-rinde-cuentas","status":"publish","type":"post","link":"https:\/\/sabado100.com.ar\/es-ar\/torcer-el-adn-de-un-estado-que-no-rinde-cuentas\/","title":{"rendered":"Torcer el ADN de un Estado que no rinde cuentas"},"content":{"rendered":"<p><strong>Por Natalia Aquilino.-<\/strong> Dos de las deudas pendientes m\u00e1s notorias del gobierno anterior son la falta de estad\u00edsticas confiables y la escasa evaluaci\u00f3n de impacto de las pol\u00edticas p\u00fablicas. Son elementos que se relacionan con un insuficiente manejo de la informaci\u00f3n sobre la acci\u00f3n del Estado y que inciden directamente en la calidad de la rendici\u00f3n de cuentas, la transparencia y la confianza en los resultados del plan de gobierno. Seg\u00fan un estudio del BID, el avance de la Argentina en materia de seguimiento y evaluaci\u00f3n entre 2007 y 2013 es nulo. Intuir que las pol\u00edticas son acertadas e inclusivas no alcanza, hay que demostrarlo. Es imprescindible contar con datos que avalen resultados y muestren c\u00f3mo cambia la vida de las personas mediante la intervenci\u00f3n del Estado. Esta debilidad se origina, entre otras causas, en la ausencia de un liderazgo que proponga una visi\u00f3n de largo plazo para construir un Estado inteligente, que aprenda de s\u00ed mismo, en la falta de un marco jur\u00eddico que integre el monitoreo y la evaluaci\u00f3n en la gesti\u00f3n cotidiana, y en la escasa relevancia de la demanda y uso de informaci\u00f3n cr\u00edtica por parte de los tomadores de decisi\u00f3n.<br \/>\nEl nuevo gobierno tiene un desaf\u00edo enorme en t\u00e9rminos de generaci\u00f3n de datos ciertos, confiables y aceptados por todos sobre la marcha de las pol\u00edticas p\u00fablicas. No es solo un desaf\u00edo para el Poder Ejecutivo, la Jefatura de Gabinete de Ministros o el nuevo Ministerio de Modernizaci\u00f3n.<br \/>\nNo alcanza con auditar. Tambi\u00e9n el Congreso debe tener un rol en construir una visi\u00f3n de largo plazo acerca de c\u00f3mo el gobierno eval\u00faa su gesti\u00f3n y comunica sus resultados. El marco legal actual, heredado de los 90, la Ley de Administraci\u00f3n Financiera y Sistemas de Control, la Ley del Sistema Nacional de Inversiones P\u00fablicas y la Ley del Programa de Evaluaci\u00f3n de Calidad del Gasto responden a un paradigma superado de evaluaci\u00f3n del gasto p\u00fablico que deja de lado enfoques modernos e integrales para analizar el impacto de la acci\u00f3n del Estado en la vida de las personas. A su vez, las propuestas de leyes m\u00e1s recientes sobre la creaci\u00f3n de una Agencia Nacional de Evaluaci\u00f3n son instrumentales y no tienen una visi\u00f3n de largo plazo.<br \/>\nEs una funci\u00f3n del liderazgo y de la alta direcci\u00f3n pol\u00edtica desarrollar y legislar una pol\u00edtica nacional de evaluaci\u00f3n debatida en el Congreso que vigorice el sistema nacional de evaluaci\u00f3n, brinde a los tomadores de decisi\u00f3n sistemas y procesos que produzcan informaci\u00f3n cr\u00edtica para el dise\u00f1o, la planificaci\u00f3n y la ejecuci\u00f3n de intervenciones y la elaboraci\u00f3n del presupuesto nacional. Es cr\u00edtico que la Jefatura de Gabinete asuma el camino estrat\u00e9gico que le otorga la Constituci\u00f3n para liderar el monitoreo y la evaluaci\u00f3n de pol\u00edticas p\u00fablicas y aumentar la calidad del di\u00e1logo y la rendici\u00f3n de cuentas al Poder Legislativo con datos fehacientes sobre impactos y resultados. La creaci\u00f3n de un organismo Evaluador General de la Naci\u00f3n en su \u00f3rbita podr\u00eda catalizar esfuerzos por torcer el ADN de las Administraci\u00f3n P\u00fablica hacia una gesti\u00f3n con m\u00e1s y mejores datos, con m\u00e1s comunicaci\u00f3n de resultados.<\/p>\n<p><strong>La autora es rafaelina y directora del Programa de Incidencia, Monitoreo y Evaluaci\u00f3n de CIPPEC. Esta columna de opini\u00f3n fue publicada en diario Clar\u00edn el 12\/01\/16.<\/strong><\/p>\n","protected":false},"excerpt":{"rendered":"<p>Por Natalia Aquilino.- Dos de las deudas pendientes m\u00e1s notorias del gobierno anterior son la falta de estad\u00edsticas confiables y [&hellip;]<\/p>\n","protected":false},"author":2,"featured_media":0,"comment_status":"open","ping_status":"closed","sticky":false,"template":"","format":"standard","meta":{"site-sidebar-layout":"default","site-content-layout":"","ast-site-content-layout":"default","site-content-style":"default","site-sidebar-style":"default","ast-global-header-display":"","ast-banner-title-visibility":"","ast-main-header-display":"","ast-hfb-above-header-display":"","ast-hfb-below-header-display":"","ast-hfb-mobile-header-display":"","site-post-title":"","ast-breadcrumbs-content":"","ast-featured-img":"","footer-sml-layout":"","ast-disable-related-posts":"","theme-transparent-header-meta":"","adv-header-id-meta":"","stick-header-meta":"","header-above-stick-meta":"","header-main-stick-meta":"","header-below-stick-meta":"","astra-migrate-meta-layouts":"default","ast-page-background-enabled":"default","ast-page-background-meta":{"desktop":{"background-color":"var(--ast-global-color-4)","background-image":"","background-repeat":"repeat","background-position":"center center","background-size":"auto","background-attachment":"scroll","background-type":"","background-media":"","overlay-type":"","overlay-color":"","overlay-opacity":"","overlay-gradient":""},"tablet":{"background-color":"","background-image":"","background-repeat":"repeat","background-position":"center center","background-size":"auto","background-attachment":"scroll","background-type":"","background-media":"","overlay-type":"","overlay-color":"","overlay-opacity":"","overlay-gradient":""},"mobile":{"background-color":"","background-image":"","background-repeat":"repeat","background-position":"center center","background-size":"auto","background-attachment":"scroll","background-type":"","background-media":"","overlay-type":"","overlay-color":"","overlay-opacity":"","overlay-gradient":""}},"ast-content-background-meta":{"desktop":{"background-color":"var(--ast-global-color-5)","background-image":"","background-repeat":"repeat","background-position":"center center","background-size":"auto","background-attachment":"scroll","background-type":"","background-media":"","overlay-type":"","overlay-color":"","overlay-opacity":"","overlay-gradient":""},"tablet":{"background-color":"var(--ast-global-color-5)","background-image":"","background-repeat":"repeat","background-position":"center center","background-size":"auto","background-attachment":"scroll","background-type":"","background-media":"","overlay-type":"","overlay-color":"","overlay-opacity":"","overlay-gradient":""},"mobile":{"background-color":"var(--ast-global-color-5)","background-image":"","background-repeat":"repeat","background-position":"center center","background-size":"auto","background-attachment":"scroll","background-type":"","background-media":"","overlay-type":"","overlay-color":"","overlay-opacity":"","overlay-gradient":""}},"footnotes":""},"categories":[5],"tags":[5425],"class_list":["post-4355","post","type-post","status-publish","format-standard","hentry","category-politica","tag-torcer-el-adn-de-un-estado-que-no-rinde-cuentas"],"yoast_head":"<!-- This site is optimized with the Yoast SEO plugin v23.2 - https:\/\/yoast.com\/wordpress\/plugins\/seo\/ -->\n<title>Torcer el ADN de un Estado que no rinde cuentas - Sabado 100<\/title>\n<meta name=\"robots\" content=\"index, follow, max-snippet:-1, max-image-preview:large, max-video-preview:-1\" \/>\n<link rel=\"canonical\" href=\"https:\/\/sabado100.com.ar\/es-ar\/torcer-el-adn-de-un-estado-que-no-rinde-cuentas\/\" \/>\n<meta property=\"og:locale\" content=\"es_ES\" \/>\n<meta property=\"og:type\" content=\"article\" \/>\n<meta property=\"og:title\" content=\"Torcer el ADN de un Estado que no rinde cuentas - Sabado 100\" \/>\n<meta property=\"og:description\" content=\"Por Natalia Aquilino.- Dos de las deudas pendientes m\u00e1s notorias del gobierno anterior son la falta de estad\u00edsticas confiables y [&hellip;]\" \/>\n<meta property=\"og:url\" content=\"https:\/\/sabado100.com.ar\/es-ar\/torcer-el-adn-de-un-estado-que-no-rinde-cuentas\/\" \/>\n<meta property=\"og:site_name\" content=\"Sabado 100\" \/>\n<meta property=\"article:publisher\" content=\"https:\/\/www.facebook.com\/sabadocien\/\" \/>\n<meta property=\"article:published_time\" content=\"2016-01-22T13:21:39+00:00\" \/>\n<meta name=\"author\" content=\"sabado cien\" \/>\n<meta name=\"twitter:card\" content=\"summary_large_image\" \/>\n<meta name=\"twitter:label1\" content=\"Escrito por\" \/>\n\t<meta name=\"twitter:data1\" content=\"sabado cien\" \/>\n\t<meta name=\"twitter:label2\" content=\"Tiempo de lectura\" \/>\n\t<meta name=\"twitter:data2\" content=\"3 minutos\" \/>\n<script type=\"application\/ld+json\" class=\"yoast-schema-graph\">{\"@context\":\"https:\/\/schema.org\",\"@graph\":[{\"@type\":\"Article\",\"@id\":\"https:\/\/sabado100.com.ar\/es-ar\/torcer-el-adn-de-un-estado-que-no-rinde-cuentas\/#article\",\"isPartOf\":{\"@id\":\"https:\/\/sabado100.com.ar\/es-ar\/torcer-el-adn-de-un-estado-que-no-rinde-cuentas\/\"},\"author\":{\"name\":\"sabado cien\",\"@id\":\"https:\/\/sabado100.com.ar\/es-ar\/#\/schema\/person\/58e38b918ef4e44b11398f25d4684c6d\"},\"headline\":\"Torcer el ADN de un Estado que no rinde cuentas\",\"datePublished\":\"2016-01-22T13:21:39+00:00\",\"dateModified\":\"2016-01-22T13:21:39+00:00\",\"mainEntityOfPage\":{\"@id\":\"https:\/\/sabado100.com.ar\/es-ar\/torcer-el-adn-de-un-estado-que-no-rinde-cuentas\/\"},\"wordCount\":620,\"commentCount\":0,\"publisher\":{\"@id\":\"https:\/\/sabado100.com.ar\/es-ar\/#organization\"},\"keywords\":[\"Torcer el ADN de un Estado que no rinde cuentas\"],\"articleSection\":[\"Pol\u00edtica\"],\"inLanguage\":\"es\",\"potentialAction\":[{\"@type\":\"CommentAction\",\"name\":\"Comment\",\"target\":[\"https:\/\/sabado100.com.ar\/es-ar\/torcer-el-adn-de-un-estado-que-no-rinde-cuentas\/#respond\"]}]},{\"@type\":\"WebPage\",\"@id\":\"https:\/\/sabado100.com.ar\/es-ar\/torcer-el-adn-de-un-estado-que-no-rinde-cuentas\/\",\"url\":\"https:\/\/sabado100.com.ar\/es-ar\/torcer-el-adn-de-un-estado-que-no-rinde-cuentas\/\",\"name\":\"Torcer el ADN de un Estado que no rinde cuentas - Sabado 100\",\"isPartOf\":{\"@id\":\"https:\/\/sabado100.com.ar\/es-ar\/#website\"},\"datePublished\":\"2016-01-22T13:21:39+00:00\",\"dateModified\":\"2016-01-22T13:21:39+00:00\",\"breadcrumb\":{\"@id\":\"https:\/\/sabado100.com.ar\/es-ar\/torcer-el-adn-de-un-estado-que-no-rinde-cuentas\/#breadcrumb\"},\"inLanguage\":\"es\",\"potentialAction\":[{\"@type\":\"ReadAction\",\"target\":[\"https:\/\/sabado100.com.ar\/es-ar\/torcer-el-adn-de-un-estado-que-no-rinde-cuentas\/\"]}]},{\"@type\":\"BreadcrumbList\",\"@id\":\"https:\/\/sabado100.com.ar\/es-ar\/torcer-el-adn-de-un-estado-que-no-rinde-cuentas\/#breadcrumb\",\"itemListElement\":[{\"@type\":\"ListItem\",\"position\":1,\"name\":\"Portada\",\"item\":\"https:\/\/sabado100.com.ar\/es-ar\/\"},{\"@type\":\"ListItem\",\"position\":2,\"name\":\"Torcer el ADN de un Estado que no rinde cuentas\"}]},{\"@type\":\"WebSite\",\"@id\":\"https:\/\/sabado100.com.ar\/es-ar\/#website\",\"url\":\"https:\/\/sabado100.com.ar\/es-ar\/\",\"name\":\"Sabado 100\",\"description\":\"\",\"publisher\":{\"@id\":\"https:\/\/sabado100.com.ar\/es-ar\/#organization\"},\"potentialAction\":[{\"@type\":\"SearchAction\",\"target\":{\"@type\":\"EntryPoint\",\"urlTemplate\":\"https:\/\/sabado100.com.ar\/es-ar\/?s={search_term_string}\"},\"query-input\":\"required name=search_term_string\"}],\"inLanguage\":\"es\"},{\"@type\":\"Organization\",\"@id\":\"https:\/\/sabado100.com.ar\/es-ar\/#organization\",\"name\":\"Sabado 100\",\"url\":\"https:\/\/sabado100.com.ar\/es-ar\/\",\"logo\":{\"@type\":\"ImageObject\",\"inLanguage\":\"es\",\"@id\":\"https:\/\/sabado100.com.ar\/es-ar\/#\/schema\/logo\/image\/\",\"url\":\"https:\/\/sabado100.com.ar\/es-ar\/wp-content\/uploads\/2024\/04\/logo3.jpg\",\"contentUrl\":\"https:\/\/sabado100.com.ar\/es-ar\/wp-content\/uploads\/2024\/04\/logo3.jpg\",\"width\":300,\"height\":174,\"caption\":\"Sabado 100\"},\"image\":{\"@id\":\"https:\/\/sabado100.com.ar\/es-ar\/#\/schema\/logo\/image\/\"},\"sameAs\":[\"https:\/\/www.facebook.com\/sabadocien\/\",\"https:\/\/www.instagram.com\/sabado100.com.ar\/\",\"https:\/\/www.youtube.com\/@sabado1003\"]},{\"@type\":\"Person\",\"@id\":\"https:\/\/sabado100.com.ar\/es-ar\/#\/schema\/person\/58e38b918ef4e44b11398f25d4684c6d\",\"name\":\"sabado cien\",\"image\":{\"@type\":\"ImageObject\",\"inLanguage\":\"es\",\"@id\":\"https:\/\/sabado100.com.ar\/es-ar\/#\/schema\/person\/image\/\",\"url\":\"https:\/\/sabado100.com.ar\/es-ar\/wp-content\/litespeed\/avatar\/484bccfbd493fbb703b0f1b8113dad61.jpg?ver=1787731622\",\"contentUrl\":\"https:\/\/sabado100.com.ar\/es-ar\/wp-content\/litespeed\/avatar\/484bccfbd493fbb703b0f1b8113dad61.jpg?ver=1787731622\",\"caption\":\"sabado cien\"},\"url\":\"https:\/\/sabado100.com.ar\/es-ar\/author\/sabado100\/\"}]}<\/script>\n<!-- \/ Yoast SEO plugin. -->","yoast_head_json":{"title":"Torcer el ADN de un Estado que no rinde cuentas - Sabado 100","robots":{"index":"index","follow":"follow","max-snippet":"max-snippet:-1","max-image-preview":"max-image-preview:large","max-video-preview":"max-video-preview:-1"},"canonical":"https:\/\/sabado100.com.ar\/es-ar\/torcer-el-adn-de-un-estado-que-no-rinde-cuentas\/","og_locale":"es_ES","og_type":"article","og_title":"Torcer el ADN de un Estado que no rinde cuentas - Sabado 100","og_description":"Por Natalia Aquilino.- Dos de las deudas pendientes m\u00e1s notorias del gobierno anterior son la falta de estad\u00edsticas confiables y [&hellip;]","og_url":"https:\/\/sabado100.com.ar\/es-ar\/torcer-el-adn-de-un-estado-que-no-rinde-cuentas\/","og_site_name":"Sabado 100","article_publisher":"https:\/\/www.facebook.com\/sabadocien\/","article_published_time":"2016-01-22T13:21:39+00:00","author":"sabado cien","twitter_card":"summary_large_image","twitter_misc":{"Escrito por":"sabado cien","Tiempo de lectura":"3 minutos"},"schema":{"@context":"https:\/\/schema.org","@graph":[{"@type":"Article","@id":"https:\/\/sabado100.com.ar\/es-ar\/torcer-el-adn-de-un-estado-que-no-rinde-cuentas\/#article","isPartOf":{"@id":"https:\/\/sabado100.com.ar\/es-ar\/torcer-el-adn-de-un-estado-que-no-rinde-cuentas\/"},"author":{"name":"sabado cien","@id":"https:\/\/sabado100.com.ar\/es-ar\/#\/schema\/person\/58e38b918ef4e44b11398f25d4684c6d"},"headline":"Torcer el ADN de un Estado que no rinde cuentas","datePublished":"2016-01-22T13:21:39+00:00","dateModified":"2016-01-22T13:21:39+00:00","mainEntityOfPage":{"@id":"https:\/\/sabado100.com.ar\/es-ar\/torcer-el-adn-de-un-estado-que-no-rinde-cuentas\/"},"wordCount":620,"commentCount":0,"publisher":{"@id":"https:\/\/sabado100.com.ar\/es-ar\/#organization"},"keywords":["Torcer el ADN de un Estado que no rinde cuentas"],"articleSection":["Pol\u00edtica"],"inLanguage":"es","potentialAction":[{"@type":"CommentAction","name":"Comment","target":["https:\/\/sabado100.com.ar\/es-ar\/torcer-el-adn-de-un-estado-que-no-rinde-cuentas\/#respond"]}]},{"@type":"WebPage","@id":"https:\/\/sabado100.com.ar\/es-ar\/torcer-el-adn-de-un-estado-que-no-rinde-cuentas\/","url":"https:\/\/sabado100.com.ar\/es-ar\/torcer-el-adn-de-un-estado-que-no-rinde-cuentas\/","name":"Torcer el ADN de un Estado que no rinde cuentas - Sabado 100","isPartOf":{"@id":"https:\/\/sabado100.com.ar\/es-ar\/#website"},"datePublished":"2016-01-22T13:21:39+00:00","dateModified":"2016-01-22T13:21:39+00:00","breadcrumb":{"@id":"https:\/\/sabado100.com.ar\/es-ar\/torcer-el-adn-de-un-estado-que-no-rinde-cuentas\/#breadcrumb"},"inLanguage":"es","potentialAction":[{"@type":"ReadAction","target":["https:\/\/sabado100.com.ar\/es-ar\/torcer-el-adn-de-un-estado-que-no-rinde-cuentas\/"]}]},{"@type":"BreadcrumbList","@id":"https:\/\/sabado100.com.ar\/es-ar\/torcer-el-adn-de-un-estado-que-no-rinde-cuentas\/#breadcrumb","itemListElement":[{"@type":"ListItem","position":1,"name":"Portada","item":"https:\/\/sabado100.com.ar\/es-ar\/"},{"@type":"ListItem","position":2,"name":"Torcer el ADN de un Estado que no rinde cuentas"}]},{"@type":"WebSite","@id":"https:\/\/sabado100.com.ar\/es-ar\/#website","url":"https:\/\/sabado100.com.ar\/es-ar\/","name":"Sabado 100","description":"","publisher":{"@id":"https:\/\/sabado100.com.ar\/es-ar\/#organization"},"potentialAction":[{"@type":"SearchAction","target":{"@type":"EntryPoint","urlTemplate":"https:\/\/sabado100.com.ar\/es-ar\/?s={search_term_string}"},"query-input":"required name=search_term_string"}],"inLanguage":"es"},{"@type":"Organization","@id":"https:\/\/sabado100.com.ar\/es-ar\/#organization","name":"Sabado 100","url":"https:\/\/sabado100.com.ar\/es-ar\/","logo":{"@type":"ImageObject","inLanguage":"es","@id":"https:\/\/sabado100.com.ar\/es-ar\/#\/schema\/logo\/image\/","url":"https:\/\/sabado100.com.ar\/es-ar\/wp-content\/uploads\/2024\/04\/logo3.jpg","contentUrl":"https:\/\/sabado100.com.ar\/es-ar\/wp-content\/uploads\/2024\/04\/logo3.jpg","width":300,"height":174,"caption":"Sabado 100"},"image":{"@id":"https:\/\/sabado100.com.ar\/es-ar\/#\/schema\/logo\/image\/"},"sameAs":["https:\/\/www.facebook.com\/sabadocien\/","https:\/\/www.instagram.com\/sabado100.com.ar\/","https:\/\/www.youtube.com\/@sabado1003"]},{"@type":"Person","@id":"https:\/\/sabado100.com.ar\/es-ar\/#\/schema\/person\/58e38b918ef4e44b11398f25d4684c6d","name":"sabado cien","image":{"@type":"ImageObject","inLanguage":"es","@id":"https:\/\/sabado100.com.ar\/es-ar\/#\/schema\/person\/image\/","url":"https:\/\/sabado100.com.ar\/es-ar\/wp-content\/litespeed\/avatar\/484bccfbd493fbb703b0f1b8113dad61.jpg?ver=1787731622","contentUrl":"https:\/\/sabado100.com.ar\/es-ar\/wp-content\/litespeed\/avatar\/484bccfbd493fbb703b0f1b8113dad61.jpg?ver=1787731622","caption":"sabado cien"},"url":"https:\/\/sabado100.com.ar\/es-ar\/author\/sabado100\/"}]}},"_links":{"self":[{"href":"https:\/\/sabado100.com.ar\/es-ar\/wp-json\/wp\/v2\/posts\/4355","targetHints":{"allow":["GET"]}}],"collection":[{"href":"https:\/\/sabado100.com.ar\/es-ar\/wp-json\/wp\/v2\/posts"}],"about":[{"href":"https:\/\/sabado100.com.ar\/es-ar\/wp-json\/wp\/v2\/types\/post"}],"author":[{"embeddable":true,"href":"https:\/\/sabado100.com.ar\/es-ar\/wp-json\/wp\/v2\/users\/2"}],"replies":[{"embeddable":true,"href":"https:\/\/sabado100.com.ar\/es-ar\/wp-json\/wp\/v2\/comments?post=4355"}],"version-history":[{"count":0,"href":"https:\/\/sabado100.com.ar\/es-ar\/wp-json\/wp\/v2\/posts\/4355\/revisions"}],"wp:attachment":[{"href":"https:\/\/sabado100.com.ar\/es-ar\/wp-json\/wp\/v2\/media?parent=4355"}],"wp:term":[{"taxonomy":"category","embeddable":true,"href":"https:\/\/sabado100.com.ar\/es-ar\/wp-json\/wp\/v2\/categories?post=4355"},{"taxonomy":"post_tag","embeddable":true,"href":"https:\/\/sabado100.com.ar\/es-ar\/wp-json\/wp\/v2\/tags?post=4355"}],"curies":[{"name":"wp","href":"https:\/\/api.w.org\/{rel}","templated":true}]}}