{"id":4351,"date":"2015-12-27T15:20:08","date_gmt":"2015-12-27T13:20:08","guid":{"rendered":"https:\/\/www.sabado100.com.ar\/?p=4351"},"modified":"2015-12-27T15:20:08","modified_gmt":"2015-12-27T13:20:08","slug":"reflexiones-sobre-la-crisis-actual","status":"publish","type":"post","link":"https:\/\/sabado100.com.ar\/es-ar\/reflexiones-sobre-la-crisis-actual\/","title":{"rendered":"Reflexiones sobre la crisis actual"},"content":{"rendered":"<p><strong>Por Daniel Pustilnik.-<\/strong> Que vivimos una \u00e9poca sin precedentes es algo que ahora pocos discuten. Y como dijo Ortega y Gasset \u00abuna caracter\u00edstica de las \u00e9pocas de crisis hist\u00f3ricas es la p\u00e9rdida del valor del mundo de las convicciones, sin que se estructure ordenadamente un nuevo mundo para servir de directriz la pensamiento y la conducta de las nuevas generaciones\u00bb.<br \/>\nPor lo tanto, es necesario reflexionar sobre nuestra situaci\u00f3n con miras a encontrar, o al menos atisbar, alg\u00fan principio de soluci\u00f3n a los males que nos aflijen.<br \/>\nL\u00f3gicamente, debemos primero volver sobre nuestro pasado inmediato, a fines de no repetir los mismos errores que nuestros predecesores.<br \/>\nEn tal sentido, el autor de estas l\u00edneas tratar\u00e1, dentro de sus limitaciones, de ser lo m\u00e1s objetivo posible, sabiendo de antemano que el equilibrio deseado no es tarea f\u00e1cil cuando se es testigo cotidiano de hechos y miserias humanas que ni la imaginaci\u00f3n m\u00e1s f\u00e9rtil hubiese concebido hace unas d\u00e9cadas.<br \/>\nMuchos argentinos pasamos la mayor parte de nuestra vida en el trabajo diario, amando en silencio a nuestro pa\u00eds y despreciando, tambi\u00e9n en silencio, a muchas de sus autoridades. Hemos vivido impregnados por los discursos altisonantes, las gastadas frases de los gobernantes de turno y sus c\u00f3mplices, que mientras evocaban a Dios, la Patria, la Constituci\u00f3n, la Bandera, etc., achicaban y empobrec\u00edan la Naci\u00f3n, al tiempo que agrandaban sus cuentas y bienes.<br \/>\nAs\u00ed lograron hacer caer en un profundo escepticismo, descreimiento y apat\u00eda, a generaciones enteras que, por falta de otras motivaciones, buscaron s\u00f3lo el camino de la salida y el inter\u00e9s personal. Y al caer en el vac\u00edo por la magnitud de la crisis carecen ahora de las dos cosas: Pan e Ideales.<br \/>\nY sin ideales no es posible evolucionar. Si no se imagina primero y luego se intenta arar, rastrear, sembrar, regar y cosechar el trigo, tampoco habr\u00e1 pan para la mesa.<br \/>\nMiremos hacia atr\u00e1s, al pasado reciente: empezando por Yrigoyen, por ejemplo. Cuyo derrocamiento en 1930 por un golpe militar es s\u00f3lo la parte visible de un proceso, que destruye un embrionario proyecto de \u00abPa\u00eds Independiente\u00bb, que bregaba por dejar de ser colonia.<br \/>\nComo lo definieron muchos: fue un golpe con \u00abolor\u00bb a petr\u00f3leo y la empresa nacional YPF, tenazmente defendida por un General patriota como Mosconi, result\u00f3 una de las grandes derrotadas. Qued\u00f3 as\u00ed demostrado, por la fuerza de los echos, que el campo Nacional no ten\u00eda a\u00fan fuerzas suficientes para cambiar su destino, que continu\u00f3 dominado por los \u00abfactores de poder\u00bb de la \u00e9poca o lo que ahora, ya m\u00e1s domesticados, llamamos \u00abestablishment\u00bb.<br \/>\nTambi\u00e9n comenz\u00f3 a visualizarse que cuando hay transformaciones progresistas en la Econom\u00eda se interrumpe el desarrollo y proceso democr\u00e1tico.<br \/>\nNo tan casualmente, y en el golpe de 1930, entr\u00f3 en la Casa Rosada para detener a Don Hip\u00f3lito Irigoyen, junto a otros militares, el coronel Alvaro Alsogaray, d\u00edas despu\u00e9s Jefe de la Casa Militar del Gobierno Provisional.<br \/>\nComenzaba as\u00ed la \u00abd\u00e9cada infame\u00bb. El hijo de Alvaro Alsogaray, de 15 a\u00f1os e igual nombre que el padre, y en esos tiempos cadete del Ej\u00e9rcito, particip\u00f3 del golpe a bordo del side-car, de una moto que rondaba la Plaza Mayor para \u00abdisuadir\u00bb a algunos manifestantes.<br \/>\nRealicemos ahora el ejercicio inverso: miremos desde el presente hacia el pasado:<br \/>\nAlvaro Alsogaray, hombre de confianza del Gobierno \u00abPeronista\u00bb de Menem en 1990, a quien tambi\u00e9n le suministr\u00f3 su clon femenino Mar\u00eda Julia, ser\u00eda el ejemplo perfecto de c\u00f3mo los gobiernos cambian, pero \u00abEl Poder\u00bb est\u00e1 siempre en pocas y predilectas manos.<br \/>\nEn efecto, el capit\u00e1n-ingeniero Alvaro Alsogaray fue:<br \/>\n* Subsecretario de Comercio del Gobierno del general Lonardi.<br \/>\n* Ministro de Industria y Comercio del general Aramburu.<br \/>\n* Ministro de Econom\u00eda del Dr. Frondizi.<br \/>\n* Ministro de Econom\u00eda del Dr. Guido (t\u00edtere de los militares).<br \/>\n* Embajador argentino en Estados Unidos, cuando su t\u00edo, el general Julio Alsogaray, expuls\u00f3 al Dr. Ill\u00eda del Gobierno en 1966, ocupando el Comando en Jefe del Ej\u00e9rcito.<br \/>\nQu\u00e9 lejos comenzaron a quedar del pueblo, desde 1930, esos militares de aquel Ej\u00e9rcito que evocaba el General Mosconi: \u00abnuestro Balcarce, que siendo general pidi\u00f3 prestada una camisa para formar en una revista de tropas; o San Mart\u00edn, que despu\u00e9s de firmar en Maip\u00fa y liberar a Chile, manda a dar vuelta su levita para ahorrar en atuendos. Y qu\u00e9 visionario para todo el Siglo fue su discurso en la comida de camarader\u00eda Ej\u00e9rcito-Armada, del 8 de julio de 1926, cuando dijo \u00abmientras la Armada y el Ej\u00e9rcito se mantengan en el marco que la Constituci\u00f3n les indica en el libre juego de las Instituciones y no intervengan ni se alarmen por las luchas c\u00edvicas de nuestra pol\u00edtica interna, porque ellas evidencian, a trav\u00e9s de las agitaciones democr\u00e1ticas y de las fiebres peri\u00f3dicas de los gobiernos Republicanos, mayor aptitud en el pueblo para ejercitar sus derechos ciudadanos y mayor capacidad para la funci\u00f3n p\u00fablica\u00bb.<br \/>\nQu\u00e9 remota y peque\u00f1a parece la crisis de 1890, cuando el Dr. Estanislao Cevallos cuenta que ocho a\u00f1os despu\u00e9s (1898), en su visita a Estados Unidos, un alto funcionario Norteamericano le pregunt\u00f3 al conocerlo: \u00ab\u00bfes usted de ese gran pa\u00eds que hace bajar el precio de nuestro trigo?\u00bb.<br \/>\nQu\u00e9 abismos nos separan y c\u00f3mo pudimos caer tan bajo que en 1941, plena Guerra Mundial gest\u00e1ndose el 17 de octubre de 1945 (por las malas condiciones de vida), el Jornal de un pe\u00f3n herrero era de $11,30, el de un pe\u00f3n alba\u00f1il de $8,24 y el kilo de pan val\u00eda $0,37. Es decir, que en esa \u00e9poca de crisis pod\u00edan comprar entre 22 y 30 kilos de pan en un d\u00eda, mientras que ahora, revoluci\u00f3n tecnol\u00f3gica mediante, los pocos afortunados que tienen trabajo s\u00f3lo pueden comer la mitad.<br \/>\nEstas y otras aberraciones hacen que nos formulemos algunas preguntas para ensayar algunas posibles soluciones:<br \/>\n1) \u00bfQu\u00e9 mecanismos perversos debemos destruir para que en el pa\u00eds de las vacas, por ejemplo, la leche no sea art\u00edculo de lujo. Mientras que al sacrificio tambero se le paga cuanto m\u00e1s la cuarta parte del precio al consumidor?<br \/>\n2) \u00bfQu\u00e9 pasos concretos deben darse en el plano internacional para que cesen las pol\u00edticas proteccionistas. Que se paguen precios justos a nuestras exportaciones producidas, en base a sueldos de hambre, mientras debemos comprar equipos y remedios cada vez m\u00e1s caros, elaborados en los pa\u00edses industrializados, a trav\u00e9s de enormes ganancias empresariales y salarios obreros de m\u00e1s de 2.000 d\u00f3lares al mes?<br \/>\n3) \u00bfTenemos los recursos humanos, alimenticios, energ\u00e9ticos, mineros, etc., como para refundar el Pa\u00eds sobre la base de una mayor autonom\u00eda y una distribuci\u00f3n m\u00e1s justa de la riqueza a crearse?<br \/>\n4) \u00bfQu\u00e9 orden de prioridades en la asignaci\u00f3n de recursos tenemos que darle a la educaci\u00f3n, alimentos, salud, justicia, etc., en funci\u00f3n de las apremiantes obligaciones actuales y la necesidad de reestructurar la econom\u00eda en el mediano y largo plazo?<br \/>\n5) \u00bfDebemos resignarnos a que las multinacionales, obedeciendo s\u00f3lo a sus proyectos de lucro a nivel mundial, sigan manejando nuestro pa\u00eds como una sucursal de quinta categor\u00eda?<br \/>\n6) \u00bfC\u00f3mo debemos retomar el control de las empresas claves privatizadas?<br \/>\n7) \u00bfQu\u00e9 hacemos y qu\u00e9 orden de prioridades daremos a nuestra deuda externa e interna, a nuestros chicos cada vez m\u00e1s desnutridos, jubilados, desocupados, maestros, empleados p\u00fablicos y privados, o con \u00abnuestra\u00bb polic\u00eda y fuerzas armadas y de seguridad?<br \/>\n8) \u00bfDe qu\u00e9 forma se puede amortiguar, en funci\u00f3n de nuestros intereses, la desproporcionada incidencia -llamada ahora globalizaci\u00f3n- que tienen sobre la vida econ\u00f3mica y social del pa\u00eds los centros de decisi\u00f3n extranjeros (Organismos financieros, multinacionales, gobiernos, etc.?<br \/>\n9) \u00bfC\u00f3mo debemos obrar de manera de no favorecer por aturdimiento o confusi\u00f3n a los mismos intereses que nos oprimen?<br \/>\n10) \u00bfQu\u00e9 tipo de Instituciones Sociales, econ\u00f3micas, jur\u00eddicas y pol\u00edticas, debemos aspirar a tener para maximizar el grado de bienestar de nuestro pueblo?<br \/>\n11) \u00bfC\u00f3mo debemos hacer para cambiar un sistema que gasta cifras absurdas en propagandizar un producto, de manera tal que el costo mayor de ese art\u00edculo son los an\u00e1lisis de mercado, el \u00ablobbing\u00bb (grupos de presi\u00f3n y coimas en los diversos poderes, la propaganda, el envase y las relaciones p\u00fablicas cuestan m\u00e1s que el valor del producto en si mismos?<br \/>\n12) \u00bfBajo que r\u00e9gimen de propiedad privada, mixta, estatal, cooperativa, etc. deber\u00e1 organizarse el \u00e1rea social y econ\u00f3mica? En otras palabras, \u00bfqu\u00e9 tipo de pa\u00eds y sociedad queremos y c\u00f3mo podr\u00edamos construirlo?<br \/>\nEstos son algunos de los tantos interrogantes que debemos respondernos como un primer paso para definir qu\u00e9 debemos sustituir y, posteriormente, c\u00f3mo podemos cambiarlo.<\/p>\n<p><strong>Fuente:<\/strong> diario Castellanos, 7 de Febrero de 2003.<\/p>\n","protected":false},"excerpt":{"rendered":"<p>Por Daniel Pustilnik.- Que vivimos una \u00e9poca sin precedentes es algo que ahora pocos discuten. Y como dijo Ortega y [&hellip;]<\/p>\n","protected":false},"author":2,"featured_media":0,"comment_status":"open","ping_status":"closed","sticky":false,"template":"","format":"standard","meta":{"site-sidebar-layout":"default","site-content-layout":"","ast-site-content-layout":"default","site-content-style":"default","site-sidebar-style":"default","ast-global-header-display":"","ast-banner-title-visibility":"","ast-main-header-display":"","ast-hfb-above-header-display":"","ast-hfb-below-header-display":"","ast-hfb-mobile-header-display":"","site-post-title":"","ast-breadcrumbs-content":"","ast-featured-img":"","footer-sml-layout":"","ast-disable-related-posts":"","theme-transparent-header-meta":"","adv-header-id-meta":"","stick-header-meta":"","header-above-stick-meta":"","header-main-stick-meta":"","header-below-stick-meta":"","astra-migrate-meta-layouts":"default","ast-page-background-enabled":"default","ast-page-background-meta":{"desktop":{"background-color":"var(--ast-global-color-4)","background-image":"","background-repeat":"repeat","background-position":"center center","background-size":"auto","background-attachment":"scroll","background-type":"","background-media":"","overlay-type":"","overlay-color":"","overlay-opacity":"","overlay-gradient":""},"tablet":{"background-color":"","background-image":"","background-repeat":"repeat","background-position":"center center","background-size":"auto","background-attachment":"scroll","background-type":"","background-media":"","overlay-type":"","overlay-color":"","overlay-opacity":"","overlay-gradient":""},"mobile":{"background-color":"","background-image":"","background-repeat":"repeat","background-position":"center center","background-size":"auto","background-attachment":"scroll","background-type":"","background-media":"","overlay-type":"","overlay-color":"","overlay-opacity":"","overlay-gradient":""}},"ast-content-background-meta":{"desktop":{"background-color":"var(--ast-global-color-5)","background-image":"","background-repeat":"repeat","background-position":"center center","background-size":"auto","background-attachment":"scroll","background-type":"","background-media":"","overlay-type":"","overlay-color":"","overlay-opacity":"","overlay-gradient":""},"tablet":{"background-color":"var(--ast-global-color-5)","background-image":"","background-repeat":"repeat","background-position":"center center","background-size":"auto","background-attachment":"scroll","background-type":"","background-media":"","overlay-type":"","overlay-color":"","overlay-opacity":"","overlay-gradient":""},"mobile":{"background-color":"var(--ast-global-color-5)","background-image":"","background-repeat":"repeat","background-position":"center center","background-size":"auto","background-attachment":"scroll","background-type":"","background-media":"","overlay-type":"","overlay-color":"","overlay-opacity":"","overlay-gradient":""}},"footnotes":""},"categories":[5],"tags":[5423],"class_list":["post-4351","post","type-post","status-publish","format-standard","hentry","category-politica","tag-reflexiones-sobre-la-crisis-actual"],"yoast_head":"<!-- This site is optimized with the Yoast SEO plugin v23.2 - https:\/\/yoast.com\/wordpress\/plugins\/seo\/ -->\n<title>Reflexiones sobre la crisis actual - Sabado 100<\/title>\n<meta name=\"robots\" content=\"index, follow, max-snippet:-1, max-image-preview:large, max-video-preview:-1\" \/>\n<link rel=\"canonical\" href=\"https:\/\/sabado100.com.ar\/es-ar\/reflexiones-sobre-la-crisis-actual\/\" \/>\n<meta property=\"og:locale\" content=\"es_ES\" \/>\n<meta property=\"og:type\" content=\"article\" \/>\n<meta property=\"og:title\" content=\"Reflexiones sobre la crisis actual - Sabado 100\" \/>\n<meta property=\"og:description\" content=\"Por Daniel Pustilnik.- Que vivimos una \u00e9poca sin precedentes es algo que ahora pocos discuten. Y como dijo Ortega y [&hellip;]\" \/>\n<meta property=\"og:url\" content=\"https:\/\/sabado100.com.ar\/es-ar\/reflexiones-sobre-la-crisis-actual\/\" \/>\n<meta property=\"og:site_name\" content=\"Sabado 100\" \/>\n<meta property=\"article:publisher\" content=\"https:\/\/www.facebook.com\/sabadocien\/\" \/>\n<meta property=\"article:published_time\" content=\"2015-12-27T13:20:08+00:00\" \/>\n<meta name=\"author\" content=\"sabado cien\" \/>\n<meta name=\"twitter:card\" content=\"summary_large_image\" \/>\n<meta name=\"twitter:label1\" content=\"Escrito por\" \/>\n\t<meta name=\"twitter:data1\" content=\"sabado cien\" \/>\n\t<meta name=\"twitter:label2\" content=\"Tiempo de lectura\" \/>\n\t<meta name=\"twitter:data2\" content=\"8 minutos\" \/>\n<script type=\"application\/ld+json\" class=\"yoast-schema-graph\">{\"@context\":\"https:\/\/schema.org\",\"@graph\":[{\"@type\":\"Article\",\"@id\":\"https:\/\/sabado100.com.ar\/es-ar\/reflexiones-sobre-la-crisis-actual\/#article\",\"isPartOf\":{\"@id\":\"https:\/\/sabado100.com.ar\/es-ar\/reflexiones-sobre-la-crisis-actual\/\"},\"author\":{\"name\":\"sabado cien\",\"@id\":\"https:\/\/sabado100.com.ar\/es-ar\/#\/schema\/person\/58e38b918ef4e44b11398f25d4684c6d\"},\"headline\":\"Reflexiones sobre la crisis actual\",\"datePublished\":\"2015-12-27T13:20:08+00:00\",\"dateModified\":\"2015-12-27T13:20:08+00:00\",\"mainEntityOfPage\":{\"@id\":\"https:\/\/sabado100.com.ar\/es-ar\/reflexiones-sobre-la-crisis-actual\/\"},\"wordCount\":1508,\"commentCount\":0,\"publisher\":{\"@id\":\"https:\/\/sabado100.com.ar\/es-ar\/#organization\"},\"keywords\":[\"Reflexiones sobre la crisis actual\"],\"articleSection\":[\"Pol\u00edtica\"],\"inLanguage\":\"es\",\"potentialAction\":[{\"@type\":\"CommentAction\",\"name\":\"Comment\",\"target\":[\"https:\/\/sabado100.com.ar\/es-ar\/reflexiones-sobre-la-crisis-actual\/#respond\"]}]},{\"@type\":\"WebPage\",\"@id\":\"https:\/\/sabado100.com.ar\/es-ar\/reflexiones-sobre-la-crisis-actual\/\",\"url\":\"https:\/\/sabado100.com.ar\/es-ar\/reflexiones-sobre-la-crisis-actual\/\",\"name\":\"Reflexiones sobre la crisis actual - Sabado 100\",\"isPartOf\":{\"@id\":\"https:\/\/sabado100.com.ar\/es-ar\/#website\"},\"datePublished\":\"2015-12-27T13:20:08+00:00\",\"dateModified\":\"2015-12-27T13:20:08+00:00\",\"breadcrumb\":{\"@id\":\"https:\/\/sabado100.com.ar\/es-ar\/reflexiones-sobre-la-crisis-actual\/#breadcrumb\"},\"inLanguage\":\"es\",\"potentialAction\":[{\"@type\":\"ReadAction\",\"target\":[\"https:\/\/sabado100.com.ar\/es-ar\/reflexiones-sobre-la-crisis-actual\/\"]}]},{\"@type\":\"BreadcrumbList\",\"@id\":\"https:\/\/sabado100.com.ar\/es-ar\/reflexiones-sobre-la-crisis-actual\/#breadcrumb\",\"itemListElement\":[{\"@type\":\"ListItem\",\"position\":1,\"name\":\"Portada\",\"item\":\"https:\/\/sabado100.com.ar\/es-ar\/\"},{\"@type\":\"ListItem\",\"position\":2,\"name\":\"Reflexiones sobre la crisis actual\"}]},{\"@type\":\"WebSite\",\"@id\":\"https:\/\/sabado100.com.ar\/es-ar\/#website\",\"url\":\"https:\/\/sabado100.com.ar\/es-ar\/\",\"name\":\"Sabado 100\",\"description\":\"\",\"publisher\":{\"@id\":\"https:\/\/sabado100.com.ar\/es-ar\/#organization\"},\"potentialAction\":[{\"@type\":\"SearchAction\",\"target\":{\"@type\":\"EntryPoint\",\"urlTemplate\":\"https:\/\/sabado100.com.ar\/es-ar\/?s={search_term_string}\"},\"query-input\":\"required name=search_term_string\"}],\"inLanguage\":\"es\"},{\"@type\":\"Organization\",\"@id\":\"https:\/\/sabado100.com.ar\/es-ar\/#organization\",\"name\":\"Sabado 100\",\"url\":\"https:\/\/sabado100.com.ar\/es-ar\/\",\"logo\":{\"@type\":\"ImageObject\",\"inLanguage\":\"es\",\"@id\":\"https:\/\/sabado100.com.ar\/es-ar\/#\/schema\/logo\/image\/\",\"url\":\"https:\/\/sabado100.com.ar\/es-ar\/wp-content\/uploads\/2024\/04\/logo3.jpg\",\"contentUrl\":\"https:\/\/sabado100.com.ar\/es-ar\/wp-content\/uploads\/2024\/04\/logo3.jpg\",\"width\":300,\"height\":174,\"caption\":\"Sabado 100\"},\"image\":{\"@id\":\"https:\/\/sabado100.com.ar\/es-ar\/#\/schema\/logo\/image\/\"},\"sameAs\":[\"https:\/\/www.facebook.com\/sabadocien\/\",\"https:\/\/www.instagram.com\/sabado100.com.ar\/\",\"https:\/\/www.youtube.com\/@sabado1003\"]},{\"@type\":\"Person\",\"@id\":\"https:\/\/sabado100.com.ar\/es-ar\/#\/schema\/person\/58e38b918ef4e44b11398f25d4684c6d\",\"name\":\"sabado cien\",\"image\":{\"@type\":\"ImageObject\",\"inLanguage\":\"es\",\"@id\":\"https:\/\/sabado100.com.ar\/es-ar\/#\/schema\/person\/image\/\",\"url\":\"https:\/\/sabado100.com.ar\/es-ar\/wp-content\/litespeed\/avatar\/484bccfbd493fbb703b0f1b8113dad61.jpg?ver=1787731622\",\"contentUrl\":\"https:\/\/sabado100.com.ar\/es-ar\/wp-content\/litespeed\/avatar\/484bccfbd493fbb703b0f1b8113dad61.jpg?ver=1787731622\",\"caption\":\"sabado cien\"},\"url\":\"https:\/\/sabado100.com.ar\/es-ar\/author\/sabado100\/\"}]}<\/script>\n<!-- \/ Yoast SEO plugin. -->","yoast_head_json":{"title":"Reflexiones sobre la crisis actual - Sabado 100","robots":{"index":"index","follow":"follow","max-snippet":"max-snippet:-1","max-image-preview":"max-image-preview:large","max-video-preview":"max-video-preview:-1"},"canonical":"https:\/\/sabado100.com.ar\/es-ar\/reflexiones-sobre-la-crisis-actual\/","og_locale":"es_ES","og_type":"article","og_title":"Reflexiones sobre la crisis actual - Sabado 100","og_description":"Por Daniel Pustilnik.- Que vivimos una \u00e9poca sin precedentes es algo que ahora pocos discuten. Y como dijo Ortega y [&hellip;]","og_url":"https:\/\/sabado100.com.ar\/es-ar\/reflexiones-sobre-la-crisis-actual\/","og_site_name":"Sabado 100","article_publisher":"https:\/\/www.facebook.com\/sabadocien\/","article_published_time":"2015-12-27T13:20:08+00:00","author":"sabado cien","twitter_card":"summary_large_image","twitter_misc":{"Escrito por":"sabado cien","Tiempo de lectura":"8 minutos"},"schema":{"@context":"https:\/\/schema.org","@graph":[{"@type":"Article","@id":"https:\/\/sabado100.com.ar\/es-ar\/reflexiones-sobre-la-crisis-actual\/#article","isPartOf":{"@id":"https:\/\/sabado100.com.ar\/es-ar\/reflexiones-sobre-la-crisis-actual\/"},"author":{"name":"sabado cien","@id":"https:\/\/sabado100.com.ar\/es-ar\/#\/schema\/person\/58e38b918ef4e44b11398f25d4684c6d"},"headline":"Reflexiones sobre la crisis actual","datePublished":"2015-12-27T13:20:08+00:00","dateModified":"2015-12-27T13:20:08+00:00","mainEntityOfPage":{"@id":"https:\/\/sabado100.com.ar\/es-ar\/reflexiones-sobre-la-crisis-actual\/"},"wordCount":1508,"commentCount":0,"publisher":{"@id":"https:\/\/sabado100.com.ar\/es-ar\/#organization"},"keywords":["Reflexiones sobre la crisis actual"],"articleSection":["Pol\u00edtica"],"inLanguage":"es","potentialAction":[{"@type":"CommentAction","name":"Comment","target":["https:\/\/sabado100.com.ar\/es-ar\/reflexiones-sobre-la-crisis-actual\/#respond"]}]},{"@type":"WebPage","@id":"https:\/\/sabado100.com.ar\/es-ar\/reflexiones-sobre-la-crisis-actual\/","url":"https:\/\/sabado100.com.ar\/es-ar\/reflexiones-sobre-la-crisis-actual\/","name":"Reflexiones sobre la crisis actual - Sabado 100","isPartOf":{"@id":"https:\/\/sabado100.com.ar\/es-ar\/#website"},"datePublished":"2015-12-27T13:20:08+00:00","dateModified":"2015-12-27T13:20:08+00:00","breadcrumb":{"@id":"https:\/\/sabado100.com.ar\/es-ar\/reflexiones-sobre-la-crisis-actual\/#breadcrumb"},"inLanguage":"es","potentialAction":[{"@type":"ReadAction","target":["https:\/\/sabado100.com.ar\/es-ar\/reflexiones-sobre-la-crisis-actual\/"]}]},{"@type":"BreadcrumbList","@id":"https:\/\/sabado100.com.ar\/es-ar\/reflexiones-sobre-la-crisis-actual\/#breadcrumb","itemListElement":[{"@type":"ListItem","position":1,"name":"Portada","item":"https:\/\/sabado100.com.ar\/es-ar\/"},{"@type":"ListItem","position":2,"name":"Reflexiones sobre la crisis actual"}]},{"@type":"WebSite","@id":"https:\/\/sabado100.com.ar\/es-ar\/#website","url":"https:\/\/sabado100.com.ar\/es-ar\/","name":"Sabado 100","description":"","publisher":{"@id":"https:\/\/sabado100.com.ar\/es-ar\/#organization"},"potentialAction":[{"@type":"SearchAction","target":{"@type":"EntryPoint","urlTemplate":"https:\/\/sabado100.com.ar\/es-ar\/?s={search_term_string}"},"query-input":"required name=search_term_string"}],"inLanguage":"es"},{"@type":"Organization","@id":"https:\/\/sabado100.com.ar\/es-ar\/#organization","name":"Sabado 100","url":"https:\/\/sabado100.com.ar\/es-ar\/","logo":{"@type":"ImageObject","inLanguage":"es","@id":"https:\/\/sabado100.com.ar\/es-ar\/#\/schema\/logo\/image\/","url":"https:\/\/sabado100.com.ar\/es-ar\/wp-content\/uploads\/2024\/04\/logo3.jpg","contentUrl":"https:\/\/sabado100.com.ar\/es-ar\/wp-content\/uploads\/2024\/04\/logo3.jpg","width":300,"height":174,"caption":"Sabado 100"},"image":{"@id":"https:\/\/sabado100.com.ar\/es-ar\/#\/schema\/logo\/image\/"},"sameAs":["https:\/\/www.facebook.com\/sabadocien\/","https:\/\/www.instagram.com\/sabado100.com.ar\/","https:\/\/www.youtube.com\/@sabado1003"]},{"@type":"Person","@id":"https:\/\/sabado100.com.ar\/es-ar\/#\/schema\/person\/58e38b918ef4e44b11398f25d4684c6d","name":"sabado cien","image":{"@type":"ImageObject","inLanguage":"es","@id":"https:\/\/sabado100.com.ar\/es-ar\/#\/schema\/person\/image\/","url":"https:\/\/sabado100.com.ar\/es-ar\/wp-content\/litespeed\/avatar\/484bccfbd493fbb703b0f1b8113dad61.jpg?ver=1787731622","contentUrl":"https:\/\/sabado100.com.ar\/es-ar\/wp-content\/litespeed\/avatar\/484bccfbd493fbb703b0f1b8113dad61.jpg?ver=1787731622","caption":"sabado cien"},"url":"https:\/\/sabado100.com.ar\/es-ar\/author\/sabado100\/"}]}},"_links":{"self":[{"href":"https:\/\/sabado100.com.ar\/es-ar\/wp-json\/wp\/v2\/posts\/4351","targetHints":{"allow":["GET"]}}],"collection":[{"href":"https:\/\/sabado100.com.ar\/es-ar\/wp-json\/wp\/v2\/posts"}],"about":[{"href":"https:\/\/sabado100.com.ar\/es-ar\/wp-json\/wp\/v2\/types\/post"}],"author":[{"embeddable":true,"href":"https:\/\/sabado100.com.ar\/es-ar\/wp-json\/wp\/v2\/users\/2"}],"replies":[{"embeddable":true,"href":"https:\/\/sabado100.com.ar\/es-ar\/wp-json\/wp\/v2\/comments?post=4351"}],"version-history":[{"count":0,"href":"https:\/\/sabado100.com.ar\/es-ar\/wp-json\/wp\/v2\/posts\/4351\/revisions"}],"wp:attachment":[{"href":"https:\/\/sabado100.com.ar\/es-ar\/wp-json\/wp\/v2\/media?parent=4351"}],"wp:term":[{"taxonomy":"category","embeddable":true,"href":"https:\/\/sabado100.com.ar\/es-ar\/wp-json\/wp\/v2\/categories?post=4351"},{"taxonomy":"post_tag","embeddable":true,"href":"https:\/\/sabado100.com.ar\/es-ar\/wp-json\/wp\/v2\/tags?post=4351"}],"curies":[{"name":"wp","href":"https:\/\/api.w.org\/{rel}","templated":true}]}}