{"id":4341,"date":"2015-12-23T14:10:20","date_gmt":"2015-12-23T12:10:20","guid":{"rendered":"https:\/\/www.sabado100.com.ar\/?p=4341"},"modified":"2015-12-23T14:10:20","modified_gmt":"2015-12-23T12:10:20","slug":"terragni-es-un-error-juridico-tremendo-sin-respaldo-constitucional","status":"publish","type":"post","link":"https:\/\/sabado100.com.ar\/es-ar\/terragni-es-un-error-juridico-tremendo-sin-respaldo-constitucional\/","title":{"rendered":"Terragni: \u00abEs un error jur\u00eddico tremendo sin respaldo constitucional\u00bb"},"content":{"rendered":"<p><strong>Por Emilio Grande (h.).-<\/strong> En medio de la pol\u00e9mica suscitada por la designaci\u00f3n en comisi\u00f3n por decreto de dos jueces de la Corte Suprema de Justicia de la Naci\u00f3n, firmada hace unos d\u00edas por el presidente Mauricio Macri y la suspensi\u00f3n del juez federal de Dolores Alejo Ramos Padilla en las \u00faltimas horas, una voz autorizada es la del doctor rafaelino Marco Antonio Terragni, especialista en Derecho Constitucional.<br \/>\n\u00abEst\u00e1 totalmente mal (el decreto), es un error jur\u00eddico tremendo porque no tiene ning\u00fan respaldo constitucional. Adem\u00e1s, hay una raz\u00f3n de orden superior que es el principio de divisi\u00f3n de poderes. Nuestro pa\u00eds es una rep\u00fablica y significa que los poderes tienen que estar separados: Ejecutivo, Legislativo y Judicial. La Constituci\u00f3n dice de qu\u00e9 manera se tiene que integrar la Suprema Corte de Justicia\u00bb, expresa en una entrevista con este cronista durante el programa \u00abS\u00e1bado 100\u00bb por radio Sol Rafaela (FM 90,9).<br \/>\nSeguidamente, ley\u00f3 el art\u00edculo 99, que habla de las atribuciones del Poder Ejecutivo, de la Constituci\u00f3n Nacional del inciso 4\u00b0: \u00abEl Presidente de la Naci\u00f3n nombra los magistrados de la Corte Suprema con acuerdo del Senado por dos tercios de sus miembros presentes, en sesi\u00f3n p\u00fablica, convocada al efecto\u00bb.<br \/>\nEl decreto del presidente Macri invoc\u00f3 el mismo art\u00edculo del inciso 19 que dice: \u00abPuede llenar las vacantes de los empleos, que requieran el acuerdo del Senado, y que ocurran durante su receso, por medio de nombramientos en comisi\u00f3n que expirar\u00e1n al fin de la pr\u00f3xima Legislatura\u00bb.<br \/>\nAl respecto, Terragni opina que \u00abcon la lectura de este texto te das cuenta que es un absurdo porque no tiene ning\u00fan sentido porque dice de las vacantes de los empleos y los miembros de la Corte no son empleados; las vacantes que ocurran durante su receso y no ocurrieron durante su receso, la primera se produjo hace un tiempo con la renuncia de Zaffaroni al acogerse a su jubilaci\u00f3n y la de Fayt se produjo antes del receso del Senado; y que expirar\u00e1n al fin de la pr\u00f3xima Legislatura, es decir tendr\u00edan que nombrar a ministros de la Corte y terminar su mandato al fin de la pr\u00f3xima Legislatura, es un absurdo porque el ministro de la Corte tiene inamovilidad de por vida, salvo caso de mal desempe\u00f1o o juicio pol\u00edtico\u00bb.<br \/>\nY agrega: \u00abel presidente Kirchner dict\u00f3 un decreto que est\u00e1 vigente donde dice sobre un procedimiento previo antes de presentar el pliego al Senado. En Estados Unidos cuando se va a designar a alguien en esta categor\u00eda hay todo un debate previo de la ciudadan\u00eda que opina, hace objeciones o apoya, adem\u00e1s es un examen personal del candidato en una sesi\u00f3n p\u00fablica del Senado\u00bb.<br \/>\n<strong>-Respecto a la composici\u00f3n de la Corte, \u00bfpuede funcionar con tres miembros hasta que se designen las vacantes producidas?<\/strong><br \/>\n-La Corte argentina no siempre estuvo constituida con el n\u00famero de miembros que ahora tiene. El n\u00famero tradicional era cinco, despu\u00e9s se ampli\u00f3 a nueve y la presidenta Cristina de Kirchner dispuso para reducir al n\u00famero de cinco. Ahora con las dos vacantes producidas quedan tres miembros, la Corte t\u00e9cnicamente no tiene dificultades en actuar porque es improbable que haya tres votos distintos. Las C\u00e1maras (de Apelaciones) Penal y Civil de Rafaela tienen tres miembros cada una y pueden funcionar, si hay tres opiniones distintas una tiene que ceder para que sea 2 a 1. Eventualmente, si alguno de los miembros se enferma o no puede concurrir hay formas de reemplazarlo y la Corte no deja de funcionar.<br \/>\n<strong>-\u00bfQu\u00e9 referencias ten\u00e9s de los dos candidatos propuestos Rosatti y Rosenkratz?<\/strong><br \/>\n-Es un poco dif\u00edcil dar una opini\u00f3n cuando uno no conoce a la persona. Yo no los conozco personalmente porque una cosa son los papeles, los pergaminos y los curriculum, y otra cosa es apreciar si son o no buenas personas. Te cuento una an\u00e9cdota: tuvimos en Rafaela un juez sabio y no significa que tenga muchos pergaminos sino que sepa resolver con justicia las cosas y no hay muchos jueces sabios. Ese juez de Rafaela fue Am\u00e9rico Tosello, tiene una calle y una escuela con su nombre, no porque haya escrito muchos libros o estudiado en el extranjero sino porque era un hombre muy capaz, sab\u00eda apreciar con el coraz\u00f3n las cosas y resolver con justicia. M\u00e1s que los pergaminos, importa si son buenas o malas personas. Por supuesto que es importante que la gente se actualice porque las cosas son muy complejas, uno de los propuestos tiene estudios en el extranjero y el otro candidato, el santafesino, es profesor de Derecho Constitucional y autor de un tratado de Derecho Constitucional. Los problemas no s\u00f3lo ata\u00f1en a la Constituci\u00f3n y leyes argentinas, la Corte argentina es un tribunal no de \u00faltima instancia, porque en San Jos\u00e9 de Costa Rica est\u00e1 radicada la Corte Interamericana de Derechos Humanos. <\/p>\n","protected":false},"excerpt":{"rendered":"<p>Por Emilio Grande (h.).- En medio de la pol\u00e9mica suscitada por la designaci\u00f3n en comisi\u00f3n por decreto de dos jueces [&hellip;]<\/p>\n","protected":false},"author":2,"featured_media":0,"comment_status":"open","ping_status":"closed","sticky":false,"template":"","format":"standard","meta":{"site-sidebar-layout":"default","site-content-layout":"","ast-site-content-layout":"default","site-content-style":"default","site-sidebar-style":"default","ast-global-header-display":"","ast-banner-title-visibility":"","ast-main-header-display":"","ast-hfb-above-header-display":"","ast-hfb-below-header-display":"","ast-hfb-mobile-header-display":"","site-post-title":"","ast-breadcrumbs-content":"","ast-featured-img":"","footer-sml-layout":"","ast-disable-related-posts":"","theme-transparent-header-meta":"","adv-header-id-meta":"","stick-header-meta":"","header-above-stick-meta":"","header-main-stick-meta":"","header-below-stick-meta":"","astra-migrate-meta-layouts":"default","ast-page-background-enabled":"default","ast-page-background-meta":{"desktop":{"background-color":"var(--ast-global-color-4)","background-image":"","background-repeat":"repeat","background-position":"center center","background-size":"auto","background-attachment":"scroll","background-type":"","background-media":"","overlay-type":"","overlay-color":"","overlay-opacity":"","overlay-gradient":""},"tablet":{"background-color":"","background-image":"","background-repeat":"repeat","background-position":"center center","background-size":"auto","background-attachment":"scroll","background-type":"","background-media":"","overlay-type":"","overlay-color":"","overlay-opacity":"","overlay-gradient":""},"mobile":{"background-color":"","background-image":"","background-repeat":"repeat","background-position":"center center","background-size":"auto","background-attachment":"scroll","background-type":"","background-media":"","overlay-type":"","overlay-color":"","overlay-opacity":"","overlay-gradient":""}},"ast-content-background-meta":{"desktop":{"background-color":"var(--ast-global-color-5)","background-image":"","background-repeat":"repeat","background-position":"center center","background-size":"auto","background-attachment":"scroll","background-type":"","background-media":"","overlay-type":"","overlay-color":"","overlay-opacity":"","overlay-gradient":""},"tablet":{"background-color":"var(--ast-global-color-5)","background-image":"","background-repeat":"repeat","background-position":"center center","background-size":"auto","background-attachment":"scroll","background-type":"","background-media":"","overlay-type":"","overlay-color":"","overlay-opacity":"","overlay-gradient":""},"mobile":{"background-color":"var(--ast-global-color-5)","background-image":"","background-repeat":"repeat","background-position":"center center","background-size":"auto","background-attachment":"scroll","background-type":"","background-media":"","overlay-type":"","overlay-color":"","overlay-opacity":"","overlay-gradient":""}},"footnotes":""},"categories":[4,5],"tags":[5419],"class_list":["post-4341","post","type-post","status-publish","format-standard","hentry","category-cultura-y-sociedad","category-politica","tag-es-un-error-juridico-tremendo-sin-respaldo-constitucional"],"yoast_head":"<!-- This site is optimized with the Yoast SEO plugin v23.2 - https:\/\/yoast.com\/wordpress\/plugins\/seo\/ -->\n<title>Terragni: &quot;Es un error jur\u00eddico tremendo sin respaldo constitucional&quot; - Sabado 100<\/title>\n<meta name=\"robots\" content=\"index, follow, max-snippet:-1, max-image-preview:large, max-video-preview:-1\" \/>\n<link rel=\"canonical\" href=\"https:\/\/sabado100.com.ar\/es-ar\/terragni-es-un-error-juridico-tremendo-sin-respaldo-constitucional\/\" \/>\n<meta property=\"og:locale\" content=\"es_ES\" \/>\n<meta property=\"og:type\" content=\"article\" \/>\n<meta property=\"og:title\" content=\"Terragni: &quot;Es un error jur\u00eddico tremendo sin respaldo constitucional&quot; - Sabado 100\" \/>\n<meta property=\"og:description\" content=\"Por Emilio Grande (h.).- En medio de la pol\u00e9mica suscitada por la designaci\u00f3n en comisi\u00f3n por decreto de dos jueces [&hellip;]\" \/>\n<meta property=\"og:url\" content=\"https:\/\/sabado100.com.ar\/es-ar\/terragni-es-un-error-juridico-tremendo-sin-respaldo-constitucional\/\" \/>\n<meta property=\"og:site_name\" content=\"Sabado 100\" \/>\n<meta property=\"article:publisher\" content=\"https:\/\/www.facebook.com\/sabadocien\/\" \/>\n<meta property=\"article:published_time\" content=\"2015-12-23T12:10:20+00:00\" \/>\n<meta name=\"author\" content=\"sabado cien\" \/>\n<meta name=\"twitter:card\" content=\"summary_large_image\" \/>\n<meta name=\"twitter:label1\" content=\"Escrito por\" \/>\n\t<meta name=\"twitter:data1\" content=\"sabado cien\" \/>\n\t<meta name=\"twitter:label2\" content=\"Tiempo de lectura\" \/>\n\t<meta name=\"twitter:data2\" content=\"4 minutos\" \/>\n<script type=\"application\/ld+json\" class=\"yoast-schema-graph\">{\"@context\":\"https:\/\/schema.org\",\"@graph\":[{\"@type\":\"Article\",\"@id\":\"https:\/\/sabado100.com.ar\/es-ar\/terragni-es-un-error-juridico-tremendo-sin-respaldo-constitucional\/#article\",\"isPartOf\":{\"@id\":\"https:\/\/sabado100.com.ar\/es-ar\/terragni-es-un-error-juridico-tremendo-sin-respaldo-constitucional\/\"},\"author\":{\"name\":\"sabado cien\",\"@id\":\"https:\/\/sabado100.com.ar\/es-ar\/#\/schema\/person\/58e38b918ef4e44b11398f25d4684c6d\"},\"headline\":\"Terragni: \u00abEs un error jur\u00eddico tremendo sin respaldo constitucional\u00bb\",\"datePublished\":\"2015-12-23T12:10:20+00:00\",\"dateModified\":\"2015-12-23T12:10:20+00:00\",\"mainEntityOfPage\":{\"@id\":\"https:\/\/sabado100.com.ar\/es-ar\/terragni-es-un-error-juridico-tremendo-sin-respaldo-constitucional\/\"},\"wordCount\":858,\"commentCount\":0,\"publisher\":{\"@id\":\"https:\/\/sabado100.com.ar\/es-ar\/#organization\"},\"keywords\":[\"\\\"Es un error jur\u00eddico tremendo sin respaldo constitucional\\\"\"],\"articleSection\":[\"Cultura y Sociedad\",\"Pol\u00edtica\"],\"inLanguage\":\"es\",\"potentialAction\":[{\"@type\":\"CommentAction\",\"name\":\"Comment\",\"target\":[\"https:\/\/sabado100.com.ar\/es-ar\/terragni-es-un-error-juridico-tremendo-sin-respaldo-constitucional\/#respond\"]}]},{\"@type\":\"WebPage\",\"@id\":\"https:\/\/sabado100.com.ar\/es-ar\/terragni-es-un-error-juridico-tremendo-sin-respaldo-constitucional\/\",\"url\":\"https:\/\/sabado100.com.ar\/es-ar\/terragni-es-un-error-juridico-tremendo-sin-respaldo-constitucional\/\",\"name\":\"Terragni: \\\"Es un error jur\u00eddico tremendo sin respaldo constitucional\\\" - Sabado 100\",\"isPartOf\":{\"@id\":\"https:\/\/sabado100.com.ar\/es-ar\/#website\"},\"datePublished\":\"2015-12-23T12:10:20+00:00\",\"dateModified\":\"2015-12-23T12:10:20+00:00\",\"breadcrumb\":{\"@id\":\"https:\/\/sabado100.com.ar\/es-ar\/terragni-es-un-error-juridico-tremendo-sin-respaldo-constitucional\/#breadcrumb\"},\"inLanguage\":\"es\",\"potentialAction\":[{\"@type\":\"ReadAction\",\"target\":[\"https:\/\/sabado100.com.ar\/es-ar\/terragni-es-un-error-juridico-tremendo-sin-respaldo-constitucional\/\"]}]},{\"@type\":\"BreadcrumbList\",\"@id\":\"https:\/\/sabado100.com.ar\/es-ar\/terragni-es-un-error-juridico-tremendo-sin-respaldo-constitucional\/#breadcrumb\",\"itemListElement\":[{\"@type\":\"ListItem\",\"position\":1,\"name\":\"Portada\",\"item\":\"https:\/\/sabado100.com.ar\/es-ar\/\"},{\"@type\":\"ListItem\",\"position\":2,\"name\":\"Terragni: \u00abEs un error jur\u00eddico tremendo sin respaldo constitucional\u00bb\"}]},{\"@type\":\"WebSite\",\"@id\":\"https:\/\/sabado100.com.ar\/es-ar\/#website\",\"url\":\"https:\/\/sabado100.com.ar\/es-ar\/\",\"name\":\"Sabado 100\",\"description\":\"\",\"publisher\":{\"@id\":\"https:\/\/sabado100.com.ar\/es-ar\/#organization\"},\"potentialAction\":[{\"@type\":\"SearchAction\",\"target\":{\"@type\":\"EntryPoint\",\"urlTemplate\":\"https:\/\/sabado100.com.ar\/es-ar\/?s={search_term_string}\"},\"query-input\":\"required name=search_term_string\"}],\"inLanguage\":\"es\"},{\"@type\":\"Organization\",\"@id\":\"https:\/\/sabado100.com.ar\/es-ar\/#organization\",\"name\":\"Sabado 100\",\"url\":\"https:\/\/sabado100.com.ar\/es-ar\/\",\"logo\":{\"@type\":\"ImageObject\",\"inLanguage\":\"es\",\"@id\":\"https:\/\/sabado100.com.ar\/es-ar\/#\/schema\/logo\/image\/\",\"url\":\"https:\/\/sabado100.com.ar\/es-ar\/wp-content\/uploads\/2024\/04\/logo3.jpg\",\"contentUrl\":\"https:\/\/sabado100.com.ar\/es-ar\/wp-content\/uploads\/2024\/04\/logo3.jpg\",\"width\":300,\"height\":174,\"caption\":\"Sabado 100\"},\"image\":{\"@id\":\"https:\/\/sabado100.com.ar\/es-ar\/#\/schema\/logo\/image\/\"},\"sameAs\":[\"https:\/\/www.facebook.com\/sabadocien\/\",\"https:\/\/www.instagram.com\/sabado100.com.ar\/\",\"https:\/\/www.youtube.com\/@sabado1003\"]},{\"@type\":\"Person\",\"@id\":\"https:\/\/sabado100.com.ar\/es-ar\/#\/schema\/person\/58e38b918ef4e44b11398f25d4684c6d\",\"name\":\"sabado cien\",\"image\":{\"@type\":\"ImageObject\",\"inLanguage\":\"es\",\"@id\":\"https:\/\/sabado100.com.ar\/es-ar\/#\/schema\/person\/image\/\",\"url\":\"https:\/\/sabado100.com.ar\/es-ar\/wp-content\/litespeed\/avatar\/484bccfbd493fbb703b0f1b8113dad61.jpg?ver=1787731622\",\"contentUrl\":\"https:\/\/sabado100.com.ar\/es-ar\/wp-content\/litespeed\/avatar\/484bccfbd493fbb703b0f1b8113dad61.jpg?ver=1787731622\",\"caption\":\"sabado cien\"},\"url\":\"https:\/\/sabado100.com.ar\/es-ar\/author\/sabado100\/\"}]}<\/script>\n<!-- \/ Yoast SEO plugin. -->","yoast_head_json":{"title":"Terragni: \"Es un error jur\u00eddico tremendo sin respaldo constitucional\" - Sabado 100","robots":{"index":"index","follow":"follow","max-snippet":"max-snippet:-1","max-image-preview":"max-image-preview:large","max-video-preview":"max-video-preview:-1"},"canonical":"https:\/\/sabado100.com.ar\/es-ar\/terragni-es-un-error-juridico-tremendo-sin-respaldo-constitucional\/","og_locale":"es_ES","og_type":"article","og_title":"Terragni: \"Es un error jur\u00eddico tremendo sin respaldo constitucional\" - Sabado 100","og_description":"Por Emilio Grande (h.).- En medio de la pol\u00e9mica suscitada por la designaci\u00f3n en comisi\u00f3n por decreto de dos jueces [&hellip;]","og_url":"https:\/\/sabado100.com.ar\/es-ar\/terragni-es-un-error-juridico-tremendo-sin-respaldo-constitucional\/","og_site_name":"Sabado 100","article_publisher":"https:\/\/www.facebook.com\/sabadocien\/","article_published_time":"2015-12-23T12:10:20+00:00","author":"sabado cien","twitter_card":"summary_large_image","twitter_misc":{"Escrito por":"sabado cien","Tiempo de lectura":"4 minutos"},"schema":{"@context":"https:\/\/schema.org","@graph":[{"@type":"Article","@id":"https:\/\/sabado100.com.ar\/es-ar\/terragni-es-un-error-juridico-tremendo-sin-respaldo-constitucional\/#article","isPartOf":{"@id":"https:\/\/sabado100.com.ar\/es-ar\/terragni-es-un-error-juridico-tremendo-sin-respaldo-constitucional\/"},"author":{"name":"sabado cien","@id":"https:\/\/sabado100.com.ar\/es-ar\/#\/schema\/person\/58e38b918ef4e44b11398f25d4684c6d"},"headline":"Terragni: \u00abEs un error jur\u00eddico tremendo sin respaldo constitucional\u00bb","datePublished":"2015-12-23T12:10:20+00:00","dateModified":"2015-12-23T12:10:20+00:00","mainEntityOfPage":{"@id":"https:\/\/sabado100.com.ar\/es-ar\/terragni-es-un-error-juridico-tremendo-sin-respaldo-constitucional\/"},"wordCount":858,"commentCount":0,"publisher":{"@id":"https:\/\/sabado100.com.ar\/es-ar\/#organization"},"keywords":["\"Es un error jur\u00eddico tremendo sin respaldo constitucional\""],"articleSection":["Cultura y Sociedad","Pol\u00edtica"],"inLanguage":"es","potentialAction":[{"@type":"CommentAction","name":"Comment","target":["https:\/\/sabado100.com.ar\/es-ar\/terragni-es-un-error-juridico-tremendo-sin-respaldo-constitucional\/#respond"]}]},{"@type":"WebPage","@id":"https:\/\/sabado100.com.ar\/es-ar\/terragni-es-un-error-juridico-tremendo-sin-respaldo-constitucional\/","url":"https:\/\/sabado100.com.ar\/es-ar\/terragni-es-un-error-juridico-tremendo-sin-respaldo-constitucional\/","name":"Terragni: \"Es un error jur\u00eddico tremendo sin respaldo constitucional\" - Sabado 100","isPartOf":{"@id":"https:\/\/sabado100.com.ar\/es-ar\/#website"},"datePublished":"2015-12-23T12:10:20+00:00","dateModified":"2015-12-23T12:10:20+00:00","breadcrumb":{"@id":"https:\/\/sabado100.com.ar\/es-ar\/terragni-es-un-error-juridico-tremendo-sin-respaldo-constitucional\/#breadcrumb"},"inLanguage":"es","potentialAction":[{"@type":"ReadAction","target":["https:\/\/sabado100.com.ar\/es-ar\/terragni-es-un-error-juridico-tremendo-sin-respaldo-constitucional\/"]}]},{"@type":"BreadcrumbList","@id":"https:\/\/sabado100.com.ar\/es-ar\/terragni-es-un-error-juridico-tremendo-sin-respaldo-constitucional\/#breadcrumb","itemListElement":[{"@type":"ListItem","position":1,"name":"Portada","item":"https:\/\/sabado100.com.ar\/es-ar\/"},{"@type":"ListItem","position":2,"name":"Terragni: \u00abEs un error jur\u00eddico tremendo sin respaldo constitucional\u00bb"}]},{"@type":"WebSite","@id":"https:\/\/sabado100.com.ar\/es-ar\/#website","url":"https:\/\/sabado100.com.ar\/es-ar\/","name":"Sabado 100","description":"","publisher":{"@id":"https:\/\/sabado100.com.ar\/es-ar\/#organization"},"potentialAction":[{"@type":"SearchAction","target":{"@type":"EntryPoint","urlTemplate":"https:\/\/sabado100.com.ar\/es-ar\/?s={search_term_string}"},"query-input":"required name=search_term_string"}],"inLanguage":"es"},{"@type":"Organization","@id":"https:\/\/sabado100.com.ar\/es-ar\/#organization","name":"Sabado 100","url":"https:\/\/sabado100.com.ar\/es-ar\/","logo":{"@type":"ImageObject","inLanguage":"es","@id":"https:\/\/sabado100.com.ar\/es-ar\/#\/schema\/logo\/image\/","url":"https:\/\/sabado100.com.ar\/es-ar\/wp-content\/uploads\/2024\/04\/logo3.jpg","contentUrl":"https:\/\/sabado100.com.ar\/es-ar\/wp-content\/uploads\/2024\/04\/logo3.jpg","width":300,"height":174,"caption":"Sabado 100"},"image":{"@id":"https:\/\/sabado100.com.ar\/es-ar\/#\/schema\/logo\/image\/"},"sameAs":["https:\/\/www.facebook.com\/sabadocien\/","https:\/\/www.instagram.com\/sabado100.com.ar\/","https:\/\/www.youtube.com\/@sabado1003"]},{"@type":"Person","@id":"https:\/\/sabado100.com.ar\/es-ar\/#\/schema\/person\/58e38b918ef4e44b11398f25d4684c6d","name":"sabado cien","image":{"@type":"ImageObject","inLanguage":"es","@id":"https:\/\/sabado100.com.ar\/es-ar\/#\/schema\/person\/image\/","url":"https:\/\/sabado100.com.ar\/es-ar\/wp-content\/litespeed\/avatar\/484bccfbd493fbb703b0f1b8113dad61.jpg?ver=1787731622","contentUrl":"https:\/\/sabado100.com.ar\/es-ar\/wp-content\/litespeed\/avatar\/484bccfbd493fbb703b0f1b8113dad61.jpg?ver=1787731622","caption":"sabado cien"},"url":"https:\/\/sabado100.com.ar\/es-ar\/author\/sabado100\/"}]}},"_links":{"self":[{"href":"https:\/\/sabado100.com.ar\/es-ar\/wp-json\/wp\/v2\/posts\/4341","targetHints":{"allow":["GET"]}}],"collection":[{"href":"https:\/\/sabado100.com.ar\/es-ar\/wp-json\/wp\/v2\/posts"}],"about":[{"href":"https:\/\/sabado100.com.ar\/es-ar\/wp-json\/wp\/v2\/types\/post"}],"author":[{"embeddable":true,"href":"https:\/\/sabado100.com.ar\/es-ar\/wp-json\/wp\/v2\/users\/2"}],"replies":[{"embeddable":true,"href":"https:\/\/sabado100.com.ar\/es-ar\/wp-json\/wp\/v2\/comments?post=4341"}],"version-history":[{"count":0,"href":"https:\/\/sabado100.com.ar\/es-ar\/wp-json\/wp\/v2\/posts\/4341\/revisions"}],"wp:attachment":[{"href":"https:\/\/sabado100.com.ar\/es-ar\/wp-json\/wp\/v2\/media?parent=4341"}],"wp:term":[{"taxonomy":"category","embeddable":true,"href":"https:\/\/sabado100.com.ar\/es-ar\/wp-json\/wp\/v2\/categories?post=4341"},{"taxonomy":"post_tag","embeddable":true,"href":"https:\/\/sabado100.com.ar\/es-ar\/wp-json\/wp\/v2\/tags?post=4341"}],"curies":[{"name":"wp","href":"https:\/\/api.w.org\/{rel}","templated":true}]}}