{"id":4332,"date":"2015-12-14T21:01:06","date_gmt":"2015-12-14T19:01:06","guid":{"rendered":"https:\/\/www.sabado100.com.ar\/?p=4332"},"modified":"2015-12-14T21:01:06","modified_gmt":"2015-12-14T19:01:06","slug":"la-politica-exterior-2003-2015-la-decada-ganada","status":"publish","type":"post","link":"https:\/\/sabado100.com.ar\/es-ar\/la-politica-exterior-2003-2015-la-decada-ganada\/","title":{"rendered":"La pol\u00edtica exterior 2003-2015 \u00bfla d\u00e9cada ganada?"},"content":{"rendered":"<p><strong>Por Virgilio Jim\u00e9nez Grotter.-<\/strong> Recientemente se produjo la asunci\u00f3n del presidente electo, quien por cuatro a\u00f1os tendr\u00e1 la responsabilidad de conducir el pa\u00eds. Esto abre grandes expectativas en cuanto a las pol\u00edticas p\u00fablicas que se instrumentar\u00e1n desde la flamante gesti\u00f3n.<br \/>\nLuego de estos doce a\u00f1os de gobierno (solo posibles por el original e in\u00e9dito mecanismo de la alternancia conyugal) es interesante analizar la pol\u00edtica exterior instrumentada por quienes dejan el poder. \u00bfCu\u00e1l ha sido el balance en esa \u00e1rea y cu\u00e1les ser\u00e1n los desaf\u00edos que tendr\u00e1 el nuevo gobierno?<br \/>\nEn general, las relaciones internacionales fueron gestionadas con un estilo personalista y autoritario, con escasa vocaci\u00f3n para el di\u00e1logo, sin tener en cuenta la opini\u00f3n de los que saben, algo similar a lo que ocurri\u00f3 con otras pol\u00edticas p\u00fablicas en el plano dom\u00e9stico. Esto se tradujo en un progresivo aislamiento de nuestro pa\u00eds de los principales centros de poder mundial.<br \/>\nUn claro ejemplo de ello es la relaci\u00f3n con los Estados Unidos. Este a\u00f1o se cumple una d\u00e9cada de la IV Cumbre de las Am\u00e9ricas que se llev\u00f3 a cabo en Mar del Plata en la que el entonces presidente N\u00e9stor Kirchner, junto con su par venezolano Hugo Ch\u00e1vez, impusieron el \u201cno al ALCA\u201d, la zona de libre comercio de las Am\u00e9ricas que impulsaba el mandatario norteamericano George Bush (por cierto, destratado por el jefe de Estado argentino en esa ocasi\u00f3n). Esa fue la \u00faltima vez que un presidente norteamericano pis\u00f3 suelo argentino.<br \/>\nCon los pa\u00edses europeos la relaci\u00f3n tampoco estuvo exenta de tensiones, mientras la presidenta eligi\u00f3 como principales aliados de la Argentina a Venezuela (cuestionada por violaciones a los derechos humanos), Cuba, Ecuador y Bolivia, conformando el denominado eje bolivariano, adem\u00e1s de otros pa\u00edses como Ir\u00e1n (la firma del Memor\u00e1ndum de Entendimiento es algo muy cuestionable), Rusia y China.<br \/>\nUn hecho que sin duda opac\u00f3 la diplomacia nacional fue la denuncia que hiciera el entonces embajador argentino en Venezuela, Eduardo Sadous, referente a lo que se conoce como la \u201cdiplomacia paralela\u201d. El Ministerio de Planificaci\u00f3n, que se encontraba a cargo de Julio de Vido, mont\u00f3 una embajada paralela en Venezuela, utilizada para hacer negocios poco claros, que involucraron sospechas de corrupci\u00f3n. Si bien Roberto Rusell, experto en relaciones internacionales de la Universidad Di Tella, afirmaba en un art\u00edculo que siempre hubo diplomacia paralela en la Argentina, estos hechos son nocivos y afectan negativamente la imagen de nuestro pa\u00eds en el mundo.<br \/>\nComo hechos positivos, pueden mencionarse el \u00e9nfasis en la integraci\u00f3n latinoamericana y la cuesti\u00f3n Malvinas. En cuanto a este \u00faltimo punto, existi\u00f3 una intensa ofensiva diplom\u00e1tica en los foros internacionales, como reacci\u00f3n a las acciones unilaterales de Reino Unido. Adem\u00e1s, se obtuvieron pronunciamientos y apoyos de diversos organismos de car\u00e1cter universal y regional, como la ONU, la OEA, el MERCOSUR, la UNASUR, la CELAC, etc.<br \/>\n\u00bfCu\u00e1l ser\u00e1 entonces el principal desaf\u00edo de la administraci\u00f3n entrante? Algo que parece b\u00e1sico pero que el gobierno saliente no ha tenido en cuenta o no ha podido entender: revertir el aislamiento, la insignificancia que nuestro pa\u00eds tiene en el mundo.<br \/>\nPara ello, el gobierno \tde Macri ha dado algunas se\u00f1ales importantes, como la designaci\u00f3n de la canciller Susana Malcorra, quien cuenta con experiencia diplom\u00e1tica ya que desde 2012 se desempe\u00f1\u00f3 como jefa de Gabinete del Secretario General de Naciones Unidas, Ban Ki Moon, nombramiento que ha sido bien recibido en los c\u00edrculos diplom\u00e1ticos y que (aunque de profesi\u00f3n ingeniera) es una persona que conoce muy bien c\u00f3mo funciona el mundo.<br \/>\nAcercamiento a la Alianza del Pac\u00edfico, a los Estados Unidos (all\u00ed hay varios temas  importantes para profundizar y ser\u00eda deseable mantener relaciones maduras, tal como planteaba el gobierno de Ra\u00fal Alfons\u00edn junto a su canciller Dante Caputo en los a\u00f1os ochenta), a los l\u00edderes de la Uni\u00f3n Europea, la probable derogaci\u00f3n del Memor\u00e1ndum firmado con Ir\u00e1n, negociar con Brasil, Uruguay y Paraguay para llevar a la Cumbre del Mercosur que se realizar\u00e1 el 21 de diciembre en Asunci\u00f3n una postura unificada respecto del caso Venezuela (pedido de suspensi\u00f3n de Venezuela del bloque hasta tanto cumpla con la cl\u00e1usula democr\u00e1tica y libere a los presos pol\u00edticos); todo parecer\u00eda indicar que habr\u00e1 un giro de la diplomacia argentina en contraposici\u00f3n a lo que fueron estos \u00faltimos doce a\u00f1os.<br \/>\nCreemos que estas se\u00f1ales de cambio al mundo son muy positivas  para lograr reinsertar a la Rep\u00fablica Argentina en el concierto de naciones, a trav\u00e9s de una pol\u00edtica exterior seria e instrumentada por medio del consenso y del di\u00e1logo con todos los actores internacionales. Esto a su vez posibilitar\u00e1 atraer mayores inversiones extranjeras, algo que nuestro pa\u00eds necesita para generar empleo genuino.<br \/>\nLa etapa que se abre a partir de ahora es \u00fanica para demostrar al mundo nuestras potencialidades como Naci\u00f3n, y deber\u00e1 servir para que quienes gobiernan  no tomen decisiones equivocadas o sesgadas como ocurri\u00f3 esta larga d\u00e9cada.<\/p>\n<p><strong>El autor es licenciado en Relaciones Internacionales, oriundo de Rafaela.<\/strong><\/p>\n","protected":false},"excerpt":{"rendered":"<p>Por Virgilio Jim\u00e9nez Grotter.- Recientemente se produjo la asunci\u00f3n del presidente electo, quien por cuatro a\u00f1os tendr\u00e1 la responsabilidad de [&hellip;]<\/p>\n","protected":false},"author":2,"featured_media":0,"comment_status":"open","ping_status":"closed","sticky":false,"template":"","format":"standard","meta":{"site-sidebar-layout":"default","site-content-layout":"","ast-site-content-layout":"default","site-content-style":"default","site-sidebar-style":"default","ast-global-header-display":"","ast-banner-title-visibility":"","ast-main-header-display":"","ast-hfb-above-header-display":"","ast-hfb-below-header-display":"","ast-hfb-mobile-header-display":"","site-post-title":"","ast-breadcrumbs-content":"","ast-featured-img":"","footer-sml-layout":"","ast-disable-related-posts":"","theme-transparent-header-meta":"","adv-header-id-meta":"","stick-header-meta":"","header-above-stick-meta":"","header-main-stick-meta":"","header-below-stick-meta":"","astra-migrate-meta-layouts":"default","ast-page-background-enabled":"default","ast-page-background-meta":{"desktop":{"background-color":"var(--ast-global-color-4)","background-image":"","background-repeat":"repeat","background-position":"center center","background-size":"auto","background-attachment":"scroll","background-type":"","background-media":"","overlay-type":"","overlay-color":"","overlay-opacity":"","overlay-gradient":""},"tablet":{"background-color":"","background-image":"","background-repeat":"repeat","background-position":"center center","background-size":"auto","background-attachment":"scroll","background-type":"","background-media":"","overlay-type":"","overlay-color":"","overlay-opacity":"","overlay-gradient":""},"mobile":{"background-color":"","background-image":"","background-repeat":"repeat","background-position":"center center","background-size":"auto","background-attachment":"scroll","background-type":"","background-media":"","overlay-type":"","overlay-color":"","overlay-opacity":"","overlay-gradient":""}},"ast-content-background-meta":{"desktop":{"background-color":"var(--ast-global-color-5)","background-image":"","background-repeat":"repeat","background-position":"center center","background-size":"auto","background-attachment":"scroll","background-type":"","background-media":"","overlay-type":"","overlay-color":"","overlay-opacity":"","overlay-gradient":""},"tablet":{"background-color":"var(--ast-global-color-5)","background-image":"","background-repeat":"repeat","background-position":"center center","background-size":"auto","background-attachment":"scroll","background-type":"","background-media":"","overlay-type":"","overlay-color":"","overlay-opacity":"","overlay-gradient":""},"mobile":{"background-color":"var(--ast-global-color-5)","background-image":"","background-repeat":"repeat","background-position":"center center","background-size":"auto","background-attachment":"scroll","background-type":"","background-media":"","overlay-type":"","overlay-color":"","overlay-opacity":"","overlay-gradient":""}},"footnotes":""},"categories":[5],"tags":[5416],"class_list":["post-4332","post","type-post","status-publish","format-standard","hentry","category-politica","tag-la-politica-exterior-2003-2015-la-decada-ganada"],"yoast_head":"<!-- This site is optimized with the Yoast SEO plugin v23.2 - https:\/\/yoast.com\/wordpress\/plugins\/seo\/ -->\n<title>La pol\u00edtica exterior 2003-2015 \u00bfla d\u00e9cada ganada? - Sabado 100<\/title>\n<meta name=\"robots\" content=\"index, follow, max-snippet:-1, max-image-preview:large, max-video-preview:-1\" \/>\n<link rel=\"canonical\" href=\"https:\/\/sabado100.com.ar\/es-ar\/la-politica-exterior-2003-2015-la-decada-ganada\/\" \/>\n<meta property=\"og:locale\" content=\"es_ES\" \/>\n<meta property=\"og:type\" content=\"article\" \/>\n<meta property=\"og:title\" content=\"La pol\u00edtica exterior 2003-2015 \u00bfla d\u00e9cada ganada? - Sabado 100\" \/>\n<meta property=\"og:description\" content=\"Por Virgilio Jim\u00e9nez Grotter.- Recientemente se produjo la asunci\u00f3n del presidente electo, quien por cuatro a\u00f1os tendr\u00e1 la responsabilidad de [&hellip;]\" \/>\n<meta property=\"og:url\" content=\"https:\/\/sabado100.com.ar\/es-ar\/la-politica-exterior-2003-2015-la-decada-ganada\/\" \/>\n<meta property=\"og:site_name\" content=\"Sabado 100\" \/>\n<meta property=\"article:publisher\" content=\"https:\/\/www.facebook.com\/sabadocien\/\" \/>\n<meta property=\"article:published_time\" content=\"2015-12-14T19:01:06+00:00\" \/>\n<meta name=\"author\" content=\"sabado cien\" \/>\n<meta name=\"twitter:card\" content=\"summary_large_image\" \/>\n<meta name=\"twitter:label1\" content=\"Escrito por\" \/>\n\t<meta name=\"twitter:data1\" content=\"sabado cien\" \/>\n\t<meta name=\"twitter:label2\" content=\"Tiempo de lectura\" \/>\n\t<meta name=\"twitter:data2\" content=\"4 minutos\" \/>\n<script type=\"application\/ld+json\" class=\"yoast-schema-graph\">{\"@context\":\"https:\/\/schema.org\",\"@graph\":[{\"@type\":\"Article\",\"@id\":\"https:\/\/sabado100.com.ar\/es-ar\/la-politica-exterior-2003-2015-la-decada-ganada\/#article\",\"isPartOf\":{\"@id\":\"https:\/\/sabado100.com.ar\/es-ar\/la-politica-exterior-2003-2015-la-decada-ganada\/\"},\"author\":{\"name\":\"sabado cien\",\"@id\":\"https:\/\/sabado100.com.ar\/es-ar\/#\/schema\/person\/58e38b918ef4e44b11398f25d4684c6d\"},\"headline\":\"La pol\u00edtica exterior 2003-2015 \u00bfla d\u00e9cada ganada?\",\"datePublished\":\"2015-12-14T19:01:06+00:00\",\"dateModified\":\"2015-12-14T19:01:06+00:00\",\"mainEntityOfPage\":{\"@id\":\"https:\/\/sabado100.com.ar\/es-ar\/la-politica-exterior-2003-2015-la-decada-ganada\/\"},\"wordCount\":905,\"commentCount\":0,\"publisher\":{\"@id\":\"https:\/\/sabado100.com.ar\/es-ar\/#organization\"},\"keywords\":[\"La pol\u00edtica exterior 2003-2015 \u00bfla d\u00e9cada ganada?\"],\"articleSection\":[\"Pol\u00edtica\"],\"inLanguage\":\"es\",\"potentialAction\":[{\"@type\":\"CommentAction\",\"name\":\"Comment\",\"target\":[\"https:\/\/sabado100.com.ar\/es-ar\/la-politica-exterior-2003-2015-la-decada-ganada\/#respond\"]}]},{\"@type\":\"WebPage\",\"@id\":\"https:\/\/sabado100.com.ar\/es-ar\/la-politica-exterior-2003-2015-la-decada-ganada\/\",\"url\":\"https:\/\/sabado100.com.ar\/es-ar\/la-politica-exterior-2003-2015-la-decada-ganada\/\",\"name\":\"La pol\u00edtica exterior 2003-2015 \u00bfla d\u00e9cada ganada? - Sabado 100\",\"isPartOf\":{\"@id\":\"https:\/\/sabado100.com.ar\/es-ar\/#website\"},\"datePublished\":\"2015-12-14T19:01:06+00:00\",\"dateModified\":\"2015-12-14T19:01:06+00:00\",\"breadcrumb\":{\"@id\":\"https:\/\/sabado100.com.ar\/es-ar\/la-politica-exterior-2003-2015-la-decada-ganada\/#breadcrumb\"},\"inLanguage\":\"es\",\"potentialAction\":[{\"@type\":\"ReadAction\",\"target\":[\"https:\/\/sabado100.com.ar\/es-ar\/la-politica-exterior-2003-2015-la-decada-ganada\/\"]}]},{\"@type\":\"BreadcrumbList\",\"@id\":\"https:\/\/sabado100.com.ar\/es-ar\/la-politica-exterior-2003-2015-la-decada-ganada\/#breadcrumb\",\"itemListElement\":[{\"@type\":\"ListItem\",\"position\":1,\"name\":\"Portada\",\"item\":\"https:\/\/sabado100.com.ar\/es-ar\/\"},{\"@type\":\"ListItem\",\"position\":2,\"name\":\"La pol\u00edtica exterior 2003-2015 \u00bfla d\u00e9cada ganada?\"}]},{\"@type\":\"WebSite\",\"@id\":\"https:\/\/sabado100.com.ar\/es-ar\/#website\",\"url\":\"https:\/\/sabado100.com.ar\/es-ar\/\",\"name\":\"Sabado 100\",\"description\":\"\",\"publisher\":{\"@id\":\"https:\/\/sabado100.com.ar\/es-ar\/#organization\"},\"potentialAction\":[{\"@type\":\"SearchAction\",\"target\":{\"@type\":\"EntryPoint\",\"urlTemplate\":\"https:\/\/sabado100.com.ar\/es-ar\/?s={search_term_string}\"},\"query-input\":\"required name=search_term_string\"}],\"inLanguage\":\"es\"},{\"@type\":\"Organization\",\"@id\":\"https:\/\/sabado100.com.ar\/es-ar\/#organization\",\"name\":\"Sabado 100\",\"url\":\"https:\/\/sabado100.com.ar\/es-ar\/\",\"logo\":{\"@type\":\"ImageObject\",\"inLanguage\":\"es\",\"@id\":\"https:\/\/sabado100.com.ar\/es-ar\/#\/schema\/logo\/image\/\",\"url\":\"https:\/\/sabado100.com.ar\/es-ar\/wp-content\/uploads\/2024\/04\/logo3.jpg\",\"contentUrl\":\"https:\/\/sabado100.com.ar\/es-ar\/wp-content\/uploads\/2024\/04\/logo3.jpg\",\"width\":300,\"height\":174,\"caption\":\"Sabado 100\"},\"image\":{\"@id\":\"https:\/\/sabado100.com.ar\/es-ar\/#\/schema\/logo\/image\/\"},\"sameAs\":[\"https:\/\/www.facebook.com\/sabadocien\/\",\"https:\/\/www.instagram.com\/sabado100.com.ar\/\",\"https:\/\/www.youtube.com\/@sabado1003\"]},{\"@type\":\"Person\",\"@id\":\"https:\/\/sabado100.com.ar\/es-ar\/#\/schema\/person\/58e38b918ef4e44b11398f25d4684c6d\",\"name\":\"sabado cien\",\"image\":{\"@type\":\"ImageObject\",\"inLanguage\":\"es\",\"@id\":\"https:\/\/sabado100.com.ar\/es-ar\/#\/schema\/person\/image\/\",\"url\":\"https:\/\/sabado100.com.ar\/es-ar\/wp-content\/litespeed\/avatar\/484bccfbd493fbb703b0f1b8113dad61.jpg?ver=1787731622\",\"contentUrl\":\"https:\/\/sabado100.com.ar\/es-ar\/wp-content\/litespeed\/avatar\/484bccfbd493fbb703b0f1b8113dad61.jpg?ver=1787731622\",\"caption\":\"sabado cien\"},\"url\":\"https:\/\/sabado100.com.ar\/es-ar\/author\/sabado100\/\"}]}<\/script>\n<!-- \/ Yoast SEO plugin. -->","yoast_head_json":{"title":"La pol\u00edtica exterior 2003-2015 \u00bfla d\u00e9cada ganada? - Sabado 100","robots":{"index":"index","follow":"follow","max-snippet":"max-snippet:-1","max-image-preview":"max-image-preview:large","max-video-preview":"max-video-preview:-1"},"canonical":"https:\/\/sabado100.com.ar\/es-ar\/la-politica-exterior-2003-2015-la-decada-ganada\/","og_locale":"es_ES","og_type":"article","og_title":"La pol\u00edtica exterior 2003-2015 \u00bfla d\u00e9cada ganada? - Sabado 100","og_description":"Por Virgilio Jim\u00e9nez Grotter.- Recientemente se produjo la asunci\u00f3n del presidente electo, quien por cuatro a\u00f1os tendr\u00e1 la responsabilidad de [&hellip;]","og_url":"https:\/\/sabado100.com.ar\/es-ar\/la-politica-exterior-2003-2015-la-decada-ganada\/","og_site_name":"Sabado 100","article_publisher":"https:\/\/www.facebook.com\/sabadocien\/","article_published_time":"2015-12-14T19:01:06+00:00","author":"sabado cien","twitter_card":"summary_large_image","twitter_misc":{"Escrito por":"sabado cien","Tiempo de lectura":"4 minutos"},"schema":{"@context":"https:\/\/schema.org","@graph":[{"@type":"Article","@id":"https:\/\/sabado100.com.ar\/es-ar\/la-politica-exterior-2003-2015-la-decada-ganada\/#article","isPartOf":{"@id":"https:\/\/sabado100.com.ar\/es-ar\/la-politica-exterior-2003-2015-la-decada-ganada\/"},"author":{"name":"sabado cien","@id":"https:\/\/sabado100.com.ar\/es-ar\/#\/schema\/person\/58e38b918ef4e44b11398f25d4684c6d"},"headline":"La pol\u00edtica exterior 2003-2015 \u00bfla d\u00e9cada ganada?","datePublished":"2015-12-14T19:01:06+00:00","dateModified":"2015-12-14T19:01:06+00:00","mainEntityOfPage":{"@id":"https:\/\/sabado100.com.ar\/es-ar\/la-politica-exterior-2003-2015-la-decada-ganada\/"},"wordCount":905,"commentCount":0,"publisher":{"@id":"https:\/\/sabado100.com.ar\/es-ar\/#organization"},"keywords":["La pol\u00edtica exterior 2003-2015 \u00bfla d\u00e9cada ganada?"],"articleSection":["Pol\u00edtica"],"inLanguage":"es","potentialAction":[{"@type":"CommentAction","name":"Comment","target":["https:\/\/sabado100.com.ar\/es-ar\/la-politica-exterior-2003-2015-la-decada-ganada\/#respond"]}]},{"@type":"WebPage","@id":"https:\/\/sabado100.com.ar\/es-ar\/la-politica-exterior-2003-2015-la-decada-ganada\/","url":"https:\/\/sabado100.com.ar\/es-ar\/la-politica-exterior-2003-2015-la-decada-ganada\/","name":"La pol\u00edtica exterior 2003-2015 \u00bfla d\u00e9cada ganada? - Sabado 100","isPartOf":{"@id":"https:\/\/sabado100.com.ar\/es-ar\/#website"},"datePublished":"2015-12-14T19:01:06+00:00","dateModified":"2015-12-14T19:01:06+00:00","breadcrumb":{"@id":"https:\/\/sabado100.com.ar\/es-ar\/la-politica-exterior-2003-2015-la-decada-ganada\/#breadcrumb"},"inLanguage":"es","potentialAction":[{"@type":"ReadAction","target":["https:\/\/sabado100.com.ar\/es-ar\/la-politica-exterior-2003-2015-la-decada-ganada\/"]}]},{"@type":"BreadcrumbList","@id":"https:\/\/sabado100.com.ar\/es-ar\/la-politica-exterior-2003-2015-la-decada-ganada\/#breadcrumb","itemListElement":[{"@type":"ListItem","position":1,"name":"Portada","item":"https:\/\/sabado100.com.ar\/es-ar\/"},{"@type":"ListItem","position":2,"name":"La pol\u00edtica exterior 2003-2015 \u00bfla d\u00e9cada ganada?"}]},{"@type":"WebSite","@id":"https:\/\/sabado100.com.ar\/es-ar\/#website","url":"https:\/\/sabado100.com.ar\/es-ar\/","name":"Sabado 100","description":"","publisher":{"@id":"https:\/\/sabado100.com.ar\/es-ar\/#organization"},"potentialAction":[{"@type":"SearchAction","target":{"@type":"EntryPoint","urlTemplate":"https:\/\/sabado100.com.ar\/es-ar\/?s={search_term_string}"},"query-input":"required name=search_term_string"}],"inLanguage":"es"},{"@type":"Organization","@id":"https:\/\/sabado100.com.ar\/es-ar\/#organization","name":"Sabado 100","url":"https:\/\/sabado100.com.ar\/es-ar\/","logo":{"@type":"ImageObject","inLanguage":"es","@id":"https:\/\/sabado100.com.ar\/es-ar\/#\/schema\/logo\/image\/","url":"https:\/\/sabado100.com.ar\/es-ar\/wp-content\/uploads\/2024\/04\/logo3.jpg","contentUrl":"https:\/\/sabado100.com.ar\/es-ar\/wp-content\/uploads\/2024\/04\/logo3.jpg","width":300,"height":174,"caption":"Sabado 100"},"image":{"@id":"https:\/\/sabado100.com.ar\/es-ar\/#\/schema\/logo\/image\/"},"sameAs":["https:\/\/www.facebook.com\/sabadocien\/","https:\/\/www.instagram.com\/sabado100.com.ar\/","https:\/\/www.youtube.com\/@sabado1003"]},{"@type":"Person","@id":"https:\/\/sabado100.com.ar\/es-ar\/#\/schema\/person\/58e38b918ef4e44b11398f25d4684c6d","name":"sabado cien","image":{"@type":"ImageObject","inLanguage":"es","@id":"https:\/\/sabado100.com.ar\/es-ar\/#\/schema\/person\/image\/","url":"https:\/\/sabado100.com.ar\/es-ar\/wp-content\/litespeed\/avatar\/484bccfbd493fbb703b0f1b8113dad61.jpg?ver=1787731622","contentUrl":"https:\/\/sabado100.com.ar\/es-ar\/wp-content\/litespeed\/avatar\/484bccfbd493fbb703b0f1b8113dad61.jpg?ver=1787731622","caption":"sabado cien"},"url":"https:\/\/sabado100.com.ar\/es-ar\/author\/sabado100\/"}]}},"_links":{"self":[{"href":"https:\/\/sabado100.com.ar\/es-ar\/wp-json\/wp\/v2\/posts\/4332","targetHints":{"allow":["GET"]}}],"collection":[{"href":"https:\/\/sabado100.com.ar\/es-ar\/wp-json\/wp\/v2\/posts"}],"about":[{"href":"https:\/\/sabado100.com.ar\/es-ar\/wp-json\/wp\/v2\/types\/post"}],"author":[{"embeddable":true,"href":"https:\/\/sabado100.com.ar\/es-ar\/wp-json\/wp\/v2\/users\/2"}],"replies":[{"embeddable":true,"href":"https:\/\/sabado100.com.ar\/es-ar\/wp-json\/wp\/v2\/comments?post=4332"}],"version-history":[{"count":0,"href":"https:\/\/sabado100.com.ar\/es-ar\/wp-json\/wp\/v2\/posts\/4332\/revisions"}],"wp:attachment":[{"href":"https:\/\/sabado100.com.ar\/es-ar\/wp-json\/wp\/v2\/media?parent=4332"}],"wp:term":[{"taxonomy":"category","embeddable":true,"href":"https:\/\/sabado100.com.ar\/es-ar\/wp-json\/wp\/v2\/categories?post=4332"},{"taxonomy":"post_tag","embeddable":true,"href":"https:\/\/sabado100.com.ar\/es-ar\/wp-json\/wp\/v2\/tags?post=4332"}],"curies":[{"name":"wp","href":"https:\/\/api.w.org\/{rel}","templated":true}]}}