{"id":4327,"date":"2015-12-11T15:49:38","date_gmt":"2015-12-11T13:49:38","guid":{"rendered":"https:\/\/www.sabado100.com.ar\/?p=4327"},"modified":"2015-12-11T15:49:38","modified_gmt":"2015-12-11T13:49:38","slug":"los-desafios-argentinos","status":"publish","type":"post","link":"https:\/\/sabado100.com.ar\/es-ar\/los-desafios-argentinos\/","title":{"rendered":"Los desaf\u00edos argentinos"},"content":{"rendered":"<p><strong>Por Mar\u00eda Herminia Grande.-<\/strong> A partir de este jueves Argentina se encamina hacia nuevos desaf\u00edos. Los habr\u00e1 tanto para oficialismo como para las oposiciones. El presidente Mauricio Macri deber\u00e1 subordinar su praxis de razonamiento como ingeniero a la de un dirigente pol\u00edtico. Hasta ahora, en la conformaci\u00f3n de sus equipos prevaleci\u00f3 lo primero. Un ejemplo claro de esta situaci\u00f3n lo verbaliza el ex jefe de gabinete Alberto Fern\u00e1ndez, cuando sostuvo: \u201cMacri dividi\u00f3 a la econom\u00eda en sectores y se la entreg\u00f3 a los jefes de \u00e1rea. El petr\u00f3leo a [Juan Jos\u00e9] Aranguren, el campo a [Ricardo] Buryaile, el comercio al representante de la C\u00e1mara de Exportadores\u201d. Concluy\u00f3 Fern\u00e1ndez: \u201cEl mayor desaf\u00edo de Macri recae en su pelea contra s\u00ed mismo y espero que no entre al polvor\u00edn [en obvia referencia a la situaci\u00f3n en que deja el Gobierno de Cristina Kirchner a la Argentina] con una antorcha\u201d.<\/p>\n<p>Dicho en otro sentido, la antorcha que debiese iluminar la gesti\u00f3n de Macri tiene que alumbrar con real transparencia todos los n\u00fameros en Argentina. Para ello, el Instituto Nacional de Estad\u00edstica y Censos debe contar imprescindiblemente con t\u00e9cnicos rigurosos. Sin esto, es muy dif\u00edcil que cumpla con justicia medidas que comenzaron a conocerse de manera extraoficial, desde paritarias por productividad hasta quita de subsidios.<\/p>\n<p>El equipo de la mesa chica de Macri le aconsej\u00f3 no aparecer inicialmente como un presidente d\u00e9bil, de all\u00ed toda la disputa por el traspaso del mando. En realidad el 10 de diciembre Macri asumir\u00e1 el poder que le concedi\u00f3 el ciudadano al convertirlo en presidente, m\u00e1s all\u00e1 de los s\u00edmbolos que lo representan. Esta disputa menor le ha permitido a la Presidente saliente seguir ocupando tristemente espacios y al Presidente entrante ocupar tiempo dando explicaciones.<\/p>\n<p>El Presidente Macri no deber\u00eda desviar la atenci\u00f3n en asuntos menores cuando la tarea que le espera es enorme. Es decir, c\u00f3mo hacer las reformas econ\u00f3micas acordando con un peronismo posible y controlar la calle. El senador Carlos Alberto Reutemann lo ve desde otra \u00f3ptica: cree que Macri hace lo que debe teniendo en cuenta que \u201cprima en \u00e9l la creencia de que la gente premia a la pol\u00edtica por su gesti\u00f3n y de acuerdo con esto act\u00faa\u201d. Tambi\u00e9n sostiene: \u201cEn el Senado, me parece, que lo acompa\u00f1ar\u00e1n el bloque de los 41 o 42 en temas no conflictivos, el l\u00edo se va a armar si entra a pedir el juicio pol\u00edtico a [Alejandra] Gils Carb\u00f3, por ejemplo. Hay mucha cara de malo\u201d.<\/p>\n<p>Se ha hablado bastante en estas \u00faltimas horas sobre la actitud de la presidente Kirchner para con el presidente electo. El diputado Eduardo Amadeo, por ejemplo, afirm\u00f3: \u201cLa Presidente est\u00e1 fuera de s\u00ed y perdi\u00f3 el l\u00edmite de la realidad\u201d. Otros se inclinan por pensar que representa a un peronismo que se viste con el traje de favorecer la gobernabilidad, pero que en los hechos la obstaculizar\u00e1.<\/p>\n<p>Lo cierto es que el presidente electo pudo haber \u201csurfeado\u201d pol\u00edticamente esta situaci\u00f3n para no quedar enredado en lo que podr\u00eda ser catalogado como falta de expertise pol\u00edtica.<\/p>\n<p>Otro de los desaf\u00edos del presidente Macri tiene que ver con el descontrol en dos sentidos: por un lado, el de los precios, generado por la inflaci\u00f3n de expectativas y, por el otro, las declaraciones que sus funcionarios pueden llegar a hacer al inaugurar las actividades en sus respectivas \u00e1reas. Hoy se ve un lenguaje similar al del Presidente en las voces de Gabriela Michetti, Mar\u00eda Eugenia Vidal, Marcos Pe\u00f1a; en realidad, en los cuadros pol\u00edticos.<\/p>\n<p>Otro de los desaf\u00edos es eliminar definitivamente el miedo sembrado en un sector amplio de la poblaci\u00f3n. Y seguramente un tema no menor para el Gobierno de Macri es contar con una oposici\u00f3n fortalecida. El secreto de un posible \u00e9xito de su gesti\u00f3n estar\u00e1 dado en que haya una oposici\u00f3n real.<\/p>\n<p>El peronismo tambi\u00e9n deber\u00e1 reencontrar nuevamente su raz\u00f3n de ser, discutir su posicionamiento desde la modernidad. A Cristina de Kirchner en la disputa por la conducci\u00f3n del PJ hoy s\u00f3lo puede hacerle sombra la figura de Juan Manuel de la Sota. Para el desaf\u00edo de estos tiempos cuenta el peronismo con una situaci\u00f3n inmejorable, dado que su adversario de siempre, el radicalismo, pas\u00f3 a integrar la coalici\u00f3n gobernante. El espacio de la socialdemocracia o del socialcristianismo est\u00e1 vacante.<\/p>\n<p>Pol\u00edtica en Santa Fe<\/p>\n<p>El gobernador electo Miguel Lifschitz, vencedor por pocos votos ante Miguel del Sel, se reuni\u00f3 con este y con Omar Perotti esta semana. Claro que, de ser cierta la intenci\u00f3n de escucharlos y de incorporar sugerencias, debi\u00f3 hacerlo antes de conformar su gabinete. Lifschitz no tendr\u00e1 all\u00ed su mayor problema pol\u00edtico, sino en el grifo que cierre o abra el gobernador saliente Antonio Bonfatti desde la Presidencia de la C\u00e1mara de Diputados.<\/p>\n<p>El primer aviso de conflicto lo produjo el nombramiento en el manejo de los 950 millones de pesos de la caja de dicha C\u00e1mara a manos de Javier Echaniz. Oportunamente, Lifschitz se refiri\u00f3 a \u00e9l como un impresentable; logr\u00f3 su apartamiento del gabinete de Bonfatti. Echaniz fue muy cuestionado en las \u00faltimas elecciones provinciales como responsable del \u00e1rea inform\u00e1tica y por el manejo de la computadora personal del sindicado narcotraficante asesinado Luis Medina en v\u00eda judicial.<\/p>\n<p>En el Senado santafesino el peronismo se abroquel\u00f3 tras la Presidencia de Armando Traferri, quien no dud\u00f3 en decir: \u201cTrabajaremos de opositores y le exigiremos que se respete nuestro liderazgo en territorio. No aceptaremos senadores paralelos. De arranque le daremos un cr\u00e9dito. Es la segunda vez que piden pr\u00f3rroga para la ley de seguridad. S\u00f3lo tendr\u00e1 un a\u00f1o\u201d. Tambi\u00e9n Traferri afirm\u00f3: \u201cSin lista de consenso, iremos por la Presidencia del PJ santafesino\u201d.<\/p>\n<p><strong>Fuente:<\/strong> opinion.infobae.com, martes 8 de diciembre de 2015.<\/p>\n","protected":false},"excerpt":{"rendered":"<p>Por Mar\u00eda Herminia Grande.- A partir de este jueves Argentina se encamina hacia nuevos desaf\u00edos. Los habr\u00e1 tanto para oficialismo [&hellip;]<\/p>\n","protected":false},"author":2,"featured_media":0,"comment_status":"open","ping_status":"closed","sticky":false,"template":"","format":"standard","meta":{"site-sidebar-layout":"default","site-content-layout":"","ast-site-content-layout":"default","site-content-style":"default","site-sidebar-style":"default","ast-global-header-display":"","ast-banner-title-visibility":"","ast-main-header-display":"","ast-hfb-above-header-display":"","ast-hfb-below-header-display":"","ast-hfb-mobile-header-display":"","site-post-title":"","ast-breadcrumbs-content":"","ast-featured-img":"","footer-sml-layout":"","ast-disable-related-posts":"","theme-transparent-header-meta":"","adv-header-id-meta":"","stick-header-meta":"","header-above-stick-meta":"","header-main-stick-meta":"","header-below-stick-meta":"","astra-migrate-meta-layouts":"default","ast-page-background-enabled":"default","ast-page-background-meta":{"desktop":{"background-color":"var(--ast-global-color-4)","background-image":"","background-repeat":"repeat","background-position":"center center","background-size":"auto","background-attachment":"scroll","background-type":"","background-media":"","overlay-type":"","overlay-color":"","overlay-opacity":"","overlay-gradient":""},"tablet":{"background-color":"","background-image":"","background-repeat":"repeat","background-position":"center center","background-size":"auto","background-attachment":"scroll","background-type":"","background-media":"","overlay-type":"","overlay-color":"","overlay-opacity":"","overlay-gradient":""},"mobile":{"background-color":"","background-image":"","background-repeat":"repeat","background-position":"center center","background-size":"auto","background-attachment":"scroll","background-type":"","background-media":"","overlay-type":"","overlay-color":"","overlay-opacity":"","overlay-gradient":""}},"ast-content-background-meta":{"desktop":{"background-color":"var(--ast-global-color-5)","background-image":"","background-repeat":"repeat","background-position":"center center","background-size":"auto","background-attachment":"scroll","background-type":"","background-media":"","overlay-type":"","overlay-color":"","overlay-opacity":"","overlay-gradient":""},"tablet":{"background-color":"var(--ast-global-color-5)","background-image":"","background-repeat":"repeat","background-position":"center center","background-size":"auto","background-attachment":"scroll","background-type":"","background-media":"","overlay-type":"","overlay-color":"","overlay-opacity":"","overlay-gradient":""},"mobile":{"background-color":"var(--ast-global-color-5)","background-image":"","background-repeat":"repeat","background-position":"center center","background-size":"auto","background-attachment":"scroll","background-type":"","background-media":"","overlay-type":"","overlay-color":"","overlay-opacity":"","overlay-gradient":""}},"footnotes":""},"categories":[5],"tags":[5414],"class_list":["post-4327","post","type-post","status-publish","format-standard","hentry","category-politica","tag-los-desafios-argentinos"],"yoast_head":"<!-- This site is optimized with the Yoast SEO plugin v23.2 - https:\/\/yoast.com\/wordpress\/plugins\/seo\/ -->\n<title>Los desaf\u00edos argentinos - Sabado 100<\/title>\n<meta name=\"robots\" content=\"index, follow, max-snippet:-1, max-image-preview:large, max-video-preview:-1\" \/>\n<link rel=\"canonical\" href=\"https:\/\/sabado100.com.ar\/es-ar\/los-desafios-argentinos\/\" \/>\n<meta property=\"og:locale\" content=\"es_ES\" \/>\n<meta property=\"og:type\" content=\"article\" \/>\n<meta property=\"og:title\" content=\"Los desaf\u00edos argentinos - Sabado 100\" \/>\n<meta property=\"og:description\" content=\"Por Mar\u00eda Herminia Grande.- A partir de este jueves Argentina se encamina hacia nuevos desaf\u00edos. Los habr\u00e1 tanto para oficialismo [&hellip;]\" \/>\n<meta property=\"og:url\" content=\"https:\/\/sabado100.com.ar\/es-ar\/los-desafios-argentinos\/\" \/>\n<meta property=\"og:site_name\" content=\"Sabado 100\" \/>\n<meta property=\"article:publisher\" content=\"https:\/\/www.facebook.com\/sabadocien\/\" \/>\n<meta property=\"article:published_time\" content=\"2015-12-11T13:49:38+00:00\" \/>\n<meta name=\"author\" content=\"sabado cien\" \/>\n<meta name=\"twitter:card\" content=\"summary_large_image\" \/>\n<meta name=\"twitter:label1\" content=\"Escrito por\" \/>\n\t<meta name=\"twitter:data1\" content=\"sabado cien\" \/>\n\t<meta name=\"twitter:label2\" content=\"Tiempo de lectura\" \/>\n\t<meta name=\"twitter:data2\" content=\"5 minutos\" \/>\n<script type=\"application\/ld+json\" class=\"yoast-schema-graph\">{\"@context\":\"https:\/\/schema.org\",\"@graph\":[{\"@type\":\"Article\",\"@id\":\"https:\/\/sabado100.com.ar\/es-ar\/los-desafios-argentinos\/#article\",\"isPartOf\":{\"@id\":\"https:\/\/sabado100.com.ar\/es-ar\/los-desafios-argentinos\/\"},\"author\":{\"name\":\"sabado cien\",\"@id\":\"https:\/\/sabado100.com.ar\/es-ar\/#\/schema\/person\/58e38b918ef4e44b11398f25d4684c6d\"},\"headline\":\"Los desaf\u00edos argentinos\",\"datePublished\":\"2015-12-11T13:49:38+00:00\",\"dateModified\":\"2015-12-11T13:49:38+00:00\",\"mainEntityOfPage\":{\"@id\":\"https:\/\/sabado100.com.ar\/es-ar\/los-desafios-argentinos\/\"},\"wordCount\":1010,\"commentCount\":0,\"publisher\":{\"@id\":\"https:\/\/sabado100.com.ar\/es-ar\/#organization\"},\"keywords\":[\"Los desaf\u00edos argentinos\"],\"articleSection\":[\"Pol\u00edtica\"],\"inLanguage\":\"es\",\"potentialAction\":[{\"@type\":\"CommentAction\",\"name\":\"Comment\",\"target\":[\"https:\/\/sabado100.com.ar\/es-ar\/los-desafios-argentinos\/#respond\"]}]},{\"@type\":\"WebPage\",\"@id\":\"https:\/\/sabado100.com.ar\/es-ar\/los-desafios-argentinos\/\",\"url\":\"https:\/\/sabado100.com.ar\/es-ar\/los-desafios-argentinos\/\",\"name\":\"Los desaf\u00edos argentinos - Sabado 100\",\"isPartOf\":{\"@id\":\"https:\/\/sabado100.com.ar\/es-ar\/#website\"},\"datePublished\":\"2015-12-11T13:49:38+00:00\",\"dateModified\":\"2015-12-11T13:49:38+00:00\",\"breadcrumb\":{\"@id\":\"https:\/\/sabado100.com.ar\/es-ar\/los-desafios-argentinos\/#breadcrumb\"},\"inLanguage\":\"es\",\"potentialAction\":[{\"@type\":\"ReadAction\",\"target\":[\"https:\/\/sabado100.com.ar\/es-ar\/los-desafios-argentinos\/\"]}]},{\"@type\":\"BreadcrumbList\",\"@id\":\"https:\/\/sabado100.com.ar\/es-ar\/los-desafios-argentinos\/#breadcrumb\",\"itemListElement\":[{\"@type\":\"ListItem\",\"position\":1,\"name\":\"Portada\",\"item\":\"https:\/\/sabado100.com.ar\/es-ar\/\"},{\"@type\":\"ListItem\",\"position\":2,\"name\":\"Los desaf\u00edos argentinos\"}]},{\"@type\":\"WebSite\",\"@id\":\"https:\/\/sabado100.com.ar\/es-ar\/#website\",\"url\":\"https:\/\/sabado100.com.ar\/es-ar\/\",\"name\":\"Sabado 100\",\"description\":\"\",\"publisher\":{\"@id\":\"https:\/\/sabado100.com.ar\/es-ar\/#organization\"},\"potentialAction\":[{\"@type\":\"SearchAction\",\"target\":{\"@type\":\"EntryPoint\",\"urlTemplate\":\"https:\/\/sabado100.com.ar\/es-ar\/?s={search_term_string}\"},\"query-input\":\"required name=search_term_string\"}],\"inLanguage\":\"es\"},{\"@type\":\"Organization\",\"@id\":\"https:\/\/sabado100.com.ar\/es-ar\/#organization\",\"name\":\"Sabado 100\",\"url\":\"https:\/\/sabado100.com.ar\/es-ar\/\",\"logo\":{\"@type\":\"ImageObject\",\"inLanguage\":\"es\",\"@id\":\"https:\/\/sabado100.com.ar\/es-ar\/#\/schema\/logo\/image\/\",\"url\":\"https:\/\/sabado100.com.ar\/es-ar\/wp-content\/uploads\/2024\/04\/logo3.jpg\",\"contentUrl\":\"https:\/\/sabado100.com.ar\/es-ar\/wp-content\/uploads\/2024\/04\/logo3.jpg\",\"width\":300,\"height\":174,\"caption\":\"Sabado 100\"},\"image\":{\"@id\":\"https:\/\/sabado100.com.ar\/es-ar\/#\/schema\/logo\/image\/\"},\"sameAs\":[\"https:\/\/www.facebook.com\/sabadocien\/\",\"https:\/\/www.instagram.com\/sabado100.com.ar\/\",\"https:\/\/www.youtube.com\/@sabado1003\"]},{\"@type\":\"Person\",\"@id\":\"https:\/\/sabado100.com.ar\/es-ar\/#\/schema\/person\/58e38b918ef4e44b11398f25d4684c6d\",\"name\":\"sabado cien\",\"image\":{\"@type\":\"ImageObject\",\"inLanguage\":\"es\",\"@id\":\"https:\/\/sabado100.com.ar\/es-ar\/#\/schema\/person\/image\/\",\"url\":\"https:\/\/sabado100.com.ar\/es-ar\/wp-content\/litespeed\/avatar\/484bccfbd493fbb703b0f1b8113dad61.jpg?ver=1787731622\",\"contentUrl\":\"https:\/\/sabado100.com.ar\/es-ar\/wp-content\/litespeed\/avatar\/484bccfbd493fbb703b0f1b8113dad61.jpg?ver=1787731622\",\"caption\":\"sabado cien\"},\"url\":\"https:\/\/sabado100.com.ar\/es-ar\/author\/sabado100\/\"}]}<\/script>\n<!-- \/ Yoast SEO plugin. -->","yoast_head_json":{"title":"Los desaf\u00edos argentinos - Sabado 100","robots":{"index":"index","follow":"follow","max-snippet":"max-snippet:-1","max-image-preview":"max-image-preview:large","max-video-preview":"max-video-preview:-1"},"canonical":"https:\/\/sabado100.com.ar\/es-ar\/los-desafios-argentinos\/","og_locale":"es_ES","og_type":"article","og_title":"Los desaf\u00edos argentinos - Sabado 100","og_description":"Por Mar\u00eda Herminia Grande.- A partir de este jueves Argentina se encamina hacia nuevos desaf\u00edos. Los habr\u00e1 tanto para oficialismo [&hellip;]","og_url":"https:\/\/sabado100.com.ar\/es-ar\/los-desafios-argentinos\/","og_site_name":"Sabado 100","article_publisher":"https:\/\/www.facebook.com\/sabadocien\/","article_published_time":"2015-12-11T13:49:38+00:00","author":"sabado cien","twitter_card":"summary_large_image","twitter_misc":{"Escrito por":"sabado cien","Tiempo de lectura":"5 minutos"},"schema":{"@context":"https:\/\/schema.org","@graph":[{"@type":"Article","@id":"https:\/\/sabado100.com.ar\/es-ar\/los-desafios-argentinos\/#article","isPartOf":{"@id":"https:\/\/sabado100.com.ar\/es-ar\/los-desafios-argentinos\/"},"author":{"name":"sabado cien","@id":"https:\/\/sabado100.com.ar\/es-ar\/#\/schema\/person\/58e38b918ef4e44b11398f25d4684c6d"},"headline":"Los desaf\u00edos argentinos","datePublished":"2015-12-11T13:49:38+00:00","dateModified":"2015-12-11T13:49:38+00:00","mainEntityOfPage":{"@id":"https:\/\/sabado100.com.ar\/es-ar\/los-desafios-argentinos\/"},"wordCount":1010,"commentCount":0,"publisher":{"@id":"https:\/\/sabado100.com.ar\/es-ar\/#organization"},"keywords":["Los desaf\u00edos argentinos"],"articleSection":["Pol\u00edtica"],"inLanguage":"es","potentialAction":[{"@type":"CommentAction","name":"Comment","target":["https:\/\/sabado100.com.ar\/es-ar\/los-desafios-argentinos\/#respond"]}]},{"@type":"WebPage","@id":"https:\/\/sabado100.com.ar\/es-ar\/los-desafios-argentinos\/","url":"https:\/\/sabado100.com.ar\/es-ar\/los-desafios-argentinos\/","name":"Los desaf\u00edos argentinos - Sabado 100","isPartOf":{"@id":"https:\/\/sabado100.com.ar\/es-ar\/#website"},"datePublished":"2015-12-11T13:49:38+00:00","dateModified":"2015-12-11T13:49:38+00:00","breadcrumb":{"@id":"https:\/\/sabado100.com.ar\/es-ar\/los-desafios-argentinos\/#breadcrumb"},"inLanguage":"es","potentialAction":[{"@type":"ReadAction","target":["https:\/\/sabado100.com.ar\/es-ar\/los-desafios-argentinos\/"]}]},{"@type":"BreadcrumbList","@id":"https:\/\/sabado100.com.ar\/es-ar\/los-desafios-argentinos\/#breadcrumb","itemListElement":[{"@type":"ListItem","position":1,"name":"Portada","item":"https:\/\/sabado100.com.ar\/es-ar\/"},{"@type":"ListItem","position":2,"name":"Los desaf\u00edos argentinos"}]},{"@type":"WebSite","@id":"https:\/\/sabado100.com.ar\/es-ar\/#website","url":"https:\/\/sabado100.com.ar\/es-ar\/","name":"Sabado 100","description":"","publisher":{"@id":"https:\/\/sabado100.com.ar\/es-ar\/#organization"},"potentialAction":[{"@type":"SearchAction","target":{"@type":"EntryPoint","urlTemplate":"https:\/\/sabado100.com.ar\/es-ar\/?s={search_term_string}"},"query-input":"required name=search_term_string"}],"inLanguage":"es"},{"@type":"Organization","@id":"https:\/\/sabado100.com.ar\/es-ar\/#organization","name":"Sabado 100","url":"https:\/\/sabado100.com.ar\/es-ar\/","logo":{"@type":"ImageObject","inLanguage":"es","@id":"https:\/\/sabado100.com.ar\/es-ar\/#\/schema\/logo\/image\/","url":"https:\/\/sabado100.com.ar\/es-ar\/wp-content\/uploads\/2024\/04\/logo3.jpg","contentUrl":"https:\/\/sabado100.com.ar\/es-ar\/wp-content\/uploads\/2024\/04\/logo3.jpg","width":300,"height":174,"caption":"Sabado 100"},"image":{"@id":"https:\/\/sabado100.com.ar\/es-ar\/#\/schema\/logo\/image\/"},"sameAs":["https:\/\/www.facebook.com\/sabadocien\/","https:\/\/www.instagram.com\/sabado100.com.ar\/","https:\/\/www.youtube.com\/@sabado1003"]},{"@type":"Person","@id":"https:\/\/sabado100.com.ar\/es-ar\/#\/schema\/person\/58e38b918ef4e44b11398f25d4684c6d","name":"sabado cien","image":{"@type":"ImageObject","inLanguage":"es","@id":"https:\/\/sabado100.com.ar\/es-ar\/#\/schema\/person\/image\/","url":"https:\/\/sabado100.com.ar\/es-ar\/wp-content\/litespeed\/avatar\/484bccfbd493fbb703b0f1b8113dad61.jpg?ver=1787731622","contentUrl":"https:\/\/sabado100.com.ar\/es-ar\/wp-content\/litespeed\/avatar\/484bccfbd493fbb703b0f1b8113dad61.jpg?ver=1787731622","caption":"sabado cien"},"url":"https:\/\/sabado100.com.ar\/es-ar\/author\/sabado100\/"}]}},"_links":{"self":[{"href":"https:\/\/sabado100.com.ar\/es-ar\/wp-json\/wp\/v2\/posts\/4327","targetHints":{"allow":["GET"]}}],"collection":[{"href":"https:\/\/sabado100.com.ar\/es-ar\/wp-json\/wp\/v2\/posts"}],"about":[{"href":"https:\/\/sabado100.com.ar\/es-ar\/wp-json\/wp\/v2\/types\/post"}],"author":[{"embeddable":true,"href":"https:\/\/sabado100.com.ar\/es-ar\/wp-json\/wp\/v2\/users\/2"}],"replies":[{"embeddable":true,"href":"https:\/\/sabado100.com.ar\/es-ar\/wp-json\/wp\/v2\/comments?post=4327"}],"version-history":[{"count":0,"href":"https:\/\/sabado100.com.ar\/es-ar\/wp-json\/wp\/v2\/posts\/4327\/revisions"}],"wp:attachment":[{"href":"https:\/\/sabado100.com.ar\/es-ar\/wp-json\/wp\/v2\/media?parent=4327"}],"wp:term":[{"taxonomy":"category","embeddable":true,"href":"https:\/\/sabado100.com.ar\/es-ar\/wp-json\/wp\/v2\/categories?post=4327"},{"taxonomy":"post_tag","embeddable":true,"href":"https:\/\/sabado100.com.ar\/es-ar\/wp-json\/wp\/v2\/tags?post=4327"}],"curies":[{"name":"wp","href":"https:\/\/api.w.org\/{rel}","templated":true}]}}