{"id":4321,"date":"2015-12-02T15:00:09","date_gmt":"2015-12-02T13:00:09","guid":{"rendered":"https:\/\/www.sabado100.com.ar\/?p=4321"},"modified":"2015-12-02T15:00:09","modified_gmt":"2015-12-02T13:00:09","slug":"el-ingeniero-presidente","status":"publish","type":"post","link":"https:\/\/sabado100.com.ar\/es-ar\/el-ingeniero-presidente\/","title":{"rendered":"El ingeniero presidente"},"content":{"rendered":"<p><strong>Por Mar\u00eda Herminia Grande.-<\/strong> A d\u00edas de que el ingeniero Mauricio Macri comience su gesti\u00f3n presidencial en la Argentina 2015-2019, la abarcativa consigna Cambiemos empieza a tomar forma. La primera noticia pol\u00edtica tiene que ver con que, a pesar de que Macri quiere sintetizar en este nombre la alianza entre el PRO y el radicalismo, queda claro que por ahora las cosas se encaminan a trabajar juntos, pero no mimetizados.<br \/>\nEn el Poder Legislativo habr\u00e1 interbloque, no un bloque Cambiemos. El Ejecutivo tendr\u00e1 convivencia de dirigentes del PRO y de la Uni\u00f3n C\u00edvica Radical (UCR), pero todo indica que Macri manejar\u00e1 pol\u00edticamente su Gobierno. Oir\u00e1, evaluar\u00e1 para luego decidir en primera persona. Hasta ahora nada hace pensar en un gabinete de coalici\u00f3n.<br \/>\nA prop\u00f3sito del gabinete, los perfiles de las personas elegidas muestran que las expectativas del Ing. Presidente est\u00e1n puestas en idoneidad, eficiencia, resultado. Aerol\u00edneas Argentinas, por ejemplo, bajo la conducci\u00f3n de Mariano Recalde, \u201cdeja pago\u201d con lo desembolsado hasta el momento, en el hotel de la Presidente Kirchner, seg\u00fan el colega Nicol\u00e1s Wi\u00f1azki, para que duerman pilotos y azafatas por siete a\u00f1os m\u00e1s. Prima facie, el ejemplo brindado se asociar\u00eda con falta de idoneidad e ineficiencia. Lo es,  pero el tema es m\u00e1s profundo y tiene que ver con el verdadero desaf\u00edo que le espera al Presidente electo: destruir la corrupci\u00f3n. Y esto \u00faltimo no es una cuesti\u00f3n de t\u00e9cnicos, es conducci\u00f3n pol\u00edtica; la pol\u00edtica simplemente entendida como servir o servirse.<br \/>\nOtro de los desaf\u00edos del Ing. Macri, en alg\u00fan punto emparentado con lo reci\u00e9n mencionado, tiene que ver con los l\u00edmites. As\u00ed como las reelecciones pol\u00edticas indefinidas terminan siendo perniciosas m\u00e1s all\u00e1 de su legitimidad, la ganancia ilimitada termina siendo el soporte o la propulsora de la pobreza ilimitada.<br \/>\nPara encarar esta gesti\u00f3n e intentar resolver los problemas reales de Argentina, el Presidente electo deber\u00e1 decidir que el Instituto Nacional de Estad\u00edstica y Censos (Indec) sea atendido por los entendidos. No es lo mismo programar el rescate hacia el mundo del trabajo de un 5% de argentinos desocupados que indica este Indec, a hacer previsiones sobre un 11% de desempleados seg\u00fan mediciones privadas.<br \/>\nOtro punto clave tiene que ver con el sistema energ\u00e9tico y su necesidad de cambio. El profesor Ra\u00fal Bertero, tutor de maestr\u00eda del ministro Juan Jos\u00e9 Aranguren, afirm\u00f3: \u201cEste cuenta con la idoneidad suficiente para afrontar la tarea\u201d. Espera, entonces: \u201crealice [su tarea] con la sensibilidad social que va a requerir. Los subsidios energ\u00e9ticos tienen efectos negativos de injusticia, porque benefician al m\u00e1s pudiente y adem\u00e1s porque impiden el desarrollo de las energ\u00edas renovables (e\u00f3lica, solar, biomasa). Si Argentina soluciona su situaci\u00f3n financiera y deja de pagar intereses tres o cuatro veces m\u00e1s altos que los pa\u00edses vecinos, impulsa la existencia de un solo d\u00f3lar y permite que los inversores puedan disponer de sus ganancias; las inversiones se van a naturalizar. Me atrever\u00eda a decir que en 5 a\u00f1os volver\u00edamos a ser autosuficientes. Vaca Muerta es una bendici\u00f3n; en definitiva, est\u00e1n dadas las condiciones en cuanto a expectativas. Si el Gobierno electo va por este camino, Argentina se va a poner de moda para invertir. Y, como siempre, esto ser\u00e1 explosivo\u201d.<br \/>\nCual endemia, la inseguridad y el narcotr\u00e1fico se expanden y se mimetizan en la vida diaria de los argentinos. Su crecimiento exponencial hace que el futuro Gobierno deba agudizar todos los sentidos para combatirlos. Argentina no s\u00f3lo debe volver el mundo, debe volver a la normalidad, y este es un punto clave.<br \/>\nPara aceitar todo este engranaje se necesita del rol protag\u00f3nico de la Justicia. Al decir del Dr. Alejandro Fargosi, este poder debe autodepurarse, as\u00ed como tambi\u00e9n cumplir con el rol asignado por la Constituci\u00f3n Nacional. En definitiva, debe combatir la impunidad.<br \/>\nEl papa Francisco, l\u00edder espiritual de millones de personas, muestra desde los hechos el verdadero sentido de un cambio. Estos \u00faltimos d\u00edas visit\u00f3 territorios inh\u00f3spitos, peligrosos en \u00c1frica. Con el ropaje de su fe, lleg\u00f3 a pregonar la paz e impulsar el di\u00e1logo con el que es diferente e inst\u00f3 a resistirse ante la tentaci\u00f3n del miedo al otro, a lo desconocido, a lo que no es parte de nuestro grupo \u00e9tnico, de nuestras opiniones pol\u00edticas o de nuestra confesi\u00f3n religiosa.<\/p>\n<p><strong>Fuente:<\/strong> opinion.infobae.com, martes 1 de diciembre de 2015.<\/p>\n","protected":false},"excerpt":{"rendered":"<p>Por Mar\u00eda Herminia Grande.- A d\u00edas de que el ingeniero Mauricio Macri comience su gesti\u00f3n presidencial en la Argentina 2015-2019, [&hellip;]<\/p>\n","protected":false},"author":2,"featured_media":0,"comment_status":"open","ping_status":"closed","sticky":false,"template":"","format":"standard","meta":{"site-sidebar-layout":"default","site-content-layout":"","ast-site-content-layout":"default","site-content-style":"default","site-sidebar-style":"default","ast-global-header-display":"","ast-banner-title-visibility":"","ast-main-header-display":"","ast-hfb-above-header-display":"","ast-hfb-below-header-display":"","ast-hfb-mobile-header-display":"","site-post-title":"","ast-breadcrumbs-content":"","ast-featured-img":"","footer-sml-layout":"","ast-disable-related-posts":"","theme-transparent-header-meta":"","adv-header-id-meta":"","stick-header-meta":"","header-above-stick-meta":"","header-main-stick-meta":"","header-below-stick-meta":"","astra-migrate-meta-layouts":"default","ast-page-background-enabled":"default","ast-page-background-meta":{"desktop":{"background-color":"var(--ast-global-color-4)","background-image":"","background-repeat":"repeat","background-position":"center center","background-size":"auto","background-attachment":"scroll","background-type":"","background-media":"","overlay-type":"","overlay-color":"","overlay-opacity":"","overlay-gradient":""},"tablet":{"background-color":"","background-image":"","background-repeat":"repeat","background-position":"center center","background-size":"auto","background-attachment":"scroll","background-type":"","background-media":"","overlay-type":"","overlay-color":"","overlay-opacity":"","overlay-gradient":""},"mobile":{"background-color":"","background-image":"","background-repeat":"repeat","background-position":"center center","background-size":"auto","background-attachment":"scroll","background-type":"","background-media":"","overlay-type":"","overlay-color":"","overlay-opacity":"","overlay-gradient":""}},"ast-content-background-meta":{"desktop":{"background-color":"var(--ast-global-color-5)","background-image":"","background-repeat":"repeat","background-position":"center center","background-size":"auto","background-attachment":"scroll","background-type":"","background-media":"","overlay-type":"","overlay-color":"","overlay-opacity":"","overlay-gradient":""},"tablet":{"background-color":"var(--ast-global-color-5)","background-image":"","background-repeat":"repeat","background-position":"center center","background-size":"auto","background-attachment":"scroll","background-type":"","background-media":"","overlay-type":"","overlay-color":"","overlay-opacity":"","overlay-gradient":""},"mobile":{"background-color":"var(--ast-global-color-5)","background-image":"","background-repeat":"repeat","background-position":"center center","background-size":"auto","background-attachment":"scroll","background-type":"","background-media":"","overlay-type":"","overlay-color":"","overlay-opacity":"","overlay-gradient":""}},"footnotes":""},"categories":[5],"tags":[5412],"class_list":["post-4321","post","type-post","status-publish","format-standard","hentry","category-politica","tag-el-ingeniero-presidente"],"yoast_head":"<!-- This site is optimized with the Yoast SEO plugin v23.2 - https:\/\/yoast.com\/wordpress\/plugins\/seo\/ -->\n<title>El ingeniero presidente - Sabado 100<\/title>\n<meta name=\"robots\" content=\"index, follow, max-snippet:-1, max-image-preview:large, max-video-preview:-1\" \/>\n<link rel=\"canonical\" href=\"https:\/\/sabado100.com.ar\/es-ar\/el-ingeniero-presidente\/\" \/>\n<meta property=\"og:locale\" content=\"es_ES\" \/>\n<meta property=\"og:type\" content=\"article\" \/>\n<meta property=\"og:title\" content=\"El ingeniero presidente - Sabado 100\" \/>\n<meta property=\"og:description\" content=\"Por Mar\u00eda Herminia Grande.- A d\u00edas de que el ingeniero Mauricio Macri comience su gesti\u00f3n presidencial en la Argentina 2015-2019, [&hellip;]\" \/>\n<meta property=\"og:url\" content=\"https:\/\/sabado100.com.ar\/es-ar\/el-ingeniero-presidente\/\" \/>\n<meta property=\"og:site_name\" content=\"Sabado 100\" \/>\n<meta property=\"article:publisher\" content=\"https:\/\/www.facebook.com\/sabadocien\/\" \/>\n<meta property=\"article:published_time\" content=\"2015-12-02T13:00:09+00:00\" \/>\n<meta name=\"author\" content=\"sabado cien\" \/>\n<meta name=\"twitter:card\" content=\"summary_large_image\" \/>\n<meta name=\"twitter:label1\" content=\"Escrito por\" \/>\n\t<meta name=\"twitter:data1\" content=\"sabado cien\" \/>\n\t<meta name=\"twitter:label2\" content=\"Tiempo de lectura\" \/>\n\t<meta name=\"twitter:data2\" content=\"4 minutos\" \/>\n<script type=\"application\/ld+json\" class=\"yoast-schema-graph\">{\"@context\":\"https:\/\/schema.org\",\"@graph\":[{\"@type\":\"Article\",\"@id\":\"https:\/\/sabado100.com.ar\/es-ar\/el-ingeniero-presidente\/#article\",\"isPartOf\":{\"@id\":\"https:\/\/sabado100.com.ar\/es-ar\/el-ingeniero-presidente\/\"},\"author\":{\"name\":\"sabado cien\",\"@id\":\"https:\/\/sabado100.com.ar\/es-ar\/#\/schema\/person\/58e38b918ef4e44b11398f25d4684c6d\"},\"headline\":\"El ingeniero presidente\",\"datePublished\":\"2015-12-02T13:00:09+00:00\",\"dateModified\":\"2015-12-02T13:00:09+00:00\",\"mainEntityOfPage\":{\"@id\":\"https:\/\/sabado100.com.ar\/es-ar\/el-ingeniero-presidente\/\"},\"wordCount\":774,\"commentCount\":0,\"publisher\":{\"@id\":\"https:\/\/sabado100.com.ar\/es-ar\/#organization\"},\"keywords\":[\"El ingeniero presidente\"],\"articleSection\":[\"Pol\u00edtica\"],\"inLanguage\":\"es\",\"potentialAction\":[{\"@type\":\"CommentAction\",\"name\":\"Comment\",\"target\":[\"https:\/\/sabado100.com.ar\/es-ar\/el-ingeniero-presidente\/#respond\"]}]},{\"@type\":\"WebPage\",\"@id\":\"https:\/\/sabado100.com.ar\/es-ar\/el-ingeniero-presidente\/\",\"url\":\"https:\/\/sabado100.com.ar\/es-ar\/el-ingeniero-presidente\/\",\"name\":\"El ingeniero presidente - Sabado 100\",\"isPartOf\":{\"@id\":\"https:\/\/sabado100.com.ar\/es-ar\/#website\"},\"datePublished\":\"2015-12-02T13:00:09+00:00\",\"dateModified\":\"2015-12-02T13:00:09+00:00\",\"breadcrumb\":{\"@id\":\"https:\/\/sabado100.com.ar\/es-ar\/el-ingeniero-presidente\/#breadcrumb\"},\"inLanguage\":\"es\",\"potentialAction\":[{\"@type\":\"ReadAction\",\"target\":[\"https:\/\/sabado100.com.ar\/es-ar\/el-ingeniero-presidente\/\"]}]},{\"@type\":\"BreadcrumbList\",\"@id\":\"https:\/\/sabado100.com.ar\/es-ar\/el-ingeniero-presidente\/#breadcrumb\",\"itemListElement\":[{\"@type\":\"ListItem\",\"position\":1,\"name\":\"Portada\",\"item\":\"https:\/\/sabado100.com.ar\/es-ar\/\"},{\"@type\":\"ListItem\",\"position\":2,\"name\":\"El ingeniero presidente\"}]},{\"@type\":\"WebSite\",\"@id\":\"https:\/\/sabado100.com.ar\/es-ar\/#website\",\"url\":\"https:\/\/sabado100.com.ar\/es-ar\/\",\"name\":\"Sabado 100\",\"description\":\"\",\"publisher\":{\"@id\":\"https:\/\/sabado100.com.ar\/es-ar\/#organization\"},\"potentialAction\":[{\"@type\":\"SearchAction\",\"target\":{\"@type\":\"EntryPoint\",\"urlTemplate\":\"https:\/\/sabado100.com.ar\/es-ar\/?s={search_term_string}\"},\"query-input\":\"required name=search_term_string\"}],\"inLanguage\":\"es\"},{\"@type\":\"Organization\",\"@id\":\"https:\/\/sabado100.com.ar\/es-ar\/#organization\",\"name\":\"Sabado 100\",\"url\":\"https:\/\/sabado100.com.ar\/es-ar\/\",\"logo\":{\"@type\":\"ImageObject\",\"inLanguage\":\"es\",\"@id\":\"https:\/\/sabado100.com.ar\/es-ar\/#\/schema\/logo\/image\/\",\"url\":\"https:\/\/sabado100.com.ar\/es-ar\/wp-content\/uploads\/2024\/04\/logo3.jpg\",\"contentUrl\":\"https:\/\/sabado100.com.ar\/es-ar\/wp-content\/uploads\/2024\/04\/logo3.jpg\",\"width\":300,\"height\":174,\"caption\":\"Sabado 100\"},\"image\":{\"@id\":\"https:\/\/sabado100.com.ar\/es-ar\/#\/schema\/logo\/image\/\"},\"sameAs\":[\"https:\/\/www.facebook.com\/sabadocien\/\",\"https:\/\/www.instagram.com\/sabado100.com.ar\/\",\"https:\/\/www.youtube.com\/@sabado1003\"]},{\"@type\":\"Person\",\"@id\":\"https:\/\/sabado100.com.ar\/es-ar\/#\/schema\/person\/58e38b918ef4e44b11398f25d4684c6d\",\"name\":\"sabado cien\",\"image\":{\"@type\":\"ImageObject\",\"inLanguage\":\"es\",\"@id\":\"https:\/\/sabado100.com.ar\/es-ar\/#\/schema\/person\/image\/\",\"url\":\"https:\/\/sabado100.com.ar\/es-ar\/wp-content\/litespeed\/avatar\/484bccfbd493fbb703b0f1b8113dad61.jpg?ver=1787731622\",\"contentUrl\":\"https:\/\/sabado100.com.ar\/es-ar\/wp-content\/litespeed\/avatar\/484bccfbd493fbb703b0f1b8113dad61.jpg?ver=1787731622\",\"caption\":\"sabado cien\"},\"url\":\"https:\/\/sabado100.com.ar\/es-ar\/author\/sabado100\/\"}]}<\/script>\n<!-- \/ Yoast SEO plugin. -->","yoast_head_json":{"title":"El ingeniero presidente - Sabado 100","robots":{"index":"index","follow":"follow","max-snippet":"max-snippet:-1","max-image-preview":"max-image-preview:large","max-video-preview":"max-video-preview:-1"},"canonical":"https:\/\/sabado100.com.ar\/es-ar\/el-ingeniero-presidente\/","og_locale":"es_ES","og_type":"article","og_title":"El ingeniero presidente - Sabado 100","og_description":"Por Mar\u00eda Herminia Grande.- A d\u00edas de que el ingeniero Mauricio Macri comience su gesti\u00f3n presidencial en la Argentina 2015-2019, [&hellip;]","og_url":"https:\/\/sabado100.com.ar\/es-ar\/el-ingeniero-presidente\/","og_site_name":"Sabado 100","article_publisher":"https:\/\/www.facebook.com\/sabadocien\/","article_published_time":"2015-12-02T13:00:09+00:00","author":"sabado cien","twitter_card":"summary_large_image","twitter_misc":{"Escrito por":"sabado cien","Tiempo de lectura":"4 minutos"},"schema":{"@context":"https:\/\/schema.org","@graph":[{"@type":"Article","@id":"https:\/\/sabado100.com.ar\/es-ar\/el-ingeniero-presidente\/#article","isPartOf":{"@id":"https:\/\/sabado100.com.ar\/es-ar\/el-ingeniero-presidente\/"},"author":{"name":"sabado cien","@id":"https:\/\/sabado100.com.ar\/es-ar\/#\/schema\/person\/58e38b918ef4e44b11398f25d4684c6d"},"headline":"El ingeniero presidente","datePublished":"2015-12-02T13:00:09+00:00","dateModified":"2015-12-02T13:00:09+00:00","mainEntityOfPage":{"@id":"https:\/\/sabado100.com.ar\/es-ar\/el-ingeniero-presidente\/"},"wordCount":774,"commentCount":0,"publisher":{"@id":"https:\/\/sabado100.com.ar\/es-ar\/#organization"},"keywords":["El ingeniero presidente"],"articleSection":["Pol\u00edtica"],"inLanguage":"es","potentialAction":[{"@type":"CommentAction","name":"Comment","target":["https:\/\/sabado100.com.ar\/es-ar\/el-ingeniero-presidente\/#respond"]}]},{"@type":"WebPage","@id":"https:\/\/sabado100.com.ar\/es-ar\/el-ingeniero-presidente\/","url":"https:\/\/sabado100.com.ar\/es-ar\/el-ingeniero-presidente\/","name":"El ingeniero presidente - Sabado 100","isPartOf":{"@id":"https:\/\/sabado100.com.ar\/es-ar\/#website"},"datePublished":"2015-12-02T13:00:09+00:00","dateModified":"2015-12-02T13:00:09+00:00","breadcrumb":{"@id":"https:\/\/sabado100.com.ar\/es-ar\/el-ingeniero-presidente\/#breadcrumb"},"inLanguage":"es","potentialAction":[{"@type":"ReadAction","target":["https:\/\/sabado100.com.ar\/es-ar\/el-ingeniero-presidente\/"]}]},{"@type":"BreadcrumbList","@id":"https:\/\/sabado100.com.ar\/es-ar\/el-ingeniero-presidente\/#breadcrumb","itemListElement":[{"@type":"ListItem","position":1,"name":"Portada","item":"https:\/\/sabado100.com.ar\/es-ar\/"},{"@type":"ListItem","position":2,"name":"El ingeniero presidente"}]},{"@type":"WebSite","@id":"https:\/\/sabado100.com.ar\/es-ar\/#website","url":"https:\/\/sabado100.com.ar\/es-ar\/","name":"Sabado 100","description":"","publisher":{"@id":"https:\/\/sabado100.com.ar\/es-ar\/#organization"},"potentialAction":[{"@type":"SearchAction","target":{"@type":"EntryPoint","urlTemplate":"https:\/\/sabado100.com.ar\/es-ar\/?s={search_term_string}"},"query-input":"required name=search_term_string"}],"inLanguage":"es"},{"@type":"Organization","@id":"https:\/\/sabado100.com.ar\/es-ar\/#organization","name":"Sabado 100","url":"https:\/\/sabado100.com.ar\/es-ar\/","logo":{"@type":"ImageObject","inLanguage":"es","@id":"https:\/\/sabado100.com.ar\/es-ar\/#\/schema\/logo\/image\/","url":"https:\/\/sabado100.com.ar\/es-ar\/wp-content\/uploads\/2024\/04\/logo3.jpg","contentUrl":"https:\/\/sabado100.com.ar\/es-ar\/wp-content\/uploads\/2024\/04\/logo3.jpg","width":300,"height":174,"caption":"Sabado 100"},"image":{"@id":"https:\/\/sabado100.com.ar\/es-ar\/#\/schema\/logo\/image\/"},"sameAs":["https:\/\/www.facebook.com\/sabadocien\/","https:\/\/www.instagram.com\/sabado100.com.ar\/","https:\/\/www.youtube.com\/@sabado1003"]},{"@type":"Person","@id":"https:\/\/sabado100.com.ar\/es-ar\/#\/schema\/person\/58e38b918ef4e44b11398f25d4684c6d","name":"sabado cien","image":{"@type":"ImageObject","inLanguage":"es","@id":"https:\/\/sabado100.com.ar\/es-ar\/#\/schema\/person\/image\/","url":"https:\/\/sabado100.com.ar\/es-ar\/wp-content\/litespeed\/avatar\/484bccfbd493fbb703b0f1b8113dad61.jpg?ver=1787731622","contentUrl":"https:\/\/sabado100.com.ar\/es-ar\/wp-content\/litespeed\/avatar\/484bccfbd493fbb703b0f1b8113dad61.jpg?ver=1787731622","caption":"sabado cien"},"url":"https:\/\/sabado100.com.ar\/es-ar\/author\/sabado100\/"}]}},"_links":{"self":[{"href":"https:\/\/sabado100.com.ar\/es-ar\/wp-json\/wp\/v2\/posts\/4321","targetHints":{"allow":["GET"]}}],"collection":[{"href":"https:\/\/sabado100.com.ar\/es-ar\/wp-json\/wp\/v2\/posts"}],"about":[{"href":"https:\/\/sabado100.com.ar\/es-ar\/wp-json\/wp\/v2\/types\/post"}],"author":[{"embeddable":true,"href":"https:\/\/sabado100.com.ar\/es-ar\/wp-json\/wp\/v2\/users\/2"}],"replies":[{"embeddable":true,"href":"https:\/\/sabado100.com.ar\/es-ar\/wp-json\/wp\/v2\/comments?post=4321"}],"version-history":[{"count":0,"href":"https:\/\/sabado100.com.ar\/es-ar\/wp-json\/wp\/v2\/posts\/4321\/revisions"}],"wp:attachment":[{"href":"https:\/\/sabado100.com.ar\/es-ar\/wp-json\/wp\/v2\/media?parent=4321"}],"wp:term":[{"taxonomy":"category","embeddable":true,"href":"https:\/\/sabado100.com.ar\/es-ar\/wp-json\/wp\/v2\/categories?post=4321"},{"taxonomy":"post_tag","embeddable":true,"href":"https:\/\/sabado100.com.ar\/es-ar\/wp-json\/wp\/v2\/tags?post=4321"}],"curies":[{"name":"wp","href":"https:\/\/api.w.org\/{rel}","templated":true}]}}