{"id":4314,"date":"2015-11-27T22:04:45","date_gmt":"2015-11-27T20:04:45","guid":{"rendered":"https:\/\/www.sabado100.com.ar\/?p=4314"},"modified":"2015-11-27T22:04:45","modified_gmt":"2015-11-27T20:04:45","slug":"herrero-mitjans-el-extremo-opuesto-a-la-vanagloria","status":"publish","type":"post","link":"https:\/\/sabado100.com.ar\/es-ar\/herrero-mitjans-el-extremo-opuesto-a-la-vanagloria\/","title":{"rendered":"Herrero Mitjans: el extremo opuesto a la vanagloria"},"content":{"rendered":"<p><strong>Por Emilio J. Grande.-<\/strong> El g\u00e9nero humano genera diversidad de seres; unos talentosos, pero obsesionados por la vanagloria que los oscurece. Brillan en cambio los que se distinguen por su elocuencia y sabidur\u00eda, comulgando a la vez con la modestia, modales afectuosos y cultores de la amistad.<br \/>\nUn ser de esa estirpe acaba de dejar este mundo, Saturnino Herrero Mitjans a los 82 a\u00f1os de edad. Licenciado en Relaciones Industriales, ampliando su formaci\u00f3n en centros de estudios superiores de Estados Unidos y Francia.<br \/>\nSe dedic\u00f3 a la comunicaci\u00f3n con carrera exitosa de m\u00e1s de 30 a\u00f1os, siendo director de Asuntos Corporativos del Grupo Clar\u00edn; ocup\u00f3 a la vez cargos de m\u00e1xima responsabilidad en una docena de instituciones ligadas a su especialidad. Fue destacado dirigente a nivel internacional: director y miembro del comit\u00e9 ejecutivo de la Asociaci\u00f3n Mundial de Peri\u00f3dicos (WAN que agrupa a 15.000 medios) y miembro directivo del Instituto Internacional de Prensa.<br \/>\nNino era un apasionado ferromodelista y al hacernos conocer su casa en Mart\u00ednez (Buenos Aires) nos asombr\u00f3 un sal\u00f3n relacionado con el ferrocarril, su historia y varios modelos el\u00e9ctricos funcionando.<br \/>\nConociendo su debilidad, al visitarnos en 1985 le mostramos la locomotora-monumento en el Parque de Eucaliptos al borde de la avenida Roque S\u00e1enz Pe\u00f1a. Con gesto indignado pregunt\u00f3: \u201c\u00bfPor qu\u00e9 semejante m\u00e1quina est\u00e1 escondida en un monte?\u201d, y muy conocedor nos dio detalles de la misma, fabricada en Inglaterra en 1904 y nos dijo que tener una de las dos locomotoras que hay en la Argentina es un orgullo para Rafaela y zona.<br \/>\nEsa locomotora la hab\u00eda gestionado el intendente municipal Juan Carlos Borio y a\u00f1os despu\u00e9s la recibi\u00f3 Rodolfo Muriel. Del anterior sitio fue trasladada a la esquina donde hoy luce en Mitre y Roque S\u00e1enz Pe\u00f1a, tras larga campa\u00f1a del diario La Opini\u00f3n para que esa mole negra de ruedas rojas pudiera apreciarse en su magnitud.<br \/>\nDios me privilegi\u00f3 con la amistad con Herrero Mitjans. Estando en Rafaela dio lustre a mi mesa familiar. Inolvidable fue aquella cena en abril de 1985. Uno de los comensales era el recordado sacerdote croata Juan Sudic, capell\u00e1n del Colegio Misericordia, quien mantuvo extenso di\u00e1logo con el destacado visitante referido al campo nazi de exterminio Auschwitz en Polonia, que tambi\u00e9n hab\u00eda conocido Nino como turista, del que logr\u00f3 escapar el religioso.<br \/>\nInici\u00e9 la relaci\u00f3n amistosa con Saturnino en una asamblea de ADEPA, organizada por el diario El Territorio de Posadas, al compartir el asiento de una trafic que nos llev\u00f3 a conocer el establecimiento Las Mar\u00edas, propiedad de la familia Navajas.<br \/>\nEn septiembre de 1996 asisti\u00f3 a la asamblea anual de ADEPA, organizada por La Opini\u00f3n, en el 75 aniversario de su fundaci\u00f3n. Era su segunda visita a nuestra ciudad y qued\u00f3 fascinado por la diagramaci\u00f3n urbana y su gente.<br \/>\nPequ\u00e9 de inmodestia al relatar mi amistad con tama\u00f1a personalidad, como fue Herrero Mitjans, pero me impuls\u00f3 la intenci\u00f3n para que tal referencia sirviera como ejemplo de vida, que la sabidur\u00eda, nobleza y la hombr\u00eda de bien asemejan a la violeta, flor humilde esta de exquisito perfume.<\/p>\n<p><strong>Fuente:<\/strong> diario La Opini\u00f3n, Rafaela, 27\/11\/2015.<\/p>\n","protected":false},"excerpt":{"rendered":"<p>Por Emilio J. Grande.- El g\u00e9nero humano genera diversidad de seres; unos talentosos, pero obsesionados por la vanagloria que los [&hellip;]<\/p>\n","protected":false},"author":2,"featured_media":0,"comment_status":"open","ping_status":"closed","sticky":false,"template":"","format":"standard","meta":{"site-sidebar-layout":"default","site-content-layout":"","ast-site-content-layout":"default","site-content-style":"default","site-sidebar-style":"default","ast-global-header-display":"","ast-banner-title-visibility":"","ast-main-header-display":"","ast-hfb-above-header-display":"","ast-hfb-below-header-display":"","ast-hfb-mobile-header-display":"","site-post-title":"","ast-breadcrumbs-content":"","ast-featured-img":"","footer-sml-layout":"","ast-disable-related-posts":"","theme-transparent-header-meta":"","adv-header-id-meta":"","stick-header-meta":"","header-above-stick-meta":"","header-main-stick-meta":"","header-below-stick-meta":"","astra-migrate-meta-layouts":"default","ast-page-background-enabled":"default","ast-page-background-meta":{"desktop":{"background-color":"var(--ast-global-color-4)","background-image":"","background-repeat":"repeat","background-position":"center center","background-size":"auto","background-attachment":"scroll","background-type":"","background-media":"","overlay-type":"","overlay-color":"","overlay-opacity":"","overlay-gradient":""},"tablet":{"background-color":"","background-image":"","background-repeat":"repeat","background-position":"center center","background-size":"auto","background-attachment":"scroll","background-type":"","background-media":"","overlay-type":"","overlay-color":"","overlay-opacity":"","overlay-gradient":""},"mobile":{"background-color":"","background-image":"","background-repeat":"repeat","background-position":"center center","background-size":"auto","background-attachment":"scroll","background-type":"","background-media":"","overlay-type":"","overlay-color":"","overlay-opacity":"","overlay-gradient":""}},"ast-content-background-meta":{"desktop":{"background-color":"var(--ast-global-color-5)","background-image":"","background-repeat":"repeat","background-position":"center center","background-size":"auto","background-attachment":"scroll","background-type":"","background-media":"","overlay-type":"","overlay-color":"","overlay-opacity":"","overlay-gradient":""},"tablet":{"background-color":"var(--ast-global-color-5)","background-image":"","background-repeat":"repeat","background-position":"center center","background-size":"auto","background-attachment":"scroll","background-type":"","background-media":"","overlay-type":"","overlay-color":"","overlay-opacity":"","overlay-gradient":""},"mobile":{"background-color":"var(--ast-global-color-5)","background-image":"","background-repeat":"repeat","background-position":"center center","background-size":"auto","background-attachment":"scroll","background-type":"","background-media":"","overlay-type":"","overlay-color":"","overlay-opacity":"","overlay-gradient":""}},"footnotes":""},"categories":[4,5],"tags":[5410],"class_list":["post-4314","post","type-post","status-publish","format-standard","hentry","category-cultura-y-sociedad","category-politica","tag-herrero-mitjans-el-extremo-opuesto-a-la-vanagloria"],"yoast_head":"<!-- This site is optimized with the Yoast SEO plugin v23.2 - https:\/\/yoast.com\/wordpress\/plugins\/seo\/ -->\n<title>Herrero Mitjans: el extremo opuesto a la vanagloria - Sabado 100<\/title>\n<meta name=\"robots\" content=\"index, follow, max-snippet:-1, max-image-preview:large, max-video-preview:-1\" \/>\n<link rel=\"canonical\" href=\"https:\/\/sabado100.com.ar\/es-ar\/herrero-mitjans-el-extremo-opuesto-a-la-vanagloria\/\" \/>\n<meta property=\"og:locale\" content=\"es_ES\" \/>\n<meta property=\"og:type\" content=\"article\" \/>\n<meta property=\"og:title\" content=\"Herrero Mitjans: el extremo opuesto a la vanagloria - Sabado 100\" \/>\n<meta property=\"og:description\" content=\"Por Emilio J. Grande.- El g\u00e9nero humano genera diversidad de seres; unos talentosos, pero obsesionados por la vanagloria que los [&hellip;]\" \/>\n<meta property=\"og:url\" content=\"https:\/\/sabado100.com.ar\/es-ar\/herrero-mitjans-el-extremo-opuesto-a-la-vanagloria\/\" \/>\n<meta property=\"og:site_name\" content=\"Sabado 100\" \/>\n<meta property=\"article:publisher\" content=\"https:\/\/www.facebook.com\/sabadocien\/\" \/>\n<meta property=\"article:published_time\" content=\"2015-11-27T20:04:45+00:00\" \/>\n<meta name=\"author\" content=\"sabado cien\" \/>\n<meta name=\"twitter:card\" content=\"summary_large_image\" \/>\n<meta name=\"twitter:label1\" content=\"Escrito por\" \/>\n\t<meta name=\"twitter:data1\" content=\"sabado cien\" \/>\n\t<meta name=\"twitter:label2\" content=\"Tiempo de lectura\" \/>\n\t<meta name=\"twitter:data2\" content=\"3 minutos\" \/>\n<script type=\"application\/ld+json\" class=\"yoast-schema-graph\">{\"@context\":\"https:\/\/schema.org\",\"@graph\":[{\"@type\":\"Article\",\"@id\":\"https:\/\/sabado100.com.ar\/es-ar\/herrero-mitjans-el-extremo-opuesto-a-la-vanagloria\/#article\",\"isPartOf\":{\"@id\":\"https:\/\/sabado100.com.ar\/es-ar\/herrero-mitjans-el-extremo-opuesto-a-la-vanagloria\/\"},\"author\":{\"name\":\"sabado cien\",\"@id\":\"https:\/\/sabado100.com.ar\/es-ar\/#\/schema\/person\/58e38b918ef4e44b11398f25d4684c6d\"},\"headline\":\"Herrero Mitjans: el extremo opuesto a la vanagloria\",\"datePublished\":\"2015-11-27T20:04:45+00:00\",\"dateModified\":\"2015-11-27T20:04:45+00:00\",\"mainEntityOfPage\":{\"@id\":\"https:\/\/sabado100.com.ar\/es-ar\/herrero-mitjans-el-extremo-opuesto-a-la-vanagloria\/\"},\"wordCount\":552,\"commentCount\":0,\"publisher\":{\"@id\":\"https:\/\/sabado100.com.ar\/es-ar\/#organization\"},\"keywords\":[\"Herrero Mitjans: el extremo opuesto a la vanagloria\"],\"articleSection\":[\"Cultura y Sociedad\",\"Pol\u00edtica\"],\"inLanguage\":\"es\",\"potentialAction\":[{\"@type\":\"CommentAction\",\"name\":\"Comment\",\"target\":[\"https:\/\/sabado100.com.ar\/es-ar\/herrero-mitjans-el-extremo-opuesto-a-la-vanagloria\/#respond\"]}]},{\"@type\":\"WebPage\",\"@id\":\"https:\/\/sabado100.com.ar\/es-ar\/herrero-mitjans-el-extremo-opuesto-a-la-vanagloria\/\",\"url\":\"https:\/\/sabado100.com.ar\/es-ar\/herrero-mitjans-el-extremo-opuesto-a-la-vanagloria\/\",\"name\":\"Herrero Mitjans: el extremo opuesto a la vanagloria - Sabado 100\",\"isPartOf\":{\"@id\":\"https:\/\/sabado100.com.ar\/es-ar\/#website\"},\"datePublished\":\"2015-11-27T20:04:45+00:00\",\"dateModified\":\"2015-11-27T20:04:45+00:00\",\"breadcrumb\":{\"@id\":\"https:\/\/sabado100.com.ar\/es-ar\/herrero-mitjans-el-extremo-opuesto-a-la-vanagloria\/#breadcrumb\"},\"inLanguage\":\"es\",\"potentialAction\":[{\"@type\":\"ReadAction\",\"target\":[\"https:\/\/sabado100.com.ar\/es-ar\/herrero-mitjans-el-extremo-opuesto-a-la-vanagloria\/\"]}]},{\"@type\":\"BreadcrumbList\",\"@id\":\"https:\/\/sabado100.com.ar\/es-ar\/herrero-mitjans-el-extremo-opuesto-a-la-vanagloria\/#breadcrumb\",\"itemListElement\":[{\"@type\":\"ListItem\",\"position\":1,\"name\":\"Portada\",\"item\":\"https:\/\/sabado100.com.ar\/es-ar\/\"},{\"@type\":\"ListItem\",\"position\":2,\"name\":\"Herrero Mitjans: el extremo opuesto a la vanagloria\"}]},{\"@type\":\"WebSite\",\"@id\":\"https:\/\/sabado100.com.ar\/es-ar\/#website\",\"url\":\"https:\/\/sabado100.com.ar\/es-ar\/\",\"name\":\"Sabado 100\",\"description\":\"\",\"publisher\":{\"@id\":\"https:\/\/sabado100.com.ar\/es-ar\/#organization\"},\"potentialAction\":[{\"@type\":\"SearchAction\",\"target\":{\"@type\":\"EntryPoint\",\"urlTemplate\":\"https:\/\/sabado100.com.ar\/es-ar\/?s={search_term_string}\"},\"query-input\":\"required name=search_term_string\"}],\"inLanguage\":\"es\"},{\"@type\":\"Organization\",\"@id\":\"https:\/\/sabado100.com.ar\/es-ar\/#organization\",\"name\":\"Sabado 100\",\"url\":\"https:\/\/sabado100.com.ar\/es-ar\/\",\"logo\":{\"@type\":\"ImageObject\",\"inLanguage\":\"es\",\"@id\":\"https:\/\/sabado100.com.ar\/es-ar\/#\/schema\/logo\/image\/\",\"url\":\"https:\/\/sabado100.com.ar\/es-ar\/wp-content\/uploads\/2024\/04\/logo3.jpg\",\"contentUrl\":\"https:\/\/sabado100.com.ar\/es-ar\/wp-content\/uploads\/2024\/04\/logo3.jpg\",\"width\":300,\"height\":174,\"caption\":\"Sabado 100\"},\"image\":{\"@id\":\"https:\/\/sabado100.com.ar\/es-ar\/#\/schema\/logo\/image\/\"},\"sameAs\":[\"https:\/\/www.facebook.com\/sabadocien\/\",\"https:\/\/www.instagram.com\/sabado100.com.ar\/\",\"https:\/\/www.youtube.com\/@sabado1003\"]},{\"@type\":\"Person\",\"@id\":\"https:\/\/sabado100.com.ar\/es-ar\/#\/schema\/person\/58e38b918ef4e44b11398f25d4684c6d\",\"name\":\"sabado cien\",\"image\":{\"@type\":\"ImageObject\",\"inLanguage\":\"es\",\"@id\":\"https:\/\/sabado100.com.ar\/es-ar\/#\/schema\/person\/image\/\",\"url\":\"https:\/\/sabado100.com.ar\/es-ar\/wp-content\/litespeed\/avatar\/484bccfbd493fbb703b0f1b8113dad61.jpg?ver=1787731622\",\"contentUrl\":\"https:\/\/sabado100.com.ar\/es-ar\/wp-content\/litespeed\/avatar\/484bccfbd493fbb703b0f1b8113dad61.jpg?ver=1787731622\",\"caption\":\"sabado cien\"},\"url\":\"https:\/\/sabado100.com.ar\/es-ar\/author\/sabado100\/\"}]}<\/script>\n<!-- \/ Yoast SEO plugin. -->","yoast_head_json":{"title":"Herrero Mitjans: el extremo opuesto a la vanagloria - Sabado 100","robots":{"index":"index","follow":"follow","max-snippet":"max-snippet:-1","max-image-preview":"max-image-preview:large","max-video-preview":"max-video-preview:-1"},"canonical":"https:\/\/sabado100.com.ar\/es-ar\/herrero-mitjans-el-extremo-opuesto-a-la-vanagloria\/","og_locale":"es_ES","og_type":"article","og_title":"Herrero Mitjans: el extremo opuesto a la vanagloria - Sabado 100","og_description":"Por Emilio J. Grande.- El g\u00e9nero humano genera diversidad de seres; unos talentosos, pero obsesionados por la vanagloria que los [&hellip;]","og_url":"https:\/\/sabado100.com.ar\/es-ar\/herrero-mitjans-el-extremo-opuesto-a-la-vanagloria\/","og_site_name":"Sabado 100","article_publisher":"https:\/\/www.facebook.com\/sabadocien\/","article_published_time":"2015-11-27T20:04:45+00:00","author":"sabado cien","twitter_card":"summary_large_image","twitter_misc":{"Escrito por":"sabado cien","Tiempo de lectura":"3 minutos"},"schema":{"@context":"https:\/\/schema.org","@graph":[{"@type":"Article","@id":"https:\/\/sabado100.com.ar\/es-ar\/herrero-mitjans-el-extremo-opuesto-a-la-vanagloria\/#article","isPartOf":{"@id":"https:\/\/sabado100.com.ar\/es-ar\/herrero-mitjans-el-extremo-opuesto-a-la-vanagloria\/"},"author":{"name":"sabado cien","@id":"https:\/\/sabado100.com.ar\/es-ar\/#\/schema\/person\/58e38b918ef4e44b11398f25d4684c6d"},"headline":"Herrero Mitjans: el extremo opuesto a la vanagloria","datePublished":"2015-11-27T20:04:45+00:00","dateModified":"2015-11-27T20:04:45+00:00","mainEntityOfPage":{"@id":"https:\/\/sabado100.com.ar\/es-ar\/herrero-mitjans-el-extremo-opuesto-a-la-vanagloria\/"},"wordCount":552,"commentCount":0,"publisher":{"@id":"https:\/\/sabado100.com.ar\/es-ar\/#organization"},"keywords":["Herrero Mitjans: el extremo opuesto a la vanagloria"],"articleSection":["Cultura y Sociedad","Pol\u00edtica"],"inLanguage":"es","potentialAction":[{"@type":"CommentAction","name":"Comment","target":["https:\/\/sabado100.com.ar\/es-ar\/herrero-mitjans-el-extremo-opuesto-a-la-vanagloria\/#respond"]}]},{"@type":"WebPage","@id":"https:\/\/sabado100.com.ar\/es-ar\/herrero-mitjans-el-extremo-opuesto-a-la-vanagloria\/","url":"https:\/\/sabado100.com.ar\/es-ar\/herrero-mitjans-el-extremo-opuesto-a-la-vanagloria\/","name":"Herrero Mitjans: el extremo opuesto a la vanagloria - Sabado 100","isPartOf":{"@id":"https:\/\/sabado100.com.ar\/es-ar\/#website"},"datePublished":"2015-11-27T20:04:45+00:00","dateModified":"2015-11-27T20:04:45+00:00","breadcrumb":{"@id":"https:\/\/sabado100.com.ar\/es-ar\/herrero-mitjans-el-extremo-opuesto-a-la-vanagloria\/#breadcrumb"},"inLanguage":"es","potentialAction":[{"@type":"ReadAction","target":["https:\/\/sabado100.com.ar\/es-ar\/herrero-mitjans-el-extremo-opuesto-a-la-vanagloria\/"]}]},{"@type":"BreadcrumbList","@id":"https:\/\/sabado100.com.ar\/es-ar\/herrero-mitjans-el-extremo-opuesto-a-la-vanagloria\/#breadcrumb","itemListElement":[{"@type":"ListItem","position":1,"name":"Portada","item":"https:\/\/sabado100.com.ar\/es-ar\/"},{"@type":"ListItem","position":2,"name":"Herrero Mitjans: el extremo opuesto a la vanagloria"}]},{"@type":"WebSite","@id":"https:\/\/sabado100.com.ar\/es-ar\/#website","url":"https:\/\/sabado100.com.ar\/es-ar\/","name":"Sabado 100","description":"","publisher":{"@id":"https:\/\/sabado100.com.ar\/es-ar\/#organization"},"potentialAction":[{"@type":"SearchAction","target":{"@type":"EntryPoint","urlTemplate":"https:\/\/sabado100.com.ar\/es-ar\/?s={search_term_string}"},"query-input":"required name=search_term_string"}],"inLanguage":"es"},{"@type":"Organization","@id":"https:\/\/sabado100.com.ar\/es-ar\/#organization","name":"Sabado 100","url":"https:\/\/sabado100.com.ar\/es-ar\/","logo":{"@type":"ImageObject","inLanguage":"es","@id":"https:\/\/sabado100.com.ar\/es-ar\/#\/schema\/logo\/image\/","url":"https:\/\/sabado100.com.ar\/es-ar\/wp-content\/uploads\/2024\/04\/logo3.jpg","contentUrl":"https:\/\/sabado100.com.ar\/es-ar\/wp-content\/uploads\/2024\/04\/logo3.jpg","width":300,"height":174,"caption":"Sabado 100"},"image":{"@id":"https:\/\/sabado100.com.ar\/es-ar\/#\/schema\/logo\/image\/"},"sameAs":["https:\/\/www.facebook.com\/sabadocien\/","https:\/\/www.instagram.com\/sabado100.com.ar\/","https:\/\/www.youtube.com\/@sabado1003"]},{"@type":"Person","@id":"https:\/\/sabado100.com.ar\/es-ar\/#\/schema\/person\/58e38b918ef4e44b11398f25d4684c6d","name":"sabado cien","image":{"@type":"ImageObject","inLanguage":"es","@id":"https:\/\/sabado100.com.ar\/es-ar\/#\/schema\/person\/image\/","url":"https:\/\/sabado100.com.ar\/es-ar\/wp-content\/litespeed\/avatar\/484bccfbd493fbb703b0f1b8113dad61.jpg?ver=1787731622","contentUrl":"https:\/\/sabado100.com.ar\/es-ar\/wp-content\/litespeed\/avatar\/484bccfbd493fbb703b0f1b8113dad61.jpg?ver=1787731622","caption":"sabado cien"},"url":"https:\/\/sabado100.com.ar\/es-ar\/author\/sabado100\/"}]}},"_links":{"self":[{"href":"https:\/\/sabado100.com.ar\/es-ar\/wp-json\/wp\/v2\/posts\/4314","targetHints":{"allow":["GET"]}}],"collection":[{"href":"https:\/\/sabado100.com.ar\/es-ar\/wp-json\/wp\/v2\/posts"}],"about":[{"href":"https:\/\/sabado100.com.ar\/es-ar\/wp-json\/wp\/v2\/types\/post"}],"author":[{"embeddable":true,"href":"https:\/\/sabado100.com.ar\/es-ar\/wp-json\/wp\/v2\/users\/2"}],"replies":[{"embeddable":true,"href":"https:\/\/sabado100.com.ar\/es-ar\/wp-json\/wp\/v2\/comments?post=4314"}],"version-history":[{"count":0,"href":"https:\/\/sabado100.com.ar\/es-ar\/wp-json\/wp\/v2\/posts\/4314\/revisions"}],"wp:attachment":[{"href":"https:\/\/sabado100.com.ar\/es-ar\/wp-json\/wp\/v2\/media?parent=4314"}],"wp:term":[{"taxonomy":"category","embeddable":true,"href":"https:\/\/sabado100.com.ar\/es-ar\/wp-json\/wp\/v2\/categories?post=4314"},{"taxonomy":"post_tag","embeddable":true,"href":"https:\/\/sabado100.com.ar\/es-ar\/wp-json\/wp\/v2\/tags?post=4314"}],"curies":[{"name":"wp","href":"https:\/\/api.w.org\/{rel}","templated":true}]}}