{"id":4311,"date":"2015-11-25T21:31:10","date_gmt":"2015-11-25T19:31:10","guid":{"rendered":"https:\/\/www.sabado100.com.ar\/?p=4311"},"modified":"2015-11-25T21:31:10","modified_gmt":"2015-11-25T19:31:10","slug":"cacerola-por-voto","status":"publish","type":"post","link":"https:\/\/sabado100.com.ar\/es-ar\/cacerola-por-voto\/","title":{"rendered":"Cacerola por voto"},"content":{"rendered":"<p><strong>Por Mar\u00eda Herminia Grande.-<\/strong> Muchas veces me pregunt\u00e9 por qu\u00e9 los argentinos que se aferraron a las cacerolas para expresar su protesta ante determinadas pol\u00edticas aplicadas por la presidente Cristina de Kirchner las guardaron y no las volvieron a golpear. Alberto Nisman fue una excepci\u00f3n, pero sin cacerolas. Luego de los resultados electorales del domingo tal vez habr\u00e1 que leer que esa ciudadan\u00eda cambi\u00f3 cacerola por voto.<br \/>\nEn esta carrera electoral cada uno de los dos candidatos presidenciables tuvo su traspi\u00e9 de la mano de alg\u00fan asesor influyente. En el caso de Daniel Scioli, lo he narrado: su error pol\u00edtico comenz\u00f3 el d\u00eda en que su asesor Alberto P\u00e9rez claudic\u00f3 ante Carlos Zannini y le impidi\u00f3 el acuerdo que Scioli ten\u00eda con Sergio Massa: Massa gobernador de Buenos Aires, Scioli presidente 2015. En el caso de Mauricio Macri, cuando Dur\u00e1n Barba influy\u00f3 en la necesidad de impedir todo acercamiento con el peronismo, lo que dej\u00f3 a Massa en espera. De haber prosperado, guardo para m\u00ed que el 25 de octubre pasado Macri hubiese sido el presidente de los argentinos.<br \/>\nEn cuanto a Scioli, el 25 de octubre cambi\u00f3 de traje discursivo y convengamos que tan mal no le fue. La incomodidad con ese lenguaje que indudablemente no era el suyo se observ\u00f3 el mismo domingo a la noche, cuando sin cambiar de discurso volvi\u00f3 el tono Scioli. El miedo actu\u00f3 y su desarticulaci\u00f3n s\u00f3lo salv\u00f3 las ropas. Si para muestra sirve un bot\u00f3n, el malestar dentro del Frente para la Victoria qued\u00f3 plasmado en la boleta electoral en la cual el cuerpo perteneciente a la foto del vice estaba en celeste y s\u00f3lo aparec\u00eda el nombre de su compa\u00f1ero de f\u00f3rmula: Zannini.<br \/>\nSe\u00f1alando responsabilidades, el cambio discursivo del Frente para la Victoria del 2011 y el del 2015 fue rotundo. Cristina Fern\u00e1ndez de Kirchner lleg\u00f3 a su segunda Presidencia hablando de calidad institucional. En alianza con la Uni\u00f3n Industrial Argentina a trav\u00e9s de Jos\u00e9 Ignacio de Mendiguren y con una buena relaci\u00f3n con sectores de la clase media. En esta oportunidad, el discurso fue muy distinto y la l\u00ednea bolivariana no jug\u00f3 a favor, as\u00ed como tambi\u00e9n el padecimiento del sector productivo y rural, como qued\u00f3 evidenciado en los votos de la zona centro del pa\u00eds.<br \/>\nOtro de los temas a se\u00f1alar tiene que ver con que mientras aparec\u00eda en Capital Federal una expresi\u00f3n pol\u00edtica, que a su vez rechazaba a la pol\u00edtica (el PRO), la pol\u00edtica partidaria declinaba. Que Macri en diez a\u00f1os haya llegado desde el vecinalismo a la Presidencia de la Rep\u00fablica Argentina tiene una relaci\u00f3n directa con la crisis provocada por la mala praxis de los partidos tradicionales. Como ya he mencionado en otros an\u00e1lisis, Macri y Scioli fueron dos candidatos producto del no compromiso pol\u00edtico tradicional. Hoy uno de ellos es presidente de Argentina. Adem\u00e1s conducir\u00e1 la provincia de Buenos Aires y Capital Federal.<br \/>\nTodo indica, a trav\u00e9s de las primeras declaraciones de la ma\u00f1ana del lunes, que tendr\u00e1 una pol\u00edtica econ\u00f3mica desarrollista con programas graduales tipo Scioli. De sus primeras expresiones ratifica su compromiso en impulsar como primera medida de Gobierno un pacto social y la tan necesaria emergencia en seguridad. A nivel internacional, considera prioritario reunirse en primer lugar con el principal socio econ\u00f3mico de Am\u00e9rica Latina: Brasil. Insistir con la aplicaci\u00f3n de la cl\u00e1usula democr\u00e1tica en \u00e1mbitos del Mercosur. Derogar el pacto con Ir\u00e1n. Y dejar que la Justicia se encargue de que no haya impunidad en Argentina.<br \/>\nSi Macri conforma un gabinete que trascienda a los amigos del cardenal John Newman y se rodea cuanto menos de t\u00e9cnicos en cada \u00e1rea, tal vez pueda cumplir con sus sue\u00f1os electorales.<br \/>\nIndudablemente la derrota del Frente para la Victoria llevar\u00e1 m\u00e1s temprano que tarde a un debate interno del peronismo. La definici\u00f3n del massismo en boca del diputado santafesino Alejandro Grandinetti es: \u201cS\u00ed a la gobernabilidad, no al cogobierno\u201d. Mientras Massa mide los tiempos y juzga prematuro posicionar sobre este tema, Manuel de la Sota no duda en ser art\u00edfice de la reconstrucci\u00f3n. En el caso del senador Omar Perotti, tiene claro dos temas: \u201cEn el 2019 quiero gobernar Santa Fe y sin un peronismo unido resultar\u00e1 dif\u00edcil\u201d. Si de Santa Fe hablamos, el socialismo no cumpli\u00f3 con el voto en blanco y el radicalismo se apresta, sin lugar a dudas, a ir por m\u00e1s. Le costar\u00e1 al Ing. Miguel Lifschitz conformar a un socio que ostenta ser parte de la victoria de Macri.<\/p>\n<p><strong>Fuente:<\/strong> opinion.infobae.com, martes 24 de noviembre de 2015.<\/p>\n","protected":false},"excerpt":{"rendered":"<p>Por Mar\u00eda Herminia Grande.- Muchas veces me pregunt\u00e9 por qu\u00e9 los argentinos que se aferraron a las cacerolas para expresar [&hellip;]<\/p>\n","protected":false},"author":2,"featured_media":0,"comment_status":"open","ping_status":"closed","sticky":false,"template":"","format":"standard","meta":{"site-sidebar-layout":"default","site-content-layout":"","ast-site-content-layout":"default","site-content-style":"default","site-sidebar-style":"default","ast-global-header-display":"","ast-banner-title-visibility":"","ast-main-header-display":"","ast-hfb-above-header-display":"","ast-hfb-below-header-display":"","ast-hfb-mobile-header-display":"","site-post-title":"","ast-breadcrumbs-content":"","ast-featured-img":"","footer-sml-layout":"","ast-disable-related-posts":"","theme-transparent-header-meta":"","adv-header-id-meta":"","stick-header-meta":"","header-above-stick-meta":"","header-main-stick-meta":"","header-below-stick-meta":"","astra-migrate-meta-layouts":"default","ast-page-background-enabled":"default","ast-page-background-meta":{"desktop":{"background-color":"var(--ast-global-color-4)","background-image":"","background-repeat":"repeat","background-position":"center center","background-size":"auto","background-attachment":"scroll","background-type":"","background-media":"","overlay-type":"","overlay-color":"","overlay-opacity":"","overlay-gradient":""},"tablet":{"background-color":"","background-image":"","background-repeat":"repeat","background-position":"center center","background-size":"auto","background-attachment":"scroll","background-type":"","background-media":"","overlay-type":"","overlay-color":"","overlay-opacity":"","overlay-gradient":""},"mobile":{"background-color":"","background-image":"","background-repeat":"repeat","background-position":"center center","background-size":"auto","background-attachment":"scroll","background-type":"","background-media":"","overlay-type":"","overlay-color":"","overlay-opacity":"","overlay-gradient":""}},"ast-content-background-meta":{"desktop":{"background-color":"var(--ast-global-color-5)","background-image":"","background-repeat":"repeat","background-position":"center center","background-size":"auto","background-attachment":"scroll","background-type":"","background-media":"","overlay-type":"","overlay-color":"","overlay-opacity":"","overlay-gradient":""},"tablet":{"background-color":"var(--ast-global-color-5)","background-image":"","background-repeat":"repeat","background-position":"center center","background-size":"auto","background-attachment":"scroll","background-type":"","background-media":"","overlay-type":"","overlay-color":"","overlay-opacity":"","overlay-gradient":""},"mobile":{"background-color":"var(--ast-global-color-5)","background-image":"","background-repeat":"repeat","background-position":"center center","background-size":"auto","background-attachment":"scroll","background-type":"","background-media":"","overlay-type":"","overlay-color":"","overlay-opacity":"","overlay-gradient":""}},"footnotes":""},"categories":[5],"tags":[5409],"class_list":["post-4311","post","type-post","status-publish","format-standard","hentry","category-politica","tag-cacerola-por-voto"],"yoast_head":"<!-- This site is optimized with the Yoast SEO plugin v23.2 - https:\/\/yoast.com\/wordpress\/plugins\/seo\/ -->\n<title>Cacerola por voto - Sabado 100<\/title>\n<meta name=\"robots\" content=\"index, follow, max-snippet:-1, max-image-preview:large, max-video-preview:-1\" \/>\n<link rel=\"canonical\" href=\"https:\/\/sabado100.com.ar\/es-ar\/cacerola-por-voto\/\" \/>\n<meta property=\"og:locale\" content=\"es_ES\" \/>\n<meta property=\"og:type\" content=\"article\" \/>\n<meta property=\"og:title\" content=\"Cacerola por voto - Sabado 100\" \/>\n<meta property=\"og:description\" content=\"Por Mar\u00eda Herminia Grande.- Muchas veces me pregunt\u00e9 por qu\u00e9 los argentinos que se aferraron a las cacerolas para expresar [&hellip;]\" \/>\n<meta property=\"og:url\" content=\"https:\/\/sabado100.com.ar\/es-ar\/cacerola-por-voto\/\" \/>\n<meta property=\"og:site_name\" content=\"Sabado 100\" \/>\n<meta property=\"article:publisher\" content=\"https:\/\/www.facebook.com\/sabadocien\/\" \/>\n<meta property=\"article:published_time\" content=\"2015-11-25T19:31:10+00:00\" \/>\n<meta name=\"author\" content=\"sabado cien\" \/>\n<meta name=\"twitter:card\" content=\"summary_large_image\" \/>\n<meta name=\"twitter:label1\" content=\"Escrito por\" \/>\n\t<meta name=\"twitter:data1\" content=\"sabado cien\" \/>\n\t<meta name=\"twitter:label2\" content=\"Tiempo de lectura\" \/>\n\t<meta name=\"twitter:data2\" content=\"4 minutos\" \/>\n<script type=\"application\/ld+json\" class=\"yoast-schema-graph\">{\"@context\":\"https:\/\/schema.org\",\"@graph\":[{\"@type\":\"Article\",\"@id\":\"https:\/\/sabado100.com.ar\/es-ar\/cacerola-por-voto\/#article\",\"isPartOf\":{\"@id\":\"https:\/\/sabado100.com.ar\/es-ar\/cacerola-por-voto\/\"},\"author\":{\"name\":\"sabado cien\",\"@id\":\"https:\/\/sabado100.com.ar\/es-ar\/#\/schema\/person\/58e38b918ef4e44b11398f25d4684c6d\"},\"headline\":\"Cacerola por voto\",\"datePublished\":\"2015-11-25T19:31:10+00:00\",\"dateModified\":\"2015-11-25T19:31:10+00:00\",\"mainEntityOfPage\":{\"@id\":\"https:\/\/sabado100.com.ar\/es-ar\/cacerola-por-voto\/\"},\"wordCount\":802,\"commentCount\":0,\"publisher\":{\"@id\":\"https:\/\/sabado100.com.ar\/es-ar\/#organization\"},\"keywords\":[\"Cacerola por voto\"],\"articleSection\":[\"Pol\u00edtica\"],\"inLanguage\":\"es\",\"potentialAction\":[{\"@type\":\"CommentAction\",\"name\":\"Comment\",\"target\":[\"https:\/\/sabado100.com.ar\/es-ar\/cacerola-por-voto\/#respond\"]}]},{\"@type\":\"WebPage\",\"@id\":\"https:\/\/sabado100.com.ar\/es-ar\/cacerola-por-voto\/\",\"url\":\"https:\/\/sabado100.com.ar\/es-ar\/cacerola-por-voto\/\",\"name\":\"Cacerola por voto - Sabado 100\",\"isPartOf\":{\"@id\":\"https:\/\/sabado100.com.ar\/es-ar\/#website\"},\"datePublished\":\"2015-11-25T19:31:10+00:00\",\"dateModified\":\"2015-11-25T19:31:10+00:00\",\"breadcrumb\":{\"@id\":\"https:\/\/sabado100.com.ar\/es-ar\/cacerola-por-voto\/#breadcrumb\"},\"inLanguage\":\"es\",\"potentialAction\":[{\"@type\":\"ReadAction\",\"target\":[\"https:\/\/sabado100.com.ar\/es-ar\/cacerola-por-voto\/\"]}]},{\"@type\":\"BreadcrumbList\",\"@id\":\"https:\/\/sabado100.com.ar\/es-ar\/cacerola-por-voto\/#breadcrumb\",\"itemListElement\":[{\"@type\":\"ListItem\",\"position\":1,\"name\":\"Portada\",\"item\":\"https:\/\/sabado100.com.ar\/es-ar\/\"},{\"@type\":\"ListItem\",\"position\":2,\"name\":\"Cacerola por voto\"}]},{\"@type\":\"WebSite\",\"@id\":\"https:\/\/sabado100.com.ar\/es-ar\/#website\",\"url\":\"https:\/\/sabado100.com.ar\/es-ar\/\",\"name\":\"Sabado 100\",\"description\":\"\",\"publisher\":{\"@id\":\"https:\/\/sabado100.com.ar\/es-ar\/#organization\"},\"potentialAction\":[{\"@type\":\"SearchAction\",\"target\":{\"@type\":\"EntryPoint\",\"urlTemplate\":\"https:\/\/sabado100.com.ar\/es-ar\/?s={search_term_string}\"},\"query-input\":\"required name=search_term_string\"}],\"inLanguage\":\"es\"},{\"@type\":\"Organization\",\"@id\":\"https:\/\/sabado100.com.ar\/es-ar\/#organization\",\"name\":\"Sabado 100\",\"url\":\"https:\/\/sabado100.com.ar\/es-ar\/\",\"logo\":{\"@type\":\"ImageObject\",\"inLanguage\":\"es\",\"@id\":\"https:\/\/sabado100.com.ar\/es-ar\/#\/schema\/logo\/image\/\",\"url\":\"https:\/\/sabado100.com.ar\/es-ar\/wp-content\/uploads\/2024\/04\/logo3.jpg\",\"contentUrl\":\"https:\/\/sabado100.com.ar\/es-ar\/wp-content\/uploads\/2024\/04\/logo3.jpg\",\"width\":300,\"height\":174,\"caption\":\"Sabado 100\"},\"image\":{\"@id\":\"https:\/\/sabado100.com.ar\/es-ar\/#\/schema\/logo\/image\/\"},\"sameAs\":[\"https:\/\/www.facebook.com\/sabadocien\/\",\"https:\/\/www.instagram.com\/sabado100.com.ar\/\",\"https:\/\/www.youtube.com\/@sabado1003\"]},{\"@type\":\"Person\",\"@id\":\"https:\/\/sabado100.com.ar\/es-ar\/#\/schema\/person\/58e38b918ef4e44b11398f25d4684c6d\",\"name\":\"sabado cien\",\"image\":{\"@type\":\"ImageObject\",\"inLanguage\":\"es\",\"@id\":\"https:\/\/sabado100.com.ar\/es-ar\/#\/schema\/person\/image\/\",\"url\":\"https:\/\/sabado100.com.ar\/es-ar\/wp-content\/litespeed\/avatar\/484bccfbd493fbb703b0f1b8113dad61.jpg?ver=1787731622\",\"contentUrl\":\"https:\/\/sabado100.com.ar\/es-ar\/wp-content\/litespeed\/avatar\/484bccfbd493fbb703b0f1b8113dad61.jpg?ver=1787731622\",\"caption\":\"sabado cien\"},\"url\":\"https:\/\/sabado100.com.ar\/es-ar\/author\/sabado100\/\"}]}<\/script>\n<!-- \/ Yoast SEO plugin. -->","yoast_head_json":{"title":"Cacerola por voto - Sabado 100","robots":{"index":"index","follow":"follow","max-snippet":"max-snippet:-1","max-image-preview":"max-image-preview:large","max-video-preview":"max-video-preview:-1"},"canonical":"https:\/\/sabado100.com.ar\/es-ar\/cacerola-por-voto\/","og_locale":"es_ES","og_type":"article","og_title":"Cacerola por voto - Sabado 100","og_description":"Por Mar\u00eda Herminia Grande.- Muchas veces me pregunt\u00e9 por qu\u00e9 los argentinos que se aferraron a las cacerolas para expresar [&hellip;]","og_url":"https:\/\/sabado100.com.ar\/es-ar\/cacerola-por-voto\/","og_site_name":"Sabado 100","article_publisher":"https:\/\/www.facebook.com\/sabadocien\/","article_published_time":"2015-11-25T19:31:10+00:00","author":"sabado cien","twitter_card":"summary_large_image","twitter_misc":{"Escrito por":"sabado cien","Tiempo de lectura":"4 minutos"},"schema":{"@context":"https:\/\/schema.org","@graph":[{"@type":"Article","@id":"https:\/\/sabado100.com.ar\/es-ar\/cacerola-por-voto\/#article","isPartOf":{"@id":"https:\/\/sabado100.com.ar\/es-ar\/cacerola-por-voto\/"},"author":{"name":"sabado cien","@id":"https:\/\/sabado100.com.ar\/es-ar\/#\/schema\/person\/58e38b918ef4e44b11398f25d4684c6d"},"headline":"Cacerola por voto","datePublished":"2015-11-25T19:31:10+00:00","dateModified":"2015-11-25T19:31:10+00:00","mainEntityOfPage":{"@id":"https:\/\/sabado100.com.ar\/es-ar\/cacerola-por-voto\/"},"wordCount":802,"commentCount":0,"publisher":{"@id":"https:\/\/sabado100.com.ar\/es-ar\/#organization"},"keywords":["Cacerola por voto"],"articleSection":["Pol\u00edtica"],"inLanguage":"es","potentialAction":[{"@type":"CommentAction","name":"Comment","target":["https:\/\/sabado100.com.ar\/es-ar\/cacerola-por-voto\/#respond"]}]},{"@type":"WebPage","@id":"https:\/\/sabado100.com.ar\/es-ar\/cacerola-por-voto\/","url":"https:\/\/sabado100.com.ar\/es-ar\/cacerola-por-voto\/","name":"Cacerola por voto - Sabado 100","isPartOf":{"@id":"https:\/\/sabado100.com.ar\/es-ar\/#website"},"datePublished":"2015-11-25T19:31:10+00:00","dateModified":"2015-11-25T19:31:10+00:00","breadcrumb":{"@id":"https:\/\/sabado100.com.ar\/es-ar\/cacerola-por-voto\/#breadcrumb"},"inLanguage":"es","potentialAction":[{"@type":"ReadAction","target":["https:\/\/sabado100.com.ar\/es-ar\/cacerola-por-voto\/"]}]},{"@type":"BreadcrumbList","@id":"https:\/\/sabado100.com.ar\/es-ar\/cacerola-por-voto\/#breadcrumb","itemListElement":[{"@type":"ListItem","position":1,"name":"Portada","item":"https:\/\/sabado100.com.ar\/es-ar\/"},{"@type":"ListItem","position":2,"name":"Cacerola por voto"}]},{"@type":"WebSite","@id":"https:\/\/sabado100.com.ar\/es-ar\/#website","url":"https:\/\/sabado100.com.ar\/es-ar\/","name":"Sabado 100","description":"","publisher":{"@id":"https:\/\/sabado100.com.ar\/es-ar\/#organization"},"potentialAction":[{"@type":"SearchAction","target":{"@type":"EntryPoint","urlTemplate":"https:\/\/sabado100.com.ar\/es-ar\/?s={search_term_string}"},"query-input":"required name=search_term_string"}],"inLanguage":"es"},{"@type":"Organization","@id":"https:\/\/sabado100.com.ar\/es-ar\/#organization","name":"Sabado 100","url":"https:\/\/sabado100.com.ar\/es-ar\/","logo":{"@type":"ImageObject","inLanguage":"es","@id":"https:\/\/sabado100.com.ar\/es-ar\/#\/schema\/logo\/image\/","url":"https:\/\/sabado100.com.ar\/es-ar\/wp-content\/uploads\/2024\/04\/logo3.jpg","contentUrl":"https:\/\/sabado100.com.ar\/es-ar\/wp-content\/uploads\/2024\/04\/logo3.jpg","width":300,"height":174,"caption":"Sabado 100"},"image":{"@id":"https:\/\/sabado100.com.ar\/es-ar\/#\/schema\/logo\/image\/"},"sameAs":["https:\/\/www.facebook.com\/sabadocien\/","https:\/\/www.instagram.com\/sabado100.com.ar\/","https:\/\/www.youtube.com\/@sabado1003"]},{"@type":"Person","@id":"https:\/\/sabado100.com.ar\/es-ar\/#\/schema\/person\/58e38b918ef4e44b11398f25d4684c6d","name":"sabado cien","image":{"@type":"ImageObject","inLanguage":"es","@id":"https:\/\/sabado100.com.ar\/es-ar\/#\/schema\/person\/image\/","url":"https:\/\/sabado100.com.ar\/es-ar\/wp-content\/litespeed\/avatar\/484bccfbd493fbb703b0f1b8113dad61.jpg?ver=1787731622","contentUrl":"https:\/\/sabado100.com.ar\/es-ar\/wp-content\/litespeed\/avatar\/484bccfbd493fbb703b0f1b8113dad61.jpg?ver=1787731622","caption":"sabado cien"},"url":"https:\/\/sabado100.com.ar\/es-ar\/author\/sabado100\/"}]}},"_links":{"self":[{"href":"https:\/\/sabado100.com.ar\/es-ar\/wp-json\/wp\/v2\/posts\/4311","targetHints":{"allow":["GET"]}}],"collection":[{"href":"https:\/\/sabado100.com.ar\/es-ar\/wp-json\/wp\/v2\/posts"}],"about":[{"href":"https:\/\/sabado100.com.ar\/es-ar\/wp-json\/wp\/v2\/types\/post"}],"author":[{"embeddable":true,"href":"https:\/\/sabado100.com.ar\/es-ar\/wp-json\/wp\/v2\/users\/2"}],"replies":[{"embeddable":true,"href":"https:\/\/sabado100.com.ar\/es-ar\/wp-json\/wp\/v2\/comments?post=4311"}],"version-history":[{"count":0,"href":"https:\/\/sabado100.com.ar\/es-ar\/wp-json\/wp\/v2\/posts\/4311\/revisions"}],"wp:attachment":[{"href":"https:\/\/sabado100.com.ar\/es-ar\/wp-json\/wp\/v2\/media?parent=4311"}],"wp:term":[{"taxonomy":"category","embeddable":true,"href":"https:\/\/sabado100.com.ar\/es-ar\/wp-json\/wp\/v2\/categories?post=4311"},{"taxonomy":"post_tag","embeddable":true,"href":"https:\/\/sabado100.com.ar\/es-ar\/wp-json\/wp\/v2\/tags?post=4311"}],"curies":[{"name":"wp","href":"https:\/\/api.w.org\/{rel}","templated":true}]}}