{"id":4305,"date":"2015-11-17T14:33:00","date_gmt":"2015-11-17T12:33:00","guid":{"rendered":"https:\/\/www.sabado100.com.ar\/?p=4305"},"modified":"2015-11-17T14:33:00","modified_gmt":"2015-11-17T12:33:00","slug":"el-dia-que-ganamos-todos","status":"publish","type":"post","link":"https:\/\/sabado100.com.ar\/es-ar\/el-dia-que-ganamos-todos\/","title":{"rendered":"El d\u00eda que ganamos todos"},"content":{"rendered":"<p><strong>Por Natalia Aquilino.-<\/strong> Hasta 2015, Argentina era uno de los dos pa\u00edses latinoamericanos que no contaba con un debate electoral entre los candidatos a Presidente. A partir de estos meses ese dato cambi\u00f3.<br \/>\nPero, <strong>\u00bfentramos con este hecho necesariamente en una nueva etapa de la democracia?<\/strong> Probablemente no. De todas maneras, como suelo repetir, del debate salimos mejores personas. Porque aprendemos a escuchar, a respetar reglas, a analizar y a ejercer mejor la enorme tarea que supone tomar decisiones m\u00e1s informadas, nutridas de m\u00e1s elementos de juicio.<br \/>\n<strong>Con este hecho si entramos, en una nueva manera de pensar y entender a la pol\u00edtica.<\/strong> Ni mejor ni peor, distinta. Una manera que se fundamenta en m\u00e1s consensos para llegar a reglas de debate aceptadas por las campa\u00f1as. Una manera \u201canti intratable\u201d donde los que exponen se ajustan a formas y tiempos y los que participan no interrumpen, no gritan, ni se exaltan in\u00fatilmente. Una manera que propone al espectador, dedicar 90 minutos a tratar de aprehender al candidato desde otro lugar. Un lugar argumentativo y m\u00e1s l\u00f3gico en su desarrollo que las notas period\u00edsticas o los spots de campa\u00f1a.<br \/>\nLa articulaci\u00f3n en torno a bloque de temas tiene un enorme valor. <strong>Permite pr\u00e1cticamente que los ciudadanos se dejen mostrar el programa de gobierno, los valores que los candidatos representan y las maneras de abordar los problemas nacionales.<\/strong> Tambi\u00e9n supone estar de acuerdo previamente en cu\u00e1les ser\u00e1n esos grandes ejes. Sin embargo, no result\u00f3 ajustada a valores la vinculaci\u00f3n que se estableci\u00f3 entre \u201cDesarrollo econ\u00f3mico y humano\u00bb. Subordina lo importante a una racionalidad de mercado. Los temas eran muchos y no necesariamente relacionados con el t\u00f3pico (planes sociales, estad\u00edsticas, fondos buitres\u2026). El segundo fue \u00abEducaci\u00f3n e Infancia\u00bb. Quiz\u00e1s el segmento con m\u00e1s consensos entre candidatos. Con el tercero, \u00abSeguridad y Derechos Humanos\u00bb, sucedi\u00f3 lo mismo que con el primero. La relaci\u00f3n es inversa y se nota en esta articulaci\u00f3n una mirada que tambi\u00e9n es ideol\u00f3gica por parte de los dise\u00f1adores del debate y los equipos de campa\u00f1a. El cuarto bloque, finalmente, \u00abFortalecimiento democr\u00e1tico\u00bb el m\u00e1s necesario y el m\u00e1s pobre de todos. Con poca complejidad, escasas propuestas y una mirada coyuntural.<br \/>\nHubo temas indispensables pero casi ausentes: equidad, g\u00e9nero, derechos humanos, el rol de las organizaciones sociales, transparencia, rendici\u00f3n de cuentas, estrategia internacional. \u00bfResponsabilidad de Argentina Debate? Probablemente no, es m\u00e1s bien responsabilidad de la matriz de pensamiento de los candidatos y sus programas que tienen mucho de tapa period\u00edstica y no tanto de futuro program\u00e1tico.<br \/>\nNecesitamos m\u00e1s de esto no menos.<br \/>\nLa exposici\u00f3n durante dos minutos pareci\u00f3 responder bien a un esquema moderno donde todo pasa por la agilidad y los pocos caracteres. Sin embargo, a veces el tiempo result\u00f3 escaso y la repregunta entre ellos no fue igual de efectiva. Los candidatos no son periodistas. El uso del tiempo en esta parte fue ineficaz y no contribuy\u00f3 m\u00e1s que a la chicana.<br \/>\nQuiz\u00e1s, con una sola ronda de debate no alcance. En el futuro, ser\u00e1 necesario ahondar en un esquema que permita mayor amplitud y profundidad tem\u00e1tica en una \u201ctemporada de debates\u201d.<br \/>\nEstuve en la facultad de Derecho y puedo dar fe del trabajo que pusieron mis colegas de Argentina Debate, y especialmente de CIPPEC, en hacer de un hecho hist\u00f3rico un evento impecable, respetuoso de las ideas que se enfrentaron y memorable para la pol\u00edtica argentina. Las tribunas tambi\u00e9n dieron testimonio de respeto mutuo y tolerancia. La relojer\u00eda de la tensi\u00f3n pol\u00edtica se administr\u00f3 con serenidad, cautela y con efectividad de tiempos televisiva. Por su parte, los candidatos hicieron lo que pudieron. Exceso de coaching tal vez. Por momentos, son\u00f3 estudiado de libreto y los \u201cpuntazos\u201d parecieron forzados, siempre innecesarios. Fue un debate entre candidatos no entre l\u00edderes pol\u00edticos.<br \/>\nEl \u00fanico gesto verdaderamente pol\u00edtico fue el de haber desautorizado el debate en medios masivos e institucionalizar, por fuera de las presiones, una din\u00e1mica no vinculada con la disputa de poder, por fuera de la batalla por la construcci\u00f3n de sentido.<br \/>\nC\u00f3mo institucionalizar la rutina de debates pre electorales es una tarea pendiente. Resolver si ser\u00e1 por ley o a trav\u00e9s de una organizaci\u00f3n dedicada a estos fines son algunas de las opciones que parecen manejarse a corto plazo.<br \/>\nAlgunos medios, que no pueden superar sus propias contradicciones como parte interesada, sentenciaron un ganador. Probablemente, tambi\u00e9n ellos tienen que aprender sobre cu\u00e1les criterios se baja el martillo. No est\u00e1n entrenados todav\u00eda, como tampoco lo est\u00e1n los candidatos. De hecho, <strong>son los mismos medios que no quisieron o no supieron balancear la equidad de g\u00e9nero entre los moderadores.<\/strong> Que no hubiese mujeres periodistas ni en la primera ni en la segunda ronda, habla de un l\u00edmite estructural a la equidad que el sector privado que lidera la comunicaci\u00f3n de masas debe reconocer, gestionar y enfrentar para cambiar.<br \/>\nHay que reconocer el logro y pensar en lo que falta, que nos falta a todos y todas.<br \/>\nEste primer debate en contexto de balotaje dej\u00f3 un solo y significativo ganador. El conjunto de los ciudadanos que votamos el pr\u00f3ximo domingo. Tal vez no hayamos cambiado nuestro voto. Pero siempre, habremos salido del debate mejores personas.<\/p>\n<p><strong>La autora es rafaelina y directora del Programa de Incidencia, Monitoreo y Evaluaci\u00f3n de CIPPEC.<\/strong><\/p>\n","protected":false},"excerpt":{"rendered":"<p>Por Natalia Aquilino.- Hasta 2015, Argentina era uno de los dos pa\u00edses latinoamericanos que no contaba con un debate electoral [&hellip;]<\/p>\n","protected":false},"author":2,"featured_media":0,"comment_status":"open","ping_status":"closed","sticky":false,"template":"","format":"standard","meta":{"site-sidebar-layout":"default","site-content-layout":"","ast-site-content-layout":"default","site-content-style":"default","site-sidebar-style":"default","ast-global-header-display":"","ast-banner-title-visibility":"","ast-main-header-display":"","ast-hfb-above-header-display":"","ast-hfb-below-header-display":"","ast-hfb-mobile-header-display":"","site-post-title":"","ast-breadcrumbs-content":"","ast-featured-img":"","footer-sml-layout":"","ast-disable-related-posts":"","theme-transparent-header-meta":"","adv-header-id-meta":"","stick-header-meta":"","header-above-stick-meta":"","header-main-stick-meta":"","header-below-stick-meta":"","astra-migrate-meta-layouts":"default","ast-page-background-enabled":"default","ast-page-background-meta":{"desktop":{"background-color":"var(--ast-global-color-4)","background-image":"","background-repeat":"repeat","background-position":"center center","background-size":"auto","background-attachment":"scroll","background-type":"","background-media":"","overlay-type":"","overlay-color":"","overlay-opacity":"","overlay-gradient":""},"tablet":{"background-color":"","background-image":"","background-repeat":"repeat","background-position":"center center","background-size":"auto","background-attachment":"scroll","background-type":"","background-media":"","overlay-type":"","overlay-color":"","overlay-opacity":"","overlay-gradient":""},"mobile":{"background-color":"","background-image":"","background-repeat":"repeat","background-position":"center center","background-size":"auto","background-attachment":"scroll","background-type":"","background-media":"","overlay-type":"","overlay-color":"","overlay-opacity":"","overlay-gradient":""}},"ast-content-background-meta":{"desktop":{"background-color":"var(--ast-global-color-5)","background-image":"","background-repeat":"repeat","background-position":"center center","background-size":"auto","background-attachment":"scroll","background-type":"","background-media":"","overlay-type":"","overlay-color":"","overlay-opacity":"","overlay-gradient":""},"tablet":{"background-color":"var(--ast-global-color-5)","background-image":"","background-repeat":"repeat","background-position":"center center","background-size":"auto","background-attachment":"scroll","background-type":"","background-media":"","overlay-type":"","overlay-color":"","overlay-opacity":"","overlay-gradient":""},"mobile":{"background-color":"var(--ast-global-color-5)","background-image":"","background-repeat":"repeat","background-position":"center center","background-size":"auto","background-attachment":"scroll","background-type":"","background-media":"","overlay-type":"","overlay-color":"","overlay-opacity":"","overlay-gradient":""}},"footnotes":""},"categories":[4,5],"tags":[5407],"class_list":["post-4305","post","type-post","status-publish","format-standard","hentry","category-cultura-y-sociedad","category-politica","tag-el-dia-que-ganamos-todos"],"yoast_head":"<!-- This site is optimized with the Yoast SEO plugin v23.2 - https:\/\/yoast.com\/wordpress\/plugins\/seo\/ -->\n<title>El d\u00eda que ganamos todos - Sabado 100<\/title>\n<meta name=\"robots\" content=\"index, follow, max-snippet:-1, max-image-preview:large, max-video-preview:-1\" \/>\n<link rel=\"canonical\" href=\"https:\/\/sabado100.com.ar\/es-ar\/el-dia-que-ganamos-todos\/\" \/>\n<meta property=\"og:locale\" content=\"es_ES\" \/>\n<meta property=\"og:type\" content=\"article\" \/>\n<meta property=\"og:title\" content=\"El d\u00eda que ganamos todos - Sabado 100\" \/>\n<meta property=\"og:description\" content=\"Por Natalia Aquilino.- Hasta 2015, Argentina era uno de los dos pa\u00edses latinoamericanos que no contaba con un debate electoral [&hellip;]\" \/>\n<meta property=\"og:url\" content=\"https:\/\/sabado100.com.ar\/es-ar\/el-dia-que-ganamos-todos\/\" \/>\n<meta property=\"og:site_name\" content=\"Sabado 100\" \/>\n<meta property=\"article:publisher\" content=\"https:\/\/www.facebook.com\/sabadocien\/\" \/>\n<meta property=\"article:published_time\" content=\"2015-11-17T12:33:00+00:00\" \/>\n<meta name=\"author\" content=\"sabado cien\" \/>\n<meta name=\"twitter:card\" content=\"summary_large_image\" \/>\n<meta name=\"twitter:label1\" content=\"Escrito por\" \/>\n\t<meta name=\"twitter:data1\" content=\"sabado cien\" \/>\n\t<meta name=\"twitter:label2\" content=\"Tiempo de lectura\" \/>\n\t<meta name=\"twitter:data2\" content=\"5 minutos\" \/>\n<script type=\"application\/ld+json\" class=\"yoast-schema-graph\">{\"@context\":\"https:\/\/schema.org\",\"@graph\":[{\"@type\":\"Article\",\"@id\":\"https:\/\/sabado100.com.ar\/es-ar\/el-dia-que-ganamos-todos\/#article\",\"isPartOf\":{\"@id\":\"https:\/\/sabado100.com.ar\/es-ar\/el-dia-que-ganamos-todos\/\"},\"author\":{\"name\":\"sabado cien\",\"@id\":\"https:\/\/sabado100.com.ar\/es-ar\/#\/schema\/person\/58e38b918ef4e44b11398f25d4684c6d\"},\"headline\":\"El d\u00eda que ganamos todos\",\"datePublished\":\"2015-11-17T12:33:00+00:00\",\"dateModified\":\"2015-11-17T12:33:00+00:00\",\"mainEntityOfPage\":{\"@id\":\"https:\/\/sabado100.com.ar\/es-ar\/el-dia-que-ganamos-todos\/\"},\"wordCount\":938,\"commentCount\":0,\"publisher\":{\"@id\":\"https:\/\/sabado100.com.ar\/es-ar\/#organization\"},\"keywords\":[\"El d\u00eda que ganamos todos\"],\"articleSection\":[\"Cultura y Sociedad\",\"Pol\u00edtica\"],\"inLanguage\":\"es\",\"potentialAction\":[{\"@type\":\"CommentAction\",\"name\":\"Comment\",\"target\":[\"https:\/\/sabado100.com.ar\/es-ar\/el-dia-que-ganamos-todos\/#respond\"]}]},{\"@type\":\"WebPage\",\"@id\":\"https:\/\/sabado100.com.ar\/es-ar\/el-dia-que-ganamos-todos\/\",\"url\":\"https:\/\/sabado100.com.ar\/es-ar\/el-dia-que-ganamos-todos\/\",\"name\":\"El d\u00eda que ganamos todos - Sabado 100\",\"isPartOf\":{\"@id\":\"https:\/\/sabado100.com.ar\/es-ar\/#website\"},\"datePublished\":\"2015-11-17T12:33:00+00:00\",\"dateModified\":\"2015-11-17T12:33:00+00:00\",\"breadcrumb\":{\"@id\":\"https:\/\/sabado100.com.ar\/es-ar\/el-dia-que-ganamos-todos\/#breadcrumb\"},\"inLanguage\":\"es\",\"potentialAction\":[{\"@type\":\"ReadAction\",\"target\":[\"https:\/\/sabado100.com.ar\/es-ar\/el-dia-que-ganamos-todos\/\"]}]},{\"@type\":\"BreadcrumbList\",\"@id\":\"https:\/\/sabado100.com.ar\/es-ar\/el-dia-que-ganamos-todos\/#breadcrumb\",\"itemListElement\":[{\"@type\":\"ListItem\",\"position\":1,\"name\":\"Portada\",\"item\":\"https:\/\/sabado100.com.ar\/es-ar\/\"},{\"@type\":\"ListItem\",\"position\":2,\"name\":\"El d\u00eda que ganamos todos\"}]},{\"@type\":\"WebSite\",\"@id\":\"https:\/\/sabado100.com.ar\/es-ar\/#website\",\"url\":\"https:\/\/sabado100.com.ar\/es-ar\/\",\"name\":\"Sabado 100\",\"description\":\"\",\"publisher\":{\"@id\":\"https:\/\/sabado100.com.ar\/es-ar\/#organization\"},\"potentialAction\":[{\"@type\":\"SearchAction\",\"target\":{\"@type\":\"EntryPoint\",\"urlTemplate\":\"https:\/\/sabado100.com.ar\/es-ar\/?s={search_term_string}\"},\"query-input\":\"required name=search_term_string\"}],\"inLanguage\":\"es\"},{\"@type\":\"Organization\",\"@id\":\"https:\/\/sabado100.com.ar\/es-ar\/#organization\",\"name\":\"Sabado 100\",\"url\":\"https:\/\/sabado100.com.ar\/es-ar\/\",\"logo\":{\"@type\":\"ImageObject\",\"inLanguage\":\"es\",\"@id\":\"https:\/\/sabado100.com.ar\/es-ar\/#\/schema\/logo\/image\/\",\"url\":\"https:\/\/sabado100.com.ar\/es-ar\/wp-content\/uploads\/2024\/04\/logo3.jpg\",\"contentUrl\":\"https:\/\/sabado100.com.ar\/es-ar\/wp-content\/uploads\/2024\/04\/logo3.jpg\",\"width\":300,\"height\":174,\"caption\":\"Sabado 100\"},\"image\":{\"@id\":\"https:\/\/sabado100.com.ar\/es-ar\/#\/schema\/logo\/image\/\"},\"sameAs\":[\"https:\/\/www.facebook.com\/sabadocien\/\",\"https:\/\/www.instagram.com\/sabado100.com.ar\/\",\"https:\/\/www.youtube.com\/@sabado1003\"]},{\"@type\":\"Person\",\"@id\":\"https:\/\/sabado100.com.ar\/es-ar\/#\/schema\/person\/58e38b918ef4e44b11398f25d4684c6d\",\"name\":\"sabado cien\",\"image\":{\"@type\":\"ImageObject\",\"inLanguage\":\"es\",\"@id\":\"https:\/\/sabado100.com.ar\/es-ar\/#\/schema\/person\/image\/\",\"url\":\"https:\/\/sabado100.com.ar\/es-ar\/wp-content\/litespeed\/avatar\/484bccfbd493fbb703b0f1b8113dad61.jpg?ver=1787731622\",\"contentUrl\":\"https:\/\/sabado100.com.ar\/es-ar\/wp-content\/litespeed\/avatar\/484bccfbd493fbb703b0f1b8113dad61.jpg?ver=1787731622\",\"caption\":\"sabado cien\"},\"url\":\"https:\/\/sabado100.com.ar\/es-ar\/author\/sabado100\/\"}]}<\/script>\n<!-- \/ Yoast SEO plugin. -->","yoast_head_json":{"title":"El d\u00eda que ganamos todos - Sabado 100","robots":{"index":"index","follow":"follow","max-snippet":"max-snippet:-1","max-image-preview":"max-image-preview:large","max-video-preview":"max-video-preview:-1"},"canonical":"https:\/\/sabado100.com.ar\/es-ar\/el-dia-que-ganamos-todos\/","og_locale":"es_ES","og_type":"article","og_title":"El d\u00eda que ganamos todos - Sabado 100","og_description":"Por Natalia Aquilino.- Hasta 2015, Argentina era uno de los dos pa\u00edses latinoamericanos que no contaba con un debate electoral [&hellip;]","og_url":"https:\/\/sabado100.com.ar\/es-ar\/el-dia-que-ganamos-todos\/","og_site_name":"Sabado 100","article_publisher":"https:\/\/www.facebook.com\/sabadocien\/","article_published_time":"2015-11-17T12:33:00+00:00","author":"sabado cien","twitter_card":"summary_large_image","twitter_misc":{"Escrito por":"sabado cien","Tiempo de lectura":"5 minutos"},"schema":{"@context":"https:\/\/schema.org","@graph":[{"@type":"Article","@id":"https:\/\/sabado100.com.ar\/es-ar\/el-dia-que-ganamos-todos\/#article","isPartOf":{"@id":"https:\/\/sabado100.com.ar\/es-ar\/el-dia-que-ganamos-todos\/"},"author":{"name":"sabado cien","@id":"https:\/\/sabado100.com.ar\/es-ar\/#\/schema\/person\/58e38b918ef4e44b11398f25d4684c6d"},"headline":"El d\u00eda que ganamos todos","datePublished":"2015-11-17T12:33:00+00:00","dateModified":"2015-11-17T12:33:00+00:00","mainEntityOfPage":{"@id":"https:\/\/sabado100.com.ar\/es-ar\/el-dia-que-ganamos-todos\/"},"wordCount":938,"commentCount":0,"publisher":{"@id":"https:\/\/sabado100.com.ar\/es-ar\/#organization"},"keywords":["El d\u00eda que ganamos todos"],"articleSection":["Cultura y Sociedad","Pol\u00edtica"],"inLanguage":"es","potentialAction":[{"@type":"CommentAction","name":"Comment","target":["https:\/\/sabado100.com.ar\/es-ar\/el-dia-que-ganamos-todos\/#respond"]}]},{"@type":"WebPage","@id":"https:\/\/sabado100.com.ar\/es-ar\/el-dia-que-ganamos-todos\/","url":"https:\/\/sabado100.com.ar\/es-ar\/el-dia-que-ganamos-todos\/","name":"El d\u00eda que ganamos todos - Sabado 100","isPartOf":{"@id":"https:\/\/sabado100.com.ar\/es-ar\/#website"},"datePublished":"2015-11-17T12:33:00+00:00","dateModified":"2015-11-17T12:33:00+00:00","breadcrumb":{"@id":"https:\/\/sabado100.com.ar\/es-ar\/el-dia-que-ganamos-todos\/#breadcrumb"},"inLanguage":"es","potentialAction":[{"@type":"ReadAction","target":["https:\/\/sabado100.com.ar\/es-ar\/el-dia-que-ganamos-todos\/"]}]},{"@type":"BreadcrumbList","@id":"https:\/\/sabado100.com.ar\/es-ar\/el-dia-que-ganamos-todos\/#breadcrumb","itemListElement":[{"@type":"ListItem","position":1,"name":"Portada","item":"https:\/\/sabado100.com.ar\/es-ar\/"},{"@type":"ListItem","position":2,"name":"El d\u00eda que ganamos todos"}]},{"@type":"WebSite","@id":"https:\/\/sabado100.com.ar\/es-ar\/#website","url":"https:\/\/sabado100.com.ar\/es-ar\/","name":"Sabado 100","description":"","publisher":{"@id":"https:\/\/sabado100.com.ar\/es-ar\/#organization"},"potentialAction":[{"@type":"SearchAction","target":{"@type":"EntryPoint","urlTemplate":"https:\/\/sabado100.com.ar\/es-ar\/?s={search_term_string}"},"query-input":"required name=search_term_string"}],"inLanguage":"es"},{"@type":"Organization","@id":"https:\/\/sabado100.com.ar\/es-ar\/#organization","name":"Sabado 100","url":"https:\/\/sabado100.com.ar\/es-ar\/","logo":{"@type":"ImageObject","inLanguage":"es","@id":"https:\/\/sabado100.com.ar\/es-ar\/#\/schema\/logo\/image\/","url":"https:\/\/sabado100.com.ar\/es-ar\/wp-content\/uploads\/2024\/04\/logo3.jpg","contentUrl":"https:\/\/sabado100.com.ar\/es-ar\/wp-content\/uploads\/2024\/04\/logo3.jpg","width":300,"height":174,"caption":"Sabado 100"},"image":{"@id":"https:\/\/sabado100.com.ar\/es-ar\/#\/schema\/logo\/image\/"},"sameAs":["https:\/\/www.facebook.com\/sabadocien\/","https:\/\/www.instagram.com\/sabado100.com.ar\/","https:\/\/www.youtube.com\/@sabado1003"]},{"@type":"Person","@id":"https:\/\/sabado100.com.ar\/es-ar\/#\/schema\/person\/58e38b918ef4e44b11398f25d4684c6d","name":"sabado cien","image":{"@type":"ImageObject","inLanguage":"es","@id":"https:\/\/sabado100.com.ar\/es-ar\/#\/schema\/person\/image\/","url":"https:\/\/sabado100.com.ar\/es-ar\/wp-content\/litespeed\/avatar\/484bccfbd493fbb703b0f1b8113dad61.jpg?ver=1787731622","contentUrl":"https:\/\/sabado100.com.ar\/es-ar\/wp-content\/litespeed\/avatar\/484bccfbd493fbb703b0f1b8113dad61.jpg?ver=1787731622","caption":"sabado cien"},"url":"https:\/\/sabado100.com.ar\/es-ar\/author\/sabado100\/"}]}},"_links":{"self":[{"href":"https:\/\/sabado100.com.ar\/es-ar\/wp-json\/wp\/v2\/posts\/4305","targetHints":{"allow":["GET"]}}],"collection":[{"href":"https:\/\/sabado100.com.ar\/es-ar\/wp-json\/wp\/v2\/posts"}],"about":[{"href":"https:\/\/sabado100.com.ar\/es-ar\/wp-json\/wp\/v2\/types\/post"}],"author":[{"embeddable":true,"href":"https:\/\/sabado100.com.ar\/es-ar\/wp-json\/wp\/v2\/users\/2"}],"replies":[{"embeddable":true,"href":"https:\/\/sabado100.com.ar\/es-ar\/wp-json\/wp\/v2\/comments?post=4305"}],"version-history":[{"count":0,"href":"https:\/\/sabado100.com.ar\/es-ar\/wp-json\/wp\/v2\/posts\/4305\/revisions"}],"wp:attachment":[{"href":"https:\/\/sabado100.com.ar\/es-ar\/wp-json\/wp\/v2\/media?parent=4305"}],"wp:term":[{"taxonomy":"category","embeddable":true,"href":"https:\/\/sabado100.com.ar\/es-ar\/wp-json\/wp\/v2\/categories?post=4305"},{"taxonomy":"post_tag","embeddable":true,"href":"https:\/\/sabado100.com.ar\/es-ar\/wp-json\/wp\/v2\/tags?post=4305"}],"curies":[{"name":"wp","href":"https:\/\/api.w.org\/{rel}","templated":true}]}}