{"id":4297,"date":"2015-11-13T21:05:35","date_gmt":"2015-11-13T19:05:35","guid":{"rendered":"https:\/\/www.sabado100.com.ar\/?p=4297"},"modified":"2015-11-13T21:05:35","modified_gmt":"2015-11-13T19:05:35","slug":"no-tengamos-pereza","status":"publish","type":"post","link":"https:\/\/sabado100.com.ar\/es-ar\/no-tengamos-pereza\/","title":{"rendered":"No tengamos pereza"},"content":{"rendered":"<p><strong>Por V\u00edctor Corcoba Herrero.-<\/strong> Cada d\u00eda estoy m\u00e1s convencido de que tenemos que caminar por la senda de la generosidad, con el timbre comprensivo de unas manos dispuestas a socorrer, para darnos aliento mutuamente, sin otra compensaci\u00f3n que cimentar lo arm\u00f3nico como abecedario fraterno. No tengamos pereza por avivar el sosiego en un planeta, que es casa com\u00fan de todos y de nadie, y por dar valor a toda vida humana, frente al menosprecio de algunos extremistas radicales, que no entienden nada m\u00e1s que de violencia y atropellos. Los pacifistas siempre tenemos una oportunidad para reafirmar nuestro compromiso de concordia. Universalizar los derechos humanos y las libertades fundamentales ha de ser nuestro mayor desvelo. Noviembre, si cabe, a\u00fan es m\u00e1s propicio para poder llevar a buen t\u00e9rmino nuestra inquietud; no en vano, celebramos el d\u00eda diecis\u00e9is el emblem\u00e1tico esp\u00edritu condescendiente, el de la tolerancia con nuestro pr\u00f3jimo, siempre pr\u00f3ximo a nosotros.<br \/>\nLos perezosos \u00fanicamente hablan de lo que piensan hacer, de lo que har\u00e1n, y al fin, dejan todo sin hacer. Hay cuestiones que no pueden esperar. Que nos llaman tanto a la reacci\u00f3n como a la acci\u00f3n. Para desgracia de todos, cada d\u00eda son m\u00e1s los espacios del planeta que precisan ayuda humanitaria ante esta volc\u00e1nica atm\u00f3sfera de conflictos que nos invaden por todo el mundo. Llegar a tiempo es salvar vidas humanas. \u00bfHabr\u00e1 cuesti\u00f3n m\u00e1s importante que protegerles?. Ciertamente, tenemos que combatir activamente el miedo, el odio y el extremismo con el di\u00e1logo, la comprensi\u00f3n y el respeto mutuo. Ya lo sabemos, pero tampoco podemos, ni debemos, quedarnos con los brazos cruzados ante estas riadas de venganza. Es verdad que el mundo precisa reconciliarse m\u00e1s all\u00e1 de las culturas, de las buenas intenciones, pero para que la convivencia sea posible no vale con el silencio de las armas, es preciso trabajar a destajo para que todo ser pensante tenga sus necesidades b\u00e1sicas cubiertas; quiz\u00e1s tengamos que cultivar m\u00e1s la justicia, y no quedarnos tranquilos con la mera disposici\u00f3n del silencio, o de donar las migajas que a nosotros nos sobran.<br \/>\nVuelvo a insistir, no tengamos pereza por cortar las alas ego\u00edstas de los ilimitados poderes, que buscan el bienestar para s\u00ed y los suyos, que marginan a los m\u00e1s d\u00e9biles, que excluyen sin miramiento alguno. El clima es tan fraudulento que nada es lo que parece. Todo est\u00e1 corrupto. Nada es justo. De ah\u00ed la necesidad de ponerse manos a la obra, a trabajar codo con codo, en favor de un coraz\u00f3n humano m\u00e1s verdadero. Al fin y al cabo, somos la historia que cultivemos en la inmensidad de un planeta. El d\u00eda que aprendamos a ejercer nuestros pasos como ciudadanos del mundo, encontraremos comprensi\u00f3n y respeto por todo y hacia todos. Hoy, las miserias humanas, aparte de enfrentarnos, nos hacen levantar muros en un orbe en el que todo est\u00e1 interconectado. Nuestra propia especie se ha degradado tanto que realmente cuesta encontrar el camino de la esperanza. Es tan fuerte el caos, la contaminaci\u00f3n, el desorden, que hay una melanc\u00f3lica insatisfacci\u00f3n que nos deja sin palabras, y lo que es peor, sin nervio para hacer frente a los problemas.<br \/>\nEn cualquier caso, la pereza no puede dominarnos, cuando hay tanto por hacer en cada uno de nosotros, sobre todo a la hora de luchar contra esta ciega discriminaci\u00f3n, que causa tantos enfrentamientos, destrucci\u00f3n y muerte. Naturalmente, todos estamos llamados, en mayor o menor responsabilidad, a actuar desde una mirada clemente, acorde con el esp\u00edritu de hermanamiento de nuestra propia ra\u00edz humana. Cuando se pierde esta sensibilidad de acoger todos a todo, tambi\u00e9n se derrochan energ\u00edas de salvaci\u00f3n comunitaria, y por ende, la falta de reconocimiento del otro. Deber\u00edamos, pues, corregir nuestra propia vida primero y, despu\u00e9s, activar mucho m\u00e1s nuestros gestos solidarios con el ojo penetrante de la escucha. No olvidemos que las dificultades son reto\u00f1os de la pereza.<\/p>\n<p>Escritor espa\u00f1ol de Granada<br \/>\ncorcoba@telefonica.net<br \/>\n11 de noviembre de 2015<\/p>\n","protected":false},"excerpt":{"rendered":"<p>Por V\u00edctor Corcoba Herrero.- Cada d\u00eda estoy m\u00e1s convencido de que tenemos que caminar por la senda de la generosidad, [&hellip;]<\/p>\n","protected":false},"author":2,"featured_media":0,"comment_status":"open","ping_status":"closed","sticky":false,"template":"","format":"standard","meta":{"site-sidebar-layout":"default","site-content-layout":"","ast-site-content-layout":"default","site-content-style":"default","site-sidebar-style":"default","ast-global-header-display":"","ast-banner-title-visibility":"","ast-main-header-display":"","ast-hfb-above-header-display":"","ast-hfb-below-header-display":"","ast-hfb-mobile-header-display":"","site-post-title":"","ast-breadcrumbs-content":"","ast-featured-img":"","footer-sml-layout":"","ast-disable-related-posts":"","theme-transparent-header-meta":"","adv-header-id-meta":"","stick-header-meta":"","header-above-stick-meta":"","header-main-stick-meta":"","header-below-stick-meta":"","astra-migrate-meta-layouts":"default","ast-page-background-enabled":"default","ast-page-background-meta":{"desktop":{"background-color":"var(--ast-global-color-4)","background-image":"","background-repeat":"repeat","background-position":"center center","background-size":"auto","background-attachment":"scroll","background-type":"","background-media":"","overlay-type":"","overlay-color":"","overlay-opacity":"","overlay-gradient":""},"tablet":{"background-color":"","background-image":"","background-repeat":"repeat","background-position":"center center","background-size":"auto","background-attachment":"scroll","background-type":"","background-media":"","overlay-type":"","overlay-color":"","overlay-opacity":"","overlay-gradient":""},"mobile":{"background-color":"","background-image":"","background-repeat":"repeat","background-position":"center center","background-size":"auto","background-attachment":"scroll","background-type":"","background-media":"","overlay-type":"","overlay-color":"","overlay-opacity":"","overlay-gradient":""}},"ast-content-background-meta":{"desktop":{"background-color":"var(--ast-global-color-5)","background-image":"","background-repeat":"repeat","background-position":"center center","background-size":"auto","background-attachment":"scroll","background-type":"","background-media":"","overlay-type":"","overlay-color":"","overlay-opacity":"","overlay-gradient":""},"tablet":{"background-color":"var(--ast-global-color-5)","background-image":"","background-repeat":"repeat","background-position":"center center","background-size":"auto","background-attachment":"scroll","background-type":"","background-media":"","overlay-type":"","overlay-color":"","overlay-opacity":"","overlay-gradient":""},"mobile":{"background-color":"var(--ast-global-color-5)","background-image":"","background-repeat":"repeat","background-position":"center center","background-size":"auto","background-attachment":"scroll","background-type":"","background-media":"","overlay-type":"","overlay-color":"","overlay-opacity":"","overlay-gradient":""}},"footnotes":""},"categories":[4],"tags":[5404],"class_list":["post-4297","post","type-post","status-publish","format-standard","hentry","category-cultura-y-sociedad","tag-no-tengamos-pereza"],"yoast_head":"<!-- This site is optimized with the Yoast SEO plugin v23.2 - https:\/\/yoast.com\/wordpress\/plugins\/seo\/ -->\n<title>No tengamos pereza - Sabado 100<\/title>\n<meta name=\"robots\" content=\"index, follow, max-snippet:-1, max-image-preview:large, max-video-preview:-1\" \/>\n<link rel=\"canonical\" href=\"https:\/\/sabado100.com.ar\/es-ar\/no-tengamos-pereza\/\" \/>\n<meta property=\"og:locale\" content=\"es_ES\" \/>\n<meta property=\"og:type\" content=\"article\" \/>\n<meta property=\"og:title\" content=\"No tengamos pereza - Sabado 100\" \/>\n<meta property=\"og:description\" content=\"Por V\u00edctor Corcoba Herrero.- Cada d\u00eda estoy m\u00e1s convencido de que tenemos que caminar por la senda de la generosidad, [&hellip;]\" \/>\n<meta property=\"og:url\" content=\"https:\/\/sabado100.com.ar\/es-ar\/no-tengamos-pereza\/\" \/>\n<meta property=\"og:site_name\" content=\"Sabado 100\" \/>\n<meta property=\"article:publisher\" content=\"https:\/\/www.facebook.com\/sabadocien\/\" \/>\n<meta property=\"article:published_time\" content=\"2015-11-13T19:05:35+00:00\" \/>\n<meta name=\"author\" content=\"sabado cien\" \/>\n<meta name=\"twitter:card\" content=\"summary_large_image\" \/>\n<meta name=\"twitter:label1\" content=\"Escrito por\" \/>\n\t<meta name=\"twitter:data1\" content=\"sabado cien\" \/>\n\t<meta name=\"twitter:label2\" content=\"Tiempo de lectura\" \/>\n\t<meta name=\"twitter:data2\" content=\"4 minutos\" \/>\n<script type=\"application\/ld+json\" class=\"yoast-schema-graph\">{\"@context\":\"https:\/\/schema.org\",\"@graph\":[{\"@type\":\"Article\",\"@id\":\"https:\/\/sabado100.com.ar\/es-ar\/no-tengamos-pereza\/#article\",\"isPartOf\":{\"@id\":\"https:\/\/sabado100.com.ar\/es-ar\/no-tengamos-pereza\/\"},\"author\":{\"name\":\"sabado cien\",\"@id\":\"https:\/\/sabado100.com.ar\/es-ar\/#\/schema\/person\/58e38b918ef4e44b11398f25d4684c6d\"},\"headline\":\"No tengamos pereza\",\"datePublished\":\"2015-11-13T19:05:35+00:00\",\"dateModified\":\"2015-11-13T19:05:35+00:00\",\"mainEntityOfPage\":{\"@id\":\"https:\/\/sabado100.com.ar\/es-ar\/no-tengamos-pereza\/\"},\"wordCount\":710,\"commentCount\":0,\"publisher\":{\"@id\":\"https:\/\/sabado100.com.ar\/es-ar\/#organization\"},\"keywords\":[\"No tengamos pereza\"],\"articleSection\":[\"Cultura y Sociedad\"],\"inLanguage\":\"es\",\"potentialAction\":[{\"@type\":\"CommentAction\",\"name\":\"Comment\",\"target\":[\"https:\/\/sabado100.com.ar\/es-ar\/no-tengamos-pereza\/#respond\"]}]},{\"@type\":\"WebPage\",\"@id\":\"https:\/\/sabado100.com.ar\/es-ar\/no-tengamos-pereza\/\",\"url\":\"https:\/\/sabado100.com.ar\/es-ar\/no-tengamos-pereza\/\",\"name\":\"No tengamos pereza - Sabado 100\",\"isPartOf\":{\"@id\":\"https:\/\/sabado100.com.ar\/es-ar\/#website\"},\"datePublished\":\"2015-11-13T19:05:35+00:00\",\"dateModified\":\"2015-11-13T19:05:35+00:00\",\"breadcrumb\":{\"@id\":\"https:\/\/sabado100.com.ar\/es-ar\/no-tengamos-pereza\/#breadcrumb\"},\"inLanguage\":\"es\",\"potentialAction\":[{\"@type\":\"ReadAction\",\"target\":[\"https:\/\/sabado100.com.ar\/es-ar\/no-tengamos-pereza\/\"]}]},{\"@type\":\"BreadcrumbList\",\"@id\":\"https:\/\/sabado100.com.ar\/es-ar\/no-tengamos-pereza\/#breadcrumb\",\"itemListElement\":[{\"@type\":\"ListItem\",\"position\":1,\"name\":\"Portada\",\"item\":\"https:\/\/sabado100.com.ar\/es-ar\/\"},{\"@type\":\"ListItem\",\"position\":2,\"name\":\"No tengamos pereza\"}]},{\"@type\":\"WebSite\",\"@id\":\"https:\/\/sabado100.com.ar\/es-ar\/#website\",\"url\":\"https:\/\/sabado100.com.ar\/es-ar\/\",\"name\":\"Sabado 100\",\"description\":\"\",\"publisher\":{\"@id\":\"https:\/\/sabado100.com.ar\/es-ar\/#organization\"},\"potentialAction\":[{\"@type\":\"SearchAction\",\"target\":{\"@type\":\"EntryPoint\",\"urlTemplate\":\"https:\/\/sabado100.com.ar\/es-ar\/?s={search_term_string}\"},\"query-input\":\"required name=search_term_string\"}],\"inLanguage\":\"es\"},{\"@type\":\"Organization\",\"@id\":\"https:\/\/sabado100.com.ar\/es-ar\/#organization\",\"name\":\"Sabado 100\",\"url\":\"https:\/\/sabado100.com.ar\/es-ar\/\",\"logo\":{\"@type\":\"ImageObject\",\"inLanguage\":\"es\",\"@id\":\"https:\/\/sabado100.com.ar\/es-ar\/#\/schema\/logo\/image\/\",\"url\":\"https:\/\/sabado100.com.ar\/es-ar\/wp-content\/uploads\/2024\/04\/logo3.jpg\",\"contentUrl\":\"https:\/\/sabado100.com.ar\/es-ar\/wp-content\/uploads\/2024\/04\/logo3.jpg\",\"width\":300,\"height\":174,\"caption\":\"Sabado 100\"},\"image\":{\"@id\":\"https:\/\/sabado100.com.ar\/es-ar\/#\/schema\/logo\/image\/\"},\"sameAs\":[\"https:\/\/www.facebook.com\/sabadocien\/\",\"https:\/\/www.instagram.com\/sabado100.com.ar\/\",\"https:\/\/www.youtube.com\/@sabado1003\"]},{\"@type\":\"Person\",\"@id\":\"https:\/\/sabado100.com.ar\/es-ar\/#\/schema\/person\/58e38b918ef4e44b11398f25d4684c6d\",\"name\":\"sabado cien\",\"image\":{\"@type\":\"ImageObject\",\"inLanguage\":\"es\",\"@id\":\"https:\/\/sabado100.com.ar\/es-ar\/#\/schema\/person\/image\/\",\"url\":\"https:\/\/sabado100.com.ar\/es-ar\/wp-content\/litespeed\/avatar\/484bccfbd493fbb703b0f1b8113dad61.jpg?ver=1787731622\",\"contentUrl\":\"https:\/\/sabado100.com.ar\/es-ar\/wp-content\/litespeed\/avatar\/484bccfbd493fbb703b0f1b8113dad61.jpg?ver=1787731622\",\"caption\":\"sabado cien\"},\"url\":\"https:\/\/sabado100.com.ar\/es-ar\/author\/sabado100\/\"}]}<\/script>\n<!-- \/ Yoast SEO plugin. -->","yoast_head_json":{"title":"No tengamos pereza - Sabado 100","robots":{"index":"index","follow":"follow","max-snippet":"max-snippet:-1","max-image-preview":"max-image-preview:large","max-video-preview":"max-video-preview:-1"},"canonical":"https:\/\/sabado100.com.ar\/es-ar\/no-tengamos-pereza\/","og_locale":"es_ES","og_type":"article","og_title":"No tengamos pereza - Sabado 100","og_description":"Por V\u00edctor Corcoba Herrero.- Cada d\u00eda estoy m\u00e1s convencido de que tenemos que caminar por la senda de la generosidad, [&hellip;]","og_url":"https:\/\/sabado100.com.ar\/es-ar\/no-tengamos-pereza\/","og_site_name":"Sabado 100","article_publisher":"https:\/\/www.facebook.com\/sabadocien\/","article_published_time":"2015-11-13T19:05:35+00:00","author":"sabado cien","twitter_card":"summary_large_image","twitter_misc":{"Escrito por":"sabado cien","Tiempo de lectura":"4 minutos"},"schema":{"@context":"https:\/\/schema.org","@graph":[{"@type":"Article","@id":"https:\/\/sabado100.com.ar\/es-ar\/no-tengamos-pereza\/#article","isPartOf":{"@id":"https:\/\/sabado100.com.ar\/es-ar\/no-tengamos-pereza\/"},"author":{"name":"sabado cien","@id":"https:\/\/sabado100.com.ar\/es-ar\/#\/schema\/person\/58e38b918ef4e44b11398f25d4684c6d"},"headline":"No tengamos pereza","datePublished":"2015-11-13T19:05:35+00:00","dateModified":"2015-11-13T19:05:35+00:00","mainEntityOfPage":{"@id":"https:\/\/sabado100.com.ar\/es-ar\/no-tengamos-pereza\/"},"wordCount":710,"commentCount":0,"publisher":{"@id":"https:\/\/sabado100.com.ar\/es-ar\/#organization"},"keywords":["No tengamos pereza"],"articleSection":["Cultura y Sociedad"],"inLanguage":"es","potentialAction":[{"@type":"CommentAction","name":"Comment","target":["https:\/\/sabado100.com.ar\/es-ar\/no-tengamos-pereza\/#respond"]}]},{"@type":"WebPage","@id":"https:\/\/sabado100.com.ar\/es-ar\/no-tengamos-pereza\/","url":"https:\/\/sabado100.com.ar\/es-ar\/no-tengamos-pereza\/","name":"No tengamos pereza - Sabado 100","isPartOf":{"@id":"https:\/\/sabado100.com.ar\/es-ar\/#website"},"datePublished":"2015-11-13T19:05:35+00:00","dateModified":"2015-11-13T19:05:35+00:00","breadcrumb":{"@id":"https:\/\/sabado100.com.ar\/es-ar\/no-tengamos-pereza\/#breadcrumb"},"inLanguage":"es","potentialAction":[{"@type":"ReadAction","target":["https:\/\/sabado100.com.ar\/es-ar\/no-tengamos-pereza\/"]}]},{"@type":"BreadcrumbList","@id":"https:\/\/sabado100.com.ar\/es-ar\/no-tengamos-pereza\/#breadcrumb","itemListElement":[{"@type":"ListItem","position":1,"name":"Portada","item":"https:\/\/sabado100.com.ar\/es-ar\/"},{"@type":"ListItem","position":2,"name":"No tengamos pereza"}]},{"@type":"WebSite","@id":"https:\/\/sabado100.com.ar\/es-ar\/#website","url":"https:\/\/sabado100.com.ar\/es-ar\/","name":"Sabado 100","description":"","publisher":{"@id":"https:\/\/sabado100.com.ar\/es-ar\/#organization"},"potentialAction":[{"@type":"SearchAction","target":{"@type":"EntryPoint","urlTemplate":"https:\/\/sabado100.com.ar\/es-ar\/?s={search_term_string}"},"query-input":"required name=search_term_string"}],"inLanguage":"es"},{"@type":"Organization","@id":"https:\/\/sabado100.com.ar\/es-ar\/#organization","name":"Sabado 100","url":"https:\/\/sabado100.com.ar\/es-ar\/","logo":{"@type":"ImageObject","inLanguage":"es","@id":"https:\/\/sabado100.com.ar\/es-ar\/#\/schema\/logo\/image\/","url":"https:\/\/sabado100.com.ar\/es-ar\/wp-content\/uploads\/2024\/04\/logo3.jpg","contentUrl":"https:\/\/sabado100.com.ar\/es-ar\/wp-content\/uploads\/2024\/04\/logo3.jpg","width":300,"height":174,"caption":"Sabado 100"},"image":{"@id":"https:\/\/sabado100.com.ar\/es-ar\/#\/schema\/logo\/image\/"},"sameAs":["https:\/\/www.facebook.com\/sabadocien\/","https:\/\/www.instagram.com\/sabado100.com.ar\/","https:\/\/www.youtube.com\/@sabado1003"]},{"@type":"Person","@id":"https:\/\/sabado100.com.ar\/es-ar\/#\/schema\/person\/58e38b918ef4e44b11398f25d4684c6d","name":"sabado cien","image":{"@type":"ImageObject","inLanguage":"es","@id":"https:\/\/sabado100.com.ar\/es-ar\/#\/schema\/person\/image\/","url":"https:\/\/sabado100.com.ar\/es-ar\/wp-content\/litespeed\/avatar\/484bccfbd493fbb703b0f1b8113dad61.jpg?ver=1787731622","contentUrl":"https:\/\/sabado100.com.ar\/es-ar\/wp-content\/litespeed\/avatar\/484bccfbd493fbb703b0f1b8113dad61.jpg?ver=1787731622","caption":"sabado cien"},"url":"https:\/\/sabado100.com.ar\/es-ar\/author\/sabado100\/"}]}},"_links":{"self":[{"href":"https:\/\/sabado100.com.ar\/es-ar\/wp-json\/wp\/v2\/posts\/4297","targetHints":{"allow":["GET"]}}],"collection":[{"href":"https:\/\/sabado100.com.ar\/es-ar\/wp-json\/wp\/v2\/posts"}],"about":[{"href":"https:\/\/sabado100.com.ar\/es-ar\/wp-json\/wp\/v2\/types\/post"}],"author":[{"embeddable":true,"href":"https:\/\/sabado100.com.ar\/es-ar\/wp-json\/wp\/v2\/users\/2"}],"replies":[{"embeddable":true,"href":"https:\/\/sabado100.com.ar\/es-ar\/wp-json\/wp\/v2\/comments?post=4297"}],"version-history":[{"count":0,"href":"https:\/\/sabado100.com.ar\/es-ar\/wp-json\/wp\/v2\/posts\/4297\/revisions"}],"wp:attachment":[{"href":"https:\/\/sabado100.com.ar\/es-ar\/wp-json\/wp\/v2\/media?parent=4297"}],"wp:term":[{"taxonomy":"category","embeddable":true,"href":"https:\/\/sabado100.com.ar\/es-ar\/wp-json\/wp\/v2\/categories?post=4297"},{"taxonomy":"post_tag","embeddable":true,"href":"https:\/\/sabado100.com.ar\/es-ar\/wp-json\/wp\/v2\/tags?post=4297"}],"curies":[{"name":"wp","href":"https:\/\/api.w.org\/{rel}","templated":true}]}}