{"id":4291,"date":"2015-11-06T21:14:22","date_gmt":"2015-11-06T19:14:22","guid":{"rendered":"https:\/\/www.sabado100.com.ar\/?p=4291"},"modified":"2015-11-06T21:14:22","modified_gmt":"2015-11-06T19:14:22","slug":"ballotage-con-miras-al-2017","status":"publish","type":"post","link":"https:\/\/sabado100.com.ar\/es-ar\/ballotage-con-miras-al-2017\/","title":{"rendered":"Ballotage con miras al 2017"},"content":{"rendered":"<p><strong>Por Mar\u00eda Herminia Grande.-<\/strong> Pasada apenas una semana de la elecci\u00f3n nacional, no s\u00f3lo est\u00e1 la mira puesta en el ballotage del d\u00eda 22, sino que adem\u00e1s comienza a tener peso para los actores el 2017.<br \/>\nTom Wise expres\u00f3: \u201cNo hay dos oportunidades para la primera impresi\u00f3n\u201d. Y en este sentido Daniel Scioli, en la larga noche del 25 de octubre, marc\u00f3 un rumbo que con el correr de las horas habr\u00eda de profundizar. Abandon\u00f3 su postura \u201cAmor y paz\u201d por la de un Scioli con cierta agresividad. Incre\u00edblemente ni \u00e9l mismo recuerda que gan\u00f3 las elecciones. Y lo primero que deber\u00e1 recuperar es su nombre. La Presidente, jefa de su sector pol\u00edtico, no s\u00f3lo no lo felicit\u00f3, sino que adem\u00e1s nunca lo mencion\u00f3 y, para que no quedara duda, dijo que lo importante no era el nombre, sino que el 22 ganase el modelo. A esta altura es bueno recordar que luego del fallecimiento del ex presidente N\u00e9stor Kirchner, la Presidente no lo mencionaba con nombre y apellido. Los expertos en la materia dicen que es una de las etapas del duelo. \u00bfCu\u00e1l es el duelo que la Presidente est\u00e1 haciendo con Scioli al no mencionarlo? \u00bfLa de ser la protagonista de la elecci\u00f3n de candidatos que no le rinden al modelo que desea perpetuar, o al alejamiento luego de 12 a\u00f1os de Gobierno?<br \/>\nLo cierto es que el norte se\u00f1alado en pro de la reconquista o el mantenimiento del poder no parece el m\u00e1s adecuado. Scioli debe transitar el duelo de no haber retenido la provincia que gobierna para su sector y probablemente quedar en la historia como el responsable de no haber conservado los votos para el kirchnerismo. Tendr\u00e1 que enterrar un estilo que supo mantener durante a\u00f1os que lo mostraba como un dirigente alejado de la confrontaci\u00f3n para terminar abraz\u00e1ndose a la profundizaci\u00f3n de la tensi\u00f3n y de la violencia.<br \/>\nCon reflejos pol\u00edticos, el joven diputado Jorge Triaca dijo: \u201cSi se equivocan, no hay que interrumpirlos\u201d. Mauricio Macri seguir\u00e1 el eje, como le gusta decir, \u201cproactivo\u201d, encaminado en la b\u00fasqueda de la unidad nacional y de consagrarse presidente de la naci\u00f3n. Macri no s\u00f3lo habla con el gobernador Manuel de la Sota, con quien ambiciona algo m\u00e1s, sino que tambi\u00e9n lo hace con todos los gobernadores electos. De ellos hoy se observa una receptividad distinta, dado que hasta el cierre de este an\u00e1lisis no se escuch\u00f3 de sus bocas palabras altisonantes o denostaciones. Macri tiene claro que el 60% que vot\u00f3 un cambio puso como sujeto de la molestia la agresividad.<br \/>\nCristina Fern\u00e1ndez de Kirchner como jefa del kirchnerismo concluir\u00e1 su mandato y si Daniel Scioli no triunfa en el ballotage, casi como comenz\u00f3 el per\u00edodo de este modelo: con un Banco Central enclenque y con algunos puntos m\u00e1s que aquel 22% logrado por N\u00e9stor Kirchner. No aludo a la imagen positiva con la que termina su mandato la Presidente, me refiero al caudal de votos que deja en la pol\u00edtica.<br \/>\nA prop\u00f3sito del ballotage, resulta extra\u00f1o que dirigentes pol\u00edticos, incluso presidenciables, no decidan por especulaciones menores, conducir u orientar los votos que sus espacios han obtenido hacia alguna de las dos opciones. La democracia bien entendida debe ser aceptada con las reglas que propicia. Es verdad que el voto en blanco existe, pero no habla bien de quien lo impulse o deje \u201cen libertad de conciencia\u201d a quienes dice representar por temor a su propio d\u00eda despu\u00e9s.<br \/>\nPor su parte, el 2017 tambi\u00e9n juega en estas decisiones. Es muy probable que Sergio Massa decida ser candidato a senador y desde all\u00ed dirimir la conducci\u00f3n de un peronismo con muchos posibles padres hasta hoy sustitutos, pero ninguno definitivo. Hasta el domingo a la noche, antes de la victoria de Mar\u00eda Eugenia Vidal, una posibilidad para Massa en un acuerdo con Cambiemos podr\u00eda haber sido el de ser su candidato a senador por Buenos Aires. Hoy seguramente lo ser\u00e1 pero desde la oposici\u00f3n.<br \/>\nDe la Sota es otro posible conductor de un renovado peronismo que mire hacia el 2019. El propio Roberto Lavagna qued\u00f3 con enormes ganas de ser el candidato presidencial; tal vez en el 2017 d\u00e9 alguna se\u00f1al al respecto. Tambi\u00e9n el 2017, de ser electo Macri, deber\u00e1 ser para Scioli y la propia Presidente el a\u00f1o del inicio de la recuperaci\u00f3n de sus espacios pol\u00edticos.<br \/>\nEste viernes el radical Mario Barletta (que aclara que tiene dos a\u00f1os m\u00e1s como diputado nacional y los concluir\u00e1) organizar\u00e1 un encuentro en Santa Fe entre su candidato a presidente, Macri y todos los intendentes radicales electos en el pa\u00eds. Con remozados aires, los radicales santafesinos caminan hacia la independencia del socialismo para el 2019, aunque lo disimulen; salvo que el socialismo se avenga a ocupar los segundos lugares como lo vino haciendo el radicalismo durante los Gobiernos frentistas.<\/p>\n<p><strong>Fuente:<\/strong> opinion.infobae.com\/maria-herminia-grande\/2015\/11\/03\/ballotage-con-miras-al-2017, martes 3 de noviembre, 2015.<\/p>\n","protected":false},"excerpt":{"rendered":"<p>Por Mar\u00eda Herminia Grande.- Pasada apenas una semana de la elecci\u00f3n nacional, no s\u00f3lo est\u00e1 la mira puesta en el [&hellip;]<\/p>\n","protected":false},"author":2,"featured_media":0,"comment_status":"open","ping_status":"closed","sticky":false,"template":"","format":"standard","meta":{"site-sidebar-layout":"default","site-content-layout":"","ast-site-content-layout":"default","site-content-style":"default","site-sidebar-style":"default","ast-global-header-display":"","ast-banner-title-visibility":"","ast-main-header-display":"","ast-hfb-above-header-display":"","ast-hfb-below-header-display":"","ast-hfb-mobile-header-display":"","site-post-title":"","ast-breadcrumbs-content":"","ast-featured-img":"","footer-sml-layout":"","ast-disable-related-posts":"","theme-transparent-header-meta":"","adv-header-id-meta":"","stick-header-meta":"","header-above-stick-meta":"","header-main-stick-meta":"","header-below-stick-meta":"","astra-migrate-meta-layouts":"default","ast-page-background-enabled":"default","ast-page-background-meta":{"desktop":{"background-color":"var(--ast-global-color-4)","background-image":"","background-repeat":"repeat","background-position":"center center","background-size":"auto","background-attachment":"scroll","background-type":"","background-media":"","overlay-type":"","overlay-color":"","overlay-opacity":"","overlay-gradient":""},"tablet":{"background-color":"","background-image":"","background-repeat":"repeat","background-position":"center center","background-size":"auto","background-attachment":"scroll","background-type":"","background-media":"","overlay-type":"","overlay-color":"","overlay-opacity":"","overlay-gradient":""},"mobile":{"background-color":"","background-image":"","background-repeat":"repeat","background-position":"center center","background-size":"auto","background-attachment":"scroll","background-type":"","background-media":"","overlay-type":"","overlay-color":"","overlay-opacity":"","overlay-gradient":""}},"ast-content-background-meta":{"desktop":{"background-color":"var(--ast-global-color-5)","background-image":"","background-repeat":"repeat","background-position":"center center","background-size":"auto","background-attachment":"scroll","background-type":"","background-media":"","overlay-type":"","overlay-color":"","overlay-opacity":"","overlay-gradient":""},"tablet":{"background-color":"var(--ast-global-color-5)","background-image":"","background-repeat":"repeat","background-position":"center center","background-size":"auto","background-attachment":"scroll","background-type":"","background-media":"","overlay-type":"","overlay-color":"","overlay-opacity":"","overlay-gradient":""},"mobile":{"background-color":"var(--ast-global-color-5)","background-image":"","background-repeat":"repeat","background-position":"center center","background-size":"auto","background-attachment":"scroll","background-type":"","background-media":"","overlay-type":"","overlay-color":"","overlay-opacity":"","overlay-gradient":""}},"footnotes":""},"categories":[5],"tags":[5402],"class_list":["post-4291","post","type-post","status-publish","format-standard","hentry","category-politica","tag-ballotage-con-miras-al-2017"],"yoast_head":"<!-- This site is optimized with the Yoast SEO plugin v23.2 - https:\/\/yoast.com\/wordpress\/plugins\/seo\/ -->\n<title>Ballotage con miras al 2017 - Sabado 100<\/title>\n<meta name=\"robots\" content=\"index, follow, max-snippet:-1, max-image-preview:large, max-video-preview:-1\" \/>\n<link rel=\"canonical\" href=\"https:\/\/sabado100.com.ar\/es-ar\/ballotage-con-miras-al-2017\/\" \/>\n<meta property=\"og:locale\" content=\"es_ES\" \/>\n<meta property=\"og:type\" content=\"article\" \/>\n<meta property=\"og:title\" content=\"Ballotage con miras al 2017 - Sabado 100\" \/>\n<meta property=\"og:description\" content=\"Por Mar\u00eda Herminia Grande.- Pasada apenas una semana de la elecci\u00f3n nacional, no s\u00f3lo est\u00e1 la mira puesta en el [&hellip;]\" \/>\n<meta property=\"og:url\" content=\"https:\/\/sabado100.com.ar\/es-ar\/ballotage-con-miras-al-2017\/\" \/>\n<meta property=\"og:site_name\" content=\"Sabado 100\" \/>\n<meta property=\"article:publisher\" content=\"https:\/\/www.facebook.com\/sabadocien\/\" \/>\n<meta property=\"article:published_time\" content=\"2015-11-06T19:14:22+00:00\" \/>\n<meta name=\"author\" content=\"sabado cien\" \/>\n<meta name=\"twitter:card\" content=\"summary_large_image\" \/>\n<meta name=\"twitter:label1\" content=\"Escrito por\" \/>\n\t<meta name=\"twitter:data1\" content=\"sabado cien\" \/>\n\t<meta name=\"twitter:label2\" content=\"Tiempo de lectura\" \/>\n\t<meta name=\"twitter:data2\" content=\"4 minutos\" \/>\n<script type=\"application\/ld+json\" class=\"yoast-schema-graph\">{\"@context\":\"https:\/\/schema.org\",\"@graph\":[{\"@type\":\"Article\",\"@id\":\"https:\/\/sabado100.com.ar\/es-ar\/ballotage-con-miras-al-2017\/#article\",\"isPartOf\":{\"@id\":\"https:\/\/sabado100.com.ar\/es-ar\/ballotage-con-miras-al-2017\/\"},\"author\":{\"name\":\"sabado cien\",\"@id\":\"https:\/\/sabado100.com.ar\/es-ar\/#\/schema\/person\/58e38b918ef4e44b11398f25d4684c6d\"},\"headline\":\"Ballotage con miras al 2017\",\"datePublished\":\"2015-11-06T19:14:22+00:00\",\"dateModified\":\"2015-11-06T19:14:22+00:00\",\"mainEntityOfPage\":{\"@id\":\"https:\/\/sabado100.com.ar\/es-ar\/ballotage-con-miras-al-2017\/\"},\"wordCount\":854,\"commentCount\":0,\"publisher\":{\"@id\":\"https:\/\/sabado100.com.ar\/es-ar\/#organization\"},\"keywords\":[\"Ballotage con miras al 2017\"],\"articleSection\":[\"Pol\u00edtica\"],\"inLanguage\":\"es\",\"potentialAction\":[{\"@type\":\"CommentAction\",\"name\":\"Comment\",\"target\":[\"https:\/\/sabado100.com.ar\/es-ar\/ballotage-con-miras-al-2017\/#respond\"]}]},{\"@type\":\"WebPage\",\"@id\":\"https:\/\/sabado100.com.ar\/es-ar\/ballotage-con-miras-al-2017\/\",\"url\":\"https:\/\/sabado100.com.ar\/es-ar\/ballotage-con-miras-al-2017\/\",\"name\":\"Ballotage con miras al 2017 - Sabado 100\",\"isPartOf\":{\"@id\":\"https:\/\/sabado100.com.ar\/es-ar\/#website\"},\"datePublished\":\"2015-11-06T19:14:22+00:00\",\"dateModified\":\"2015-11-06T19:14:22+00:00\",\"breadcrumb\":{\"@id\":\"https:\/\/sabado100.com.ar\/es-ar\/ballotage-con-miras-al-2017\/#breadcrumb\"},\"inLanguage\":\"es\",\"potentialAction\":[{\"@type\":\"ReadAction\",\"target\":[\"https:\/\/sabado100.com.ar\/es-ar\/ballotage-con-miras-al-2017\/\"]}]},{\"@type\":\"BreadcrumbList\",\"@id\":\"https:\/\/sabado100.com.ar\/es-ar\/ballotage-con-miras-al-2017\/#breadcrumb\",\"itemListElement\":[{\"@type\":\"ListItem\",\"position\":1,\"name\":\"Portada\",\"item\":\"https:\/\/sabado100.com.ar\/es-ar\/\"},{\"@type\":\"ListItem\",\"position\":2,\"name\":\"Ballotage con miras al 2017\"}]},{\"@type\":\"WebSite\",\"@id\":\"https:\/\/sabado100.com.ar\/es-ar\/#website\",\"url\":\"https:\/\/sabado100.com.ar\/es-ar\/\",\"name\":\"Sabado 100\",\"description\":\"\",\"publisher\":{\"@id\":\"https:\/\/sabado100.com.ar\/es-ar\/#organization\"},\"potentialAction\":[{\"@type\":\"SearchAction\",\"target\":{\"@type\":\"EntryPoint\",\"urlTemplate\":\"https:\/\/sabado100.com.ar\/es-ar\/?s={search_term_string}\"},\"query-input\":\"required name=search_term_string\"}],\"inLanguage\":\"es\"},{\"@type\":\"Organization\",\"@id\":\"https:\/\/sabado100.com.ar\/es-ar\/#organization\",\"name\":\"Sabado 100\",\"url\":\"https:\/\/sabado100.com.ar\/es-ar\/\",\"logo\":{\"@type\":\"ImageObject\",\"inLanguage\":\"es\",\"@id\":\"https:\/\/sabado100.com.ar\/es-ar\/#\/schema\/logo\/image\/\",\"url\":\"https:\/\/sabado100.com.ar\/es-ar\/wp-content\/uploads\/2024\/04\/logo3.jpg\",\"contentUrl\":\"https:\/\/sabado100.com.ar\/es-ar\/wp-content\/uploads\/2024\/04\/logo3.jpg\",\"width\":300,\"height\":174,\"caption\":\"Sabado 100\"},\"image\":{\"@id\":\"https:\/\/sabado100.com.ar\/es-ar\/#\/schema\/logo\/image\/\"},\"sameAs\":[\"https:\/\/www.facebook.com\/sabadocien\/\",\"https:\/\/www.instagram.com\/sabado100.com.ar\/\",\"https:\/\/www.youtube.com\/@sabado1003\"]},{\"@type\":\"Person\",\"@id\":\"https:\/\/sabado100.com.ar\/es-ar\/#\/schema\/person\/58e38b918ef4e44b11398f25d4684c6d\",\"name\":\"sabado cien\",\"image\":{\"@type\":\"ImageObject\",\"inLanguage\":\"es\",\"@id\":\"https:\/\/sabado100.com.ar\/es-ar\/#\/schema\/person\/image\/\",\"url\":\"https:\/\/sabado100.com.ar\/es-ar\/wp-content\/litespeed\/avatar\/484bccfbd493fbb703b0f1b8113dad61.jpg?ver=1787731622\",\"contentUrl\":\"https:\/\/sabado100.com.ar\/es-ar\/wp-content\/litespeed\/avatar\/484bccfbd493fbb703b0f1b8113dad61.jpg?ver=1787731622\",\"caption\":\"sabado cien\"},\"url\":\"https:\/\/sabado100.com.ar\/es-ar\/author\/sabado100\/\"}]}<\/script>\n<!-- \/ Yoast SEO plugin. -->","yoast_head_json":{"title":"Ballotage con miras al 2017 - Sabado 100","robots":{"index":"index","follow":"follow","max-snippet":"max-snippet:-1","max-image-preview":"max-image-preview:large","max-video-preview":"max-video-preview:-1"},"canonical":"https:\/\/sabado100.com.ar\/es-ar\/ballotage-con-miras-al-2017\/","og_locale":"es_ES","og_type":"article","og_title":"Ballotage con miras al 2017 - Sabado 100","og_description":"Por Mar\u00eda Herminia Grande.- Pasada apenas una semana de la elecci\u00f3n nacional, no s\u00f3lo est\u00e1 la mira puesta en el [&hellip;]","og_url":"https:\/\/sabado100.com.ar\/es-ar\/ballotage-con-miras-al-2017\/","og_site_name":"Sabado 100","article_publisher":"https:\/\/www.facebook.com\/sabadocien\/","article_published_time":"2015-11-06T19:14:22+00:00","author":"sabado cien","twitter_card":"summary_large_image","twitter_misc":{"Escrito por":"sabado cien","Tiempo de lectura":"4 minutos"},"schema":{"@context":"https:\/\/schema.org","@graph":[{"@type":"Article","@id":"https:\/\/sabado100.com.ar\/es-ar\/ballotage-con-miras-al-2017\/#article","isPartOf":{"@id":"https:\/\/sabado100.com.ar\/es-ar\/ballotage-con-miras-al-2017\/"},"author":{"name":"sabado cien","@id":"https:\/\/sabado100.com.ar\/es-ar\/#\/schema\/person\/58e38b918ef4e44b11398f25d4684c6d"},"headline":"Ballotage con miras al 2017","datePublished":"2015-11-06T19:14:22+00:00","dateModified":"2015-11-06T19:14:22+00:00","mainEntityOfPage":{"@id":"https:\/\/sabado100.com.ar\/es-ar\/ballotage-con-miras-al-2017\/"},"wordCount":854,"commentCount":0,"publisher":{"@id":"https:\/\/sabado100.com.ar\/es-ar\/#organization"},"keywords":["Ballotage con miras al 2017"],"articleSection":["Pol\u00edtica"],"inLanguage":"es","potentialAction":[{"@type":"CommentAction","name":"Comment","target":["https:\/\/sabado100.com.ar\/es-ar\/ballotage-con-miras-al-2017\/#respond"]}]},{"@type":"WebPage","@id":"https:\/\/sabado100.com.ar\/es-ar\/ballotage-con-miras-al-2017\/","url":"https:\/\/sabado100.com.ar\/es-ar\/ballotage-con-miras-al-2017\/","name":"Ballotage con miras al 2017 - Sabado 100","isPartOf":{"@id":"https:\/\/sabado100.com.ar\/es-ar\/#website"},"datePublished":"2015-11-06T19:14:22+00:00","dateModified":"2015-11-06T19:14:22+00:00","breadcrumb":{"@id":"https:\/\/sabado100.com.ar\/es-ar\/ballotage-con-miras-al-2017\/#breadcrumb"},"inLanguage":"es","potentialAction":[{"@type":"ReadAction","target":["https:\/\/sabado100.com.ar\/es-ar\/ballotage-con-miras-al-2017\/"]}]},{"@type":"BreadcrumbList","@id":"https:\/\/sabado100.com.ar\/es-ar\/ballotage-con-miras-al-2017\/#breadcrumb","itemListElement":[{"@type":"ListItem","position":1,"name":"Portada","item":"https:\/\/sabado100.com.ar\/es-ar\/"},{"@type":"ListItem","position":2,"name":"Ballotage con miras al 2017"}]},{"@type":"WebSite","@id":"https:\/\/sabado100.com.ar\/es-ar\/#website","url":"https:\/\/sabado100.com.ar\/es-ar\/","name":"Sabado 100","description":"","publisher":{"@id":"https:\/\/sabado100.com.ar\/es-ar\/#organization"},"potentialAction":[{"@type":"SearchAction","target":{"@type":"EntryPoint","urlTemplate":"https:\/\/sabado100.com.ar\/es-ar\/?s={search_term_string}"},"query-input":"required name=search_term_string"}],"inLanguage":"es"},{"@type":"Organization","@id":"https:\/\/sabado100.com.ar\/es-ar\/#organization","name":"Sabado 100","url":"https:\/\/sabado100.com.ar\/es-ar\/","logo":{"@type":"ImageObject","inLanguage":"es","@id":"https:\/\/sabado100.com.ar\/es-ar\/#\/schema\/logo\/image\/","url":"https:\/\/sabado100.com.ar\/es-ar\/wp-content\/uploads\/2024\/04\/logo3.jpg","contentUrl":"https:\/\/sabado100.com.ar\/es-ar\/wp-content\/uploads\/2024\/04\/logo3.jpg","width":300,"height":174,"caption":"Sabado 100"},"image":{"@id":"https:\/\/sabado100.com.ar\/es-ar\/#\/schema\/logo\/image\/"},"sameAs":["https:\/\/www.facebook.com\/sabadocien\/","https:\/\/www.instagram.com\/sabado100.com.ar\/","https:\/\/www.youtube.com\/@sabado1003"]},{"@type":"Person","@id":"https:\/\/sabado100.com.ar\/es-ar\/#\/schema\/person\/58e38b918ef4e44b11398f25d4684c6d","name":"sabado cien","image":{"@type":"ImageObject","inLanguage":"es","@id":"https:\/\/sabado100.com.ar\/es-ar\/#\/schema\/person\/image\/","url":"https:\/\/sabado100.com.ar\/es-ar\/wp-content\/litespeed\/avatar\/484bccfbd493fbb703b0f1b8113dad61.jpg?ver=1787731622","contentUrl":"https:\/\/sabado100.com.ar\/es-ar\/wp-content\/litespeed\/avatar\/484bccfbd493fbb703b0f1b8113dad61.jpg?ver=1787731622","caption":"sabado cien"},"url":"https:\/\/sabado100.com.ar\/es-ar\/author\/sabado100\/"}]}},"_links":{"self":[{"href":"https:\/\/sabado100.com.ar\/es-ar\/wp-json\/wp\/v2\/posts\/4291","targetHints":{"allow":["GET"]}}],"collection":[{"href":"https:\/\/sabado100.com.ar\/es-ar\/wp-json\/wp\/v2\/posts"}],"about":[{"href":"https:\/\/sabado100.com.ar\/es-ar\/wp-json\/wp\/v2\/types\/post"}],"author":[{"embeddable":true,"href":"https:\/\/sabado100.com.ar\/es-ar\/wp-json\/wp\/v2\/users\/2"}],"replies":[{"embeddable":true,"href":"https:\/\/sabado100.com.ar\/es-ar\/wp-json\/wp\/v2\/comments?post=4291"}],"version-history":[{"count":0,"href":"https:\/\/sabado100.com.ar\/es-ar\/wp-json\/wp\/v2\/posts\/4291\/revisions"}],"wp:attachment":[{"href":"https:\/\/sabado100.com.ar\/es-ar\/wp-json\/wp\/v2\/media?parent=4291"}],"wp:term":[{"taxonomy":"category","embeddable":true,"href":"https:\/\/sabado100.com.ar\/es-ar\/wp-json\/wp\/v2\/categories?post=4291"},{"taxonomy":"post_tag","embeddable":true,"href":"https:\/\/sabado100.com.ar\/es-ar\/wp-json\/wp\/v2\/tags?post=4291"}],"curies":[{"name":"wp","href":"https:\/\/api.w.org\/{rel}","templated":true}]}}