{"id":4289,"date":"2015-11-06T21:11:17","date_gmt":"2015-11-06T19:11:17","guid":{"rendered":"https:\/\/www.sabado100.com.ar\/?p=4289"},"modified":"2015-11-06T21:11:17","modified_gmt":"2015-11-06T19:11:17","slug":"134o-aniversario-de-la-ciudad-de-rafaela","status":"publish","type":"post","link":"https:\/\/sabado100.com.ar\/es-ar\/134o-aniversario-de-la-ciudad-de-rafaela\/","title":{"rendered":"134\u00ba aniversario de la ciudad de Rafaela"},"content":{"rendered":"<p><strong>Por Luis Alberto Fern\u00e1ndez.-<\/strong> En el d\u00eda de la ciudad de Rafaela expresamos una vez m\u00e1s con renovada esperanza y gratitud, nuestro deseo de continuar caminando, poniendo cada uno de nosotros su aporte, para que juntos como ciudadanos; desde los talentos confiados, sigamos construyendo esta parte de nuestra patria argentina.<br \/>\nEn la profec\u00eda de Nehem\u00edas la  Palabra de Dios narraba como se hab\u00eda congregado todo el Pueblo a la escucha, y se reflejaban sentimientos de afecto, de hambre y sed de las ense\u00f1anzas, que son el sello, y lo que da identidad y es lo m\u00e1s genuino de la vida de los Pueblos, es decir: su origen, su fuente y su esp\u00edritu. Aquello que los acompa\u00f1ar\u00e1 e ir\u00e1 haciendo la historia de cada d\u00eda, la vida y alma de una ciudad.<br \/>\nEn la Palabra reci\u00e9n proclamada: Esdras, el sacerdote del Antiguo Testamento, en nombre de todo el Pueblo bendijo al Se\u00f1or;  as\u00ed tambi\u00e9n hoy nosotros bendecimos a Dios; y toda Rafaela lo hace porque es Templo, ya que Dios vive en la Ciudad. Un Dios que se hace cercano, manso y humilde, misericordioso y tierno, sabedor de las alegr\u00edas y esperanzas, as\u00ed como de las angustias y tristezas, con las que se va edificando d\u00eda a d\u00eda una ciudad en lo m\u00e1s profundo, desde los cimientos puestos por aquellas 11 familias desde hace ciento treinta y cuatro a\u00f1os.<br \/>\nPor eso estamos llamados a celebrar, a no estar tristes. Porque mirando la vida desde el amor infinito de Dios, cada d\u00eda, a\u00fan los m\u00e1s dif\u00edciles, se hacen llevaderos; y los desaf\u00edos, se van asumiendo siempre con mentalidad realista y superadora.<br \/>\nAnclada en ese esp\u00edritu de sacrificio y esfuerzo, Rafaela es una ciudad que es capaz de llevar adelante, sin excluir a nadie, la cultura del  encuentro; donde lo m\u00faltiple y diverso no deprime  ni a\u00edsla, tampoco se impone con prepotencia y fanatismo, y sin perder de vista sus ra\u00edces, desde la serenidad y confianza que va dando el mismo colectivo social, siendo protagonistas todos se anima a compartir con apertura solidaria, siempre creativa, que se puede en comuni\u00f3n y participaci\u00f3n, crecer y madurar con sencillez y humildad, aportando entre todos sus habitantes, que se puede construir entre todos la Naci\u00f3n argentina.<br \/>\nCuando todos nos sentimos llamados (pol\u00edticos, periodistas, docentes, los distintos credos y comisiones barriales, personal de la salud, etc.), hacemos la plenitud del todo, la ciudad que todos estamos llamados a construir juntos.<br \/>\nLo hacemos cooperando cada uno desde la vocaci\u00f3n recibida, pero todos conscientes de que Dios es el que da el crecimiento a todo este maravilloso sue\u00f1o que se va haciendo real, y que hoy con orgullo es la ciudad de Rafaela. Lo hacemos en las innumerables iniciativas a nivel cultural, tecnol\u00f3gico, en el arte, el deporte, en los obreros y empresarios, en la ni\u00f1ez sana y en familia, en la juventud alegre, trabajadora y que estudia, baila y canta.<br \/>\nLo hacemos en los ancianos que aportan lo m\u00e1s importante, que no s\u00f3lo es la memoria, sino la sabidur\u00eda que les dieron la experiencia de a\u00f1os vividos, lo hacemos tambi\u00e9n en los barrios con sus propias identidades, que aportando y unidos sinti\u00e9ndose parte; van todos formando una gran familia que anhela vivir con fidelidad y pasi\u00f3n, los principios de una vida honesta, y que sin perder sus or\u00edgenes se abre al mundo plural y diverso.<br \/>\nUna ciudad que s\u00f3lo se opone al descarte de las personas y a la discriminaci\u00f3n, sinti\u00e9ndose heredera de pueblos inmigrantes, que va respetando la dignidad de cada persona hasta descubrir en los otros, no solo un semejante, sino algo sagrado, alguien que me pertenece, y que junto a mi va construyendo la ciudad que hoy celebra su fiesta.<br \/>\nPor esto hoy bendecimos a Dios; le damos gracias. Porque la vida de Jes\u00fas ha sido lo que nos ha guiado y acompa\u00f1ado hasta aqu\u00ed, y le pedimos, nos ayude a continuar este sue\u00f1o bello y hermoso que es la ciudad de Rafaela, su gente, sus familias, sus instituciones, y su vida.<br \/>\nEste a\u00f1o de 2015 es la hora, es el tiempo de la historia en que tenemos que salir de los meros formalismos, que hasta nos pueden encerrar en viejos y antiguos rituales que cre\u00edamos superados para estos tiempos nuevos; anacronismos que con el correr del tiempo se han hecho como museos sin vida, de respetos exteriores, de palabras vac\u00edas, de fatalismos y miedos de otras \u00e9pocas; de pensamientos cerrados fan\u00e1ticos y prepotentes, hasta capaces de hacer mafias, de fiestas y alegr\u00edas tentadas a tener su fuente en corrupciones, como la droga, en idolatr\u00edas y org\u00edas.<br \/>\nQue un nuevo relativismo que se quiera imponer, nos recuerde, que gracias a Dios, Cambalache, fue un gran tango de Disc\u00e9polo de 1934:<br \/>\n\u201cQue el mundo fue y ser\u00e1 una porquer\u00eda, ya lo s\u00e9,<br \/>\nen el quinientos seis y en el dos mil tambi\u00e9n.<br \/>\n\u2026Siglo veinte, cambalache, problem\u00e1tico y febril, el que no llora no mama y el que no afana es un gil. \u00a1Dale nom\u00e1s, dale que va, que all\u00e1 en el horno se vamo a encontrar! \u00a1No pienses m\u00e1s, tirate a un lao, que a nadie importa si naciste honrao! Si es lo mismo el que labura noche y d\u00eda como un buey que el que vive de las minas, que el que mata o el que cura o est\u00e1 fuera de la ley\u201d.<br \/>\nPor esto te rogamos Se\u00f1or: \u201cSigue acompa\u00f1\u00e1ndonos a hacer de Rafaela un Pueblo de ciudadanos comprometidos, danos la sabidur\u00eda que quiere seguir viviendo en la verdadera alegr\u00eda del Esp\u00edritu tra\u00edda por nuestros antepasados, creando siempre puentes entre los hombres. Que la esperanza nos impulse a que, como ciudad de Rafaela, pongamos entre todos esa nueva semilla que como Naci\u00f3n Argentina nos merecemos: la verdad, la justicia, la misericordia y la paz.\u201d<\/p>\n<p><strong>El autor es el obispo de la di\u00f3cesis de Rafaela, homil\u00eda pronunciada el 24\/X\/2015 en la Catedral San Rafael con motivo del 134\u00b0 aniversario de la formaci\u00f3n de Rafaela.<\/strong><\/p>\n","protected":false},"excerpt":{"rendered":"<p>Por Luis Alberto Fern\u00e1ndez.- En el d\u00eda de la ciudad de Rafaela expresamos una vez m\u00e1s con renovada esperanza y [&hellip;]<\/p>\n","protected":false},"author":2,"featured_media":0,"comment_status":"open","ping_status":"closed","sticky":false,"template":"","format":"standard","meta":{"site-sidebar-layout":"default","site-content-layout":"","ast-site-content-layout":"default","site-content-style":"default","site-sidebar-style":"default","ast-global-header-display":"","ast-banner-title-visibility":"","ast-main-header-display":"","ast-hfb-above-header-display":"","ast-hfb-below-header-display":"","ast-hfb-mobile-header-display":"","site-post-title":"","ast-breadcrumbs-content":"","ast-featured-img":"","footer-sml-layout":"","ast-disable-related-posts":"","theme-transparent-header-meta":"","adv-header-id-meta":"","stick-header-meta":"","header-above-stick-meta":"","header-main-stick-meta":"","header-below-stick-meta":"","astra-migrate-meta-layouts":"default","ast-page-background-enabled":"default","ast-page-background-meta":{"desktop":{"background-color":"var(--ast-global-color-4)","background-image":"","background-repeat":"repeat","background-position":"center center","background-size":"auto","background-attachment":"scroll","background-type":"","background-media":"","overlay-type":"","overlay-color":"","overlay-opacity":"","overlay-gradient":""},"tablet":{"background-color":"","background-image":"","background-repeat":"repeat","background-position":"center center","background-size":"auto","background-attachment":"scroll","background-type":"","background-media":"","overlay-type":"","overlay-color":"","overlay-opacity":"","overlay-gradient":""},"mobile":{"background-color":"","background-image":"","background-repeat":"repeat","background-position":"center center","background-size":"auto","background-attachment":"scroll","background-type":"","background-media":"","overlay-type":"","overlay-color":"","overlay-opacity":"","overlay-gradient":""}},"ast-content-background-meta":{"desktop":{"background-color":"var(--ast-global-color-5)","background-image":"","background-repeat":"repeat","background-position":"center center","background-size":"auto","background-attachment":"scroll","background-type":"","background-media":"","overlay-type":"","overlay-color":"","overlay-opacity":"","overlay-gradient":""},"tablet":{"background-color":"var(--ast-global-color-5)","background-image":"","background-repeat":"repeat","background-position":"center center","background-size":"auto","background-attachment":"scroll","background-type":"","background-media":"","overlay-type":"","overlay-color":"","overlay-opacity":"","overlay-gradient":""},"mobile":{"background-color":"var(--ast-global-color-5)","background-image":"","background-repeat":"repeat","background-position":"center center","background-size":"auto","background-attachment":"scroll","background-type":"","background-media":"","overlay-type":"","overlay-color":"","overlay-opacity":"","overlay-gradient":""}},"footnotes":""},"categories":[4,29],"tags":[5401],"class_list":["post-4289","post","type-post","status-publish","format-standard","hentry","category-cultura-y-sociedad","category-religion","tag-134-o-aniversario-de-la-ciudad-de-rafaela"],"yoast_head":"<!-- This site is optimized with the Yoast SEO plugin v23.2 - https:\/\/yoast.com\/wordpress\/plugins\/seo\/ -->\n<title>134\u00ba aniversario de la ciudad de Rafaela - Sabado 100<\/title>\n<meta name=\"robots\" content=\"index, follow, max-snippet:-1, max-image-preview:large, max-video-preview:-1\" \/>\n<link rel=\"canonical\" href=\"https:\/\/sabado100.com.ar\/es-ar\/134o-aniversario-de-la-ciudad-de-rafaela\/\" \/>\n<meta property=\"og:locale\" content=\"es_ES\" \/>\n<meta property=\"og:type\" content=\"article\" \/>\n<meta property=\"og:title\" content=\"134\u00ba aniversario de la ciudad de Rafaela - Sabado 100\" \/>\n<meta property=\"og:description\" content=\"Por Luis Alberto Fern\u00e1ndez.- En el d\u00eda de la ciudad de Rafaela expresamos una vez m\u00e1s con renovada esperanza y [&hellip;]\" \/>\n<meta property=\"og:url\" content=\"https:\/\/sabado100.com.ar\/es-ar\/134o-aniversario-de-la-ciudad-de-rafaela\/\" \/>\n<meta property=\"og:site_name\" content=\"Sabado 100\" \/>\n<meta property=\"article:publisher\" content=\"https:\/\/www.facebook.com\/sabadocien\/\" \/>\n<meta property=\"article:published_time\" content=\"2015-11-06T19:11:17+00:00\" \/>\n<meta name=\"author\" content=\"sabado cien\" \/>\n<meta name=\"twitter:card\" content=\"summary_large_image\" \/>\n<meta name=\"twitter:label1\" content=\"Escrito por\" \/>\n\t<meta name=\"twitter:data1\" content=\"sabado cien\" \/>\n\t<meta name=\"twitter:label2\" content=\"Tiempo de lectura\" \/>\n\t<meta name=\"twitter:data2\" content=\"5 minutos\" \/>\n<script type=\"application\/ld+json\" class=\"yoast-schema-graph\">{\"@context\":\"https:\/\/schema.org\",\"@graph\":[{\"@type\":\"Article\",\"@id\":\"https:\/\/sabado100.com.ar\/es-ar\/134o-aniversario-de-la-ciudad-de-rafaela\/#article\",\"isPartOf\":{\"@id\":\"https:\/\/sabado100.com.ar\/es-ar\/134o-aniversario-de-la-ciudad-de-rafaela\/\"},\"author\":{\"name\":\"sabado cien\",\"@id\":\"https:\/\/sabado100.com.ar\/es-ar\/#\/schema\/person\/58e38b918ef4e44b11398f25d4684c6d\"},\"headline\":\"134\u00ba aniversario de la ciudad de Rafaela\",\"datePublished\":\"2015-11-06T19:11:17+00:00\",\"dateModified\":\"2015-11-06T19:11:17+00:00\",\"mainEntityOfPage\":{\"@id\":\"https:\/\/sabado100.com.ar\/es-ar\/134o-aniversario-de-la-ciudad-de-rafaela\/\"},\"wordCount\":1065,\"commentCount\":0,\"publisher\":{\"@id\":\"https:\/\/sabado100.com.ar\/es-ar\/#organization\"},\"keywords\":[\"134 \u00ba ANIVERSARIO DE LA CIUDAD DE RAFAELA\"],\"articleSection\":[\"Cultura y Sociedad\",\"Religi\u00f3n\"],\"inLanguage\":\"es\",\"potentialAction\":[{\"@type\":\"CommentAction\",\"name\":\"Comment\",\"target\":[\"https:\/\/sabado100.com.ar\/es-ar\/134o-aniversario-de-la-ciudad-de-rafaela\/#respond\"]}]},{\"@type\":\"WebPage\",\"@id\":\"https:\/\/sabado100.com.ar\/es-ar\/134o-aniversario-de-la-ciudad-de-rafaela\/\",\"url\":\"https:\/\/sabado100.com.ar\/es-ar\/134o-aniversario-de-la-ciudad-de-rafaela\/\",\"name\":\"134\u00ba aniversario de la ciudad de Rafaela - Sabado 100\",\"isPartOf\":{\"@id\":\"https:\/\/sabado100.com.ar\/es-ar\/#website\"},\"datePublished\":\"2015-11-06T19:11:17+00:00\",\"dateModified\":\"2015-11-06T19:11:17+00:00\",\"breadcrumb\":{\"@id\":\"https:\/\/sabado100.com.ar\/es-ar\/134o-aniversario-de-la-ciudad-de-rafaela\/#breadcrumb\"},\"inLanguage\":\"es\",\"potentialAction\":[{\"@type\":\"ReadAction\",\"target\":[\"https:\/\/sabado100.com.ar\/es-ar\/134o-aniversario-de-la-ciudad-de-rafaela\/\"]}]},{\"@type\":\"BreadcrumbList\",\"@id\":\"https:\/\/sabado100.com.ar\/es-ar\/134o-aniversario-de-la-ciudad-de-rafaela\/#breadcrumb\",\"itemListElement\":[{\"@type\":\"ListItem\",\"position\":1,\"name\":\"Portada\",\"item\":\"https:\/\/sabado100.com.ar\/es-ar\/\"},{\"@type\":\"ListItem\",\"position\":2,\"name\":\"134\u00ba aniversario de la ciudad de Rafaela\"}]},{\"@type\":\"WebSite\",\"@id\":\"https:\/\/sabado100.com.ar\/es-ar\/#website\",\"url\":\"https:\/\/sabado100.com.ar\/es-ar\/\",\"name\":\"Sabado 100\",\"description\":\"\",\"publisher\":{\"@id\":\"https:\/\/sabado100.com.ar\/es-ar\/#organization\"},\"potentialAction\":[{\"@type\":\"SearchAction\",\"target\":{\"@type\":\"EntryPoint\",\"urlTemplate\":\"https:\/\/sabado100.com.ar\/es-ar\/?s={search_term_string}\"},\"query-input\":\"required name=search_term_string\"}],\"inLanguage\":\"es\"},{\"@type\":\"Organization\",\"@id\":\"https:\/\/sabado100.com.ar\/es-ar\/#organization\",\"name\":\"Sabado 100\",\"url\":\"https:\/\/sabado100.com.ar\/es-ar\/\",\"logo\":{\"@type\":\"ImageObject\",\"inLanguage\":\"es\",\"@id\":\"https:\/\/sabado100.com.ar\/es-ar\/#\/schema\/logo\/image\/\",\"url\":\"https:\/\/sabado100.com.ar\/es-ar\/wp-content\/uploads\/2024\/04\/logo3.jpg\",\"contentUrl\":\"https:\/\/sabado100.com.ar\/es-ar\/wp-content\/uploads\/2024\/04\/logo3.jpg\",\"width\":300,\"height\":174,\"caption\":\"Sabado 100\"},\"image\":{\"@id\":\"https:\/\/sabado100.com.ar\/es-ar\/#\/schema\/logo\/image\/\"},\"sameAs\":[\"https:\/\/www.facebook.com\/sabadocien\/\",\"https:\/\/www.instagram.com\/sabado100.com.ar\/\",\"https:\/\/www.youtube.com\/@sabado1003\"]},{\"@type\":\"Person\",\"@id\":\"https:\/\/sabado100.com.ar\/es-ar\/#\/schema\/person\/58e38b918ef4e44b11398f25d4684c6d\",\"name\":\"sabado cien\",\"image\":{\"@type\":\"ImageObject\",\"inLanguage\":\"es\",\"@id\":\"https:\/\/sabado100.com.ar\/es-ar\/#\/schema\/person\/image\/\",\"url\":\"https:\/\/sabado100.com.ar\/es-ar\/wp-content\/litespeed\/avatar\/484bccfbd493fbb703b0f1b8113dad61.jpg?ver=1787731622\",\"contentUrl\":\"https:\/\/sabado100.com.ar\/es-ar\/wp-content\/litespeed\/avatar\/484bccfbd493fbb703b0f1b8113dad61.jpg?ver=1787731622\",\"caption\":\"sabado cien\"},\"url\":\"https:\/\/sabado100.com.ar\/es-ar\/author\/sabado100\/\"}]}<\/script>\n<!-- \/ Yoast SEO plugin. -->","yoast_head_json":{"title":"134\u00ba aniversario de la ciudad de Rafaela - Sabado 100","robots":{"index":"index","follow":"follow","max-snippet":"max-snippet:-1","max-image-preview":"max-image-preview:large","max-video-preview":"max-video-preview:-1"},"canonical":"https:\/\/sabado100.com.ar\/es-ar\/134o-aniversario-de-la-ciudad-de-rafaela\/","og_locale":"es_ES","og_type":"article","og_title":"134\u00ba aniversario de la ciudad de Rafaela - Sabado 100","og_description":"Por Luis Alberto Fern\u00e1ndez.- En el d\u00eda de la ciudad de Rafaela expresamos una vez m\u00e1s con renovada esperanza y [&hellip;]","og_url":"https:\/\/sabado100.com.ar\/es-ar\/134o-aniversario-de-la-ciudad-de-rafaela\/","og_site_name":"Sabado 100","article_publisher":"https:\/\/www.facebook.com\/sabadocien\/","article_published_time":"2015-11-06T19:11:17+00:00","author":"sabado cien","twitter_card":"summary_large_image","twitter_misc":{"Escrito por":"sabado cien","Tiempo de lectura":"5 minutos"},"schema":{"@context":"https:\/\/schema.org","@graph":[{"@type":"Article","@id":"https:\/\/sabado100.com.ar\/es-ar\/134o-aniversario-de-la-ciudad-de-rafaela\/#article","isPartOf":{"@id":"https:\/\/sabado100.com.ar\/es-ar\/134o-aniversario-de-la-ciudad-de-rafaela\/"},"author":{"name":"sabado cien","@id":"https:\/\/sabado100.com.ar\/es-ar\/#\/schema\/person\/58e38b918ef4e44b11398f25d4684c6d"},"headline":"134\u00ba aniversario de la ciudad de Rafaela","datePublished":"2015-11-06T19:11:17+00:00","dateModified":"2015-11-06T19:11:17+00:00","mainEntityOfPage":{"@id":"https:\/\/sabado100.com.ar\/es-ar\/134o-aniversario-de-la-ciudad-de-rafaela\/"},"wordCount":1065,"commentCount":0,"publisher":{"@id":"https:\/\/sabado100.com.ar\/es-ar\/#organization"},"keywords":["134 \u00ba ANIVERSARIO DE LA CIUDAD DE RAFAELA"],"articleSection":["Cultura y Sociedad","Religi\u00f3n"],"inLanguage":"es","potentialAction":[{"@type":"CommentAction","name":"Comment","target":["https:\/\/sabado100.com.ar\/es-ar\/134o-aniversario-de-la-ciudad-de-rafaela\/#respond"]}]},{"@type":"WebPage","@id":"https:\/\/sabado100.com.ar\/es-ar\/134o-aniversario-de-la-ciudad-de-rafaela\/","url":"https:\/\/sabado100.com.ar\/es-ar\/134o-aniversario-de-la-ciudad-de-rafaela\/","name":"134\u00ba aniversario de la ciudad de Rafaela - Sabado 100","isPartOf":{"@id":"https:\/\/sabado100.com.ar\/es-ar\/#website"},"datePublished":"2015-11-06T19:11:17+00:00","dateModified":"2015-11-06T19:11:17+00:00","breadcrumb":{"@id":"https:\/\/sabado100.com.ar\/es-ar\/134o-aniversario-de-la-ciudad-de-rafaela\/#breadcrumb"},"inLanguage":"es","potentialAction":[{"@type":"ReadAction","target":["https:\/\/sabado100.com.ar\/es-ar\/134o-aniversario-de-la-ciudad-de-rafaela\/"]}]},{"@type":"BreadcrumbList","@id":"https:\/\/sabado100.com.ar\/es-ar\/134o-aniversario-de-la-ciudad-de-rafaela\/#breadcrumb","itemListElement":[{"@type":"ListItem","position":1,"name":"Portada","item":"https:\/\/sabado100.com.ar\/es-ar\/"},{"@type":"ListItem","position":2,"name":"134\u00ba aniversario de la ciudad de Rafaela"}]},{"@type":"WebSite","@id":"https:\/\/sabado100.com.ar\/es-ar\/#website","url":"https:\/\/sabado100.com.ar\/es-ar\/","name":"Sabado 100","description":"","publisher":{"@id":"https:\/\/sabado100.com.ar\/es-ar\/#organization"},"potentialAction":[{"@type":"SearchAction","target":{"@type":"EntryPoint","urlTemplate":"https:\/\/sabado100.com.ar\/es-ar\/?s={search_term_string}"},"query-input":"required name=search_term_string"}],"inLanguage":"es"},{"@type":"Organization","@id":"https:\/\/sabado100.com.ar\/es-ar\/#organization","name":"Sabado 100","url":"https:\/\/sabado100.com.ar\/es-ar\/","logo":{"@type":"ImageObject","inLanguage":"es","@id":"https:\/\/sabado100.com.ar\/es-ar\/#\/schema\/logo\/image\/","url":"https:\/\/sabado100.com.ar\/es-ar\/wp-content\/uploads\/2024\/04\/logo3.jpg","contentUrl":"https:\/\/sabado100.com.ar\/es-ar\/wp-content\/uploads\/2024\/04\/logo3.jpg","width":300,"height":174,"caption":"Sabado 100"},"image":{"@id":"https:\/\/sabado100.com.ar\/es-ar\/#\/schema\/logo\/image\/"},"sameAs":["https:\/\/www.facebook.com\/sabadocien\/","https:\/\/www.instagram.com\/sabado100.com.ar\/","https:\/\/www.youtube.com\/@sabado1003"]},{"@type":"Person","@id":"https:\/\/sabado100.com.ar\/es-ar\/#\/schema\/person\/58e38b918ef4e44b11398f25d4684c6d","name":"sabado cien","image":{"@type":"ImageObject","inLanguage":"es","@id":"https:\/\/sabado100.com.ar\/es-ar\/#\/schema\/person\/image\/","url":"https:\/\/sabado100.com.ar\/es-ar\/wp-content\/litespeed\/avatar\/484bccfbd493fbb703b0f1b8113dad61.jpg?ver=1787731622","contentUrl":"https:\/\/sabado100.com.ar\/es-ar\/wp-content\/litespeed\/avatar\/484bccfbd493fbb703b0f1b8113dad61.jpg?ver=1787731622","caption":"sabado cien"},"url":"https:\/\/sabado100.com.ar\/es-ar\/author\/sabado100\/"}]}},"_links":{"self":[{"href":"https:\/\/sabado100.com.ar\/es-ar\/wp-json\/wp\/v2\/posts\/4289","targetHints":{"allow":["GET"]}}],"collection":[{"href":"https:\/\/sabado100.com.ar\/es-ar\/wp-json\/wp\/v2\/posts"}],"about":[{"href":"https:\/\/sabado100.com.ar\/es-ar\/wp-json\/wp\/v2\/types\/post"}],"author":[{"embeddable":true,"href":"https:\/\/sabado100.com.ar\/es-ar\/wp-json\/wp\/v2\/users\/2"}],"replies":[{"embeddable":true,"href":"https:\/\/sabado100.com.ar\/es-ar\/wp-json\/wp\/v2\/comments?post=4289"}],"version-history":[{"count":0,"href":"https:\/\/sabado100.com.ar\/es-ar\/wp-json\/wp\/v2\/posts\/4289\/revisions"}],"wp:attachment":[{"href":"https:\/\/sabado100.com.ar\/es-ar\/wp-json\/wp\/v2\/media?parent=4289"}],"wp:term":[{"taxonomy":"category","embeddable":true,"href":"https:\/\/sabado100.com.ar\/es-ar\/wp-json\/wp\/v2\/categories?post=4289"},{"taxonomy":"post_tag","embeddable":true,"href":"https:\/\/sabado100.com.ar\/es-ar\/wp-json\/wp\/v2\/tags?post=4289"}],"curies":[{"name":"wp","href":"https:\/\/api.w.org\/{rel}","templated":true}]}}