{"id":4284,"date":"2015-10-30T21:42:37","date_gmt":"2015-10-30T19:42:37","guid":{"rendered":"https:\/\/www.sabado100.com.ar\/?p=4284"},"modified":"2015-10-30T21:42:37","modified_gmt":"2015-10-30T19:42:37","slug":"la-peor-noche-del-kirchnerismo","status":"publish","type":"post","link":"https:\/\/sabado100.com.ar\/es-ar\/la-peor-noche-del-kirchnerismo\/","title":{"rendered":"La peor noche del kirchnerismo"},"content":{"rendered":"<p>Por Mar\u00eda Herminia Grande.- De pronto aquel boom latinoamericano traslad\u00f3 su Macondo a la pampa h\u00fameda argentina. El domingo de las elecciones nacionales que inclu\u00edan la elecci\u00f3n presidencial, concluy\u00f3 sin un solo dato oficial. La ciudadan\u00eda conoci\u00f3 la existencia de balottage para el pr\u00f3ximo 22 de noviembre, sin que la pizarra nacional electoral lo refrendara. Reci\u00e9n pasados unos minutos del lunes 26 el Centro de C\u00f3mputos sali\u00f3 de su inmovilismo y produjo otra revelaci\u00f3n: una vez m\u00e1s las encuestas obedecieron otros intereses, no respetaron el debido rigor cient\u00edfico.<\/p>\n<p>En la pol\u00edtica, como en la vida, hay cosas que se pueden hacer y otras no. En el caso de Daniel Scioli, los mayores obst\u00e1culos los tuvo dentro de su sector pol\u00edtico, se le presentaron en su armado -en realidad, en c\u00f3mo le armaron su esquema electoral. Le pusieron el compa\u00f1ero de f\u00f3rmula que no hubiese elegido nunca, y An\u00edbal Fern\u00e1ndez como su candidato en el mayor distrito electoral. Tanta adversidad no se remonta s\u00f3lo con fe y esperanza. La dureza de las muertes por la droga y el narcotr\u00e1fico contrarresta el magnetismo de cualquier plan social. Al hambre se lo puede \u201cenga\u00f1ar\u201d comiendo basura, a los \u201csoldaditos\u201d de la droga no se los rescata con vida y este dolor atraviesa a muchas familias.<\/p>\n<p>Scioli intent\u00f3 marcar sus diferencias anunciando a su futuro gabinete. Cristina lo abraz\u00f3 con La C\u00e1mpora y el modelo. Anoche, en su primer discurso de campa\u00f1a hacia el ballotage, Scioli pareci\u00f3 retroceder en su intento secesionista y volvi\u00f3 a dar fe kirchnerista. Parec\u00eda no recordar que ahora es cuando debe buscar los votos que no lo acompa\u00f1aron.<\/p>\n<p>Sin minimizar las cualidades pol\u00edticas de la flamante gobernadora de Buenos Aires, su adversario era en s\u00ed un l\u00edmite. El triunfo de Mar\u00eda Eugenia Vidal produjo adem\u00e1s un extra\u00f1o fen\u00f3meno para una elecci\u00f3n presidencial, cual es el efecto tracci\u00f3n con la boleta de gobernadora, hacia Macri.<\/p>\n<p>Precisamente, en el caso del candidato presidencial de Cambiemos, la decisi\u00f3n del votante lo obligar\u00e1 a hacer ahora, lo que en tiempo y forma no quiso, es decir, conversar con Sergio Massa qui\u00e9n adelant\u00f3 que redactar\u00e1 un documento con las pol\u00edticas insoslayables para el pr\u00f3ximo gobierno. Carlos Alberto Reutemann, reelegido como senador por Santa Fe, r\u00e1pidamente dijo: \u201cEllos se conocen, se tienen confianza, ya han hablado varias veces. Calculo que Macri y Massa pueden coincidir en temas como narcotr\u00e1fico, pobreza, independencia del poder Judicial\u201d.<\/p>\n<p>A prop\u00f3sito de Santa Fe, Omar Perotti obtuvo las dos bancas del senado nacional en una re\u00f1ida elecci\u00f3n con Reutemann que termin\u00f3 a dos puntos. El caso de mayor notoriedad lo protagoniz\u00f3 el socialismo que retuvo s\u00f3lo una banca de diputado nacional de las cinco que puso en juego. Adem\u00e1s, el diputado electo Marcucci es un radical que responde a Macri. Peor a\u00fan, le ocurri\u00f3 con el titular nacional del socialismo Hermes Binner, que perdi\u00f3 tijera en mano la banca del senado. El otrora gran elector del socialismo, primer gobernador de este partido en la Argentina, retuvo s\u00f3lo el cuarto lugar con el 12% de los votos. En Rosario gan\u00f3 Scioli, en la provincia Macri. Margarita Stolbizer no fue acompa\u00f1ada por el voto socialista.<\/p>\n<p>A\u00fan el pr\u00f3ximo presidente de los argentinos est\u00e1 en las urnas. Macri o Scioli deber\u00e1n convencer a quienes no los votaron. Si Scioli gana deber\u00e1 adem\u00e1s convertirse en el l\u00edder del oficialismo. Si Macri gana Cristina Fern\u00e1ndez de Kirchner \u00bfser\u00e1 la oposici\u00f3n? El liderazgo Pro, \u00bfse extender\u00e1 a Cambiemos? Los radicales \u00bfaceptar\u00e1n esta metamorfosis?<\/p>\n<p>Argentina deber\u00e1 analizar con tiempo si sigue apostando a hombres y mujeres cuyos apellidos definen sus estructuras pol\u00edticas; o se anima a construir partidos pol\u00edticos din\u00e1micos y s\u00f3lidos con hombres y mujeres que los representen.<\/p>\n<p>Fuente: opinion.infobae.com\/maria-herminia-grande\/2015\/10\/26\/la-noche-oscura-del-kirchnerismo\/<\/p>\n","protected":false},"excerpt":{"rendered":"<p>Por Mar\u00eda Herminia Grande.- De pronto aquel boom latinoamericano traslad\u00f3 su Macondo a la pampa h\u00fameda argentina. El domingo de [&hellip;]<\/p>\n","protected":false},"author":2,"featured_media":0,"comment_status":"open","ping_status":"closed","sticky":false,"template":"","format":"standard","meta":{"site-sidebar-layout":"default","site-content-layout":"","ast-site-content-layout":"default","site-content-style":"default","site-sidebar-style":"default","ast-global-header-display":"","ast-banner-title-visibility":"","ast-main-header-display":"","ast-hfb-above-header-display":"","ast-hfb-below-header-display":"","ast-hfb-mobile-header-display":"","site-post-title":"","ast-breadcrumbs-content":"","ast-featured-img":"","footer-sml-layout":"","ast-disable-related-posts":"","theme-transparent-header-meta":"","adv-header-id-meta":"","stick-header-meta":"","header-above-stick-meta":"","header-main-stick-meta":"","header-below-stick-meta":"","astra-migrate-meta-layouts":"default","ast-page-background-enabled":"default","ast-page-background-meta":{"desktop":{"background-color":"var(--ast-global-color-4)","background-image":"","background-repeat":"repeat","background-position":"center center","background-size":"auto","background-attachment":"scroll","background-type":"","background-media":"","overlay-type":"","overlay-color":"","overlay-opacity":"","overlay-gradient":""},"tablet":{"background-color":"","background-image":"","background-repeat":"repeat","background-position":"center center","background-size":"auto","background-attachment":"scroll","background-type":"","background-media":"","overlay-type":"","overlay-color":"","overlay-opacity":"","overlay-gradient":""},"mobile":{"background-color":"","background-image":"","background-repeat":"repeat","background-position":"center center","background-size":"auto","background-attachment":"scroll","background-type":"","background-media":"","overlay-type":"","overlay-color":"","overlay-opacity":"","overlay-gradient":""}},"ast-content-background-meta":{"desktop":{"background-color":"var(--ast-global-color-5)","background-image":"","background-repeat":"repeat","background-position":"center center","background-size":"auto","background-attachment":"scroll","background-type":"","background-media":"","overlay-type":"","overlay-color":"","overlay-opacity":"","overlay-gradient":""},"tablet":{"background-color":"var(--ast-global-color-5)","background-image":"","background-repeat":"repeat","background-position":"center center","background-size":"auto","background-attachment":"scroll","background-type":"","background-media":"","overlay-type":"","overlay-color":"","overlay-opacity":"","overlay-gradient":""},"mobile":{"background-color":"var(--ast-global-color-5)","background-image":"","background-repeat":"repeat","background-position":"center center","background-size":"auto","background-attachment":"scroll","background-type":"","background-media":"","overlay-type":"","overlay-color":"","overlay-opacity":"","overlay-gradient":""}},"footnotes":""},"categories":[5],"tags":[5399],"class_list":["post-4284","post","type-post","status-publish","format-standard","hentry","category-politica","tag-la-peor-noche-del-kirchnerismo"],"yoast_head":"<!-- This site is optimized with the Yoast SEO plugin v23.2 - https:\/\/yoast.com\/wordpress\/plugins\/seo\/ -->\n<title>La peor noche del kirchnerismo - Sabado 100<\/title>\n<meta name=\"robots\" content=\"index, follow, max-snippet:-1, max-image-preview:large, max-video-preview:-1\" \/>\n<link rel=\"canonical\" href=\"https:\/\/sabado100.com.ar\/es-ar\/la-peor-noche-del-kirchnerismo\/\" \/>\n<meta property=\"og:locale\" content=\"es_ES\" \/>\n<meta property=\"og:type\" content=\"article\" \/>\n<meta property=\"og:title\" content=\"La peor noche del kirchnerismo - Sabado 100\" \/>\n<meta property=\"og:description\" content=\"Por Mar\u00eda Herminia Grande.- De pronto aquel boom latinoamericano traslad\u00f3 su Macondo a la pampa h\u00fameda argentina. El domingo de [&hellip;]\" \/>\n<meta property=\"og:url\" content=\"https:\/\/sabado100.com.ar\/es-ar\/la-peor-noche-del-kirchnerismo\/\" \/>\n<meta property=\"og:site_name\" content=\"Sabado 100\" \/>\n<meta property=\"article:publisher\" content=\"https:\/\/www.facebook.com\/sabadocien\/\" \/>\n<meta property=\"article:published_time\" content=\"2015-10-30T19:42:37+00:00\" \/>\n<meta name=\"author\" content=\"sabado cien\" \/>\n<meta name=\"twitter:card\" content=\"summary_large_image\" \/>\n<meta name=\"twitter:label1\" content=\"Escrito por\" \/>\n\t<meta name=\"twitter:data1\" content=\"sabado cien\" \/>\n\t<meta name=\"twitter:label2\" content=\"Tiempo de lectura\" \/>\n\t<meta name=\"twitter:data2\" content=\"3 minutos\" \/>\n<script type=\"application\/ld+json\" class=\"yoast-schema-graph\">{\"@context\":\"https:\/\/schema.org\",\"@graph\":[{\"@type\":\"Article\",\"@id\":\"https:\/\/sabado100.com.ar\/es-ar\/la-peor-noche-del-kirchnerismo\/#article\",\"isPartOf\":{\"@id\":\"https:\/\/sabado100.com.ar\/es-ar\/la-peor-noche-del-kirchnerismo\/\"},\"author\":{\"name\":\"sabado cien\",\"@id\":\"https:\/\/sabado100.com.ar\/es-ar\/#\/schema\/person\/58e38b918ef4e44b11398f25d4684c6d\"},\"headline\":\"La peor noche del kirchnerismo\",\"datePublished\":\"2015-10-30T19:42:37+00:00\",\"dateModified\":\"2015-10-30T19:42:37+00:00\",\"mainEntityOfPage\":{\"@id\":\"https:\/\/sabado100.com.ar\/es-ar\/la-peor-noche-del-kirchnerismo\/\"},\"wordCount\":681,\"commentCount\":0,\"publisher\":{\"@id\":\"https:\/\/sabado100.com.ar\/es-ar\/#organization\"},\"keywords\":[\"La peor noche del kirchnerismo\"],\"articleSection\":[\"Pol\u00edtica\"],\"inLanguage\":\"es\",\"potentialAction\":[{\"@type\":\"CommentAction\",\"name\":\"Comment\",\"target\":[\"https:\/\/sabado100.com.ar\/es-ar\/la-peor-noche-del-kirchnerismo\/#respond\"]}]},{\"@type\":\"WebPage\",\"@id\":\"https:\/\/sabado100.com.ar\/es-ar\/la-peor-noche-del-kirchnerismo\/\",\"url\":\"https:\/\/sabado100.com.ar\/es-ar\/la-peor-noche-del-kirchnerismo\/\",\"name\":\"La peor noche del kirchnerismo - Sabado 100\",\"isPartOf\":{\"@id\":\"https:\/\/sabado100.com.ar\/es-ar\/#website\"},\"datePublished\":\"2015-10-30T19:42:37+00:00\",\"dateModified\":\"2015-10-30T19:42:37+00:00\",\"breadcrumb\":{\"@id\":\"https:\/\/sabado100.com.ar\/es-ar\/la-peor-noche-del-kirchnerismo\/#breadcrumb\"},\"inLanguage\":\"es\",\"potentialAction\":[{\"@type\":\"ReadAction\",\"target\":[\"https:\/\/sabado100.com.ar\/es-ar\/la-peor-noche-del-kirchnerismo\/\"]}]},{\"@type\":\"BreadcrumbList\",\"@id\":\"https:\/\/sabado100.com.ar\/es-ar\/la-peor-noche-del-kirchnerismo\/#breadcrumb\",\"itemListElement\":[{\"@type\":\"ListItem\",\"position\":1,\"name\":\"Portada\",\"item\":\"https:\/\/sabado100.com.ar\/es-ar\/\"},{\"@type\":\"ListItem\",\"position\":2,\"name\":\"La peor noche del kirchnerismo\"}]},{\"@type\":\"WebSite\",\"@id\":\"https:\/\/sabado100.com.ar\/es-ar\/#website\",\"url\":\"https:\/\/sabado100.com.ar\/es-ar\/\",\"name\":\"Sabado 100\",\"description\":\"\",\"publisher\":{\"@id\":\"https:\/\/sabado100.com.ar\/es-ar\/#organization\"},\"potentialAction\":[{\"@type\":\"SearchAction\",\"target\":{\"@type\":\"EntryPoint\",\"urlTemplate\":\"https:\/\/sabado100.com.ar\/es-ar\/?s={search_term_string}\"},\"query-input\":\"required name=search_term_string\"}],\"inLanguage\":\"es\"},{\"@type\":\"Organization\",\"@id\":\"https:\/\/sabado100.com.ar\/es-ar\/#organization\",\"name\":\"Sabado 100\",\"url\":\"https:\/\/sabado100.com.ar\/es-ar\/\",\"logo\":{\"@type\":\"ImageObject\",\"inLanguage\":\"es\",\"@id\":\"https:\/\/sabado100.com.ar\/es-ar\/#\/schema\/logo\/image\/\",\"url\":\"https:\/\/sabado100.com.ar\/es-ar\/wp-content\/uploads\/2024\/04\/logo3.jpg\",\"contentUrl\":\"https:\/\/sabado100.com.ar\/es-ar\/wp-content\/uploads\/2024\/04\/logo3.jpg\",\"width\":300,\"height\":174,\"caption\":\"Sabado 100\"},\"image\":{\"@id\":\"https:\/\/sabado100.com.ar\/es-ar\/#\/schema\/logo\/image\/\"},\"sameAs\":[\"https:\/\/www.facebook.com\/sabadocien\/\",\"https:\/\/www.instagram.com\/sabado100.com.ar\/\",\"https:\/\/www.youtube.com\/@sabado1003\"]},{\"@type\":\"Person\",\"@id\":\"https:\/\/sabado100.com.ar\/es-ar\/#\/schema\/person\/58e38b918ef4e44b11398f25d4684c6d\",\"name\":\"sabado cien\",\"image\":{\"@type\":\"ImageObject\",\"inLanguage\":\"es\",\"@id\":\"https:\/\/sabado100.com.ar\/es-ar\/#\/schema\/person\/image\/\",\"url\":\"https:\/\/sabado100.com.ar\/es-ar\/wp-content\/litespeed\/avatar\/484bccfbd493fbb703b0f1b8113dad61.jpg?ver=1787731622\",\"contentUrl\":\"https:\/\/sabado100.com.ar\/es-ar\/wp-content\/litespeed\/avatar\/484bccfbd493fbb703b0f1b8113dad61.jpg?ver=1787731622\",\"caption\":\"sabado cien\"},\"url\":\"https:\/\/sabado100.com.ar\/es-ar\/author\/sabado100\/\"}]}<\/script>\n<!-- \/ Yoast SEO plugin. -->","yoast_head_json":{"title":"La peor noche del kirchnerismo - Sabado 100","robots":{"index":"index","follow":"follow","max-snippet":"max-snippet:-1","max-image-preview":"max-image-preview:large","max-video-preview":"max-video-preview:-1"},"canonical":"https:\/\/sabado100.com.ar\/es-ar\/la-peor-noche-del-kirchnerismo\/","og_locale":"es_ES","og_type":"article","og_title":"La peor noche del kirchnerismo - Sabado 100","og_description":"Por Mar\u00eda Herminia Grande.- De pronto aquel boom latinoamericano traslad\u00f3 su Macondo a la pampa h\u00fameda argentina. El domingo de [&hellip;]","og_url":"https:\/\/sabado100.com.ar\/es-ar\/la-peor-noche-del-kirchnerismo\/","og_site_name":"Sabado 100","article_publisher":"https:\/\/www.facebook.com\/sabadocien\/","article_published_time":"2015-10-30T19:42:37+00:00","author":"sabado cien","twitter_card":"summary_large_image","twitter_misc":{"Escrito por":"sabado cien","Tiempo de lectura":"3 minutos"},"schema":{"@context":"https:\/\/schema.org","@graph":[{"@type":"Article","@id":"https:\/\/sabado100.com.ar\/es-ar\/la-peor-noche-del-kirchnerismo\/#article","isPartOf":{"@id":"https:\/\/sabado100.com.ar\/es-ar\/la-peor-noche-del-kirchnerismo\/"},"author":{"name":"sabado cien","@id":"https:\/\/sabado100.com.ar\/es-ar\/#\/schema\/person\/58e38b918ef4e44b11398f25d4684c6d"},"headline":"La peor noche del kirchnerismo","datePublished":"2015-10-30T19:42:37+00:00","dateModified":"2015-10-30T19:42:37+00:00","mainEntityOfPage":{"@id":"https:\/\/sabado100.com.ar\/es-ar\/la-peor-noche-del-kirchnerismo\/"},"wordCount":681,"commentCount":0,"publisher":{"@id":"https:\/\/sabado100.com.ar\/es-ar\/#organization"},"keywords":["La peor noche del kirchnerismo"],"articleSection":["Pol\u00edtica"],"inLanguage":"es","potentialAction":[{"@type":"CommentAction","name":"Comment","target":["https:\/\/sabado100.com.ar\/es-ar\/la-peor-noche-del-kirchnerismo\/#respond"]}]},{"@type":"WebPage","@id":"https:\/\/sabado100.com.ar\/es-ar\/la-peor-noche-del-kirchnerismo\/","url":"https:\/\/sabado100.com.ar\/es-ar\/la-peor-noche-del-kirchnerismo\/","name":"La peor noche del kirchnerismo - Sabado 100","isPartOf":{"@id":"https:\/\/sabado100.com.ar\/es-ar\/#website"},"datePublished":"2015-10-30T19:42:37+00:00","dateModified":"2015-10-30T19:42:37+00:00","breadcrumb":{"@id":"https:\/\/sabado100.com.ar\/es-ar\/la-peor-noche-del-kirchnerismo\/#breadcrumb"},"inLanguage":"es","potentialAction":[{"@type":"ReadAction","target":["https:\/\/sabado100.com.ar\/es-ar\/la-peor-noche-del-kirchnerismo\/"]}]},{"@type":"BreadcrumbList","@id":"https:\/\/sabado100.com.ar\/es-ar\/la-peor-noche-del-kirchnerismo\/#breadcrumb","itemListElement":[{"@type":"ListItem","position":1,"name":"Portada","item":"https:\/\/sabado100.com.ar\/es-ar\/"},{"@type":"ListItem","position":2,"name":"La peor noche del kirchnerismo"}]},{"@type":"WebSite","@id":"https:\/\/sabado100.com.ar\/es-ar\/#website","url":"https:\/\/sabado100.com.ar\/es-ar\/","name":"Sabado 100","description":"","publisher":{"@id":"https:\/\/sabado100.com.ar\/es-ar\/#organization"},"potentialAction":[{"@type":"SearchAction","target":{"@type":"EntryPoint","urlTemplate":"https:\/\/sabado100.com.ar\/es-ar\/?s={search_term_string}"},"query-input":"required name=search_term_string"}],"inLanguage":"es"},{"@type":"Organization","@id":"https:\/\/sabado100.com.ar\/es-ar\/#organization","name":"Sabado 100","url":"https:\/\/sabado100.com.ar\/es-ar\/","logo":{"@type":"ImageObject","inLanguage":"es","@id":"https:\/\/sabado100.com.ar\/es-ar\/#\/schema\/logo\/image\/","url":"https:\/\/sabado100.com.ar\/es-ar\/wp-content\/uploads\/2024\/04\/logo3.jpg","contentUrl":"https:\/\/sabado100.com.ar\/es-ar\/wp-content\/uploads\/2024\/04\/logo3.jpg","width":300,"height":174,"caption":"Sabado 100"},"image":{"@id":"https:\/\/sabado100.com.ar\/es-ar\/#\/schema\/logo\/image\/"},"sameAs":["https:\/\/www.facebook.com\/sabadocien\/","https:\/\/www.instagram.com\/sabado100.com.ar\/","https:\/\/www.youtube.com\/@sabado1003"]},{"@type":"Person","@id":"https:\/\/sabado100.com.ar\/es-ar\/#\/schema\/person\/58e38b918ef4e44b11398f25d4684c6d","name":"sabado cien","image":{"@type":"ImageObject","inLanguage":"es","@id":"https:\/\/sabado100.com.ar\/es-ar\/#\/schema\/person\/image\/","url":"https:\/\/sabado100.com.ar\/es-ar\/wp-content\/litespeed\/avatar\/484bccfbd493fbb703b0f1b8113dad61.jpg?ver=1787731622","contentUrl":"https:\/\/sabado100.com.ar\/es-ar\/wp-content\/litespeed\/avatar\/484bccfbd493fbb703b0f1b8113dad61.jpg?ver=1787731622","caption":"sabado cien"},"url":"https:\/\/sabado100.com.ar\/es-ar\/author\/sabado100\/"}]}},"_links":{"self":[{"href":"https:\/\/sabado100.com.ar\/es-ar\/wp-json\/wp\/v2\/posts\/4284","targetHints":{"allow":["GET"]}}],"collection":[{"href":"https:\/\/sabado100.com.ar\/es-ar\/wp-json\/wp\/v2\/posts"}],"about":[{"href":"https:\/\/sabado100.com.ar\/es-ar\/wp-json\/wp\/v2\/types\/post"}],"author":[{"embeddable":true,"href":"https:\/\/sabado100.com.ar\/es-ar\/wp-json\/wp\/v2\/users\/2"}],"replies":[{"embeddable":true,"href":"https:\/\/sabado100.com.ar\/es-ar\/wp-json\/wp\/v2\/comments?post=4284"}],"version-history":[{"count":0,"href":"https:\/\/sabado100.com.ar\/es-ar\/wp-json\/wp\/v2\/posts\/4284\/revisions"}],"wp:attachment":[{"href":"https:\/\/sabado100.com.ar\/es-ar\/wp-json\/wp\/v2\/media?parent=4284"}],"wp:term":[{"taxonomy":"category","embeddable":true,"href":"https:\/\/sabado100.com.ar\/es-ar\/wp-json\/wp\/v2\/categories?post=4284"},{"taxonomy":"post_tag","embeddable":true,"href":"https:\/\/sabado100.com.ar\/es-ar\/wp-json\/wp\/v2\/tags?post=4284"}],"curies":[{"name":"wp","href":"https:\/\/api.w.org\/{rel}","templated":true}]}}