{"id":4277,"date":"2015-10-23T16:20:16","date_gmt":"2015-10-23T14:20:16","guid":{"rendered":"https:\/\/www.sabado100.com.ar\/?p=4277"},"modified":"2015-10-23T16:20:16","modified_gmt":"2015-10-23T14:20:16","slug":"hacia-un-gobierno-de-coalicion","status":"publish","type":"post","link":"https:\/\/sabado100.com.ar\/es-ar\/hacia-un-gobierno-de-coalicion\/","title":{"rendered":"Hacia un Gobierno de coalici\u00f3n"},"content":{"rendered":"<p><strong>Por Mar\u00eda Herminia Grande.-<\/strong> La semana clave para la definici\u00f3n electoral del domingo comenz\u00f3 con m\u00e1s dudas que certezas, dado que la sumatoria del porcentaje de quienes dicen saber a qui\u00e9n votar, pero a su vez aceptan ser permeables a cambiar su voto, m\u00e1s los indecisos asciende a un 32 por ciento. Lo cierto es que no aparece la seguridad de ganador en primera vuelta o la posibilidad de ballotage. No obstante, queda s\u00f3lo un pu\u00f1ado de horas para conocer la realidad. La desesperaci\u00f3n de los candidatos por acceder al poder intenta, como estamos viendo, contagiarle al ciudadano sus elucubraciones, sus sumas y sus restas, sus conveniencias o sus inconveniencias.<br \/>\nLa falta de claridad de los protagonistas presidenciables pretende de esta manera enredar al ciudadano votante para salvar sus falencias, invit\u00e1ndolo a jugar un juego que el votante no tiene que aceptar. Votar a Juan para que no gane Pedro y ser parte del pedido de Juan condiciona al votante, lo aleja de lo que debiese ser la esencia de un votante en democracia: elegir a quien desee por plena convicci\u00f3n o al menos porque es la oferta que m\u00e1s le atrae. Estos juegos pol\u00edticos terminan siendo una trampa para la libertad de conciencia del ciudadano. Porque se alude al voto \u00fatil, al voto estrat\u00e9gico, al voto continuidad, al voto cambio. Ninguno de estos conceptos por s\u00ed solo define nada. Una rep\u00fablica merece que los aspirantes a conducirla hablen al electorado con claridad sobre sus propuestas. A\u00fan o especialmente sobre los temas m\u00e1s dolorosos. Si se es adulto para darle un voto de confianza a quien conducir\u00e1 los destinos de Argentina, se lo es tambi\u00e9n para saber qu\u00e9 har\u00e1 ese delegado por cuatro a\u00f1os, con nuestras vidas.<br \/>\nTodo indica que Argentina va hacia un Gobierno de coalici\u00f3n. Si Daniel Scioli se impone el domingo, ser\u00e1 un Gobierno de coalici\u00f3n entre peronistas. Si hay ballotage, ser\u00e1 una coalici\u00f3n a tres voces.<br \/>\nScioli y Sergio Massa en su divisi\u00f3n suman el voto peronista que conquist\u00f3 la presidente Kirchner en el 2011. Massa aglutina fundamentalmente el voto peronista antikirchnerista. Cada candidato, con base en prueba y error, fue intentando en estos meses captar un voto determinado. En un primer momento, Massa y Mauricio Macri buscaron el voto antikirchnerista. Luego, primero Massa y por \u00faltimo Macri, dejaron de avergonzarse del voto peronista y hoy caminan las calles pidi\u00e9ndolo. Por el contrario, Scioli se aferr\u00f3 al modelo de Cristina y soport\u00f3 incluso humillaciones para convertirse en el mejor alumno y sucesor ideol\u00f3gico de la Presidente. Pero para asegurar el sill\u00f3n de Rivadavia, en estos \u00faltimos d\u00edas intent\u00f3 mostrarse con facetas aperturistas, amplias, y dio a conocer los integrantes de su futuro gabinete. Intent\u00f3 as\u00ed ir m\u00e1s all\u00e1 del voto de continuidad del modelo. Este gesto de independencia provoc\u00f3 en la Presidente la necesidad de nombrarlo por primera vez como su continuidad. La C\u00e1mpora sostiene que no importa qu\u00e9 nombres convoque Scioli, dado que deber\u00e1n ser fieles al modelo. Si gana Scioli, tendr\u00e1 la lapicera, \u00bfCristina tendr\u00e1 el l\u00e1tigo?<br \/>\nPol\u00edticamente la \u00fanica certeza es que no habr\u00e1 en el Legislativo mayor\u00eda absoluta. La otra certeza que ofrece la realidad de nuestra patria para el presidente electo es la de una Argentina con violencia insoportable por la inseguridad, la narcocriminalidad en aumento, la corrupci\u00f3n ind\u00f3mita, la justicia muy ama\u00f1ada, las econom\u00edas regionales agonizantes, la pobreza en crecimiento y, a pesar de todo, un pa\u00eds que, dada sus potencialidades, puede recuperarse con pol\u00edticas bien aplicadas, bien ejecutadas y bien administradas.<\/p>\n<p><strong>Pol\u00edtica en Santa Fe<\/strong><\/p>\n<p>La dupla Daniel Scioli-Omar Perotti result\u00f3 efectiva para el piso del electorado peronista santafesino (33%). Todo lleva a pensar que mantendr\u00e1 sin riesgo el primer lugar en la preferencia electoral. En el caso de Mauricio Macri, la sociedad con Carlos Reutemann no dio los resultados esperados. Carlos Reutemann dijo: \u201cYo soy peronista y lo m\u00edo con Macri desde el inicio fue claro: es una alianza\u201d. En esta oportunidad la campera roja del Reutemann que en campa\u00f1a no dejaba pueblito por recorrer brill\u00f3 por su ausencia, s\u00f3lo \u201cprest\u00f3\u201d su presencia militante en algunos programas de radio y televisi\u00f3n capitalinos. En el caso de Sergio Massa, este se equivoc\u00f3 con la elecci\u00f3n de los dos candidatos a gobernador, lo que motiv\u00f3 el alejamiento de Reutemann. Por \u00faltimo, resulta degradante el voto mendigante que, tijera en mano, Hermes Binner suplica al que pasa.<\/p>\n<p>@mhgrande<br \/>\nhtpps:\/\/www.facebook.com\/mgperiodismo<br \/>\nwww.mariaherminiagrande.com.ar<br \/>\n<strong>Fuente:<\/strong> Martes 20 de octubre, 2015, Infobae.<\/p>\n","protected":false},"excerpt":{"rendered":"<p>Por Mar\u00eda Herminia Grande.- La semana clave para la definici\u00f3n electoral del domingo comenz\u00f3 con m\u00e1s dudas que certezas, dado [&hellip;]<\/p>\n","protected":false},"author":2,"featured_media":0,"comment_status":"open","ping_status":"closed","sticky":false,"template":"","format":"standard","meta":{"site-sidebar-layout":"default","site-content-layout":"","ast-site-content-layout":"default","site-content-style":"default","site-sidebar-style":"default","ast-global-header-display":"","ast-banner-title-visibility":"","ast-main-header-display":"","ast-hfb-above-header-display":"","ast-hfb-below-header-display":"","ast-hfb-mobile-header-display":"","site-post-title":"","ast-breadcrumbs-content":"","ast-featured-img":"","footer-sml-layout":"","ast-disable-related-posts":"","theme-transparent-header-meta":"","adv-header-id-meta":"","stick-header-meta":"","header-above-stick-meta":"","header-main-stick-meta":"","header-below-stick-meta":"","astra-migrate-meta-layouts":"default","ast-page-background-enabled":"default","ast-page-background-meta":{"desktop":{"background-color":"var(--ast-global-color-4)","background-image":"","background-repeat":"repeat","background-position":"center center","background-size":"auto","background-attachment":"scroll","background-type":"","background-media":"","overlay-type":"","overlay-color":"","overlay-opacity":"","overlay-gradient":""},"tablet":{"background-color":"","background-image":"","background-repeat":"repeat","background-position":"center center","background-size":"auto","background-attachment":"scroll","background-type":"","background-media":"","overlay-type":"","overlay-color":"","overlay-opacity":"","overlay-gradient":""},"mobile":{"background-color":"","background-image":"","background-repeat":"repeat","background-position":"center center","background-size":"auto","background-attachment":"scroll","background-type":"","background-media":"","overlay-type":"","overlay-color":"","overlay-opacity":"","overlay-gradient":""}},"ast-content-background-meta":{"desktop":{"background-color":"var(--ast-global-color-5)","background-image":"","background-repeat":"repeat","background-position":"center center","background-size":"auto","background-attachment":"scroll","background-type":"","background-media":"","overlay-type":"","overlay-color":"","overlay-opacity":"","overlay-gradient":""},"tablet":{"background-color":"var(--ast-global-color-5)","background-image":"","background-repeat":"repeat","background-position":"center center","background-size":"auto","background-attachment":"scroll","background-type":"","background-media":"","overlay-type":"","overlay-color":"","overlay-opacity":"","overlay-gradient":""},"mobile":{"background-color":"var(--ast-global-color-5)","background-image":"","background-repeat":"repeat","background-position":"center center","background-size":"auto","background-attachment":"scroll","background-type":"","background-media":"","overlay-type":"","overlay-color":"","overlay-opacity":"","overlay-gradient":""}},"footnotes":""},"categories":[5],"tags":[5397],"class_list":["post-4277","post","type-post","status-publish","format-standard","hentry","category-politica","tag-hacia-un-gobierno-de-coalicion"],"yoast_head":"<!-- This site is optimized with the Yoast SEO plugin v23.2 - https:\/\/yoast.com\/wordpress\/plugins\/seo\/ -->\n<title>Hacia un Gobierno de coalici\u00f3n - Sabado 100<\/title>\n<meta name=\"robots\" content=\"index, follow, max-snippet:-1, max-image-preview:large, max-video-preview:-1\" \/>\n<link rel=\"canonical\" href=\"https:\/\/sabado100.com.ar\/es-ar\/hacia-un-gobierno-de-coalicion\/\" \/>\n<meta property=\"og:locale\" content=\"es_ES\" \/>\n<meta property=\"og:type\" content=\"article\" \/>\n<meta property=\"og:title\" content=\"Hacia un Gobierno de coalici\u00f3n - Sabado 100\" \/>\n<meta property=\"og:description\" content=\"Por Mar\u00eda Herminia Grande.- La semana clave para la definici\u00f3n electoral del domingo comenz\u00f3 con m\u00e1s dudas que certezas, dado [&hellip;]\" \/>\n<meta property=\"og:url\" content=\"https:\/\/sabado100.com.ar\/es-ar\/hacia-un-gobierno-de-coalicion\/\" \/>\n<meta property=\"og:site_name\" content=\"Sabado 100\" \/>\n<meta property=\"article:publisher\" content=\"https:\/\/www.facebook.com\/sabadocien\/\" \/>\n<meta property=\"article:published_time\" content=\"2015-10-23T14:20:16+00:00\" \/>\n<meta name=\"author\" content=\"sabado cien\" \/>\n<meta name=\"twitter:card\" content=\"summary_large_image\" \/>\n<meta name=\"twitter:label1\" content=\"Escrito por\" \/>\n\t<meta name=\"twitter:data1\" content=\"sabado cien\" \/>\n\t<meta name=\"twitter:label2\" content=\"Tiempo de lectura\" \/>\n\t<meta name=\"twitter:data2\" content=\"4 minutos\" \/>\n<script type=\"application\/ld+json\" class=\"yoast-schema-graph\">{\"@context\":\"https:\/\/schema.org\",\"@graph\":[{\"@type\":\"Article\",\"@id\":\"https:\/\/sabado100.com.ar\/es-ar\/hacia-un-gobierno-de-coalicion\/#article\",\"isPartOf\":{\"@id\":\"https:\/\/sabado100.com.ar\/es-ar\/hacia-un-gobierno-de-coalicion\/\"},\"author\":{\"name\":\"sabado cien\",\"@id\":\"https:\/\/sabado100.com.ar\/es-ar\/#\/schema\/person\/58e38b918ef4e44b11398f25d4684c6d\"},\"headline\":\"Hacia un Gobierno de coalici\u00f3n\",\"datePublished\":\"2015-10-23T14:20:16+00:00\",\"dateModified\":\"2015-10-23T14:20:16+00:00\",\"mainEntityOfPage\":{\"@id\":\"https:\/\/sabado100.com.ar\/es-ar\/hacia-un-gobierno-de-coalicion\/\"},\"wordCount\":789,\"commentCount\":0,\"publisher\":{\"@id\":\"https:\/\/sabado100.com.ar\/es-ar\/#organization\"},\"keywords\":[\"Hacia un Gobierno de coalici\u00f3n\"],\"articleSection\":[\"Pol\u00edtica\"],\"inLanguage\":\"es\",\"potentialAction\":[{\"@type\":\"CommentAction\",\"name\":\"Comment\",\"target\":[\"https:\/\/sabado100.com.ar\/es-ar\/hacia-un-gobierno-de-coalicion\/#respond\"]}]},{\"@type\":\"WebPage\",\"@id\":\"https:\/\/sabado100.com.ar\/es-ar\/hacia-un-gobierno-de-coalicion\/\",\"url\":\"https:\/\/sabado100.com.ar\/es-ar\/hacia-un-gobierno-de-coalicion\/\",\"name\":\"Hacia un Gobierno de coalici\u00f3n - Sabado 100\",\"isPartOf\":{\"@id\":\"https:\/\/sabado100.com.ar\/es-ar\/#website\"},\"datePublished\":\"2015-10-23T14:20:16+00:00\",\"dateModified\":\"2015-10-23T14:20:16+00:00\",\"breadcrumb\":{\"@id\":\"https:\/\/sabado100.com.ar\/es-ar\/hacia-un-gobierno-de-coalicion\/#breadcrumb\"},\"inLanguage\":\"es\",\"potentialAction\":[{\"@type\":\"ReadAction\",\"target\":[\"https:\/\/sabado100.com.ar\/es-ar\/hacia-un-gobierno-de-coalicion\/\"]}]},{\"@type\":\"BreadcrumbList\",\"@id\":\"https:\/\/sabado100.com.ar\/es-ar\/hacia-un-gobierno-de-coalicion\/#breadcrumb\",\"itemListElement\":[{\"@type\":\"ListItem\",\"position\":1,\"name\":\"Portada\",\"item\":\"https:\/\/sabado100.com.ar\/es-ar\/\"},{\"@type\":\"ListItem\",\"position\":2,\"name\":\"Hacia un Gobierno de coalici\u00f3n\"}]},{\"@type\":\"WebSite\",\"@id\":\"https:\/\/sabado100.com.ar\/es-ar\/#website\",\"url\":\"https:\/\/sabado100.com.ar\/es-ar\/\",\"name\":\"Sabado 100\",\"description\":\"\",\"publisher\":{\"@id\":\"https:\/\/sabado100.com.ar\/es-ar\/#organization\"},\"potentialAction\":[{\"@type\":\"SearchAction\",\"target\":{\"@type\":\"EntryPoint\",\"urlTemplate\":\"https:\/\/sabado100.com.ar\/es-ar\/?s={search_term_string}\"},\"query-input\":\"required name=search_term_string\"}],\"inLanguage\":\"es\"},{\"@type\":\"Organization\",\"@id\":\"https:\/\/sabado100.com.ar\/es-ar\/#organization\",\"name\":\"Sabado 100\",\"url\":\"https:\/\/sabado100.com.ar\/es-ar\/\",\"logo\":{\"@type\":\"ImageObject\",\"inLanguage\":\"es\",\"@id\":\"https:\/\/sabado100.com.ar\/es-ar\/#\/schema\/logo\/image\/\",\"url\":\"https:\/\/sabado100.com.ar\/es-ar\/wp-content\/uploads\/2024\/04\/logo3.jpg\",\"contentUrl\":\"https:\/\/sabado100.com.ar\/es-ar\/wp-content\/uploads\/2024\/04\/logo3.jpg\",\"width\":300,\"height\":174,\"caption\":\"Sabado 100\"},\"image\":{\"@id\":\"https:\/\/sabado100.com.ar\/es-ar\/#\/schema\/logo\/image\/\"},\"sameAs\":[\"https:\/\/www.facebook.com\/sabadocien\/\",\"https:\/\/www.instagram.com\/sabado100.com.ar\/\",\"https:\/\/www.youtube.com\/@sabado1003\"]},{\"@type\":\"Person\",\"@id\":\"https:\/\/sabado100.com.ar\/es-ar\/#\/schema\/person\/58e38b918ef4e44b11398f25d4684c6d\",\"name\":\"sabado cien\",\"image\":{\"@type\":\"ImageObject\",\"inLanguage\":\"es\",\"@id\":\"https:\/\/sabado100.com.ar\/es-ar\/#\/schema\/person\/image\/\",\"url\":\"https:\/\/sabado100.com.ar\/es-ar\/wp-content\/litespeed\/avatar\/484bccfbd493fbb703b0f1b8113dad61.jpg?ver=1787731622\",\"contentUrl\":\"https:\/\/sabado100.com.ar\/es-ar\/wp-content\/litespeed\/avatar\/484bccfbd493fbb703b0f1b8113dad61.jpg?ver=1787731622\",\"caption\":\"sabado cien\"},\"url\":\"https:\/\/sabado100.com.ar\/es-ar\/author\/sabado100\/\"}]}<\/script>\n<!-- \/ Yoast SEO plugin. -->","yoast_head_json":{"title":"Hacia un Gobierno de coalici\u00f3n - Sabado 100","robots":{"index":"index","follow":"follow","max-snippet":"max-snippet:-1","max-image-preview":"max-image-preview:large","max-video-preview":"max-video-preview:-1"},"canonical":"https:\/\/sabado100.com.ar\/es-ar\/hacia-un-gobierno-de-coalicion\/","og_locale":"es_ES","og_type":"article","og_title":"Hacia un Gobierno de coalici\u00f3n - Sabado 100","og_description":"Por Mar\u00eda Herminia Grande.- La semana clave para la definici\u00f3n electoral del domingo comenz\u00f3 con m\u00e1s dudas que certezas, dado [&hellip;]","og_url":"https:\/\/sabado100.com.ar\/es-ar\/hacia-un-gobierno-de-coalicion\/","og_site_name":"Sabado 100","article_publisher":"https:\/\/www.facebook.com\/sabadocien\/","article_published_time":"2015-10-23T14:20:16+00:00","author":"sabado cien","twitter_card":"summary_large_image","twitter_misc":{"Escrito por":"sabado cien","Tiempo de lectura":"4 minutos"},"schema":{"@context":"https:\/\/schema.org","@graph":[{"@type":"Article","@id":"https:\/\/sabado100.com.ar\/es-ar\/hacia-un-gobierno-de-coalicion\/#article","isPartOf":{"@id":"https:\/\/sabado100.com.ar\/es-ar\/hacia-un-gobierno-de-coalicion\/"},"author":{"name":"sabado cien","@id":"https:\/\/sabado100.com.ar\/es-ar\/#\/schema\/person\/58e38b918ef4e44b11398f25d4684c6d"},"headline":"Hacia un Gobierno de coalici\u00f3n","datePublished":"2015-10-23T14:20:16+00:00","dateModified":"2015-10-23T14:20:16+00:00","mainEntityOfPage":{"@id":"https:\/\/sabado100.com.ar\/es-ar\/hacia-un-gobierno-de-coalicion\/"},"wordCount":789,"commentCount":0,"publisher":{"@id":"https:\/\/sabado100.com.ar\/es-ar\/#organization"},"keywords":["Hacia un Gobierno de coalici\u00f3n"],"articleSection":["Pol\u00edtica"],"inLanguage":"es","potentialAction":[{"@type":"CommentAction","name":"Comment","target":["https:\/\/sabado100.com.ar\/es-ar\/hacia-un-gobierno-de-coalicion\/#respond"]}]},{"@type":"WebPage","@id":"https:\/\/sabado100.com.ar\/es-ar\/hacia-un-gobierno-de-coalicion\/","url":"https:\/\/sabado100.com.ar\/es-ar\/hacia-un-gobierno-de-coalicion\/","name":"Hacia un Gobierno de coalici\u00f3n - Sabado 100","isPartOf":{"@id":"https:\/\/sabado100.com.ar\/es-ar\/#website"},"datePublished":"2015-10-23T14:20:16+00:00","dateModified":"2015-10-23T14:20:16+00:00","breadcrumb":{"@id":"https:\/\/sabado100.com.ar\/es-ar\/hacia-un-gobierno-de-coalicion\/#breadcrumb"},"inLanguage":"es","potentialAction":[{"@type":"ReadAction","target":["https:\/\/sabado100.com.ar\/es-ar\/hacia-un-gobierno-de-coalicion\/"]}]},{"@type":"BreadcrumbList","@id":"https:\/\/sabado100.com.ar\/es-ar\/hacia-un-gobierno-de-coalicion\/#breadcrumb","itemListElement":[{"@type":"ListItem","position":1,"name":"Portada","item":"https:\/\/sabado100.com.ar\/es-ar\/"},{"@type":"ListItem","position":2,"name":"Hacia un Gobierno de coalici\u00f3n"}]},{"@type":"WebSite","@id":"https:\/\/sabado100.com.ar\/es-ar\/#website","url":"https:\/\/sabado100.com.ar\/es-ar\/","name":"Sabado 100","description":"","publisher":{"@id":"https:\/\/sabado100.com.ar\/es-ar\/#organization"},"potentialAction":[{"@type":"SearchAction","target":{"@type":"EntryPoint","urlTemplate":"https:\/\/sabado100.com.ar\/es-ar\/?s={search_term_string}"},"query-input":"required name=search_term_string"}],"inLanguage":"es"},{"@type":"Organization","@id":"https:\/\/sabado100.com.ar\/es-ar\/#organization","name":"Sabado 100","url":"https:\/\/sabado100.com.ar\/es-ar\/","logo":{"@type":"ImageObject","inLanguage":"es","@id":"https:\/\/sabado100.com.ar\/es-ar\/#\/schema\/logo\/image\/","url":"https:\/\/sabado100.com.ar\/es-ar\/wp-content\/uploads\/2024\/04\/logo3.jpg","contentUrl":"https:\/\/sabado100.com.ar\/es-ar\/wp-content\/uploads\/2024\/04\/logo3.jpg","width":300,"height":174,"caption":"Sabado 100"},"image":{"@id":"https:\/\/sabado100.com.ar\/es-ar\/#\/schema\/logo\/image\/"},"sameAs":["https:\/\/www.facebook.com\/sabadocien\/","https:\/\/www.instagram.com\/sabado100.com.ar\/","https:\/\/www.youtube.com\/@sabado1003"]},{"@type":"Person","@id":"https:\/\/sabado100.com.ar\/es-ar\/#\/schema\/person\/58e38b918ef4e44b11398f25d4684c6d","name":"sabado cien","image":{"@type":"ImageObject","inLanguage":"es","@id":"https:\/\/sabado100.com.ar\/es-ar\/#\/schema\/person\/image\/","url":"https:\/\/sabado100.com.ar\/es-ar\/wp-content\/litespeed\/avatar\/484bccfbd493fbb703b0f1b8113dad61.jpg?ver=1787731622","contentUrl":"https:\/\/sabado100.com.ar\/es-ar\/wp-content\/litespeed\/avatar\/484bccfbd493fbb703b0f1b8113dad61.jpg?ver=1787731622","caption":"sabado cien"},"url":"https:\/\/sabado100.com.ar\/es-ar\/author\/sabado100\/"}]}},"_links":{"self":[{"href":"https:\/\/sabado100.com.ar\/es-ar\/wp-json\/wp\/v2\/posts\/4277","targetHints":{"allow":["GET"]}}],"collection":[{"href":"https:\/\/sabado100.com.ar\/es-ar\/wp-json\/wp\/v2\/posts"}],"about":[{"href":"https:\/\/sabado100.com.ar\/es-ar\/wp-json\/wp\/v2\/types\/post"}],"author":[{"embeddable":true,"href":"https:\/\/sabado100.com.ar\/es-ar\/wp-json\/wp\/v2\/users\/2"}],"replies":[{"embeddable":true,"href":"https:\/\/sabado100.com.ar\/es-ar\/wp-json\/wp\/v2\/comments?post=4277"}],"version-history":[{"count":0,"href":"https:\/\/sabado100.com.ar\/es-ar\/wp-json\/wp\/v2\/posts\/4277\/revisions"}],"wp:attachment":[{"href":"https:\/\/sabado100.com.ar\/es-ar\/wp-json\/wp\/v2\/media?parent=4277"}],"wp:term":[{"taxonomy":"category","embeddable":true,"href":"https:\/\/sabado100.com.ar\/es-ar\/wp-json\/wp\/v2\/categories?post=4277"},{"taxonomy":"post_tag","embeddable":true,"href":"https:\/\/sabado100.com.ar\/es-ar\/wp-json\/wp\/v2\/tags?post=4277"}],"curies":[{"name":"wp","href":"https:\/\/api.w.org\/{rel}","templated":true}]}}