{"id":4272,"date":"2015-10-19T23:40:26","date_gmt":"2015-10-19T21:40:26","guid":{"rendered":"https:\/\/www.sabado100.com.ar\/?p=4272"},"modified":"2015-10-19T23:40:26","modified_gmt":"2015-10-19T21:40:26","slug":"los-jubilados-deberian-votar-el-25-de-octubre","status":"publish","type":"post","link":"https:\/\/sabado100.com.ar\/es-ar\/los-jubilados-deberian-votar-el-25-de-octubre\/","title":{"rendered":"Los jubilados deber\u00edan votar el 25 de octubre"},"content":{"rendered":"<p><strong>Por Emilio J. Grande.-<\/strong> Razones sobran. En m\u00e1s de una oportunidad -en v\u00edsperas de las PASO de agosto \u00faltimo- expusimos en estas p\u00e1ginas nuestra extra\u00f1eza ante el silencio absoluto de las entidades que en teor\u00eda dicen representar a los jubilados y niegan en la pr\u00e1ctica, en el sentido de que los pasivos deber\u00edan votar.<br \/>\nUna minor\u00eda lo hace. Pero qu\u00e9 fuerza tendr\u00eda ese sector si tal derecho lo ejerciera mayoritariamente.<br \/>\nEntre los que se jubilaron tras hacer sus aportes separados de sus salarios durante 30 o m\u00e1s a\u00f1os y m\u00e1s los que no, pero obtuvieron ese beneficio jubilatorio por una decisi\u00f3n demag\u00f3gica en la \u201c\u00bfd\u00e9cada ganada?\u201d, si votaran nada m\u00e1s que un 20 o 30% y sumados los familiares y relaciones que mensualmente deben ayudar a tantos pasivos que de lo contrario morir\u00edan por inanici\u00f3n, constituir\u00e1n una fuerza de gran peso para incidir en el resultado de la elecci\u00f3n.<br \/>\nY estamos a contados d\u00edas de una gran oportunidad. Pero en esta tan extensa y cansadora campa\u00f1a \u00bfusted ley\u00f3, escuch\u00f3 por radio o vio por televisi\u00f3n alg\u00fan dirigente de esas entidades de la clase pasiva que se\u00f1alara la necesidad de concurrir a las urnas para hacer o\u00edr su voz de protesta?<br \/>\nM\u00e1s de 4.700.000 jubilados cobran la asignaci\u00f3n m\u00ednima mensual inferior a 5.000 pesos (m\u00e1s suerte tienen los presos) a los que Cristina perjudic\u00f3 vetando el 82 % m\u00f3vil que el Congreso hab\u00eda dispuesto por ley, con el argumento -dijo la Presidenta- que hacer lugar a esa decisi\u00f3n parlamentaria se desfinanciar\u00eda la ANSeS, cuando en la pr\u00e1ctica los fondos de esa ANSeS se usan para atender urgentes necesidades del Tesoro Nacional y se direccionan a otros destinos con desfachatado inter\u00e9s electoral.<br \/>\nAdherimos totalmente a una breve carta de lectores publicada en el diario La Naci\u00f3n con este texto: \u201cLa se\u00f1ora Martha Devincenzi sugiri\u00f3 en su carta que los jubilados no dejemos de hacernos o\u00edr con nuestro voto. Yo agregar\u00eda que los m\u00e1s de cuatro millones de jubilados tomemos conciencia del poder que tenemos y nos obliguemos a votar; ser\u00eda sorprendente el resultado\u201d, carta firmada por Susana Conway DNI 9.985.589.<br \/>\nEn estas largas semanas de exposici\u00f3n diaria \u00bfusted escuch\u00f3 alg\u00fan candidato presidencial de la oposici\u00f3n aconsejar a los jubilados tan denigrados, que hagan o\u00edr su protesta mediante la emisi\u00f3n del voto?<br \/>\nPero que pretensi\u00f3n inocente la nuestra, si esos candidatos de la oposici\u00f3n que ser\u00e1n culpables si sigue el modelo de la \u201cd\u00e9cada ganada\u201d su mezquindad les impidi\u00f3 con un acto de grandeza renunciar a su candidatura a favor del que lograra mayor intenci\u00f3n de voto.<br \/>\nNo fue posible porque en ellos pudo m\u00e1s el ego personal sobre lo que deber\u00eda prevalecer si estos postulantes tuvieran un m\u00ednimo de amor a la Patria.<\/p>\n","protected":false},"excerpt":{"rendered":"<p>Por Emilio J. Grande.- Razones sobran. En m\u00e1s de una oportunidad -en v\u00edsperas de las PASO de agosto \u00faltimo- expusimos [&hellip;]<\/p>\n","protected":false},"author":2,"featured_media":0,"comment_status":"open","ping_status":"closed","sticky":false,"template":"","format":"standard","meta":{"site-sidebar-layout":"default","site-content-layout":"","ast-site-content-layout":"default","site-content-style":"default","site-sidebar-style":"default","ast-global-header-display":"","ast-banner-title-visibility":"","ast-main-header-display":"","ast-hfb-above-header-display":"","ast-hfb-below-header-display":"","ast-hfb-mobile-header-display":"","site-post-title":"","ast-breadcrumbs-content":"","ast-featured-img":"","footer-sml-layout":"","ast-disable-related-posts":"","theme-transparent-header-meta":"","adv-header-id-meta":"","stick-header-meta":"","header-above-stick-meta":"","header-main-stick-meta":"","header-below-stick-meta":"","astra-migrate-meta-layouts":"default","ast-page-background-enabled":"default","ast-page-background-meta":{"desktop":{"background-color":"var(--ast-global-color-4)","background-image":"","background-repeat":"repeat","background-position":"center center","background-size":"auto","background-attachment":"scroll","background-type":"","background-media":"","overlay-type":"","overlay-color":"","overlay-opacity":"","overlay-gradient":""},"tablet":{"background-color":"","background-image":"","background-repeat":"repeat","background-position":"center center","background-size":"auto","background-attachment":"scroll","background-type":"","background-media":"","overlay-type":"","overlay-color":"","overlay-opacity":"","overlay-gradient":""},"mobile":{"background-color":"","background-image":"","background-repeat":"repeat","background-position":"center center","background-size":"auto","background-attachment":"scroll","background-type":"","background-media":"","overlay-type":"","overlay-color":"","overlay-opacity":"","overlay-gradient":""}},"ast-content-background-meta":{"desktop":{"background-color":"var(--ast-global-color-5)","background-image":"","background-repeat":"repeat","background-position":"center center","background-size":"auto","background-attachment":"scroll","background-type":"","background-media":"","overlay-type":"","overlay-color":"","overlay-opacity":"","overlay-gradient":""},"tablet":{"background-color":"var(--ast-global-color-5)","background-image":"","background-repeat":"repeat","background-position":"center center","background-size":"auto","background-attachment":"scroll","background-type":"","background-media":"","overlay-type":"","overlay-color":"","overlay-opacity":"","overlay-gradient":""},"mobile":{"background-color":"var(--ast-global-color-5)","background-image":"","background-repeat":"repeat","background-position":"center center","background-size":"auto","background-attachment":"scroll","background-type":"","background-media":"","overlay-type":"","overlay-color":"","overlay-opacity":"","overlay-gradient":""}},"footnotes":""},"categories":[5],"tags":[5395],"class_list":["post-4272","post","type-post","status-publish","format-standard","hentry","category-politica","tag-los-jubilados-deberian-votar-el-25-de-octubre"],"yoast_head":"<!-- This site is optimized with the Yoast SEO plugin v23.2 - https:\/\/yoast.com\/wordpress\/plugins\/seo\/ -->\n<title>Los jubilados deber\u00edan votar el 25 de octubre - Sabado 100<\/title>\n<meta name=\"robots\" content=\"index, follow, max-snippet:-1, max-image-preview:large, max-video-preview:-1\" \/>\n<link rel=\"canonical\" href=\"https:\/\/sabado100.com.ar\/es-ar\/los-jubilados-deberian-votar-el-25-de-octubre\/\" \/>\n<meta property=\"og:locale\" content=\"es_ES\" \/>\n<meta property=\"og:type\" content=\"article\" \/>\n<meta property=\"og:title\" content=\"Los jubilados deber\u00edan votar el 25 de octubre - Sabado 100\" \/>\n<meta property=\"og:description\" content=\"Por Emilio J. Grande.- Razones sobran. En m\u00e1s de una oportunidad -en v\u00edsperas de las PASO de agosto \u00faltimo- expusimos [&hellip;]\" \/>\n<meta property=\"og:url\" content=\"https:\/\/sabado100.com.ar\/es-ar\/los-jubilados-deberian-votar-el-25-de-octubre\/\" \/>\n<meta property=\"og:site_name\" content=\"Sabado 100\" \/>\n<meta property=\"article:publisher\" content=\"https:\/\/www.facebook.com\/sabadocien\/\" \/>\n<meta property=\"article:published_time\" content=\"2015-10-19T21:40:26+00:00\" \/>\n<meta name=\"author\" content=\"sabado cien\" \/>\n<meta name=\"twitter:card\" content=\"summary_large_image\" \/>\n<meta name=\"twitter:label1\" content=\"Escrito por\" \/>\n\t<meta name=\"twitter:data1\" content=\"sabado cien\" \/>\n\t<meta name=\"twitter:label2\" content=\"Tiempo de lectura\" \/>\n\t<meta name=\"twitter:data2\" content=\"2 minutos\" \/>\n<script type=\"application\/ld+json\" class=\"yoast-schema-graph\">{\"@context\":\"https:\/\/schema.org\",\"@graph\":[{\"@type\":\"Article\",\"@id\":\"https:\/\/sabado100.com.ar\/es-ar\/los-jubilados-deberian-votar-el-25-de-octubre\/#article\",\"isPartOf\":{\"@id\":\"https:\/\/sabado100.com.ar\/es-ar\/los-jubilados-deberian-votar-el-25-de-octubre\/\"},\"author\":{\"name\":\"sabado cien\",\"@id\":\"https:\/\/sabado100.com.ar\/es-ar\/#\/schema\/person\/58e38b918ef4e44b11398f25d4684c6d\"},\"headline\":\"Los jubilados deber\u00edan votar el 25 de octubre\",\"datePublished\":\"2015-10-19T21:40:26+00:00\",\"dateModified\":\"2015-10-19T21:40:26+00:00\",\"mainEntityOfPage\":{\"@id\":\"https:\/\/sabado100.com.ar\/es-ar\/los-jubilados-deberian-votar-el-25-de-octubre\/\"},\"wordCount\":507,\"commentCount\":0,\"publisher\":{\"@id\":\"https:\/\/sabado100.com.ar\/es-ar\/#organization\"},\"keywords\":[\"Los jubilados deber\u00edan votar el 25 de octubre\"],\"articleSection\":[\"Pol\u00edtica\"],\"inLanguage\":\"es\",\"potentialAction\":[{\"@type\":\"CommentAction\",\"name\":\"Comment\",\"target\":[\"https:\/\/sabado100.com.ar\/es-ar\/los-jubilados-deberian-votar-el-25-de-octubre\/#respond\"]}]},{\"@type\":\"WebPage\",\"@id\":\"https:\/\/sabado100.com.ar\/es-ar\/los-jubilados-deberian-votar-el-25-de-octubre\/\",\"url\":\"https:\/\/sabado100.com.ar\/es-ar\/los-jubilados-deberian-votar-el-25-de-octubre\/\",\"name\":\"Los jubilados deber\u00edan votar el 25 de octubre - Sabado 100\",\"isPartOf\":{\"@id\":\"https:\/\/sabado100.com.ar\/es-ar\/#website\"},\"datePublished\":\"2015-10-19T21:40:26+00:00\",\"dateModified\":\"2015-10-19T21:40:26+00:00\",\"breadcrumb\":{\"@id\":\"https:\/\/sabado100.com.ar\/es-ar\/los-jubilados-deberian-votar-el-25-de-octubre\/#breadcrumb\"},\"inLanguage\":\"es\",\"potentialAction\":[{\"@type\":\"ReadAction\",\"target\":[\"https:\/\/sabado100.com.ar\/es-ar\/los-jubilados-deberian-votar-el-25-de-octubre\/\"]}]},{\"@type\":\"BreadcrumbList\",\"@id\":\"https:\/\/sabado100.com.ar\/es-ar\/los-jubilados-deberian-votar-el-25-de-octubre\/#breadcrumb\",\"itemListElement\":[{\"@type\":\"ListItem\",\"position\":1,\"name\":\"Portada\",\"item\":\"https:\/\/sabado100.com.ar\/es-ar\/\"},{\"@type\":\"ListItem\",\"position\":2,\"name\":\"Los jubilados deber\u00edan votar el 25 de octubre\"}]},{\"@type\":\"WebSite\",\"@id\":\"https:\/\/sabado100.com.ar\/es-ar\/#website\",\"url\":\"https:\/\/sabado100.com.ar\/es-ar\/\",\"name\":\"Sabado 100\",\"description\":\"\",\"publisher\":{\"@id\":\"https:\/\/sabado100.com.ar\/es-ar\/#organization\"},\"potentialAction\":[{\"@type\":\"SearchAction\",\"target\":{\"@type\":\"EntryPoint\",\"urlTemplate\":\"https:\/\/sabado100.com.ar\/es-ar\/?s={search_term_string}\"},\"query-input\":\"required name=search_term_string\"}],\"inLanguage\":\"es\"},{\"@type\":\"Organization\",\"@id\":\"https:\/\/sabado100.com.ar\/es-ar\/#organization\",\"name\":\"Sabado 100\",\"url\":\"https:\/\/sabado100.com.ar\/es-ar\/\",\"logo\":{\"@type\":\"ImageObject\",\"inLanguage\":\"es\",\"@id\":\"https:\/\/sabado100.com.ar\/es-ar\/#\/schema\/logo\/image\/\",\"url\":\"https:\/\/sabado100.com.ar\/es-ar\/wp-content\/uploads\/2024\/04\/logo3.jpg\",\"contentUrl\":\"https:\/\/sabado100.com.ar\/es-ar\/wp-content\/uploads\/2024\/04\/logo3.jpg\",\"width\":300,\"height\":174,\"caption\":\"Sabado 100\"},\"image\":{\"@id\":\"https:\/\/sabado100.com.ar\/es-ar\/#\/schema\/logo\/image\/\"},\"sameAs\":[\"https:\/\/www.facebook.com\/sabadocien\/\",\"https:\/\/www.instagram.com\/sabado100.com.ar\/\",\"https:\/\/www.youtube.com\/@sabado1003\"]},{\"@type\":\"Person\",\"@id\":\"https:\/\/sabado100.com.ar\/es-ar\/#\/schema\/person\/58e38b918ef4e44b11398f25d4684c6d\",\"name\":\"sabado cien\",\"image\":{\"@type\":\"ImageObject\",\"inLanguage\":\"es\",\"@id\":\"https:\/\/sabado100.com.ar\/es-ar\/#\/schema\/person\/image\/\",\"url\":\"https:\/\/sabado100.com.ar\/es-ar\/wp-content\/litespeed\/avatar\/484bccfbd493fbb703b0f1b8113dad61.jpg?ver=1787731622\",\"contentUrl\":\"https:\/\/sabado100.com.ar\/es-ar\/wp-content\/litespeed\/avatar\/484bccfbd493fbb703b0f1b8113dad61.jpg?ver=1787731622\",\"caption\":\"sabado cien\"},\"url\":\"https:\/\/sabado100.com.ar\/es-ar\/author\/sabado100\/\"}]}<\/script>\n<!-- \/ Yoast SEO plugin. -->","yoast_head_json":{"title":"Los jubilados deber\u00edan votar el 25 de octubre - Sabado 100","robots":{"index":"index","follow":"follow","max-snippet":"max-snippet:-1","max-image-preview":"max-image-preview:large","max-video-preview":"max-video-preview:-1"},"canonical":"https:\/\/sabado100.com.ar\/es-ar\/los-jubilados-deberian-votar-el-25-de-octubre\/","og_locale":"es_ES","og_type":"article","og_title":"Los jubilados deber\u00edan votar el 25 de octubre - Sabado 100","og_description":"Por Emilio J. Grande.- Razones sobran. En m\u00e1s de una oportunidad -en v\u00edsperas de las PASO de agosto \u00faltimo- expusimos [&hellip;]","og_url":"https:\/\/sabado100.com.ar\/es-ar\/los-jubilados-deberian-votar-el-25-de-octubre\/","og_site_name":"Sabado 100","article_publisher":"https:\/\/www.facebook.com\/sabadocien\/","article_published_time":"2015-10-19T21:40:26+00:00","author":"sabado cien","twitter_card":"summary_large_image","twitter_misc":{"Escrito por":"sabado cien","Tiempo de lectura":"2 minutos"},"schema":{"@context":"https:\/\/schema.org","@graph":[{"@type":"Article","@id":"https:\/\/sabado100.com.ar\/es-ar\/los-jubilados-deberian-votar-el-25-de-octubre\/#article","isPartOf":{"@id":"https:\/\/sabado100.com.ar\/es-ar\/los-jubilados-deberian-votar-el-25-de-octubre\/"},"author":{"name":"sabado cien","@id":"https:\/\/sabado100.com.ar\/es-ar\/#\/schema\/person\/58e38b918ef4e44b11398f25d4684c6d"},"headline":"Los jubilados deber\u00edan votar el 25 de octubre","datePublished":"2015-10-19T21:40:26+00:00","dateModified":"2015-10-19T21:40:26+00:00","mainEntityOfPage":{"@id":"https:\/\/sabado100.com.ar\/es-ar\/los-jubilados-deberian-votar-el-25-de-octubre\/"},"wordCount":507,"commentCount":0,"publisher":{"@id":"https:\/\/sabado100.com.ar\/es-ar\/#organization"},"keywords":["Los jubilados deber\u00edan votar el 25 de octubre"],"articleSection":["Pol\u00edtica"],"inLanguage":"es","potentialAction":[{"@type":"CommentAction","name":"Comment","target":["https:\/\/sabado100.com.ar\/es-ar\/los-jubilados-deberian-votar-el-25-de-octubre\/#respond"]}]},{"@type":"WebPage","@id":"https:\/\/sabado100.com.ar\/es-ar\/los-jubilados-deberian-votar-el-25-de-octubre\/","url":"https:\/\/sabado100.com.ar\/es-ar\/los-jubilados-deberian-votar-el-25-de-octubre\/","name":"Los jubilados deber\u00edan votar el 25 de octubre - Sabado 100","isPartOf":{"@id":"https:\/\/sabado100.com.ar\/es-ar\/#website"},"datePublished":"2015-10-19T21:40:26+00:00","dateModified":"2015-10-19T21:40:26+00:00","breadcrumb":{"@id":"https:\/\/sabado100.com.ar\/es-ar\/los-jubilados-deberian-votar-el-25-de-octubre\/#breadcrumb"},"inLanguage":"es","potentialAction":[{"@type":"ReadAction","target":["https:\/\/sabado100.com.ar\/es-ar\/los-jubilados-deberian-votar-el-25-de-octubre\/"]}]},{"@type":"BreadcrumbList","@id":"https:\/\/sabado100.com.ar\/es-ar\/los-jubilados-deberian-votar-el-25-de-octubre\/#breadcrumb","itemListElement":[{"@type":"ListItem","position":1,"name":"Portada","item":"https:\/\/sabado100.com.ar\/es-ar\/"},{"@type":"ListItem","position":2,"name":"Los jubilados deber\u00edan votar el 25 de octubre"}]},{"@type":"WebSite","@id":"https:\/\/sabado100.com.ar\/es-ar\/#website","url":"https:\/\/sabado100.com.ar\/es-ar\/","name":"Sabado 100","description":"","publisher":{"@id":"https:\/\/sabado100.com.ar\/es-ar\/#organization"},"potentialAction":[{"@type":"SearchAction","target":{"@type":"EntryPoint","urlTemplate":"https:\/\/sabado100.com.ar\/es-ar\/?s={search_term_string}"},"query-input":"required name=search_term_string"}],"inLanguage":"es"},{"@type":"Organization","@id":"https:\/\/sabado100.com.ar\/es-ar\/#organization","name":"Sabado 100","url":"https:\/\/sabado100.com.ar\/es-ar\/","logo":{"@type":"ImageObject","inLanguage":"es","@id":"https:\/\/sabado100.com.ar\/es-ar\/#\/schema\/logo\/image\/","url":"https:\/\/sabado100.com.ar\/es-ar\/wp-content\/uploads\/2024\/04\/logo3.jpg","contentUrl":"https:\/\/sabado100.com.ar\/es-ar\/wp-content\/uploads\/2024\/04\/logo3.jpg","width":300,"height":174,"caption":"Sabado 100"},"image":{"@id":"https:\/\/sabado100.com.ar\/es-ar\/#\/schema\/logo\/image\/"},"sameAs":["https:\/\/www.facebook.com\/sabadocien\/","https:\/\/www.instagram.com\/sabado100.com.ar\/","https:\/\/www.youtube.com\/@sabado1003"]},{"@type":"Person","@id":"https:\/\/sabado100.com.ar\/es-ar\/#\/schema\/person\/58e38b918ef4e44b11398f25d4684c6d","name":"sabado cien","image":{"@type":"ImageObject","inLanguage":"es","@id":"https:\/\/sabado100.com.ar\/es-ar\/#\/schema\/person\/image\/","url":"https:\/\/sabado100.com.ar\/es-ar\/wp-content\/litespeed\/avatar\/484bccfbd493fbb703b0f1b8113dad61.jpg?ver=1787731622","contentUrl":"https:\/\/sabado100.com.ar\/es-ar\/wp-content\/litespeed\/avatar\/484bccfbd493fbb703b0f1b8113dad61.jpg?ver=1787731622","caption":"sabado cien"},"url":"https:\/\/sabado100.com.ar\/es-ar\/author\/sabado100\/"}]}},"_links":{"self":[{"href":"https:\/\/sabado100.com.ar\/es-ar\/wp-json\/wp\/v2\/posts\/4272","targetHints":{"allow":["GET"]}}],"collection":[{"href":"https:\/\/sabado100.com.ar\/es-ar\/wp-json\/wp\/v2\/posts"}],"about":[{"href":"https:\/\/sabado100.com.ar\/es-ar\/wp-json\/wp\/v2\/types\/post"}],"author":[{"embeddable":true,"href":"https:\/\/sabado100.com.ar\/es-ar\/wp-json\/wp\/v2\/users\/2"}],"replies":[{"embeddable":true,"href":"https:\/\/sabado100.com.ar\/es-ar\/wp-json\/wp\/v2\/comments?post=4272"}],"version-history":[{"count":0,"href":"https:\/\/sabado100.com.ar\/es-ar\/wp-json\/wp\/v2\/posts\/4272\/revisions"}],"wp:attachment":[{"href":"https:\/\/sabado100.com.ar\/es-ar\/wp-json\/wp\/v2\/media?parent=4272"}],"wp:term":[{"taxonomy":"category","embeddable":true,"href":"https:\/\/sabado100.com.ar\/es-ar\/wp-json\/wp\/v2\/categories?post=4272"},{"taxonomy":"post_tag","embeddable":true,"href":"https:\/\/sabado100.com.ar\/es-ar\/wp-json\/wp\/v2\/tags?post=4272"}],"curies":[{"name":"wp","href":"https:\/\/api.w.org\/{rel}","templated":true}]}}