{"id":4253,"date":"2015-10-02T21:47:45","date_gmt":"2015-10-02T19:47:45","guid":{"rendered":"https:\/\/www.sabado100.com.ar\/?p=4253"},"modified":"2015-10-02T21:47:45","modified_gmt":"2015-10-02T19:47:45","slug":"el-papa-canta-las-cuarenta","status":"publish","type":"post","link":"https:\/\/sabado100.com.ar\/es-ar\/el-papa-canta-las-cuarenta\/","title":{"rendered":"El Papa canta las cuarenta"},"content":{"rendered":"<p>Por Mar\u00eda Herminia Grande.- El papa Francisco, tal como le o\u00ed decir al Dr. Andr\u00e9s Cisneros, \u201cle ha cantado las cuarenta al mundo\u201d. La Iglesia argentina aclar\u00f3 este lunes que el Papa no es un hombre pol\u00edtico. No obstante, como me se\u00f1alaba Cisneros, \u201ces un hombre de Estado que le habla a la conciencia de la gente esperando que sea esta el motor de los cambios\u201d. Cuesta disociarlo de la pol\u00edtica como tal, dado que en un mundo hu\u00e9rfano de l\u00edderes, su terrenal espiritualidad descolla.<\/p>\n<p>La inteligencia de Jorge Bergoglio, devenido en papa Francisco, lo lleva a buscar atajos para lograr resultados m\u00e1s r\u00e1pidos. Por ello le habla a la opini\u00f3n p\u00fablica, que es la que gobierna el mundo, para buscar la reacci\u00f3n de la dirigencia pol\u00edtica. Su investidura como representante de Dios en la Tierra no le impide enviar su mensaje a toda la humanidad, no solo a la grey cat\u00f3lica. Por eso en su agenda aparecen los grandes enemigos mundiales: el hambre, la pobreza extrema, la usura internacional, el narcotr\u00e1fico, las guerras, los abusos, el drama de la inmigraci\u00f3n, el cambio global.<\/p>\n<p>Si este hombre argentino acompa\u00f1ado por Dios en su fe est\u00e1 se\u00f1alando la agenda antes citada, la pregunta clave es: \u00bfPor qu\u00e9 a menos de treinta d\u00edas de una elecci\u00f3n presidencial en Argentina los candidatos no construyen la plataforma de las soluciones para las realidades obvias?<\/p>\n<p>El Dr. Pedro Barcia, presidente de la Academia Nacional de Educaci\u00f3n, me contaba que el 5 de octubre dicha instituci\u00f3n dar\u00e1 a conocer un documento titulado \u201cNi un alumno menos por la droga en la escuela\u201d, basado en un libro de su autor\u00eda, de pronta aparici\u00f3n, titulado La prevenci\u00f3n educativa de las adicciones. All\u00ed se sintetiza lo que no ha realizado el Gobierno nacional ni los Gobiernos provinciales sobre este tema y las propuestas. Encarar la curr\u00edcula en la salud psicof\u00edsica del alumno, ense\u00f1arle sobre la nocividad de las drogas, comenzar por la puerta y el vest\u00edbulo, que es el alcohol, hasta llegar a las sint\u00e9ticas. Y, por otro lado, abarcar la educaci\u00f3n al servicio del fortalecimiento de la capacidad de resiliencia del ni\u00f1o, donde se prioriza el enfoque del proyecto como motor de vida de cada uno para contrarrestar el vac\u00edo que hoy los invade. Este \u00faltimo \u00edtem, advertido por Barcia y la Academia que preside, es el sujeto que predomina en el \u00e1nimo de tantos pibes en las esquinas, a los que ya les podr\u00edamos agregar un tercer \u201cni\u201d: ni trabajo, ni estudio, ni plan de vida.<\/p>\n<p>Volviendo a los candidatos presidenciables entre los cuales deberemos elegir qui\u00e9n nos presida, pregunto: \u00bfEs muy dif\u00edcil que los tres principales protagonistas acuerden pol\u00edticas en com\u00fan sobre este tema? \u00bfEs dif\u00edcil, teniendo el mapa de los muertos por desnutrici\u00f3n confeccionado por el Lic. Longhi y tantos otros investigadores, aunar pol\u00edticas con car\u00e1cter de urgencia para aplicar el primer d\u00eda de Gobierno del pr\u00f3ximo presidente? Hay un grueso de la sociedad que, con car\u00e1cter de urgente, necesita un plan de vida. Existen ni\u00f1os y adolescentes desahuciados cuando a\u00fan no asomaron a la vida. \u00bfEs muy dif\u00edcil acordar pol\u00edticas para atacar esta problem\u00e1tica?<\/p>\n<p>No hay ciudad importante en Argentina atravesada por el delito o narcotr\u00e1fico que no disponga de un mapa que se\u00f1ale los lugares estrat\u00e9gicos donde se cometen. \u00bfEs tan dif\u00edcil aunar criterios para planificar la soluci\u00f3n?<\/p>\n<p>En la d\u00e9cada del setenta muchos de nuestros j\u00f3venes con ideales fueron desaparecidos. El ideal es un plan. Hoy desaparecen muchos de nuestros j\u00f3venes por no tener un plan, ante la impavidez de una sociedad desorientada, por momentos miedosa, por otros, irritada y hu\u00e9rfana del tutelaje de la pol\u00edtica.<\/p>\n<p>A menos de treinta d\u00edas de las elecciones presidenciales, aparece Scioli neg\u00e1ndose al debate para poder retener los votos que lo han acompa\u00f1ado e intentar, sin exponerse demasiado y si la suerte lo acompa\u00f1a con alg\u00fan hallazgo propagand\u00edstico, conquistar alg\u00fan voto independiente. Mauricio Macri, apelando al voto \u00fatil, es decir: \u201cNo importa si te gustan mis ideas, votame porque no te gustan las del otro\u201d. Y Sergio Massa, quien despu\u00e9s de haber descarrilado largo rato, aupado por Roberto Lavagna y Manuel de la Sota, se atreve a presentar algunas propuestas concretas sobre temas urticantes.<\/p>\n<p>El Papa est\u00e1 confiando en que las reformas que el mundo necesita las impulse la opini\u00f3n p\u00fablica. En este proceso preelectoral la opini\u00f3n p\u00fablica argentina debe ser clara a la hora de se\u00f1alar lo que espera de quien la represente.<\/p>\n<p>Pol\u00edtica en Santa Fe<br \/>\nImpresionan los afiches electorales del diputado  Binner apelando a la tijera a la hora de captar votos. Dado que se trata de quien lleg\u00f3 a ser el primer gobernador socialista de Argentina. Es extra\u00f1o lo de Bonfatti al no  hacer con Binner lo que el conductor del socialismo hizo con \u00e9l, e intentar  transferirle parte de sus 700 mil votos.<br \/>\nAl senador Reutemann no se lo ve c\u00f3modo son su traje macrista, ser\u00eda terrible para \u00e9l perder en manos del candidato de Massa.<br \/>\nEl diputado Perotti consigui\u00f3 primero que Scioli sumar al voto kirchnerista el voto independiente. Ahora s\u00f3lo tiene que mantenerlos tratando de disimular las pol\u00edticas del gobierno nacional sobre el agro, la leche y la carne.<\/p>\n<p>@mhgrande<br \/>\nhtpps:\/\/www.facebook.com\/mgperiodismo<br \/>\nwww.mariaherminiagrande.com.ar<\/p>\n<p><strong>Fuente:<\/strong> martes 29 de septiembre de 2015, Infobae.<\/p>\n","protected":false},"excerpt":{"rendered":"<p>Por Mar\u00eda Herminia Grande.- El papa Francisco, tal como le o\u00ed decir al Dr. Andr\u00e9s Cisneros, \u201cle ha cantado las [&hellip;]<\/p>\n","protected":false},"author":2,"featured_media":0,"comment_status":"open","ping_status":"closed","sticky":false,"template":"","format":"standard","meta":{"site-sidebar-layout":"default","site-content-layout":"","ast-site-content-layout":"default","site-content-style":"default","site-sidebar-style":"default","ast-global-header-display":"","ast-banner-title-visibility":"","ast-main-header-display":"","ast-hfb-above-header-display":"","ast-hfb-below-header-display":"","ast-hfb-mobile-header-display":"","site-post-title":"","ast-breadcrumbs-content":"","ast-featured-img":"","footer-sml-layout":"","ast-disable-related-posts":"","theme-transparent-header-meta":"","adv-header-id-meta":"","stick-header-meta":"","header-above-stick-meta":"","header-main-stick-meta":"","header-below-stick-meta":"","astra-migrate-meta-layouts":"default","ast-page-background-enabled":"default","ast-page-background-meta":{"desktop":{"background-color":"var(--ast-global-color-4)","background-image":"","background-repeat":"repeat","background-position":"center center","background-size":"auto","background-attachment":"scroll","background-type":"","background-media":"","overlay-type":"","overlay-color":"","overlay-opacity":"","overlay-gradient":""},"tablet":{"background-color":"","background-image":"","background-repeat":"repeat","background-position":"center center","background-size":"auto","background-attachment":"scroll","background-type":"","background-media":"","overlay-type":"","overlay-color":"","overlay-opacity":"","overlay-gradient":""},"mobile":{"background-color":"","background-image":"","background-repeat":"repeat","background-position":"center center","background-size":"auto","background-attachment":"scroll","background-type":"","background-media":"","overlay-type":"","overlay-color":"","overlay-opacity":"","overlay-gradient":""}},"ast-content-background-meta":{"desktop":{"background-color":"var(--ast-global-color-5)","background-image":"","background-repeat":"repeat","background-position":"center center","background-size":"auto","background-attachment":"scroll","background-type":"","background-media":"","overlay-type":"","overlay-color":"","overlay-opacity":"","overlay-gradient":""},"tablet":{"background-color":"var(--ast-global-color-5)","background-image":"","background-repeat":"repeat","background-position":"center center","background-size":"auto","background-attachment":"scroll","background-type":"","background-media":"","overlay-type":"","overlay-color":"","overlay-opacity":"","overlay-gradient":""},"mobile":{"background-color":"var(--ast-global-color-5)","background-image":"","background-repeat":"repeat","background-position":"center center","background-size":"auto","background-attachment":"scroll","background-type":"","background-media":"","overlay-type":"","overlay-color":"","overlay-opacity":"","overlay-gradient":""}},"footnotes":""},"categories":[5],"tags":[],"class_list":["post-4253","post","type-post","status-publish","format-standard","hentry","category-politica"],"yoast_head":"<!-- This site is optimized with the Yoast SEO plugin v23.2 - https:\/\/yoast.com\/wordpress\/plugins\/seo\/ -->\n<title>El Papa canta las cuarenta - Sabado 100<\/title>\n<meta name=\"robots\" content=\"index, follow, max-snippet:-1, max-image-preview:large, max-video-preview:-1\" \/>\n<link rel=\"canonical\" href=\"https:\/\/sabado100.com.ar\/es-ar\/el-papa-canta-las-cuarenta\/\" \/>\n<meta property=\"og:locale\" content=\"es_ES\" \/>\n<meta property=\"og:type\" content=\"article\" \/>\n<meta property=\"og:title\" content=\"El Papa canta las cuarenta - Sabado 100\" \/>\n<meta property=\"og:description\" content=\"Por Mar\u00eda Herminia Grande.- El papa Francisco, tal como le o\u00ed decir al Dr. Andr\u00e9s Cisneros, \u201cle ha cantado las [&hellip;]\" \/>\n<meta property=\"og:url\" content=\"https:\/\/sabado100.com.ar\/es-ar\/el-papa-canta-las-cuarenta\/\" \/>\n<meta property=\"og:site_name\" content=\"Sabado 100\" \/>\n<meta property=\"article:publisher\" content=\"https:\/\/www.facebook.com\/sabadocien\/\" \/>\n<meta property=\"article:published_time\" content=\"2015-10-02T19:47:45+00:00\" \/>\n<meta name=\"author\" content=\"sabado cien\" \/>\n<meta name=\"twitter:card\" content=\"summary_large_image\" \/>\n<meta name=\"twitter:label1\" content=\"Escrito por\" \/>\n\t<meta name=\"twitter:data1\" content=\"sabado cien\" \/>\n\t<meta name=\"twitter:label2\" content=\"Tiempo de lectura\" \/>\n\t<meta name=\"twitter:data2\" content=\"5 minutos\" \/>\n<script type=\"application\/ld+json\" class=\"yoast-schema-graph\">{\"@context\":\"https:\/\/schema.org\",\"@graph\":[{\"@type\":\"Article\",\"@id\":\"https:\/\/sabado100.com.ar\/es-ar\/el-papa-canta-las-cuarenta\/#article\",\"isPartOf\":{\"@id\":\"https:\/\/sabado100.com.ar\/es-ar\/el-papa-canta-las-cuarenta\/\"},\"author\":{\"name\":\"sabado cien\",\"@id\":\"https:\/\/sabado100.com.ar\/es-ar\/#\/schema\/person\/58e38b918ef4e44b11398f25d4684c6d\"},\"headline\":\"El Papa canta las cuarenta\",\"datePublished\":\"2015-10-02T19:47:45+00:00\",\"dateModified\":\"2015-10-02T19:47:45+00:00\",\"mainEntityOfPage\":{\"@id\":\"https:\/\/sabado100.com.ar\/es-ar\/el-papa-canta-las-cuarenta\/\"},\"wordCount\":959,\"commentCount\":0,\"publisher\":{\"@id\":\"https:\/\/sabado100.com.ar\/es-ar\/#organization\"},\"articleSection\":[\"Pol\u00edtica\"],\"inLanguage\":\"es\",\"potentialAction\":[{\"@type\":\"CommentAction\",\"name\":\"Comment\",\"target\":[\"https:\/\/sabado100.com.ar\/es-ar\/el-papa-canta-las-cuarenta\/#respond\"]}]},{\"@type\":\"WebPage\",\"@id\":\"https:\/\/sabado100.com.ar\/es-ar\/el-papa-canta-las-cuarenta\/\",\"url\":\"https:\/\/sabado100.com.ar\/es-ar\/el-papa-canta-las-cuarenta\/\",\"name\":\"El Papa canta las cuarenta - Sabado 100\",\"isPartOf\":{\"@id\":\"https:\/\/sabado100.com.ar\/es-ar\/#website\"},\"datePublished\":\"2015-10-02T19:47:45+00:00\",\"dateModified\":\"2015-10-02T19:47:45+00:00\",\"breadcrumb\":{\"@id\":\"https:\/\/sabado100.com.ar\/es-ar\/el-papa-canta-las-cuarenta\/#breadcrumb\"},\"inLanguage\":\"es\",\"potentialAction\":[{\"@type\":\"ReadAction\",\"target\":[\"https:\/\/sabado100.com.ar\/es-ar\/el-papa-canta-las-cuarenta\/\"]}]},{\"@type\":\"BreadcrumbList\",\"@id\":\"https:\/\/sabado100.com.ar\/es-ar\/el-papa-canta-las-cuarenta\/#breadcrumb\",\"itemListElement\":[{\"@type\":\"ListItem\",\"position\":1,\"name\":\"Portada\",\"item\":\"https:\/\/sabado100.com.ar\/es-ar\/\"},{\"@type\":\"ListItem\",\"position\":2,\"name\":\"El Papa canta las cuarenta\"}]},{\"@type\":\"WebSite\",\"@id\":\"https:\/\/sabado100.com.ar\/es-ar\/#website\",\"url\":\"https:\/\/sabado100.com.ar\/es-ar\/\",\"name\":\"Sabado 100\",\"description\":\"\",\"publisher\":{\"@id\":\"https:\/\/sabado100.com.ar\/es-ar\/#organization\"},\"potentialAction\":[{\"@type\":\"SearchAction\",\"target\":{\"@type\":\"EntryPoint\",\"urlTemplate\":\"https:\/\/sabado100.com.ar\/es-ar\/?s={search_term_string}\"},\"query-input\":\"required name=search_term_string\"}],\"inLanguage\":\"es\"},{\"@type\":\"Organization\",\"@id\":\"https:\/\/sabado100.com.ar\/es-ar\/#organization\",\"name\":\"Sabado 100\",\"url\":\"https:\/\/sabado100.com.ar\/es-ar\/\",\"logo\":{\"@type\":\"ImageObject\",\"inLanguage\":\"es\",\"@id\":\"https:\/\/sabado100.com.ar\/es-ar\/#\/schema\/logo\/image\/\",\"url\":\"https:\/\/sabado100.com.ar\/es-ar\/wp-content\/uploads\/2024\/04\/logo3.jpg\",\"contentUrl\":\"https:\/\/sabado100.com.ar\/es-ar\/wp-content\/uploads\/2024\/04\/logo3.jpg\",\"width\":300,\"height\":174,\"caption\":\"Sabado 100\"},\"image\":{\"@id\":\"https:\/\/sabado100.com.ar\/es-ar\/#\/schema\/logo\/image\/\"},\"sameAs\":[\"https:\/\/www.facebook.com\/sabadocien\/\",\"https:\/\/www.instagram.com\/sabado100.com.ar\/\",\"https:\/\/www.youtube.com\/@sabado1003\"]},{\"@type\":\"Person\",\"@id\":\"https:\/\/sabado100.com.ar\/es-ar\/#\/schema\/person\/58e38b918ef4e44b11398f25d4684c6d\",\"name\":\"sabado cien\",\"image\":{\"@type\":\"ImageObject\",\"inLanguage\":\"es\",\"@id\":\"https:\/\/sabado100.com.ar\/es-ar\/#\/schema\/person\/image\/\",\"url\":\"https:\/\/sabado100.com.ar\/es-ar\/wp-content\/litespeed\/avatar\/484bccfbd493fbb703b0f1b8113dad61.jpg?ver=1787731622\",\"contentUrl\":\"https:\/\/sabado100.com.ar\/es-ar\/wp-content\/litespeed\/avatar\/484bccfbd493fbb703b0f1b8113dad61.jpg?ver=1787731622\",\"caption\":\"sabado cien\"},\"url\":\"https:\/\/sabado100.com.ar\/es-ar\/author\/sabado100\/\"}]}<\/script>\n<!-- \/ Yoast SEO plugin. -->","yoast_head_json":{"title":"El Papa canta las cuarenta - Sabado 100","robots":{"index":"index","follow":"follow","max-snippet":"max-snippet:-1","max-image-preview":"max-image-preview:large","max-video-preview":"max-video-preview:-1"},"canonical":"https:\/\/sabado100.com.ar\/es-ar\/el-papa-canta-las-cuarenta\/","og_locale":"es_ES","og_type":"article","og_title":"El Papa canta las cuarenta - Sabado 100","og_description":"Por Mar\u00eda Herminia Grande.- El papa Francisco, tal como le o\u00ed decir al Dr. Andr\u00e9s Cisneros, \u201cle ha cantado las [&hellip;]","og_url":"https:\/\/sabado100.com.ar\/es-ar\/el-papa-canta-las-cuarenta\/","og_site_name":"Sabado 100","article_publisher":"https:\/\/www.facebook.com\/sabadocien\/","article_published_time":"2015-10-02T19:47:45+00:00","author":"sabado cien","twitter_card":"summary_large_image","twitter_misc":{"Escrito por":"sabado cien","Tiempo de lectura":"5 minutos"},"schema":{"@context":"https:\/\/schema.org","@graph":[{"@type":"Article","@id":"https:\/\/sabado100.com.ar\/es-ar\/el-papa-canta-las-cuarenta\/#article","isPartOf":{"@id":"https:\/\/sabado100.com.ar\/es-ar\/el-papa-canta-las-cuarenta\/"},"author":{"name":"sabado cien","@id":"https:\/\/sabado100.com.ar\/es-ar\/#\/schema\/person\/58e38b918ef4e44b11398f25d4684c6d"},"headline":"El Papa canta las cuarenta","datePublished":"2015-10-02T19:47:45+00:00","dateModified":"2015-10-02T19:47:45+00:00","mainEntityOfPage":{"@id":"https:\/\/sabado100.com.ar\/es-ar\/el-papa-canta-las-cuarenta\/"},"wordCount":959,"commentCount":0,"publisher":{"@id":"https:\/\/sabado100.com.ar\/es-ar\/#organization"},"articleSection":["Pol\u00edtica"],"inLanguage":"es","potentialAction":[{"@type":"CommentAction","name":"Comment","target":["https:\/\/sabado100.com.ar\/es-ar\/el-papa-canta-las-cuarenta\/#respond"]}]},{"@type":"WebPage","@id":"https:\/\/sabado100.com.ar\/es-ar\/el-papa-canta-las-cuarenta\/","url":"https:\/\/sabado100.com.ar\/es-ar\/el-papa-canta-las-cuarenta\/","name":"El Papa canta las cuarenta - Sabado 100","isPartOf":{"@id":"https:\/\/sabado100.com.ar\/es-ar\/#website"},"datePublished":"2015-10-02T19:47:45+00:00","dateModified":"2015-10-02T19:47:45+00:00","breadcrumb":{"@id":"https:\/\/sabado100.com.ar\/es-ar\/el-papa-canta-las-cuarenta\/#breadcrumb"},"inLanguage":"es","potentialAction":[{"@type":"ReadAction","target":["https:\/\/sabado100.com.ar\/es-ar\/el-papa-canta-las-cuarenta\/"]}]},{"@type":"BreadcrumbList","@id":"https:\/\/sabado100.com.ar\/es-ar\/el-papa-canta-las-cuarenta\/#breadcrumb","itemListElement":[{"@type":"ListItem","position":1,"name":"Portada","item":"https:\/\/sabado100.com.ar\/es-ar\/"},{"@type":"ListItem","position":2,"name":"El Papa canta las cuarenta"}]},{"@type":"WebSite","@id":"https:\/\/sabado100.com.ar\/es-ar\/#website","url":"https:\/\/sabado100.com.ar\/es-ar\/","name":"Sabado 100","description":"","publisher":{"@id":"https:\/\/sabado100.com.ar\/es-ar\/#organization"},"potentialAction":[{"@type":"SearchAction","target":{"@type":"EntryPoint","urlTemplate":"https:\/\/sabado100.com.ar\/es-ar\/?s={search_term_string}"},"query-input":"required name=search_term_string"}],"inLanguage":"es"},{"@type":"Organization","@id":"https:\/\/sabado100.com.ar\/es-ar\/#organization","name":"Sabado 100","url":"https:\/\/sabado100.com.ar\/es-ar\/","logo":{"@type":"ImageObject","inLanguage":"es","@id":"https:\/\/sabado100.com.ar\/es-ar\/#\/schema\/logo\/image\/","url":"https:\/\/sabado100.com.ar\/es-ar\/wp-content\/uploads\/2024\/04\/logo3.jpg","contentUrl":"https:\/\/sabado100.com.ar\/es-ar\/wp-content\/uploads\/2024\/04\/logo3.jpg","width":300,"height":174,"caption":"Sabado 100"},"image":{"@id":"https:\/\/sabado100.com.ar\/es-ar\/#\/schema\/logo\/image\/"},"sameAs":["https:\/\/www.facebook.com\/sabadocien\/","https:\/\/www.instagram.com\/sabado100.com.ar\/","https:\/\/www.youtube.com\/@sabado1003"]},{"@type":"Person","@id":"https:\/\/sabado100.com.ar\/es-ar\/#\/schema\/person\/58e38b918ef4e44b11398f25d4684c6d","name":"sabado cien","image":{"@type":"ImageObject","inLanguage":"es","@id":"https:\/\/sabado100.com.ar\/es-ar\/#\/schema\/person\/image\/","url":"https:\/\/sabado100.com.ar\/es-ar\/wp-content\/litespeed\/avatar\/484bccfbd493fbb703b0f1b8113dad61.jpg?ver=1787731622","contentUrl":"https:\/\/sabado100.com.ar\/es-ar\/wp-content\/litespeed\/avatar\/484bccfbd493fbb703b0f1b8113dad61.jpg?ver=1787731622","caption":"sabado cien"},"url":"https:\/\/sabado100.com.ar\/es-ar\/author\/sabado100\/"}]}},"_links":{"self":[{"href":"https:\/\/sabado100.com.ar\/es-ar\/wp-json\/wp\/v2\/posts\/4253","targetHints":{"allow":["GET"]}}],"collection":[{"href":"https:\/\/sabado100.com.ar\/es-ar\/wp-json\/wp\/v2\/posts"}],"about":[{"href":"https:\/\/sabado100.com.ar\/es-ar\/wp-json\/wp\/v2\/types\/post"}],"author":[{"embeddable":true,"href":"https:\/\/sabado100.com.ar\/es-ar\/wp-json\/wp\/v2\/users\/2"}],"replies":[{"embeddable":true,"href":"https:\/\/sabado100.com.ar\/es-ar\/wp-json\/wp\/v2\/comments?post=4253"}],"version-history":[{"count":0,"href":"https:\/\/sabado100.com.ar\/es-ar\/wp-json\/wp\/v2\/posts\/4253\/revisions"}],"wp:attachment":[{"href":"https:\/\/sabado100.com.ar\/es-ar\/wp-json\/wp\/v2\/media?parent=4253"}],"wp:term":[{"taxonomy":"category","embeddable":true,"href":"https:\/\/sabado100.com.ar\/es-ar\/wp-json\/wp\/v2\/categories?post=4253"},{"taxonomy":"post_tag","embeddable":true,"href":"https:\/\/sabado100.com.ar\/es-ar\/wp-json\/wp\/v2\/tags?post=4253"}],"curies":[{"name":"wp","href":"https:\/\/api.w.org\/{rel}","templated":true}]}}