{"id":4248,"date":"2015-09-25T20:57:31","date_gmt":"2015-09-25T18:57:31","guid":{"rendered":"https:\/\/www.sabado100.com.ar\/?p=4248"},"modified":"2015-09-25T20:57:31","modified_gmt":"2015-09-25T18:57:31","slug":"candidatos-del-pragmatismo","status":"publish","type":"post","link":"https:\/\/sabado100.com.ar\/es-ar\/candidatos-del-pragmatismo\/","title":{"rendered":"Candidatos del pragmatismo"},"content":{"rendered":"<p><strong>Por Mar\u00eda Herminia Grande.-<\/strong> El proceso electoral argentino 2015 presenta sus extra\u00f1ezas. La m\u00e1s notoria tiene que ver con la desideologizaci\u00f3n de sus principales protagonistas. No es casual que tanto Daniel Scioli como Mauricio Macri y Sergio Massa no hayan nacido a estas candidaturas como cuadros pol\u00edticos. En el caso de Macri, construy\u00f3 su andamiaje pol\u00edtico basado en figuras conocidas p\u00fablicamente, algunas con notoriedad. Inicialmente la condici\u00f3n para adherir a esta estructura fue ser apol\u00edtico. Algunos confund\u00edan esto con ser antipol\u00edtico. Se busc\u00f3 j\u00f3venes con buena presencia, casi un spot publicitario. Pasaron los a\u00f1os y hoy no es f\u00e1cil desde lo ideol\u00f3gico definir al partido de los globos. Por algunas pol\u00edticas aplicadas en la ciudad de Buenos Aires podr\u00eda encuadr\u00e1rselo dentro de la centroderecha y por otras dentro de la centroizquierda. Podr\u00edamos decir que el PRO es Macri y su actitud refractaria a uno u otro polo ideol\u00f3gico.<\/p>\n<p>Scioli y Massa vienen de distintas historias. Scioli inicialmente, Massa al poco tiempo de andar la pol\u00edtica, adhirieron al peor de los peronismos: el del oportunismo. Tal vez por aquello de que todos somos peronistas, Scioli fue funcionario y adhiri\u00f3 c\u00e1lidamente al Gobierno del presidente Carlos Menem, al del presidente Eduardo Duhalde, al del presidente N\u00e9stor Kirchner y al de la presidente Cristina de Kirchner. En el caso de Massa, luego de adherir en su juventud al ala derecha de la Uni\u00f3n del Centro Democr\u00e1tico, conoci\u00f3 a Menem por intermedio del sindicalista Luis Barrionuevo y desde all\u00ed tambi\u00e9n pas\u00f3 por los Gobiernos de Menem, Duhalde y los del matrimonio Kirchner. La diferencia entre ambos tiene que ver con que Scioli decidi\u00f3 desde su primera inserci\u00f3n pol\u00edtica transitar el camino que los distintos peronismos en el poder transiten. Aun a costas de cualquier destrato. Por sus caracter\u00edsticas personales, tuvo la oportunidad de irse de las filas del kirchnerismo y junto a Sergio Massa proponerle a la sociedad una alternativa al actual Gobierno. Decidi\u00f3 quedarse sabiendo que part\u00eda con el piso hist\u00f3rico del kirchnerismo y encomendarse a Dios y a los errores de sus adversarios, para adem\u00e1s atraer votos independientes.<\/p>\n<p>El joven Sergio Massa fue m\u00e1s osado que Scioli, form\u00f3 un club de intendentes bonaerenses y su jugada pos Resoluci\u00f3n 125 encontr\u00f3 caldo de cultivo en un electorado cansado del rigor kirchnerista. El enamoramiento que sinti\u00f3 por el m\u00e9todo que aplic\u00f3 lo llev\u00f3 a poco de andar a cometer grandes errores pol\u00edticos. Se present\u00f3 como la renovaci\u00f3n, pero sus actitudes demostraron lo contrario. No solo perdi\u00f3 de sus filas a importantes dirigentes pol\u00edticos, sino adem\u00e1s un valioso tiempo en su carrera electoral.<\/p>\n<p>A un mes de las elecciones estamos ante la presencia de tres candidatos presidenciales atravesados solo por el pragmatismo, que a veces tampoco les juega una buena pasada. En el juego de la oca pol\u00edtico avanzan y retroceden, a trav\u00e9s del dado que marca en su cara los errores que van cometiendo. Asistimos por estos d\u00edas, y seguramente los que vendr\u00e1n, al operativo Encuestas, por lo tanto es muy dif\u00edcil saber si la foto de las \u00faltimas PASO sufri\u00f3 alteraci\u00f3n. Scioli tuvo su respiro, luego de su viaje a Italia, las inundaciones, Tucum\u00e1n, con la transparencia de manual que se utiliz\u00f3 en las elecciones del Chaco. Despu\u00e9s de tanto manoseo electoral en Tucum\u00e1n era obvio que se tratase de hacer las cosas bien en los comicios chaque\u00f1os. A prop\u00f3sito de Tucum\u00e1n, \u00a1qu\u00e9 indiferente ha sido el sector de la ciudadan\u00eda argentina que, coincidiendo con el reclamo de los tucumanos, no les hizo sentir su acompa\u00f1amiento! La sensaci\u00f3n es que Tucum\u00e1n qued\u00f3 solo y como globo de ensayo de actitudes pol\u00edticas, judiciales y populares.<\/p>\n<p>Macri, luego de sus desventuras pol\u00edticas, supuestamente por consejos de Dur\u00e1n Barba, padeci\u00f3 el affaire Niembro. Pareciera que le cuesta entender la dureza con la que fue tratado por este tema. Sucede que quien crey\u00f3 ver en \u00e9l un representante de otra forma de hacer pol\u00edtica tropez\u00f3 con la misma piedra. Es dif\u00edcil analizar si luego, a la hora de votar, este tropez\u00f3n ser\u00e1 ca\u00edda.<\/p>\n<p>En el caso de Massa, cuenta con el respaldo de Manuel de la Sota, quien s\u00ed ostenta coherencia pol\u00edtica y de Roberto Lavagna y equipo, que ya han pasado por crisis como la actual y con solvencia. Massa es quien con mayor libertad, agudeza y osad\u00eda va presentando su proyecto presidencial. Lo que hoy, y seguramente hasta los quince d\u00edas previos al acto comicial, no quedar\u00e1 claro es si la performance de Massa resultar\u00e1 facilitador de un ballotage o de un Scioli ganador en primera vuelta.<\/p>\n<p>Mientras tanto la pobreza, la desnutrici\u00f3n, la inseguridad, el narcotr\u00e1fico configuran una realidad que por momentos parece ajena a quienes dicen querer gobernarla.<\/p>\n<p><strong>Fuente:<\/strong> martes 22 de septiembre de 2015, Infobae.<\/p>\n<p>@mhgrande<br \/>\nhtpps:\/\/www.facebook.com\/mgperiodismo<br \/>\nwww.mariaherminiagrande.com.ar<\/p>\n","protected":false},"excerpt":{"rendered":"<p>Por Mar\u00eda Herminia Grande.- El proceso electoral argentino 2015 presenta sus extra\u00f1ezas. La m\u00e1s notoria tiene que ver con la [&hellip;]<\/p>\n","protected":false},"author":2,"featured_media":0,"comment_status":"open","ping_status":"closed","sticky":false,"template":"","format":"standard","meta":{"site-sidebar-layout":"default","site-content-layout":"","ast-site-content-layout":"default","site-content-style":"default","site-sidebar-style":"default","ast-global-header-display":"","ast-banner-title-visibility":"","ast-main-header-display":"","ast-hfb-above-header-display":"","ast-hfb-below-header-display":"","ast-hfb-mobile-header-display":"","site-post-title":"","ast-breadcrumbs-content":"","ast-featured-img":"","footer-sml-layout":"","ast-disable-related-posts":"","theme-transparent-header-meta":"","adv-header-id-meta":"","stick-header-meta":"","header-above-stick-meta":"","header-main-stick-meta":"","header-below-stick-meta":"","astra-migrate-meta-layouts":"default","ast-page-background-enabled":"default","ast-page-background-meta":{"desktop":{"background-color":"var(--ast-global-color-4)","background-image":"","background-repeat":"repeat","background-position":"center center","background-size":"auto","background-attachment":"scroll","background-type":"","background-media":"","overlay-type":"","overlay-color":"","overlay-opacity":"","overlay-gradient":""},"tablet":{"background-color":"","background-image":"","background-repeat":"repeat","background-position":"center center","background-size":"auto","background-attachment":"scroll","background-type":"","background-media":"","overlay-type":"","overlay-color":"","overlay-opacity":"","overlay-gradient":""},"mobile":{"background-color":"","background-image":"","background-repeat":"repeat","background-position":"center center","background-size":"auto","background-attachment":"scroll","background-type":"","background-media":"","overlay-type":"","overlay-color":"","overlay-opacity":"","overlay-gradient":""}},"ast-content-background-meta":{"desktop":{"background-color":"var(--ast-global-color-5)","background-image":"","background-repeat":"repeat","background-position":"center center","background-size":"auto","background-attachment":"scroll","background-type":"","background-media":"","overlay-type":"","overlay-color":"","overlay-opacity":"","overlay-gradient":""},"tablet":{"background-color":"var(--ast-global-color-5)","background-image":"","background-repeat":"repeat","background-position":"center center","background-size":"auto","background-attachment":"scroll","background-type":"","background-media":"","overlay-type":"","overlay-color":"","overlay-opacity":"","overlay-gradient":""},"mobile":{"background-color":"var(--ast-global-color-5)","background-image":"","background-repeat":"repeat","background-position":"center center","background-size":"auto","background-attachment":"scroll","background-type":"","background-media":"","overlay-type":"","overlay-color":"","overlay-opacity":"","overlay-gradient":""}},"footnotes":""},"categories":[5],"tags":[5388],"class_list":["post-4248","post","type-post","status-publish","format-standard","hentry","category-politica","tag-candidatos-del-pragmatismo"],"yoast_head":"<!-- This site is optimized with the Yoast SEO plugin v23.2 - https:\/\/yoast.com\/wordpress\/plugins\/seo\/ -->\n<title>Candidatos del pragmatismo - Sabado 100<\/title>\n<meta name=\"robots\" content=\"index, follow, max-snippet:-1, max-image-preview:large, max-video-preview:-1\" \/>\n<link rel=\"canonical\" href=\"https:\/\/sabado100.com.ar\/es-ar\/candidatos-del-pragmatismo\/\" \/>\n<meta property=\"og:locale\" content=\"es_ES\" \/>\n<meta property=\"og:type\" content=\"article\" \/>\n<meta property=\"og:title\" content=\"Candidatos del pragmatismo - Sabado 100\" \/>\n<meta property=\"og:description\" content=\"Por Mar\u00eda Herminia Grande.- El proceso electoral argentino 2015 presenta sus extra\u00f1ezas. La m\u00e1s notoria tiene que ver con la [&hellip;]\" \/>\n<meta property=\"og:url\" content=\"https:\/\/sabado100.com.ar\/es-ar\/candidatos-del-pragmatismo\/\" \/>\n<meta property=\"og:site_name\" content=\"Sabado 100\" \/>\n<meta property=\"article:publisher\" content=\"https:\/\/www.facebook.com\/sabadocien\/\" \/>\n<meta property=\"article:published_time\" content=\"2015-09-25T18:57:31+00:00\" \/>\n<meta name=\"author\" content=\"sabado cien\" \/>\n<meta name=\"twitter:card\" content=\"summary_large_image\" \/>\n<meta name=\"twitter:label1\" content=\"Escrito por\" \/>\n\t<meta name=\"twitter:data1\" content=\"sabado cien\" \/>\n\t<meta name=\"twitter:label2\" content=\"Tiempo de lectura\" \/>\n\t<meta name=\"twitter:data2\" content=\"4 minutos\" \/>\n<script type=\"application\/ld+json\" class=\"yoast-schema-graph\">{\"@context\":\"https:\/\/schema.org\",\"@graph\":[{\"@type\":\"Article\",\"@id\":\"https:\/\/sabado100.com.ar\/es-ar\/candidatos-del-pragmatismo\/#article\",\"isPartOf\":{\"@id\":\"https:\/\/sabado100.com.ar\/es-ar\/candidatos-del-pragmatismo\/\"},\"author\":{\"name\":\"sabado cien\",\"@id\":\"https:\/\/sabado100.com.ar\/es-ar\/#\/schema\/person\/58e38b918ef4e44b11398f25d4684c6d\"},\"headline\":\"Candidatos del pragmatismo\",\"datePublished\":\"2015-09-25T18:57:31+00:00\",\"dateModified\":\"2015-09-25T18:57:31+00:00\",\"mainEntityOfPage\":{\"@id\":\"https:\/\/sabado100.com.ar\/es-ar\/candidatos-del-pragmatismo\/\"},\"wordCount\":860,\"commentCount\":0,\"publisher\":{\"@id\":\"https:\/\/sabado100.com.ar\/es-ar\/#organization\"},\"keywords\":[\"Candidatos del pragmatismo\"],\"articleSection\":[\"Pol\u00edtica\"],\"inLanguage\":\"es\",\"potentialAction\":[{\"@type\":\"CommentAction\",\"name\":\"Comment\",\"target\":[\"https:\/\/sabado100.com.ar\/es-ar\/candidatos-del-pragmatismo\/#respond\"]}]},{\"@type\":\"WebPage\",\"@id\":\"https:\/\/sabado100.com.ar\/es-ar\/candidatos-del-pragmatismo\/\",\"url\":\"https:\/\/sabado100.com.ar\/es-ar\/candidatos-del-pragmatismo\/\",\"name\":\"Candidatos del pragmatismo - Sabado 100\",\"isPartOf\":{\"@id\":\"https:\/\/sabado100.com.ar\/es-ar\/#website\"},\"datePublished\":\"2015-09-25T18:57:31+00:00\",\"dateModified\":\"2015-09-25T18:57:31+00:00\",\"breadcrumb\":{\"@id\":\"https:\/\/sabado100.com.ar\/es-ar\/candidatos-del-pragmatismo\/#breadcrumb\"},\"inLanguage\":\"es\",\"potentialAction\":[{\"@type\":\"ReadAction\",\"target\":[\"https:\/\/sabado100.com.ar\/es-ar\/candidatos-del-pragmatismo\/\"]}]},{\"@type\":\"BreadcrumbList\",\"@id\":\"https:\/\/sabado100.com.ar\/es-ar\/candidatos-del-pragmatismo\/#breadcrumb\",\"itemListElement\":[{\"@type\":\"ListItem\",\"position\":1,\"name\":\"Portada\",\"item\":\"https:\/\/sabado100.com.ar\/es-ar\/\"},{\"@type\":\"ListItem\",\"position\":2,\"name\":\"Candidatos del pragmatismo\"}]},{\"@type\":\"WebSite\",\"@id\":\"https:\/\/sabado100.com.ar\/es-ar\/#website\",\"url\":\"https:\/\/sabado100.com.ar\/es-ar\/\",\"name\":\"Sabado 100\",\"description\":\"\",\"publisher\":{\"@id\":\"https:\/\/sabado100.com.ar\/es-ar\/#organization\"},\"potentialAction\":[{\"@type\":\"SearchAction\",\"target\":{\"@type\":\"EntryPoint\",\"urlTemplate\":\"https:\/\/sabado100.com.ar\/es-ar\/?s={search_term_string}\"},\"query-input\":\"required name=search_term_string\"}],\"inLanguage\":\"es\"},{\"@type\":\"Organization\",\"@id\":\"https:\/\/sabado100.com.ar\/es-ar\/#organization\",\"name\":\"Sabado 100\",\"url\":\"https:\/\/sabado100.com.ar\/es-ar\/\",\"logo\":{\"@type\":\"ImageObject\",\"inLanguage\":\"es\",\"@id\":\"https:\/\/sabado100.com.ar\/es-ar\/#\/schema\/logo\/image\/\",\"url\":\"https:\/\/sabado100.com.ar\/es-ar\/wp-content\/uploads\/2024\/04\/logo3.jpg\",\"contentUrl\":\"https:\/\/sabado100.com.ar\/es-ar\/wp-content\/uploads\/2024\/04\/logo3.jpg\",\"width\":300,\"height\":174,\"caption\":\"Sabado 100\"},\"image\":{\"@id\":\"https:\/\/sabado100.com.ar\/es-ar\/#\/schema\/logo\/image\/\"},\"sameAs\":[\"https:\/\/www.facebook.com\/sabadocien\/\",\"https:\/\/www.instagram.com\/sabado100.com.ar\/\",\"https:\/\/www.youtube.com\/@sabado1003\"]},{\"@type\":\"Person\",\"@id\":\"https:\/\/sabado100.com.ar\/es-ar\/#\/schema\/person\/58e38b918ef4e44b11398f25d4684c6d\",\"name\":\"sabado cien\",\"image\":{\"@type\":\"ImageObject\",\"inLanguage\":\"es\",\"@id\":\"https:\/\/sabado100.com.ar\/es-ar\/#\/schema\/person\/image\/\",\"url\":\"https:\/\/sabado100.com.ar\/es-ar\/wp-content\/litespeed\/avatar\/484bccfbd493fbb703b0f1b8113dad61.jpg?ver=1787731622\",\"contentUrl\":\"https:\/\/sabado100.com.ar\/es-ar\/wp-content\/litespeed\/avatar\/484bccfbd493fbb703b0f1b8113dad61.jpg?ver=1787731622\",\"caption\":\"sabado cien\"},\"url\":\"https:\/\/sabado100.com.ar\/es-ar\/author\/sabado100\/\"}]}<\/script>\n<!-- \/ Yoast SEO plugin. -->","yoast_head_json":{"title":"Candidatos del pragmatismo - Sabado 100","robots":{"index":"index","follow":"follow","max-snippet":"max-snippet:-1","max-image-preview":"max-image-preview:large","max-video-preview":"max-video-preview:-1"},"canonical":"https:\/\/sabado100.com.ar\/es-ar\/candidatos-del-pragmatismo\/","og_locale":"es_ES","og_type":"article","og_title":"Candidatos del pragmatismo - Sabado 100","og_description":"Por Mar\u00eda Herminia Grande.- El proceso electoral argentino 2015 presenta sus extra\u00f1ezas. La m\u00e1s notoria tiene que ver con la [&hellip;]","og_url":"https:\/\/sabado100.com.ar\/es-ar\/candidatos-del-pragmatismo\/","og_site_name":"Sabado 100","article_publisher":"https:\/\/www.facebook.com\/sabadocien\/","article_published_time":"2015-09-25T18:57:31+00:00","author":"sabado cien","twitter_card":"summary_large_image","twitter_misc":{"Escrito por":"sabado cien","Tiempo de lectura":"4 minutos"},"schema":{"@context":"https:\/\/schema.org","@graph":[{"@type":"Article","@id":"https:\/\/sabado100.com.ar\/es-ar\/candidatos-del-pragmatismo\/#article","isPartOf":{"@id":"https:\/\/sabado100.com.ar\/es-ar\/candidatos-del-pragmatismo\/"},"author":{"name":"sabado cien","@id":"https:\/\/sabado100.com.ar\/es-ar\/#\/schema\/person\/58e38b918ef4e44b11398f25d4684c6d"},"headline":"Candidatos del pragmatismo","datePublished":"2015-09-25T18:57:31+00:00","dateModified":"2015-09-25T18:57:31+00:00","mainEntityOfPage":{"@id":"https:\/\/sabado100.com.ar\/es-ar\/candidatos-del-pragmatismo\/"},"wordCount":860,"commentCount":0,"publisher":{"@id":"https:\/\/sabado100.com.ar\/es-ar\/#organization"},"keywords":["Candidatos del pragmatismo"],"articleSection":["Pol\u00edtica"],"inLanguage":"es","potentialAction":[{"@type":"CommentAction","name":"Comment","target":["https:\/\/sabado100.com.ar\/es-ar\/candidatos-del-pragmatismo\/#respond"]}]},{"@type":"WebPage","@id":"https:\/\/sabado100.com.ar\/es-ar\/candidatos-del-pragmatismo\/","url":"https:\/\/sabado100.com.ar\/es-ar\/candidatos-del-pragmatismo\/","name":"Candidatos del pragmatismo - Sabado 100","isPartOf":{"@id":"https:\/\/sabado100.com.ar\/es-ar\/#website"},"datePublished":"2015-09-25T18:57:31+00:00","dateModified":"2015-09-25T18:57:31+00:00","breadcrumb":{"@id":"https:\/\/sabado100.com.ar\/es-ar\/candidatos-del-pragmatismo\/#breadcrumb"},"inLanguage":"es","potentialAction":[{"@type":"ReadAction","target":["https:\/\/sabado100.com.ar\/es-ar\/candidatos-del-pragmatismo\/"]}]},{"@type":"BreadcrumbList","@id":"https:\/\/sabado100.com.ar\/es-ar\/candidatos-del-pragmatismo\/#breadcrumb","itemListElement":[{"@type":"ListItem","position":1,"name":"Portada","item":"https:\/\/sabado100.com.ar\/es-ar\/"},{"@type":"ListItem","position":2,"name":"Candidatos del pragmatismo"}]},{"@type":"WebSite","@id":"https:\/\/sabado100.com.ar\/es-ar\/#website","url":"https:\/\/sabado100.com.ar\/es-ar\/","name":"Sabado 100","description":"","publisher":{"@id":"https:\/\/sabado100.com.ar\/es-ar\/#organization"},"potentialAction":[{"@type":"SearchAction","target":{"@type":"EntryPoint","urlTemplate":"https:\/\/sabado100.com.ar\/es-ar\/?s={search_term_string}"},"query-input":"required name=search_term_string"}],"inLanguage":"es"},{"@type":"Organization","@id":"https:\/\/sabado100.com.ar\/es-ar\/#organization","name":"Sabado 100","url":"https:\/\/sabado100.com.ar\/es-ar\/","logo":{"@type":"ImageObject","inLanguage":"es","@id":"https:\/\/sabado100.com.ar\/es-ar\/#\/schema\/logo\/image\/","url":"https:\/\/sabado100.com.ar\/es-ar\/wp-content\/uploads\/2024\/04\/logo3.jpg","contentUrl":"https:\/\/sabado100.com.ar\/es-ar\/wp-content\/uploads\/2024\/04\/logo3.jpg","width":300,"height":174,"caption":"Sabado 100"},"image":{"@id":"https:\/\/sabado100.com.ar\/es-ar\/#\/schema\/logo\/image\/"},"sameAs":["https:\/\/www.facebook.com\/sabadocien\/","https:\/\/www.instagram.com\/sabado100.com.ar\/","https:\/\/www.youtube.com\/@sabado1003"]},{"@type":"Person","@id":"https:\/\/sabado100.com.ar\/es-ar\/#\/schema\/person\/58e38b918ef4e44b11398f25d4684c6d","name":"sabado cien","image":{"@type":"ImageObject","inLanguage":"es","@id":"https:\/\/sabado100.com.ar\/es-ar\/#\/schema\/person\/image\/","url":"https:\/\/sabado100.com.ar\/es-ar\/wp-content\/litespeed\/avatar\/484bccfbd493fbb703b0f1b8113dad61.jpg?ver=1787731622","contentUrl":"https:\/\/sabado100.com.ar\/es-ar\/wp-content\/litespeed\/avatar\/484bccfbd493fbb703b0f1b8113dad61.jpg?ver=1787731622","caption":"sabado cien"},"url":"https:\/\/sabado100.com.ar\/es-ar\/author\/sabado100\/"}]}},"_links":{"self":[{"href":"https:\/\/sabado100.com.ar\/es-ar\/wp-json\/wp\/v2\/posts\/4248","targetHints":{"allow":["GET"]}}],"collection":[{"href":"https:\/\/sabado100.com.ar\/es-ar\/wp-json\/wp\/v2\/posts"}],"about":[{"href":"https:\/\/sabado100.com.ar\/es-ar\/wp-json\/wp\/v2\/types\/post"}],"author":[{"embeddable":true,"href":"https:\/\/sabado100.com.ar\/es-ar\/wp-json\/wp\/v2\/users\/2"}],"replies":[{"embeddable":true,"href":"https:\/\/sabado100.com.ar\/es-ar\/wp-json\/wp\/v2\/comments?post=4248"}],"version-history":[{"count":0,"href":"https:\/\/sabado100.com.ar\/es-ar\/wp-json\/wp\/v2\/posts\/4248\/revisions"}],"wp:attachment":[{"href":"https:\/\/sabado100.com.ar\/es-ar\/wp-json\/wp\/v2\/media?parent=4248"}],"wp:term":[{"taxonomy":"category","embeddable":true,"href":"https:\/\/sabado100.com.ar\/es-ar\/wp-json\/wp\/v2\/categories?post=4248"},{"taxonomy":"post_tag","embeddable":true,"href":"https:\/\/sabado100.com.ar\/es-ar\/wp-json\/wp\/v2\/tags?post=4248"}],"curies":[{"name":"wp","href":"https:\/\/api.w.org\/{rel}","templated":true}]}}