{"id":4239,"date":"2015-09-22T16:38:31","date_gmt":"2015-09-22T14:38:31","guid":{"rendered":"https:\/\/www.sabado100.com.ar\/?p=4239"},"modified":"2015-09-22T16:38:31","modified_gmt":"2015-09-22T14:38:31","slug":"historias-poco-conocidas-de-juan-florentino-basso","status":"publish","type":"post","link":"https:\/\/sabado100.com.ar\/es-ar\/historias-poco-conocidas-de-juan-florentino-basso\/","title":{"rendered":"Historias poco conocidas de Juan Florentino Basso"},"content":{"rendered":"<p><strong>Por Emilio Grande (h.).-<\/strong> \u00abFue un luchador nato y emprendedor incansable, incidi\u00f3 marcadamente en el devenir socio-econ\u00f3mico de Rafaela y la regi\u00f3n a trav\u00e9s de la creaci\u00f3n de innumerables empresas, la generaci\u00f3n de puestos de trabajo y una activa participaci\u00f3n en entidades empresarias, deportivas y sociales. Su contribuci\u00f3n, signada por un fuerte compromiso, no estuvo exenta de una notable visi\u00f3n de futuro, sentido de la oportunidad y ansias de crecimiento individual y comunitario\u00bb, destaca Jose Luis Basso sobre su pap\u00e1 Juan a este cronista.<\/p>\n<p>Era hijo de Rosa Angela Nocco y Jos\u00e9 Basso, naci\u00f3 el 13 de agosto en 1922 en Humberto Primo, donde curs\u00f3 sus estudios primarios. En 1931 se traslad\u00f3 junto a sus padres a Seeber (C\u00f3rdoba), donde se desempe\u00f1\u00f3 en diversas actividades, colaborando con la econom\u00eda familiar y con el crecimiento de sus nueve hermanos menores.<\/p>\n<p>En 1946 Juan Florentino Bienvenido Basso se radic\u00f3 en Rafaela, desarrollando una de sus primeras actividades laborales en la tradicional Muebler\u00eda Scossiroli, ubicada en bulevar Santa Fe al 200, donde alcanz\u00f3 la gerencia y supo construir valiosas relaciones con una comunidad que le abr\u00eda las puertas. \u00abSu af\u00e1n de progreso lo llev\u00f3 a encarar simult\u00e1neamente a su actividad comercial varios emprendimientos como la empresa de excursiones tur\u00edsticas que contaba con un solo colectivo y los fines de semana organizaba salidas al Parque Sur de Santa Fe o se aventuraba a lugares m\u00e1s distantes como Mendoza o Termas de R\u00edo Hondo, dejando la oficina para hacer de chofer, cuando las vacaciones se lo permit\u00edan. Esta empresa llevaba el emblem\u00e1tico BBB, seguir\u00eda a trav\u00e9s de varios emprendimientos, pero en este caso por Basso, Bertolotti y Jos\u00e9 Baronetti\u00bb, agrega.<\/p>\n<p>Otra de las empresas fue una f\u00e1brica de potes de cart\u00f3n que funcion\u00f3 en 3 de Febrero y Pellegrini, dando paso en esta cadena de emprendimientos a la recordada f\u00e1brica de mermeladas Dul-Cas (tuvo 37 empleados), que alcanz\u00f3 cierta notoriedad en el mercado y a\u00f1os m\u00e1s tarde lanz\u00f3 su producto estrella: el zapallo en alm\u00edbar. Esta empresa demostraba un incipiente perfil industrial y estuvo ubicada inicialmente en calle Caseros y luego en Bv. Yrigoyen.<\/p>\n<p>En 1963 fund\u00f3 junto a sus socios Dante Beninca e Italo Bottero la productora de v\u00e1lvulas para motores a explosi\u00f3n: Basso, Beninca y Bottero SAIC, empresa que en 1985 adquirir\u00eda la denominaci\u00f3n de Basso SA a trav\u00e9s de la adquisici\u00f3n accionaria al resto de los socios. Junto a esa empresa, cre\u00f3 una de las marcas comerciales con m\u00e1s trayectoria del autopartismo argentino: V\u00e1lvulas 3B.<\/p>\n<p>En 1966 se constituy\u00f3 en el primer presidente y miembro fundador de la C\u00e1mara de Industriales Metal\u00fargicos del Centro Comercial e Industrial del departamento Castellanos. En 1971 gestion\u00f3 la primera exportaci\u00f3n de Basso, Beninca y Bottero SAIC, que lo erigi\u00f3 en uno de los pioneros del comercio exterior autopartista de Rafaela y la regi\u00f3n.<\/p>\n<p>En 1977 encabez\u00f3 una de las primeras misiones comerciales a Per\u00fa, Ecuador y Colombia junto a empresarios de la ciudad y otras localidades de la provincia de Santa Fe.<\/p>\n<p>En 1978 fue miembro fundador de la C\u00e1mara de Comercio Exterior, ocupando el cargo de presidente en 1984. Entre 1980-1982 ejerci\u00f3 la presidencia del Centro Comercial e Industrial del Departamento Castellanos (actualmente CCIRR).<\/p>\n<p>En 1986 fund\u00f3 junto a sus hijos Jos\u00e9 Luis y Juan Carlos Motor Parts SA, empresa dedicada a la producci\u00f3n de v\u00e1lvulas para motores de competici\u00f3n y alta performance, en Lehmann.<\/p>\n<p>\u00abEl \u00e9xito alcanzado en sus actividades industriales y empresarias lo consagraron en septiembre de 1987 como el empresario del a\u00f1o, galard\u00f3n otorgado por la Confederaci\u00f3n General de la Industria (CGI), que recibi\u00f3 del entonces presidente Ra\u00fal Alfons\u00edn\u00bb, precisa el entrevistado.<\/p>\n<p>Su pujanza sin l\u00edmites lo llev\u00f3 a desarrollar su propia cadena de distribuci\u00f3n bajo la denominaci\u00f3n Valper en Rafaela, C\u00f3rdoba, Rosario, Buenos Aires y Mar del Plata.<\/p>\n<p>Entre las instituciones que lo contaron como uno de sus m\u00e1s relevantes directivos se pueden mencionar tambi\u00e9n a CIFARA (C\u00e1mara Industrial de Fabricantes de Autopartes de la Rep\u00fablica Argentina), CGI y COPROFOI (Consejo Provincial de Fomento Industrial). Adem\u00e1s tuvo una activa participaci\u00f3n en la Comisi\u00f3n Pro Desarrollo de Rafaela (ocup\u00f3 la vicepresidencia primera), constituida para tres objetivos: la realizaci\u00f3n del acueducto Esperanza-Rafaela, que en 1981 vio cristalizada la obra de abastecimiento de nuestra ciudad desde el acu\u00edfero Pampeano-Puelche, la creaci\u00f3n de un Parque Industrial en esta ciudad y la radicaci\u00f3n de la Universidad Tecnol\u00f3gica Nacional. Tres conquistas que lo tuvieron como protagonista.<\/p>\n<p>En el \u00e1mbito religioso fue tenaz cooperador de la Di\u00f3cesis local junto al padre Normando Corti y muchos otros sacerdotes. Su pasi\u00f3n por el deporte lo llev\u00f3 a ser un activo colaborador del Club Atl\u00e9tico Ferrocarril del Estado, Atl\u00e9tico de Rafaela y de la Asociaci\u00f3n del F\u00fatbol Argentino (AFA). Se hab\u00eda casado en dos oportunidades: con Elena Esther Chialvo y Nelly Far\u00edas. Falleci\u00f3 el 18 de febrero de 1990, a la edad de 67 a\u00f1os.<\/p>\n<p><strong>Los reconocimientos<\/strong><\/p>\n<p>Dos obras de importancia recuerdan a Juan Basso en Lehmann: el jard\u00edn N\u00b0 267 y el principal ingreso desde ruta 34. En Vila, uno de los circuitos m\u00e1s emblem\u00e1ticos de la categor\u00eda zonal Midget, tambi\u00e9n lleva su nombre y habla a las claras de su capacidad de dejar huella en distintos \u00e1mbitos. En Rafaela el Jard\u00edn Maternal del barrio Amancay, donde desde 1974 funciona la productora de v\u00e1lvulas para motor, fue denominado as\u00ed en honor a este gran emprendedor y tambi\u00e9n el sal\u00f3n parroquial Santa Rosa de Lima. A pesar del impulso de sus continuadores, ninguna calle de nuestra ciudad rinde tributo a este emprendedor, quien con su multifac\u00e9tica labor cambi\u00f3 el devenir econ\u00f3mico y social de esta comunidad.<\/p>\n<p><strong>Fuente:<\/strong> diario La Opini\u00f3n, Rafaela, 22 de setiembre de 2015.<\/p>\n","protected":false},"excerpt":{"rendered":"<p>Fue gerente de la Muebler\u00eda Scossiroli. Integr\u00f3 una empresa de excursiones y las f\u00e1bricas de potes de cart\u00f3n y de mermeladas Dul-Cas. Fue miembro fundador de la C\u00e1mara de Comercio Exterior y fue presidente del CCIRR.<\/p>\n","protected":false},"author":2,"featured_media":4242,"comment_status":"open","ping_status":"closed","sticky":false,"template":"","format":"standard","meta":{"site-sidebar-layout":"default","site-content-layout":"","ast-site-content-layout":"default","site-content-style":"default","site-sidebar-style":"default","ast-global-header-display":"","ast-banner-title-visibility":"","ast-main-header-display":"","ast-hfb-above-header-display":"","ast-hfb-below-header-display":"","ast-hfb-mobile-header-display":"","site-post-title":"","ast-breadcrumbs-content":"","ast-featured-img":"","footer-sml-layout":"","ast-disable-related-posts":"","theme-transparent-header-meta":"","adv-header-id-meta":"","stick-header-meta":"","header-above-stick-meta":"","header-main-stick-meta":"","header-below-stick-meta":"","astra-migrate-meta-layouts":"default","ast-page-background-enabled":"default","ast-page-background-meta":{"desktop":{"background-color":"var(--ast-global-color-4)","background-image":"","background-repeat":"repeat","background-position":"center center","background-size":"auto","background-attachment":"scroll","background-type":"","background-media":"","overlay-type":"","overlay-color":"","overlay-opacity":"","overlay-gradient":""},"tablet":{"background-color":"","background-image":"","background-repeat":"repeat","background-position":"center center","background-size":"auto","background-attachment":"scroll","background-type":"","background-media":"","overlay-type":"","overlay-color":"","overlay-opacity":"","overlay-gradient":""},"mobile":{"background-color":"","background-image":"","background-repeat":"repeat","background-position":"center center","background-size":"auto","background-attachment":"scroll","background-type":"","background-media":"","overlay-type":"","overlay-color":"","overlay-opacity":"","overlay-gradient":""}},"ast-content-background-meta":{"desktop":{"background-color":"var(--ast-global-color-5)","background-image":"","background-repeat":"repeat","background-position":"center center","background-size":"auto","background-attachment":"scroll","background-type":"","background-media":"","overlay-type":"","overlay-color":"","overlay-opacity":"","overlay-gradient":""},"tablet":{"background-color":"var(--ast-global-color-5)","background-image":"","background-repeat":"repeat","background-position":"center center","background-size":"auto","background-attachment":"scroll","background-type":"","background-media":"","overlay-type":"","overlay-color":"","overlay-opacity":"","overlay-gradient":""},"mobile":{"background-color":"var(--ast-global-color-5)","background-image":"","background-repeat":"repeat","background-position":"center center","background-size":"auto","background-attachment":"scroll","background-type":"","background-media":"","overlay-type":"","overlay-color":"","overlay-opacity":"","overlay-gradient":""}},"footnotes":""},"categories":[4],"tags":[5387],"class_list":["post-4239","post","type-post","status-publish","format-standard","has-post-thumbnail","hentry","category-cultura-y-sociedad","tag-historias-poco-conocidas-de-juan-florentino-basso"],"yoast_head":"<!-- This site is optimized with the Yoast SEO plugin v23.2 - https:\/\/yoast.com\/wordpress\/plugins\/seo\/ -->\n<title>Historias poco conocidas de Juan Florentino Basso - Sabado 100<\/title>\n<meta name=\"robots\" content=\"index, follow, max-snippet:-1, max-image-preview:large, max-video-preview:-1\" \/>\n<link rel=\"canonical\" href=\"https:\/\/sabado100.com.ar\/es-ar\/historias-poco-conocidas-de-juan-florentino-basso\/\" \/>\n<meta property=\"og:locale\" content=\"es_ES\" \/>\n<meta property=\"og:type\" content=\"article\" \/>\n<meta property=\"og:title\" content=\"Historias poco conocidas de Juan Florentino Basso - Sabado 100\" \/>\n<meta property=\"og:description\" content=\"Fue gerente de la Muebler\u00eda Scossiroli. Integr\u00f3 una empresa de excursiones y las f\u00e1bricas de potes de cart\u00f3n y de mermeladas Dul-Cas. Fue miembro fundador de la C\u00e1mara de Comercio Exterior y fue presidente del CCIRR.\" \/>\n<meta property=\"og:url\" content=\"https:\/\/sabado100.com.ar\/es-ar\/historias-poco-conocidas-de-juan-florentino-basso\/\" \/>\n<meta property=\"og:site_name\" content=\"Sabado 100\" \/>\n<meta property=\"article:publisher\" content=\"https:\/\/www.facebook.com\/sabadocien\/\" \/>\n<meta property=\"article:published_time\" content=\"2015-09-22T14:38:31+00:00\" \/>\n<meta name=\"author\" content=\"sabado cien\" \/>\n<meta name=\"twitter:card\" content=\"summary_large_image\" \/>\n<meta name=\"twitter:label1\" content=\"Escrito por\" \/>\n\t<meta name=\"twitter:data1\" content=\"sabado cien\" \/>\n\t<meta name=\"twitter:label2\" content=\"Tiempo de lectura\" \/>\n\t<meta name=\"twitter:data2\" content=\"5 minutos\" \/>\n<script type=\"application\/ld+json\" class=\"yoast-schema-graph\">{\"@context\":\"https:\/\/schema.org\",\"@graph\":[{\"@type\":\"Article\",\"@id\":\"https:\/\/sabado100.com.ar\/es-ar\/historias-poco-conocidas-de-juan-florentino-basso\/#article\",\"isPartOf\":{\"@id\":\"https:\/\/sabado100.com.ar\/es-ar\/historias-poco-conocidas-de-juan-florentino-basso\/\"},\"author\":{\"name\":\"sabado cien\",\"@id\":\"https:\/\/sabado100.com.ar\/es-ar\/#\/schema\/person\/58e38b918ef4e44b11398f25d4684c6d\"},\"headline\":\"Historias poco conocidas de Juan Florentino Basso\",\"datePublished\":\"2015-09-22T14:38:31+00:00\",\"dateModified\":\"2015-09-22T14:38:31+00:00\",\"mainEntityOfPage\":{\"@id\":\"https:\/\/sabado100.com.ar\/es-ar\/historias-poco-conocidas-de-juan-florentino-basso\/\"},\"wordCount\":1003,\"commentCount\":0,\"publisher\":{\"@id\":\"https:\/\/sabado100.com.ar\/es-ar\/#organization\"},\"image\":{\"@id\":\"https:\/\/sabado100.com.ar\/es-ar\/historias-poco-conocidas-de-juan-florentino-basso\/#primaryimage\"},\"thumbnailUrl\":\"\",\"keywords\":[\"Historias poco conocidas de Juan Florentino Basso\"],\"articleSection\":[\"Cultura y Sociedad\"],\"inLanguage\":\"es\",\"potentialAction\":[{\"@type\":\"CommentAction\",\"name\":\"Comment\",\"target\":[\"https:\/\/sabado100.com.ar\/es-ar\/historias-poco-conocidas-de-juan-florentino-basso\/#respond\"]}]},{\"@type\":\"WebPage\",\"@id\":\"https:\/\/sabado100.com.ar\/es-ar\/historias-poco-conocidas-de-juan-florentino-basso\/\",\"url\":\"https:\/\/sabado100.com.ar\/es-ar\/historias-poco-conocidas-de-juan-florentino-basso\/\",\"name\":\"Historias poco conocidas de Juan Florentino Basso - Sabado 100\",\"isPartOf\":{\"@id\":\"https:\/\/sabado100.com.ar\/es-ar\/#website\"},\"primaryImageOfPage\":{\"@id\":\"https:\/\/sabado100.com.ar\/es-ar\/historias-poco-conocidas-de-juan-florentino-basso\/#primaryimage\"},\"image\":{\"@id\":\"https:\/\/sabado100.com.ar\/es-ar\/historias-poco-conocidas-de-juan-florentino-basso\/#primaryimage\"},\"thumbnailUrl\":\"\",\"datePublished\":\"2015-09-22T14:38:31+00:00\",\"dateModified\":\"2015-09-22T14:38:31+00:00\",\"breadcrumb\":{\"@id\":\"https:\/\/sabado100.com.ar\/es-ar\/historias-poco-conocidas-de-juan-florentino-basso\/#breadcrumb\"},\"inLanguage\":\"es\",\"potentialAction\":[{\"@type\":\"ReadAction\",\"target\":[\"https:\/\/sabado100.com.ar\/es-ar\/historias-poco-conocidas-de-juan-florentino-basso\/\"]}]},{\"@type\":\"ImageObject\",\"inLanguage\":\"es\",\"@id\":\"https:\/\/sabado100.com.ar\/es-ar\/historias-poco-conocidas-de-juan-florentino-basso\/#primaryimage\",\"url\":\"\",\"contentUrl\":\"\"},{\"@type\":\"BreadcrumbList\",\"@id\":\"https:\/\/sabado100.com.ar\/es-ar\/historias-poco-conocidas-de-juan-florentino-basso\/#breadcrumb\",\"itemListElement\":[{\"@type\":\"ListItem\",\"position\":1,\"name\":\"Portada\",\"item\":\"https:\/\/sabado100.com.ar\/es-ar\/\"},{\"@type\":\"ListItem\",\"position\":2,\"name\":\"Historias poco conocidas de Juan Florentino Basso\"}]},{\"@type\":\"WebSite\",\"@id\":\"https:\/\/sabado100.com.ar\/es-ar\/#website\",\"url\":\"https:\/\/sabado100.com.ar\/es-ar\/\",\"name\":\"Sabado 100\",\"description\":\"\",\"publisher\":{\"@id\":\"https:\/\/sabado100.com.ar\/es-ar\/#organization\"},\"potentialAction\":[{\"@type\":\"SearchAction\",\"target\":{\"@type\":\"EntryPoint\",\"urlTemplate\":\"https:\/\/sabado100.com.ar\/es-ar\/?s={search_term_string}\"},\"query-input\":\"required name=search_term_string\"}],\"inLanguage\":\"es\"},{\"@type\":\"Organization\",\"@id\":\"https:\/\/sabado100.com.ar\/es-ar\/#organization\",\"name\":\"Sabado 100\",\"url\":\"https:\/\/sabado100.com.ar\/es-ar\/\",\"logo\":{\"@type\":\"ImageObject\",\"inLanguage\":\"es\",\"@id\":\"https:\/\/sabado100.com.ar\/es-ar\/#\/schema\/logo\/image\/\",\"url\":\"https:\/\/sabado100.com.ar\/es-ar\/wp-content\/uploads\/2024\/04\/logo3.jpg\",\"contentUrl\":\"https:\/\/sabado100.com.ar\/es-ar\/wp-content\/uploads\/2024\/04\/logo3.jpg\",\"width\":300,\"height\":174,\"caption\":\"Sabado 100\"},\"image\":{\"@id\":\"https:\/\/sabado100.com.ar\/es-ar\/#\/schema\/logo\/image\/\"},\"sameAs\":[\"https:\/\/www.facebook.com\/sabadocien\/\",\"https:\/\/www.instagram.com\/sabado100.com.ar\/\",\"https:\/\/www.youtube.com\/@sabado1003\"]},{\"@type\":\"Person\",\"@id\":\"https:\/\/sabado100.com.ar\/es-ar\/#\/schema\/person\/58e38b918ef4e44b11398f25d4684c6d\",\"name\":\"sabado cien\",\"image\":{\"@type\":\"ImageObject\",\"inLanguage\":\"es\",\"@id\":\"https:\/\/sabado100.com.ar\/es-ar\/#\/schema\/person\/image\/\",\"url\":\"https:\/\/sabado100.com.ar\/es-ar\/wp-content\/litespeed\/avatar\/484bccfbd493fbb703b0f1b8113dad61.jpg?ver=1787731622\",\"contentUrl\":\"https:\/\/sabado100.com.ar\/es-ar\/wp-content\/litespeed\/avatar\/484bccfbd493fbb703b0f1b8113dad61.jpg?ver=1787731622\",\"caption\":\"sabado cien\"},\"url\":\"https:\/\/sabado100.com.ar\/es-ar\/author\/sabado100\/\"}]}<\/script>\n<!-- \/ Yoast SEO plugin. -->","yoast_head_json":{"title":"Historias poco conocidas de Juan Florentino Basso - Sabado 100","robots":{"index":"index","follow":"follow","max-snippet":"max-snippet:-1","max-image-preview":"max-image-preview:large","max-video-preview":"max-video-preview:-1"},"canonical":"https:\/\/sabado100.com.ar\/es-ar\/historias-poco-conocidas-de-juan-florentino-basso\/","og_locale":"es_ES","og_type":"article","og_title":"Historias poco conocidas de Juan Florentino Basso - Sabado 100","og_description":"Fue gerente de la Muebler\u00eda Scossiroli. Integr\u00f3 una empresa de excursiones y las f\u00e1bricas de potes de cart\u00f3n y de mermeladas Dul-Cas. Fue miembro fundador de la C\u00e1mara de Comercio Exterior y fue presidente del CCIRR.","og_url":"https:\/\/sabado100.com.ar\/es-ar\/historias-poco-conocidas-de-juan-florentino-basso\/","og_site_name":"Sabado 100","article_publisher":"https:\/\/www.facebook.com\/sabadocien\/","article_published_time":"2015-09-22T14:38:31+00:00","author":"sabado cien","twitter_card":"summary_large_image","twitter_misc":{"Escrito por":"sabado cien","Tiempo de lectura":"5 minutos"},"schema":{"@context":"https:\/\/schema.org","@graph":[{"@type":"Article","@id":"https:\/\/sabado100.com.ar\/es-ar\/historias-poco-conocidas-de-juan-florentino-basso\/#article","isPartOf":{"@id":"https:\/\/sabado100.com.ar\/es-ar\/historias-poco-conocidas-de-juan-florentino-basso\/"},"author":{"name":"sabado cien","@id":"https:\/\/sabado100.com.ar\/es-ar\/#\/schema\/person\/58e38b918ef4e44b11398f25d4684c6d"},"headline":"Historias poco conocidas de Juan Florentino Basso","datePublished":"2015-09-22T14:38:31+00:00","dateModified":"2015-09-22T14:38:31+00:00","mainEntityOfPage":{"@id":"https:\/\/sabado100.com.ar\/es-ar\/historias-poco-conocidas-de-juan-florentino-basso\/"},"wordCount":1003,"commentCount":0,"publisher":{"@id":"https:\/\/sabado100.com.ar\/es-ar\/#organization"},"image":{"@id":"https:\/\/sabado100.com.ar\/es-ar\/historias-poco-conocidas-de-juan-florentino-basso\/#primaryimage"},"thumbnailUrl":"","keywords":["Historias poco conocidas de Juan Florentino Basso"],"articleSection":["Cultura y Sociedad"],"inLanguage":"es","potentialAction":[{"@type":"CommentAction","name":"Comment","target":["https:\/\/sabado100.com.ar\/es-ar\/historias-poco-conocidas-de-juan-florentino-basso\/#respond"]}]},{"@type":"WebPage","@id":"https:\/\/sabado100.com.ar\/es-ar\/historias-poco-conocidas-de-juan-florentino-basso\/","url":"https:\/\/sabado100.com.ar\/es-ar\/historias-poco-conocidas-de-juan-florentino-basso\/","name":"Historias poco conocidas de Juan Florentino Basso - Sabado 100","isPartOf":{"@id":"https:\/\/sabado100.com.ar\/es-ar\/#website"},"primaryImageOfPage":{"@id":"https:\/\/sabado100.com.ar\/es-ar\/historias-poco-conocidas-de-juan-florentino-basso\/#primaryimage"},"image":{"@id":"https:\/\/sabado100.com.ar\/es-ar\/historias-poco-conocidas-de-juan-florentino-basso\/#primaryimage"},"thumbnailUrl":"","datePublished":"2015-09-22T14:38:31+00:00","dateModified":"2015-09-22T14:38:31+00:00","breadcrumb":{"@id":"https:\/\/sabado100.com.ar\/es-ar\/historias-poco-conocidas-de-juan-florentino-basso\/#breadcrumb"},"inLanguage":"es","potentialAction":[{"@type":"ReadAction","target":["https:\/\/sabado100.com.ar\/es-ar\/historias-poco-conocidas-de-juan-florentino-basso\/"]}]},{"@type":"ImageObject","inLanguage":"es","@id":"https:\/\/sabado100.com.ar\/es-ar\/historias-poco-conocidas-de-juan-florentino-basso\/#primaryimage","url":"","contentUrl":""},{"@type":"BreadcrumbList","@id":"https:\/\/sabado100.com.ar\/es-ar\/historias-poco-conocidas-de-juan-florentino-basso\/#breadcrumb","itemListElement":[{"@type":"ListItem","position":1,"name":"Portada","item":"https:\/\/sabado100.com.ar\/es-ar\/"},{"@type":"ListItem","position":2,"name":"Historias poco conocidas de Juan Florentino Basso"}]},{"@type":"WebSite","@id":"https:\/\/sabado100.com.ar\/es-ar\/#website","url":"https:\/\/sabado100.com.ar\/es-ar\/","name":"Sabado 100","description":"","publisher":{"@id":"https:\/\/sabado100.com.ar\/es-ar\/#organization"},"potentialAction":[{"@type":"SearchAction","target":{"@type":"EntryPoint","urlTemplate":"https:\/\/sabado100.com.ar\/es-ar\/?s={search_term_string}"},"query-input":"required name=search_term_string"}],"inLanguage":"es"},{"@type":"Organization","@id":"https:\/\/sabado100.com.ar\/es-ar\/#organization","name":"Sabado 100","url":"https:\/\/sabado100.com.ar\/es-ar\/","logo":{"@type":"ImageObject","inLanguage":"es","@id":"https:\/\/sabado100.com.ar\/es-ar\/#\/schema\/logo\/image\/","url":"https:\/\/sabado100.com.ar\/es-ar\/wp-content\/uploads\/2024\/04\/logo3.jpg","contentUrl":"https:\/\/sabado100.com.ar\/es-ar\/wp-content\/uploads\/2024\/04\/logo3.jpg","width":300,"height":174,"caption":"Sabado 100"},"image":{"@id":"https:\/\/sabado100.com.ar\/es-ar\/#\/schema\/logo\/image\/"},"sameAs":["https:\/\/www.facebook.com\/sabadocien\/","https:\/\/www.instagram.com\/sabado100.com.ar\/","https:\/\/www.youtube.com\/@sabado1003"]},{"@type":"Person","@id":"https:\/\/sabado100.com.ar\/es-ar\/#\/schema\/person\/58e38b918ef4e44b11398f25d4684c6d","name":"sabado cien","image":{"@type":"ImageObject","inLanguage":"es","@id":"https:\/\/sabado100.com.ar\/es-ar\/#\/schema\/person\/image\/","url":"https:\/\/sabado100.com.ar\/es-ar\/wp-content\/litespeed\/avatar\/484bccfbd493fbb703b0f1b8113dad61.jpg?ver=1787731622","contentUrl":"https:\/\/sabado100.com.ar\/es-ar\/wp-content\/litespeed\/avatar\/484bccfbd493fbb703b0f1b8113dad61.jpg?ver=1787731622","caption":"sabado cien"},"url":"https:\/\/sabado100.com.ar\/es-ar\/author\/sabado100\/"}]}},"_links":{"self":[{"href":"https:\/\/sabado100.com.ar\/es-ar\/wp-json\/wp\/v2\/posts\/4239","targetHints":{"allow":["GET"]}}],"collection":[{"href":"https:\/\/sabado100.com.ar\/es-ar\/wp-json\/wp\/v2\/posts"}],"about":[{"href":"https:\/\/sabado100.com.ar\/es-ar\/wp-json\/wp\/v2\/types\/post"}],"author":[{"embeddable":true,"href":"https:\/\/sabado100.com.ar\/es-ar\/wp-json\/wp\/v2\/users\/2"}],"replies":[{"embeddable":true,"href":"https:\/\/sabado100.com.ar\/es-ar\/wp-json\/wp\/v2\/comments?post=4239"}],"version-history":[{"count":0,"href":"https:\/\/sabado100.com.ar\/es-ar\/wp-json\/wp\/v2\/posts\/4239\/revisions"}],"wp:attachment":[{"href":"https:\/\/sabado100.com.ar\/es-ar\/wp-json\/wp\/v2\/media?parent=4239"}],"wp:term":[{"taxonomy":"category","embeddable":true,"href":"https:\/\/sabado100.com.ar\/es-ar\/wp-json\/wp\/v2\/categories?post=4239"},{"taxonomy":"post_tag","embeddable":true,"href":"https:\/\/sabado100.com.ar\/es-ar\/wp-json\/wp\/v2\/tags?post=4239"}],"curies":[{"name":"wp","href":"https:\/\/api.w.org\/{rel}","templated":true}]}}