{"id":4231,"date":"2015-09-17T22:00:15","date_gmt":"2015-09-17T20:00:15","guid":{"rendered":"https:\/\/www.sabado100.com.ar\/?p=4231"},"modified":"2015-09-17T22:00:15","modified_gmt":"2015-09-17T20:00:15","slug":"giros-y-desplazamientos","status":"publish","type":"post","link":"https:\/\/sabado100.com.ar\/es-ar\/giros-y-desplazamientos\/","title":{"rendered":"Giros y desplazamientos"},"content":{"rendered":"<p><strong>Por Mar\u00eda Herminia Grande.-<\/strong> Me dec\u00eda Dante Caputo que los argentinos vivimos de desilusi\u00f3n en esperanza, de esperanza en espejismo, de espejismo en fracaso. El tema es que en este vaiv\u00e9n pendular que plantea Caputo nos encerramos en un c\u00edrculo donde la esperanza le muerde la cola a la desilusi\u00f3n y viceversa. El excanciller se anima a propuestas para romper lo que parece un designio fatal. Habla de coalici\u00f3n pol\u00edtica no electoral. De establecer cinco prioridades pol\u00edticas para concretar en un a\u00f1o. E insta a los candidatos presidenciales a atreverse a integrar gabinetes para juntar poder pol\u00edtico en lo que imagina como un Gobierno de coalici\u00f3n dentro de una democracia en transici\u00f3n. \u00a1Sue\u00f1a con una rep\u00fablica recuperada por las instituciones donde el poder se adapte a las leyes y no al rev\u00e9s!<br \/>\nMe quedo pensando en las propuestas triviales con que a cuarenta d\u00edas de la elecci\u00f3n nacional buscan el voto quienes pretenden, y de hecho uno lo ser\u00e1, presidir nuestro destino. A decir verdad, Sergio Massa se viene atreviendo a ser m\u00e1s concreto. Lo que ninguno parece tener, y mucho menos propiciar, es iniciativa pol\u00edtica para empujar propuestas como desde el llano lo intentan Caputo, Jos\u00e9 Octavio Bord\u00f3n, Rodolfo Terragno.<br \/>\nHoy los candidatos ni siquiera muestran saber distinguir lo urgente de lo importante. Y si lo saben, no lo dicen. Pregunto, \u00bfel arreglo con los fondos buitre es urgente o importante? \u00bfAtacar la desnutrici\u00f3n infantil que mata o discapacita para siempre a nuestros ni\u00f1os -\u00a1a muchos!- es urgente o importante? \u00bfTener un Poder Judicial independiente es urgente o importante? \u00bfTerminar con la corrupci\u00f3n es urgente o importante? Tal vez si la respuesta a esta \u00faltima coincide con la necesidad ciudadana, se aglutine all\u00ed lo referido a narcotr\u00e1fico, pobreza, mala vida. Lamentablemente asistimos a carpetazos por corrupci\u00f3n o droga. A un Tucum\u00e1n s\u00edmbolo de nuestra independencia convertido en un Tucum\u00e1n s\u00edmbolo de la antipol\u00edtica.<br \/>\nLa educaci\u00f3n es la encargada de convertir habitantes en ciudadanos, nos recuerda el maestro Alfredo van Gelderen, y la pol\u00edtica es la encargada de convertir a habitantes dolientes en ciudadanos felices.<br \/>\nArgentina en seis a\u00f1os estar\u00e1 en condiciones de alimentar 600 millones de personas y \u00d3scar S\u00e1nchez, el tristemente c\u00e9lebre ni\u00f1o qom, como dijo su pap\u00e1 \u201cnaci\u00f3 con hambre y muri\u00f3 con hambre\u201d. Pero resulta que ya su mam\u00e1 estaba desnutrida cuando se embaraz\u00f3. Y se embaraz\u00f3 en un Chaco gobernado por \u00c1ngel Rozas y su hijo muere en un Chaco gobernado por Jorge Capitanich. En ese mismo Chaco, en 1964, Deolindo Felipe Bittel, gobernador de entonces, inaugur\u00f3 un pabell\u00f3n para tuberculosos en el hospital Perrando. Recuerda Edith Michelotti, partera del hospital, las palabras de Bittel: \u201cTengo la tristeza, el desagrado y el deshonor de venir a inaugurar esta sala para tuberculosos. Algo venimos haciendo mal y algo continuamos haciendo mal para que la tuberculosis siga presente en nuestra sociedad, cuando ella en s\u00ed misma es representante de la miseria, de la pobreza, de la falta de educaci\u00f3n, de la carencia de trabajo\u201d.<br \/>\nRolando N\u00fa\u00f1ez, coordinador del Centro Mandela, resume en una palabra el problema y la soluci\u00f3n de los habitantes del Impenetrable: \u00a1comida! \u201cSolo consumen harinas, \u00a1est\u00e1n inflados!\u201d Agrega: \u201cEn Sauzalito (1700 habitantes aproximadamente) hay 82 ni\u00f1os deformes. All\u00ed, adem\u00e1s, 70 ni\u00f1os terminaron la primaria y son analfabetos plenos. El resto tambi\u00e9n son analfabetos, dado que no comprenden lo que leen\u201d.<br \/>\nJorge S\u00e1bato dijo alguna vez: \u201cArgentina es un trompo que gira vertiginosamente sobre s\u00ed mismo, pero se desplaza a una velocidad exasperantemente lenta\u201d.<\/p>\n<p>@mhgrande<br \/>\nhtpps:\/\/www.facebook.com\/mgperiodismo<br \/>\nwww.mariaherminiagrande.com.ar<\/p>\n<p><strong>Fuente:<\/strong> mi\u00e9rcoles 16 de septiembre de 2015, Infobae.<\/p>\n","protected":false},"excerpt":{"rendered":"<p>Por Mar\u00eda Herminia Grande.- Me dec\u00eda Dante Caputo que los argentinos vivimos de desilusi\u00f3n en esperanza, de esperanza en espejismo, [&hellip;]<\/p>\n","protected":false},"author":2,"featured_media":0,"comment_status":"open","ping_status":"closed","sticky":false,"template":"","format":"standard","meta":{"site-sidebar-layout":"default","site-content-layout":"","ast-site-content-layout":"default","site-content-style":"default","site-sidebar-style":"default","ast-global-header-display":"","ast-banner-title-visibility":"","ast-main-header-display":"","ast-hfb-above-header-display":"","ast-hfb-below-header-display":"","ast-hfb-mobile-header-display":"","site-post-title":"","ast-breadcrumbs-content":"","ast-featured-img":"","footer-sml-layout":"","ast-disable-related-posts":"","theme-transparent-header-meta":"","adv-header-id-meta":"","stick-header-meta":"","header-above-stick-meta":"","header-main-stick-meta":"","header-below-stick-meta":"","astra-migrate-meta-layouts":"default","ast-page-background-enabled":"default","ast-page-background-meta":{"desktop":{"background-color":"var(--ast-global-color-4)","background-image":"","background-repeat":"repeat","background-position":"center center","background-size":"auto","background-attachment":"scroll","background-type":"","background-media":"","overlay-type":"","overlay-color":"","overlay-opacity":"","overlay-gradient":""},"tablet":{"background-color":"","background-image":"","background-repeat":"repeat","background-position":"center center","background-size":"auto","background-attachment":"scroll","background-type":"","background-media":"","overlay-type":"","overlay-color":"","overlay-opacity":"","overlay-gradient":""},"mobile":{"background-color":"","background-image":"","background-repeat":"repeat","background-position":"center center","background-size":"auto","background-attachment":"scroll","background-type":"","background-media":"","overlay-type":"","overlay-color":"","overlay-opacity":"","overlay-gradient":""}},"ast-content-background-meta":{"desktop":{"background-color":"var(--ast-global-color-5)","background-image":"","background-repeat":"repeat","background-position":"center center","background-size":"auto","background-attachment":"scroll","background-type":"","background-media":"","overlay-type":"","overlay-color":"","overlay-opacity":"","overlay-gradient":""},"tablet":{"background-color":"var(--ast-global-color-5)","background-image":"","background-repeat":"repeat","background-position":"center center","background-size":"auto","background-attachment":"scroll","background-type":"","background-media":"","overlay-type":"","overlay-color":"","overlay-opacity":"","overlay-gradient":""},"mobile":{"background-color":"var(--ast-global-color-5)","background-image":"","background-repeat":"repeat","background-position":"center center","background-size":"auto","background-attachment":"scroll","background-type":"","background-media":"","overlay-type":"","overlay-color":"","overlay-opacity":"","overlay-gradient":""}},"footnotes":""},"categories":[5],"tags":[5384],"class_list":["post-4231","post","type-post","status-publish","format-standard","hentry","category-politica","tag-giros-y-desplazamientos"],"yoast_head":"<!-- This site is optimized with the Yoast SEO plugin v23.2 - https:\/\/yoast.com\/wordpress\/plugins\/seo\/ -->\n<title>Giros y desplazamientos - Sabado 100<\/title>\n<meta name=\"robots\" content=\"index, follow, max-snippet:-1, max-image-preview:large, max-video-preview:-1\" \/>\n<link rel=\"canonical\" href=\"https:\/\/sabado100.com.ar\/es-ar\/giros-y-desplazamientos\/\" \/>\n<meta property=\"og:locale\" content=\"es_ES\" \/>\n<meta property=\"og:type\" content=\"article\" \/>\n<meta property=\"og:title\" content=\"Giros y desplazamientos - Sabado 100\" \/>\n<meta property=\"og:description\" content=\"Por Mar\u00eda Herminia Grande.- Me dec\u00eda Dante Caputo que los argentinos vivimos de desilusi\u00f3n en esperanza, de esperanza en espejismo, [&hellip;]\" \/>\n<meta property=\"og:url\" content=\"https:\/\/sabado100.com.ar\/es-ar\/giros-y-desplazamientos\/\" \/>\n<meta property=\"og:site_name\" content=\"Sabado 100\" \/>\n<meta property=\"article:publisher\" content=\"https:\/\/www.facebook.com\/sabadocien\/\" \/>\n<meta property=\"article:published_time\" content=\"2015-09-17T20:00:15+00:00\" \/>\n<meta name=\"author\" content=\"sabado cien\" \/>\n<meta name=\"twitter:card\" content=\"summary_large_image\" \/>\n<meta name=\"twitter:label1\" content=\"Escrito por\" \/>\n\t<meta name=\"twitter:data1\" content=\"sabado cien\" \/>\n\t<meta name=\"twitter:label2\" content=\"Tiempo de lectura\" \/>\n\t<meta name=\"twitter:data2\" content=\"3 minutos\" \/>\n<script type=\"application\/ld+json\" class=\"yoast-schema-graph\">{\"@context\":\"https:\/\/schema.org\",\"@graph\":[{\"@type\":\"Article\",\"@id\":\"https:\/\/sabado100.com.ar\/es-ar\/giros-y-desplazamientos\/#article\",\"isPartOf\":{\"@id\":\"https:\/\/sabado100.com.ar\/es-ar\/giros-y-desplazamientos\/\"},\"author\":{\"name\":\"sabado cien\",\"@id\":\"https:\/\/sabado100.com.ar\/es-ar\/#\/schema\/person\/58e38b918ef4e44b11398f25d4684c6d\"},\"headline\":\"Giros y desplazamientos\",\"datePublished\":\"2015-09-17T20:00:15+00:00\",\"dateModified\":\"2015-09-17T20:00:15+00:00\",\"mainEntityOfPage\":{\"@id\":\"https:\/\/sabado100.com.ar\/es-ar\/giros-y-desplazamientos\/\"},\"wordCount\":644,\"commentCount\":0,\"publisher\":{\"@id\":\"https:\/\/sabado100.com.ar\/es-ar\/#organization\"},\"keywords\":[\"Giros y desplazamientos\"],\"articleSection\":[\"Pol\u00edtica\"],\"inLanguage\":\"es\",\"potentialAction\":[{\"@type\":\"CommentAction\",\"name\":\"Comment\",\"target\":[\"https:\/\/sabado100.com.ar\/es-ar\/giros-y-desplazamientos\/#respond\"]}]},{\"@type\":\"WebPage\",\"@id\":\"https:\/\/sabado100.com.ar\/es-ar\/giros-y-desplazamientos\/\",\"url\":\"https:\/\/sabado100.com.ar\/es-ar\/giros-y-desplazamientos\/\",\"name\":\"Giros y desplazamientos - Sabado 100\",\"isPartOf\":{\"@id\":\"https:\/\/sabado100.com.ar\/es-ar\/#website\"},\"datePublished\":\"2015-09-17T20:00:15+00:00\",\"dateModified\":\"2015-09-17T20:00:15+00:00\",\"breadcrumb\":{\"@id\":\"https:\/\/sabado100.com.ar\/es-ar\/giros-y-desplazamientos\/#breadcrumb\"},\"inLanguage\":\"es\",\"potentialAction\":[{\"@type\":\"ReadAction\",\"target\":[\"https:\/\/sabado100.com.ar\/es-ar\/giros-y-desplazamientos\/\"]}]},{\"@type\":\"BreadcrumbList\",\"@id\":\"https:\/\/sabado100.com.ar\/es-ar\/giros-y-desplazamientos\/#breadcrumb\",\"itemListElement\":[{\"@type\":\"ListItem\",\"position\":1,\"name\":\"Portada\",\"item\":\"https:\/\/sabado100.com.ar\/es-ar\/\"},{\"@type\":\"ListItem\",\"position\":2,\"name\":\"Giros y desplazamientos\"}]},{\"@type\":\"WebSite\",\"@id\":\"https:\/\/sabado100.com.ar\/es-ar\/#website\",\"url\":\"https:\/\/sabado100.com.ar\/es-ar\/\",\"name\":\"Sabado 100\",\"description\":\"\",\"publisher\":{\"@id\":\"https:\/\/sabado100.com.ar\/es-ar\/#organization\"},\"potentialAction\":[{\"@type\":\"SearchAction\",\"target\":{\"@type\":\"EntryPoint\",\"urlTemplate\":\"https:\/\/sabado100.com.ar\/es-ar\/?s={search_term_string}\"},\"query-input\":\"required name=search_term_string\"}],\"inLanguage\":\"es\"},{\"@type\":\"Organization\",\"@id\":\"https:\/\/sabado100.com.ar\/es-ar\/#organization\",\"name\":\"Sabado 100\",\"url\":\"https:\/\/sabado100.com.ar\/es-ar\/\",\"logo\":{\"@type\":\"ImageObject\",\"inLanguage\":\"es\",\"@id\":\"https:\/\/sabado100.com.ar\/es-ar\/#\/schema\/logo\/image\/\",\"url\":\"https:\/\/sabado100.com.ar\/es-ar\/wp-content\/uploads\/2024\/04\/logo3.jpg\",\"contentUrl\":\"https:\/\/sabado100.com.ar\/es-ar\/wp-content\/uploads\/2024\/04\/logo3.jpg\",\"width\":300,\"height\":174,\"caption\":\"Sabado 100\"},\"image\":{\"@id\":\"https:\/\/sabado100.com.ar\/es-ar\/#\/schema\/logo\/image\/\"},\"sameAs\":[\"https:\/\/www.facebook.com\/sabadocien\/\",\"https:\/\/www.instagram.com\/sabado100.com.ar\/\",\"https:\/\/www.youtube.com\/@sabado1003\"]},{\"@type\":\"Person\",\"@id\":\"https:\/\/sabado100.com.ar\/es-ar\/#\/schema\/person\/58e38b918ef4e44b11398f25d4684c6d\",\"name\":\"sabado cien\",\"image\":{\"@type\":\"ImageObject\",\"inLanguage\":\"es\",\"@id\":\"https:\/\/sabado100.com.ar\/es-ar\/#\/schema\/person\/image\/\",\"url\":\"https:\/\/sabado100.com.ar\/es-ar\/wp-content\/litespeed\/avatar\/484bccfbd493fbb703b0f1b8113dad61.jpg?ver=1787731622\",\"contentUrl\":\"https:\/\/sabado100.com.ar\/es-ar\/wp-content\/litespeed\/avatar\/484bccfbd493fbb703b0f1b8113dad61.jpg?ver=1787731622\",\"caption\":\"sabado cien\"},\"url\":\"https:\/\/sabado100.com.ar\/es-ar\/author\/sabado100\/\"}]}<\/script>\n<!-- \/ Yoast SEO plugin. -->","yoast_head_json":{"title":"Giros y desplazamientos - Sabado 100","robots":{"index":"index","follow":"follow","max-snippet":"max-snippet:-1","max-image-preview":"max-image-preview:large","max-video-preview":"max-video-preview:-1"},"canonical":"https:\/\/sabado100.com.ar\/es-ar\/giros-y-desplazamientos\/","og_locale":"es_ES","og_type":"article","og_title":"Giros y desplazamientos - Sabado 100","og_description":"Por Mar\u00eda Herminia Grande.- Me dec\u00eda Dante Caputo que los argentinos vivimos de desilusi\u00f3n en esperanza, de esperanza en espejismo, [&hellip;]","og_url":"https:\/\/sabado100.com.ar\/es-ar\/giros-y-desplazamientos\/","og_site_name":"Sabado 100","article_publisher":"https:\/\/www.facebook.com\/sabadocien\/","article_published_time":"2015-09-17T20:00:15+00:00","author":"sabado cien","twitter_card":"summary_large_image","twitter_misc":{"Escrito por":"sabado cien","Tiempo de lectura":"3 minutos"},"schema":{"@context":"https:\/\/schema.org","@graph":[{"@type":"Article","@id":"https:\/\/sabado100.com.ar\/es-ar\/giros-y-desplazamientos\/#article","isPartOf":{"@id":"https:\/\/sabado100.com.ar\/es-ar\/giros-y-desplazamientos\/"},"author":{"name":"sabado cien","@id":"https:\/\/sabado100.com.ar\/es-ar\/#\/schema\/person\/58e38b918ef4e44b11398f25d4684c6d"},"headline":"Giros y desplazamientos","datePublished":"2015-09-17T20:00:15+00:00","dateModified":"2015-09-17T20:00:15+00:00","mainEntityOfPage":{"@id":"https:\/\/sabado100.com.ar\/es-ar\/giros-y-desplazamientos\/"},"wordCount":644,"commentCount":0,"publisher":{"@id":"https:\/\/sabado100.com.ar\/es-ar\/#organization"},"keywords":["Giros y desplazamientos"],"articleSection":["Pol\u00edtica"],"inLanguage":"es","potentialAction":[{"@type":"CommentAction","name":"Comment","target":["https:\/\/sabado100.com.ar\/es-ar\/giros-y-desplazamientos\/#respond"]}]},{"@type":"WebPage","@id":"https:\/\/sabado100.com.ar\/es-ar\/giros-y-desplazamientos\/","url":"https:\/\/sabado100.com.ar\/es-ar\/giros-y-desplazamientos\/","name":"Giros y desplazamientos - Sabado 100","isPartOf":{"@id":"https:\/\/sabado100.com.ar\/es-ar\/#website"},"datePublished":"2015-09-17T20:00:15+00:00","dateModified":"2015-09-17T20:00:15+00:00","breadcrumb":{"@id":"https:\/\/sabado100.com.ar\/es-ar\/giros-y-desplazamientos\/#breadcrumb"},"inLanguage":"es","potentialAction":[{"@type":"ReadAction","target":["https:\/\/sabado100.com.ar\/es-ar\/giros-y-desplazamientos\/"]}]},{"@type":"BreadcrumbList","@id":"https:\/\/sabado100.com.ar\/es-ar\/giros-y-desplazamientos\/#breadcrumb","itemListElement":[{"@type":"ListItem","position":1,"name":"Portada","item":"https:\/\/sabado100.com.ar\/es-ar\/"},{"@type":"ListItem","position":2,"name":"Giros y desplazamientos"}]},{"@type":"WebSite","@id":"https:\/\/sabado100.com.ar\/es-ar\/#website","url":"https:\/\/sabado100.com.ar\/es-ar\/","name":"Sabado 100","description":"","publisher":{"@id":"https:\/\/sabado100.com.ar\/es-ar\/#organization"},"potentialAction":[{"@type":"SearchAction","target":{"@type":"EntryPoint","urlTemplate":"https:\/\/sabado100.com.ar\/es-ar\/?s={search_term_string}"},"query-input":"required name=search_term_string"}],"inLanguage":"es"},{"@type":"Organization","@id":"https:\/\/sabado100.com.ar\/es-ar\/#organization","name":"Sabado 100","url":"https:\/\/sabado100.com.ar\/es-ar\/","logo":{"@type":"ImageObject","inLanguage":"es","@id":"https:\/\/sabado100.com.ar\/es-ar\/#\/schema\/logo\/image\/","url":"https:\/\/sabado100.com.ar\/es-ar\/wp-content\/uploads\/2024\/04\/logo3.jpg","contentUrl":"https:\/\/sabado100.com.ar\/es-ar\/wp-content\/uploads\/2024\/04\/logo3.jpg","width":300,"height":174,"caption":"Sabado 100"},"image":{"@id":"https:\/\/sabado100.com.ar\/es-ar\/#\/schema\/logo\/image\/"},"sameAs":["https:\/\/www.facebook.com\/sabadocien\/","https:\/\/www.instagram.com\/sabado100.com.ar\/","https:\/\/www.youtube.com\/@sabado1003"]},{"@type":"Person","@id":"https:\/\/sabado100.com.ar\/es-ar\/#\/schema\/person\/58e38b918ef4e44b11398f25d4684c6d","name":"sabado cien","image":{"@type":"ImageObject","inLanguage":"es","@id":"https:\/\/sabado100.com.ar\/es-ar\/#\/schema\/person\/image\/","url":"https:\/\/sabado100.com.ar\/es-ar\/wp-content\/litespeed\/avatar\/484bccfbd493fbb703b0f1b8113dad61.jpg?ver=1787731622","contentUrl":"https:\/\/sabado100.com.ar\/es-ar\/wp-content\/litespeed\/avatar\/484bccfbd493fbb703b0f1b8113dad61.jpg?ver=1787731622","caption":"sabado cien"},"url":"https:\/\/sabado100.com.ar\/es-ar\/author\/sabado100\/"}]}},"_links":{"self":[{"href":"https:\/\/sabado100.com.ar\/es-ar\/wp-json\/wp\/v2\/posts\/4231","targetHints":{"allow":["GET"]}}],"collection":[{"href":"https:\/\/sabado100.com.ar\/es-ar\/wp-json\/wp\/v2\/posts"}],"about":[{"href":"https:\/\/sabado100.com.ar\/es-ar\/wp-json\/wp\/v2\/types\/post"}],"author":[{"embeddable":true,"href":"https:\/\/sabado100.com.ar\/es-ar\/wp-json\/wp\/v2\/users\/2"}],"replies":[{"embeddable":true,"href":"https:\/\/sabado100.com.ar\/es-ar\/wp-json\/wp\/v2\/comments?post=4231"}],"version-history":[{"count":0,"href":"https:\/\/sabado100.com.ar\/es-ar\/wp-json\/wp\/v2\/posts\/4231\/revisions"}],"wp:attachment":[{"href":"https:\/\/sabado100.com.ar\/es-ar\/wp-json\/wp\/v2\/media?parent=4231"}],"wp:term":[{"taxonomy":"category","embeddable":true,"href":"https:\/\/sabado100.com.ar\/es-ar\/wp-json\/wp\/v2\/categories?post=4231"},{"taxonomy":"post_tag","embeddable":true,"href":"https:\/\/sabado100.com.ar\/es-ar\/wp-json\/wp\/v2\/tags?post=4231"}],"curies":[{"name":"wp","href":"https:\/\/api.w.org\/{rel}","templated":true}]}}