{"id":4229,"date":"2015-09-17T21:57:37","date_gmt":"2015-09-17T19:57:37","guid":{"rendered":"https:\/\/www.sabado100.com.ar\/?p=4229"},"modified":"2015-09-17T21:57:37","modified_gmt":"2015-09-17T19:57:37","slug":"castellano-recibio-a-referentes-de-adepa-en-rafaela","status":"publish","type":"post","link":"https:\/\/sabado100.com.ar\/es-ar\/castellano-recibio-a-referentes-de-adepa-en-rafaela\/","title":{"rendered":"Castellano recibi\u00f3 a referentes de ADEPA en Rafaela"},"content":{"rendered":"<p>El intendente Luis Castellano recibi\u00f3 en su despacho a representantes de la Asociaci\u00f3n de Entidades Period\u00edsticas Argentinas (ADEPA), que se encuentran en nuestra ciudad para participar de la 53\u00b0 Asamblea Anual del organismo.<br \/>\nJunto al titular del Ejecutivo participaron de la reuni\u00f3n el presidente del Concejo Municipal, Silvio Bonafede, y la coordinadora de Comunicaci\u00f3n y Prensa del Municipio, Tatiana Santori.<br \/>\nLa comitiva visitante estuvo integrada por el presidente del Consejo Ejecutivo de ADEPA, Guillermo Ignacio (Ecos Diarios, Necochea); la vicepresidenta segunda, Graciela Jorge (Preg\u00f3n, Jujuy); el secretario general, Miguel Gaita (La Palabra, Berazategui); el secretario de Organizaci\u00f3n, Mart\u00edn Etchevers (Clar\u00edn, Buenos Aires); el secretario de Actas, Alfredo Ronchetti (El Tiempo, Azul); el presidente de la Comisi\u00f3n de Libertad de Prensa, Carlos Jornet (La voz del Interior, C\u00f3rdoba); los vocales Jos\u00e9 Claudio Escribano (La Naci\u00f3n, Buenos Aires), Arturo Guardiola (Los Andres, Mendoza); el director Ejecutivo, Andr\u00e9s D\u00b4Alessandro; y Jorge Milia, director del diario Castellanos de Rafaela.<br \/>\nPreviamente, en el Complejo Cultural del Viejo Mercado, tuvo lugar la inauguraci\u00f3n de la Muestra de Fotograf\u00edas, Caricaturas e Ilustraciones \u00ab25 a\u00f1os de Premios ADEPA al Periodismo\u00bb, que estar\u00e1 expuesta hasta el 25 de septiembre.<br \/>\nEn la oportunidad, el intendente Castellano agradeci\u00f3 a las autoridades de ADEPA la presencia en Rafaela, y por haber elegido a nuestra ciudad para su Asamblea Anual. \u00abPara nosotros es un honor recibirlos, y recibir tambi\u00e9n esta muestra itinerante\u00bb.<br \/>\n\u00abEntendemos a este Complejo Cultural como un espacio democr\u00e1tico donde todas las voces pueden ser representadas, y vaya si las im\u00e1genes aqu\u00ed expuestas representan momentos y hechos diversos de la historia argentina\u00bb, agreg\u00f3.<br \/>\n\u00abUstedes ver\u00e1n aqu\u00ed diferentes exposiciones montadas, y en las actividades complementarias a estas muestras tambi\u00e9n se debate mucho de lo que hoy pasa en Argentina. Creo que eso tiene un valor muy importante, porque se fortalece la democracia. Lo que hoy sucede ac\u00e1 ojal\u00e1 suceda en otros lugares por mucho tiempo, y sepamos entre todos defender todas las voces. Poder convivir con el que piensa distinto es el valor m\u00e1s importante de la democracia, sentarse al lado o enfrente del que piensa diferente y poder construir juntos\u00bb, resalt\u00f3.<br \/>\n\u00abEn esto el periodismo tiene una tarea fundamental, y por supuesto, quienes somos dirigentes pol\u00edticos tambi\u00e9n debemos llevar la bandera, liderando ese proceso de v\u00ednculo y de construcci\u00f3n colectiva\u00bb, puntualiz\u00f3. Finalmente, agradeci\u00f3 \u00aba todos y cada uno de los que hacen posible que el periodismo sea plural\u00bb.<br \/>\nPor su parte, el presidente de ADEPA, Guillermo Ignacio, manifest\u00f3 \u00abla satisfacci\u00f3n de estar en Rafaela en el acontecimiento m\u00e1s importante que tiene ADEPA, que es la Asamblea Anual Ordinaria, donde, al t\u00e9rmino de sus deliberaciones se dan a conocer los documentos fundamentales de la instituci\u00f3n, que tienen que ver con la vigencia de la libertad de expresi\u00f3n y de prensa en la Rep\u00fablica Argentina\u00bb.<br \/>\nEn referencia a la exposici\u00f3n, el representante agreg\u00f3 que \u00abaqu\u00ed nos congrega la presentaci\u00f3n de esta muestra itinerante (&#8230;) en este lugar que fue un mercado, luego una terminal y ahora un magn\u00edfico centro para la difusi\u00f3n de la cultura y el conocimiento\u00bb.<br \/>\nCabe destacar que la muestra incluye una selecci\u00f3n de los mejores trabajos de los profesionales que ganaron los Premios ADEPA en las categor\u00edas mencionadas en los \u00faltimos 15 a\u00f1os. Se compone de 73 obras seleccionadas por fotoperiodistas, caricaturistas e ilustradores de los medios gr\u00e1ficos argentinos. El recorrido por las im\u00e1genes y obras expuestas permite, adem\u00e1s, lograr una aproximaci\u00f3n a los hechos y protagonistas que dominaron la escena p\u00fablica local e internacional de los \u00faltimos a\u00f1os.<br \/>\nADEPA es una instituci\u00f3n que nuclea a los medios de prensa gr\u00e1ficos del pa\u00eds, y cuyos principales representantes se convocaron en Rafaela para realizar su Asamblea Anual correspondiente a 2015. El \u00faltimo encuentro en nuestra ciudad hab\u00eda tenido lugar hace 19 a\u00f1os, organizado por el diario La Opini\u00f3n.<\/p>\n","protected":false},"excerpt":{"rendered":"<p>El intendente Luis Castellano recibi\u00f3 en su despacho a representantes de la Asociaci\u00f3n de Entidades Period\u00edsticas Argentinas (ADEPA), que se [&hellip;]<\/p>\n","protected":false},"author":2,"featured_media":0,"comment_status":"open","ping_status":"closed","sticky":false,"template":"","format":"standard","meta":{"site-sidebar-layout":"default","site-content-layout":"","ast-site-content-layout":"default","site-content-style":"default","site-sidebar-style":"default","ast-global-header-display":"","ast-banner-title-visibility":"","ast-main-header-display":"","ast-hfb-above-header-display":"","ast-hfb-below-header-display":"","ast-hfb-mobile-header-display":"","site-post-title":"","ast-breadcrumbs-content":"","ast-featured-img":"","footer-sml-layout":"","ast-disable-related-posts":"","theme-transparent-header-meta":"","adv-header-id-meta":"","stick-header-meta":"","header-above-stick-meta":"","header-main-stick-meta":"","header-below-stick-meta":"","astra-migrate-meta-layouts":"default","ast-page-background-enabled":"default","ast-page-background-meta":{"desktop":{"background-color":"var(--ast-global-color-4)","background-image":"","background-repeat":"repeat","background-position":"center center","background-size":"auto","background-attachment":"scroll","background-type":"","background-media":"","overlay-type":"","overlay-color":"","overlay-opacity":"","overlay-gradient":""},"tablet":{"background-color":"","background-image":"","background-repeat":"repeat","background-position":"center center","background-size":"auto","background-attachment":"scroll","background-type":"","background-media":"","overlay-type":"","overlay-color":"","overlay-opacity":"","overlay-gradient":""},"mobile":{"background-color":"","background-image":"","background-repeat":"repeat","background-position":"center center","background-size":"auto","background-attachment":"scroll","background-type":"","background-media":"","overlay-type":"","overlay-color":"","overlay-opacity":"","overlay-gradient":""}},"ast-content-background-meta":{"desktop":{"background-color":"var(--ast-global-color-5)","background-image":"","background-repeat":"repeat","background-position":"center center","background-size":"auto","background-attachment":"scroll","background-type":"","background-media":"","overlay-type":"","overlay-color":"","overlay-opacity":"","overlay-gradient":""},"tablet":{"background-color":"var(--ast-global-color-5)","background-image":"","background-repeat":"repeat","background-position":"center center","background-size":"auto","background-attachment":"scroll","background-type":"","background-media":"","overlay-type":"","overlay-color":"","overlay-opacity":"","overlay-gradient":""},"mobile":{"background-color":"var(--ast-global-color-5)","background-image":"","background-repeat":"repeat","background-position":"center center","background-size":"auto","background-attachment":"scroll","background-type":"","background-media":"","overlay-type":"","overlay-color":"","overlay-opacity":"","overlay-gradient":""}},"footnotes":""},"categories":[4,5],"tags":[5383],"class_list":["post-4229","post","type-post","status-publish","format-standard","hentry","category-cultura-y-sociedad","category-politica","tag-castellano-recibio-a-referentes-de-adepa"],"yoast_head":"<!-- This site is optimized with the Yoast SEO plugin v23.2 - https:\/\/yoast.com\/wordpress\/plugins\/seo\/ -->\n<title>Castellano recibi\u00f3 a referentes de ADEPA en Rafaela - Sabado 100<\/title>\n<meta name=\"robots\" content=\"index, follow, max-snippet:-1, max-image-preview:large, max-video-preview:-1\" \/>\n<link rel=\"canonical\" href=\"https:\/\/sabado100.com.ar\/es-ar\/castellano-recibio-a-referentes-de-adepa-en-rafaela\/\" \/>\n<meta property=\"og:locale\" content=\"es_ES\" \/>\n<meta property=\"og:type\" content=\"article\" \/>\n<meta property=\"og:title\" content=\"Castellano recibi\u00f3 a referentes de ADEPA en Rafaela - Sabado 100\" \/>\n<meta property=\"og:description\" content=\"El intendente Luis Castellano recibi\u00f3 en su despacho a representantes de la Asociaci\u00f3n de Entidades Period\u00edsticas Argentinas (ADEPA), que se [&hellip;]\" \/>\n<meta property=\"og:url\" content=\"https:\/\/sabado100.com.ar\/es-ar\/castellano-recibio-a-referentes-de-adepa-en-rafaela\/\" \/>\n<meta property=\"og:site_name\" content=\"Sabado 100\" \/>\n<meta property=\"article:publisher\" content=\"https:\/\/www.facebook.com\/sabadocien\/\" \/>\n<meta property=\"article:published_time\" content=\"2015-09-17T19:57:37+00:00\" \/>\n<meta name=\"author\" content=\"sabado cien\" \/>\n<meta name=\"twitter:card\" content=\"summary_large_image\" \/>\n<meta name=\"twitter:label1\" content=\"Escrito por\" \/>\n\t<meta name=\"twitter:data1\" content=\"sabado cien\" \/>\n\t<meta name=\"twitter:label2\" content=\"Tiempo de lectura\" \/>\n\t<meta name=\"twitter:data2\" content=\"3 minutos\" \/>\n<script type=\"application\/ld+json\" class=\"yoast-schema-graph\">{\"@context\":\"https:\/\/schema.org\",\"@graph\":[{\"@type\":\"Article\",\"@id\":\"https:\/\/sabado100.com.ar\/es-ar\/castellano-recibio-a-referentes-de-adepa-en-rafaela\/#article\",\"isPartOf\":{\"@id\":\"https:\/\/sabado100.com.ar\/es-ar\/castellano-recibio-a-referentes-de-adepa-en-rafaela\/\"},\"author\":{\"name\":\"sabado cien\",\"@id\":\"https:\/\/sabado100.com.ar\/es-ar\/#\/schema\/person\/58e38b918ef4e44b11398f25d4684c6d\"},\"headline\":\"Castellano recibi\u00f3 a referentes de ADEPA en Rafaela\",\"datePublished\":\"2015-09-17T19:57:37+00:00\",\"dateModified\":\"2015-09-17T19:57:37+00:00\",\"mainEntityOfPage\":{\"@id\":\"https:\/\/sabado100.com.ar\/es-ar\/castellano-recibio-a-referentes-de-adepa-en-rafaela\/\"},\"wordCount\":679,\"commentCount\":0,\"publisher\":{\"@id\":\"https:\/\/sabado100.com.ar\/es-ar\/#organization\"},\"keywords\":[\"Castellano recibi\u00f3 a referentes de ADEPA\"],\"articleSection\":[\"Cultura y Sociedad\",\"Pol\u00edtica\"],\"inLanguage\":\"es\",\"potentialAction\":[{\"@type\":\"CommentAction\",\"name\":\"Comment\",\"target\":[\"https:\/\/sabado100.com.ar\/es-ar\/castellano-recibio-a-referentes-de-adepa-en-rafaela\/#respond\"]}]},{\"@type\":\"WebPage\",\"@id\":\"https:\/\/sabado100.com.ar\/es-ar\/castellano-recibio-a-referentes-de-adepa-en-rafaela\/\",\"url\":\"https:\/\/sabado100.com.ar\/es-ar\/castellano-recibio-a-referentes-de-adepa-en-rafaela\/\",\"name\":\"Castellano recibi\u00f3 a referentes de ADEPA en Rafaela - Sabado 100\",\"isPartOf\":{\"@id\":\"https:\/\/sabado100.com.ar\/es-ar\/#website\"},\"datePublished\":\"2015-09-17T19:57:37+00:00\",\"dateModified\":\"2015-09-17T19:57:37+00:00\",\"breadcrumb\":{\"@id\":\"https:\/\/sabado100.com.ar\/es-ar\/castellano-recibio-a-referentes-de-adepa-en-rafaela\/#breadcrumb\"},\"inLanguage\":\"es\",\"potentialAction\":[{\"@type\":\"ReadAction\",\"target\":[\"https:\/\/sabado100.com.ar\/es-ar\/castellano-recibio-a-referentes-de-adepa-en-rafaela\/\"]}]},{\"@type\":\"BreadcrumbList\",\"@id\":\"https:\/\/sabado100.com.ar\/es-ar\/castellano-recibio-a-referentes-de-adepa-en-rafaela\/#breadcrumb\",\"itemListElement\":[{\"@type\":\"ListItem\",\"position\":1,\"name\":\"Portada\",\"item\":\"https:\/\/sabado100.com.ar\/es-ar\/\"},{\"@type\":\"ListItem\",\"position\":2,\"name\":\"Castellano recibi\u00f3 a referentes de ADEPA en Rafaela\"}]},{\"@type\":\"WebSite\",\"@id\":\"https:\/\/sabado100.com.ar\/es-ar\/#website\",\"url\":\"https:\/\/sabado100.com.ar\/es-ar\/\",\"name\":\"Sabado 100\",\"description\":\"\",\"publisher\":{\"@id\":\"https:\/\/sabado100.com.ar\/es-ar\/#organization\"},\"potentialAction\":[{\"@type\":\"SearchAction\",\"target\":{\"@type\":\"EntryPoint\",\"urlTemplate\":\"https:\/\/sabado100.com.ar\/es-ar\/?s={search_term_string}\"},\"query-input\":\"required name=search_term_string\"}],\"inLanguage\":\"es\"},{\"@type\":\"Organization\",\"@id\":\"https:\/\/sabado100.com.ar\/es-ar\/#organization\",\"name\":\"Sabado 100\",\"url\":\"https:\/\/sabado100.com.ar\/es-ar\/\",\"logo\":{\"@type\":\"ImageObject\",\"inLanguage\":\"es\",\"@id\":\"https:\/\/sabado100.com.ar\/es-ar\/#\/schema\/logo\/image\/\",\"url\":\"https:\/\/sabado100.com.ar\/es-ar\/wp-content\/uploads\/2024\/04\/logo3.jpg\",\"contentUrl\":\"https:\/\/sabado100.com.ar\/es-ar\/wp-content\/uploads\/2024\/04\/logo3.jpg\",\"width\":300,\"height\":174,\"caption\":\"Sabado 100\"},\"image\":{\"@id\":\"https:\/\/sabado100.com.ar\/es-ar\/#\/schema\/logo\/image\/\"},\"sameAs\":[\"https:\/\/www.facebook.com\/sabadocien\/\",\"https:\/\/www.instagram.com\/sabado100.com.ar\/\",\"https:\/\/www.youtube.com\/@sabado1003\"]},{\"@type\":\"Person\",\"@id\":\"https:\/\/sabado100.com.ar\/es-ar\/#\/schema\/person\/58e38b918ef4e44b11398f25d4684c6d\",\"name\":\"sabado cien\",\"image\":{\"@type\":\"ImageObject\",\"inLanguage\":\"es\",\"@id\":\"https:\/\/sabado100.com.ar\/es-ar\/#\/schema\/person\/image\/\",\"url\":\"https:\/\/sabado100.com.ar\/es-ar\/wp-content\/litespeed\/avatar\/484bccfbd493fbb703b0f1b8113dad61.jpg?ver=1787731622\",\"contentUrl\":\"https:\/\/sabado100.com.ar\/es-ar\/wp-content\/litespeed\/avatar\/484bccfbd493fbb703b0f1b8113dad61.jpg?ver=1787731622\",\"caption\":\"sabado cien\"},\"url\":\"https:\/\/sabado100.com.ar\/es-ar\/author\/sabado100\/\"}]}<\/script>\n<!-- \/ Yoast SEO plugin. -->","yoast_head_json":{"title":"Castellano recibi\u00f3 a referentes de ADEPA en Rafaela - Sabado 100","robots":{"index":"index","follow":"follow","max-snippet":"max-snippet:-1","max-image-preview":"max-image-preview:large","max-video-preview":"max-video-preview:-1"},"canonical":"https:\/\/sabado100.com.ar\/es-ar\/castellano-recibio-a-referentes-de-adepa-en-rafaela\/","og_locale":"es_ES","og_type":"article","og_title":"Castellano recibi\u00f3 a referentes de ADEPA en Rafaela - Sabado 100","og_description":"El intendente Luis Castellano recibi\u00f3 en su despacho a representantes de la Asociaci\u00f3n de Entidades Period\u00edsticas Argentinas (ADEPA), que se [&hellip;]","og_url":"https:\/\/sabado100.com.ar\/es-ar\/castellano-recibio-a-referentes-de-adepa-en-rafaela\/","og_site_name":"Sabado 100","article_publisher":"https:\/\/www.facebook.com\/sabadocien\/","article_published_time":"2015-09-17T19:57:37+00:00","author":"sabado cien","twitter_card":"summary_large_image","twitter_misc":{"Escrito por":"sabado cien","Tiempo de lectura":"3 minutos"},"schema":{"@context":"https:\/\/schema.org","@graph":[{"@type":"Article","@id":"https:\/\/sabado100.com.ar\/es-ar\/castellano-recibio-a-referentes-de-adepa-en-rafaela\/#article","isPartOf":{"@id":"https:\/\/sabado100.com.ar\/es-ar\/castellano-recibio-a-referentes-de-adepa-en-rafaela\/"},"author":{"name":"sabado cien","@id":"https:\/\/sabado100.com.ar\/es-ar\/#\/schema\/person\/58e38b918ef4e44b11398f25d4684c6d"},"headline":"Castellano recibi\u00f3 a referentes de ADEPA en Rafaela","datePublished":"2015-09-17T19:57:37+00:00","dateModified":"2015-09-17T19:57:37+00:00","mainEntityOfPage":{"@id":"https:\/\/sabado100.com.ar\/es-ar\/castellano-recibio-a-referentes-de-adepa-en-rafaela\/"},"wordCount":679,"commentCount":0,"publisher":{"@id":"https:\/\/sabado100.com.ar\/es-ar\/#organization"},"keywords":["Castellano recibi\u00f3 a referentes de ADEPA"],"articleSection":["Cultura y Sociedad","Pol\u00edtica"],"inLanguage":"es","potentialAction":[{"@type":"CommentAction","name":"Comment","target":["https:\/\/sabado100.com.ar\/es-ar\/castellano-recibio-a-referentes-de-adepa-en-rafaela\/#respond"]}]},{"@type":"WebPage","@id":"https:\/\/sabado100.com.ar\/es-ar\/castellano-recibio-a-referentes-de-adepa-en-rafaela\/","url":"https:\/\/sabado100.com.ar\/es-ar\/castellano-recibio-a-referentes-de-adepa-en-rafaela\/","name":"Castellano recibi\u00f3 a referentes de ADEPA en Rafaela - Sabado 100","isPartOf":{"@id":"https:\/\/sabado100.com.ar\/es-ar\/#website"},"datePublished":"2015-09-17T19:57:37+00:00","dateModified":"2015-09-17T19:57:37+00:00","breadcrumb":{"@id":"https:\/\/sabado100.com.ar\/es-ar\/castellano-recibio-a-referentes-de-adepa-en-rafaela\/#breadcrumb"},"inLanguage":"es","potentialAction":[{"@type":"ReadAction","target":["https:\/\/sabado100.com.ar\/es-ar\/castellano-recibio-a-referentes-de-adepa-en-rafaela\/"]}]},{"@type":"BreadcrumbList","@id":"https:\/\/sabado100.com.ar\/es-ar\/castellano-recibio-a-referentes-de-adepa-en-rafaela\/#breadcrumb","itemListElement":[{"@type":"ListItem","position":1,"name":"Portada","item":"https:\/\/sabado100.com.ar\/es-ar\/"},{"@type":"ListItem","position":2,"name":"Castellano recibi\u00f3 a referentes de ADEPA en Rafaela"}]},{"@type":"WebSite","@id":"https:\/\/sabado100.com.ar\/es-ar\/#website","url":"https:\/\/sabado100.com.ar\/es-ar\/","name":"Sabado 100","description":"","publisher":{"@id":"https:\/\/sabado100.com.ar\/es-ar\/#organization"},"potentialAction":[{"@type":"SearchAction","target":{"@type":"EntryPoint","urlTemplate":"https:\/\/sabado100.com.ar\/es-ar\/?s={search_term_string}"},"query-input":"required name=search_term_string"}],"inLanguage":"es"},{"@type":"Organization","@id":"https:\/\/sabado100.com.ar\/es-ar\/#organization","name":"Sabado 100","url":"https:\/\/sabado100.com.ar\/es-ar\/","logo":{"@type":"ImageObject","inLanguage":"es","@id":"https:\/\/sabado100.com.ar\/es-ar\/#\/schema\/logo\/image\/","url":"https:\/\/sabado100.com.ar\/es-ar\/wp-content\/uploads\/2024\/04\/logo3.jpg","contentUrl":"https:\/\/sabado100.com.ar\/es-ar\/wp-content\/uploads\/2024\/04\/logo3.jpg","width":300,"height":174,"caption":"Sabado 100"},"image":{"@id":"https:\/\/sabado100.com.ar\/es-ar\/#\/schema\/logo\/image\/"},"sameAs":["https:\/\/www.facebook.com\/sabadocien\/","https:\/\/www.instagram.com\/sabado100.com.ar\/","https:\/\/www.youtube.com\/@sabado1003"]},{"@type":"Person","@id":"https:\/\/sabado100.com.ar\/es-ar\/#\/schema\/person\/58e38b918ef4e44b11398f25d4684c6d","name":"sabado cien","image":{"@type":"ImageObject","inLanguage":"es","@id":"https:\/\/sabado100.com.ar\/es-ar\/#\/schema\/person\/image\/","url":"https:\/\/sabado100.com.ar\/es-ar\/wp-content\/litespeed\/avatar\/484bccfbd493fbb703b0f1b8113dad61.jpg?ver=1787731622","contentUrl":"https:\/\/sabado100.com.ar\/es-ar\/wp-content\/litespeed\/avatar\/484bccfbd493fbb703b0f1b8113dad61.jpg?ver=1787731622","caption":"sabado cien"},"url":"https:\/\/sabado100.com.ar\/es-ar\/author\/sabado100\/"}]}},"_links":{"self":[{"href":"https:\/\/sabado100.com.ar\/es-ar\/wp-json\/wp\/v2\/posts\/4229","targetHints":{"allow":["GET"]}}],"collection":[{"href":"https:\/\/sabado100.com.ar\/es-ar\/wp-json\/wp\/v2\/posts"}],"about":[{"href":"https:\/\/sabado100.com.ar\/es-ar\/wp-json\/wp\/v2\/types\/post"}],"author":[{"embeddable":true,"href":"https:\/\/sabado100.com.ar\/es-ar\/wp-json\/wp\/v2\/users\/2"}],"replies":[{"embeddable":true,"href":"https:\/\/sabado100.com.ar\/es-ar\/wp-json\/wp\/v2\/comments?post=4229"}],"version-history":[{"count":0,"href":"https:\/\/sabado100.com.ar\/es-ar\/wp-json\/wp\/v2\/posts\/4229\/revisions"}],"wp:attachment":[{"href":"https:\/\/sabado100.com.ar\/es-ar\/wp-json\/wp\/v2\/media?parent=4229"}],"wp:term":[{"taxonomy":"category","embeddable":true,"href":"https:\/\/sabado100.com.ar\/es-ar\/wp-json\/wp\/v2\/categories?post=4229"},{"taxonomy":"post_tag","embeddable":true,"href":"https:\/\/sabado100.com.ar\/es-ar\/wp-json\/wp\/v2\/tags?post=4229"}],"curies":[{"name":"wp","href":"https:\/\/api.w.org\/{rel}","templated":true}]}}