{"id":4208,"date":"2015-08-27T21:40:43","date_gmt":"2015-08-27T19:40:43","guid":{"rendered":"https:\/\/www.sabado100.com.ar\/?p=4208"},"modified":"2015-08-27T21:40:43","modified_gmt":"2015-08-27T19:40:43","slug":"de-politica-ni-hablar","status":"publish","type":"post","link":"https:\/\/sabado100.com.ar\/es-ar\/de-politica-ni-hablar\/","title":{"rendered":"De pol\u00edtica ni hablar"},"content":{"rendered":"<p><strong>Por Mar\u00eda Herminia Grande.-<\/strong> Faltan tan solo nueve semanas para la definici\u00f3n electoral presidencial argentina. Incre\u00edblemente la doctrina As\u00eds tiende a ratificarse: \u201cGanar\u00e1 el que se equivoque menos\u201d. Es lamentable que este sea el camino hacia el sill\u00f3n presidencial. Y mucho m\u00e1s si recordamos que este suelo acun\u00f3 a cinco premios nobeles, y a tantos otros que aun inmerecidamente no lo alcanzaron, como Jorge Luis Borges, Ren\u00e9 Favaloro, Laureano Maradona. La degradaci\u00f3n pol\u00edtica es la caladura visible de la degradaci\u00f3n social.<\/p>\n<p>El an\u00e1lisis de los motivos por los cuales la sociedad argentina permite y naturaliza lo incorrecto es tema de otro an\u00e1lisis y otros especialistas. Hoy la pol\u00edtica tiende a naturalizar, aprovechando esta \u201cdistracci\u00f3n social\u201d, falsas verdades. Luego de la elecci\u00f3n del domingo en Tucum\u00e1n, se escucha decir con car\u00e1cter inobjetable: \u201cA los oficialismos no se les puede ganar\u201d. No se les puede ganar si la gesti\u00f3n fue buena, o si echan mano a pr\u00e1cticas corruptas y mafiosas.<\/p>\n<p>La semana se inaugur\u00f3 con un Lunes Negro mundial por la ca\u00edda de las grandes bolsas. Argentina tuvo otro lunes negro por la debilidad institucional que a diario produce v\u00edctimas. Tucum\u00e1n puso sobre la mesa, al igual que la muerte de Ariel Vel\u00e1zquez en Jujuy, que la violencia est\u00e1 instalada y la pol\u00edtica la justifica. Tanto en Tucum\u00e1n como en Rosario qued\u00f3 tambi\u00e9n evidenciado que la libertad de expresi\u00f3n comienza a trastabillar. En Tucum\u00e1n un camar\u00f3grafo fue brutalmente agredido. En Rosario periodistas y camar\u00f3grafos de los canales 3 y 5 fueron agredidos e intimados a retirarse con ostentaci\u00f3n de armas en un barrio a los gritos de: \u201cAqu\u00ed no se trabaja, ni se filma\u201d. Los due\u00f1os de lo il\u00edcito marcan territorio, la pol\u00edtica no mira o llega tarde.<\/p>\n<p>El titular de la Corte Suprema de Justicia de la Naci\u00f3n, Ricardo Lorenzetti, ha manifestado: \u201cLa sociedad espera que la Justicia sea efectiva y no consagre la impunidad\u201d. La realidad le da al Dr. Lorenzetti una posibilidad inmejorable para poder concretarlo ya.<\/p>\n<p>En el caleidoscopio de esta realidad apareci\u00f3 Carlos T\u00e9vez, quien demostr\u00f3 que sabe de lo que habla. Su popularidad hizo lo dem\u00e1s. La lecci\u00f3n que los dirigentes pol\u00edticos deber\u00edan aprehender de Carlitos es que, para cambiar de buena fe las cosas, hay que conocerlas. T\u00e9vez no necesita gur\u00faes, marketineros ni asesores. Sabe lo que es la pobreza. Tambi\u00e9n sabe lo que es la dignidad del trabajo. No necesita botas de lluvia ni selfies de ocasi\u00f3n. Por esto la gente lo quiere y lo respeta.<\/p>\n<p>Como se dijo la semana pasada en este juego de la oca pol\u00edtico, nadie arriesga resultados a octubre. Es interesante ver lo que ocurre en Santa Fe como reflejo de la pol\u00edtica nacional. El socialismo santafesino representaba, al menos en el discurso -no en su accionar en la C\u00e1mara de Giputados-, la oposici\u00f3n al oficialismo nacional. Hoy, con la buena performance de Omar Perotti encarnando el kirchnerismo-sciolismo, no encuentra su lugar pol\u00edtico a tal punto de que su l\u00edder y candidato a senador Hermes Binner, en reuni\u00f3n partidaria, dio las directivas pol\u00edticas de cara a octubre: \u201c\u00a1Corte y confecci\u00f3n, muchachos!\u201d.<\/p>\n<p>Cambiemos, con el liderazgo de Mauricio Macri pero con el territorio pol\u00edtico del radicalismo, trabaja sin ruborizarse para Macri Presidente y supuestamente para la lista de legisladores donde tiene sus intereses.<\/p>\n<p>A prop\u00f3sito de Macri, declar\u00f3, al igual que Sergio Massa, la necesidad de abrir las urnas en Tucum\u00e1n, donde la diferencia es de 14 %. \u00bfNo hubiese sido imperioso solicitar lo mismo en Santa Fe, donde la diferencia fue de 1400 votos entre su candidato y el ganador? Carlos Reutemann comenz\u00f3 a recorrer los lugares que le permitir\u00e1n continuar en el Senado. No la tiene f\u00e1cil, el socialismo lo agrede, los radicales tienen otros intereses y Massa tiene claro que a partir de haberlo perdido a Reutemann comenz\u00f3 su declive electoral. (Massa no sali\u00f3 a desmentir a su candidato a gobernador Eduardo Buzzi cuando este le ofreci\u00f3 al socialismo sus votos y les manifest\u00f3 su intenci\u00f3n de integrar el futuro gabinete de Miguel Lifschitz.) \u00bfPodr\u00e1 la pol\u00edtica permitir algo m\u00e1s que sinton\u00eda entre el socialismo y el massismo en Santa Fe? Eduardo Buzzi se justific\u00f3 diciendo que obedec\u00eda \u00f3rdenes emanadas desde Tigre. El actual gobernador Bonfatti hizo p\u00fablico hace tiempo su voto a Daniel Scioli. Scioli elogi\u00f3 la conducta electoral del socialismo hace pocas horas, en el mismo momento en que ped\u00eda el reconocimiento por la clara victoria de Juan Luis Manzur. En Buenos Aires, previo a las PASO, los candidatos cruzaban acusaciones sobre pertenencias a carteles o por consumo de droga. Por estas horas, en Santa Fe, tanto Bonfatti como Reutemann se enrostran con inundados. De pol\u00edtica ni hablar, \u00bfno?<\/p>\n<p><strong>Fuente:<\/strong> martes 25 de agosto de 2015, Infobae.<br \/>\nwww.mariaherminiagrande.com.ar<br \/>\n@mhgrande<br \/>\nhtpps:\/\/www.facebook.com\/mgperiodismo<\/p>\n","protected":false},"excerpt":{"rendered":"<p>Por Mar\u00eda Herminia Grande.- Faltan tan solo nueve semanas para la definici\u00f3n electoral presidencial argentina. Incre\u00edblemente la doctrina As\u00eds tiende [&hellip;]<\/p>\n","protected":false},"author":2,"featured_media":0,"comment_status":"open","ping_status":"closed","sticky":false,"template":"","format":"standard","meta":{"site-sidebar-layout":"default","site-content-layout":"","ast-site-content-layout":"default","site-content-style":"default","site-sidebar-style":"default","ast-global-header-display":"","ast-banner-title-visibility":"","ast-main-header-display":"","ast-hfb-above-header-display":"","ast-hfb-below-header-display":"","ast-hfb-mobile-header-display":"","site-post-title":"","ast-breadcrumbs-content":"","ast-featured-img":"","footer-sml-layout":"","ast-disable-related-posts":"","theme-transparent-header-meta":"","adv-header-id-meta":"","stick-header-meta":"","header-above-stick-meta":"","header-main-stick-meta":"","header-below-stick-meta":"","astra-migrate-meta-layouts":"default","ast-page-background-enabled":"default","ast-page-background-meta":{"desktop":{"background-color":"var(--ast-global-color-4)","background-image":"","background-repeat":"repeat","background-position":"center center","background-size":"auto","background-attachment":"scroll","background-type":"","background-media":"","overlay-type":"","overlay-color":"","overlay-opacity":"","overlay-gradient":""},"tablet":{"background-color":"","background-image":"","background-repeat":"repeat","background-position":"center center","background-size":"auto","background-attachment":"scroll","background-type":"","background-media":"","overlay-type":"","overlay-color":"","overlay-opacity":"","overlay-gradient":""},"mobile":{"background-color":"","background-image":"","background-repeat":"repeat","background-position":"center center","background-size":"auto","background-attachment":"scroll","background-type":"","background-media":"","overlay-type":"","overlay-color":"","overlay-opacity":"","overlay-gradient":""}},"ast-content-background-meta":{"desktop":{"background-color":"var(--ast-global-color-5)","background-image":"","background-repeat":"repeat","background-position":"center center","background-size":"auto","background-attachment":"scroll","background-type":"","background-media":"","overlay-type":"","overlay-color":"","overlay-opacity":"","overlay-gradient":""},"tablet":{"background-color":"var(--ast-global-color-5)","background-image":"","background-repeat":"repeat","background-position":"center center","background-size":"auto","background-attachment":"scroll","background-type":"","background-media":"","overlay-type":"","overlay-color":"","overlay-opacity":"","overlay-gradient":""},"mobile":{"background-color":"var(--ast-global-color-5)","background-image":"","background-repeat":"repeat","background-position":"center center","background-size":"auto","background-attachment":"scroll","background-type":"","background-media":"","overlay-type":"","overlay-color":"","overlay-opacity":"","overlay-gradient":""}},"footnotes":""},"categories":[5],"tags":[],"class_list":["post-4208","post","type-post","status-publish","format-standard","hentry","category-politica"],"yoast_head":"<!-- This site is optimized with the Yoast SEO plugin v23.2 - https:\/\/yoast.com\/wordpress\/plugins\/seo\/ -->\n<title>De pol\u00edtica ni hablar - Sabado 100<\/title>\n<meta name=\"robots\" content=\"index, follow, max-snippet:-1, max-image-preview:large, max-video-preview:-1\" \/>\n<link rel=\"canonical\" href=\"https:\/\/sabado100.com.ar\/es-ar\/de-politica-ni-hablar\/\" \/>\n<meta property=\"og:locale\" content=\"es_ES\" \/>\n<meta property=\"og:type\" content=\"article\" \/>\n<meta property=\"og:title\" content=\"De pol\u00edtica ni hablar - Sabado 100\" \/>\n<meta property=\"og:description\" content=\"Por Mar\u00eda Herminia Grande.- Faltan tan solo nueve semanas para la definici\u00f3n electoral presidencial argentina. Incre\u00edblemente la doctrina As\u00eds tiende [&hellip;]\" \/>\n<meta property=\"og:url\" content=\"https:\/\/sabado100.com.ar\/es-ar\/de-politica-ni-hablar\/\" \/>\n<meta property=\"og:site_name\" content=\"Sabado 100\" \/>\n<meta property=\"article:publisher\" content=\"https:\/\/www.facebook.com\/sabadocien\/\" \/>\n<meta property=\"article:published_time\" content=\"2015-08-27T19:40:43+00:00\" \/>\n<meta name=\"author\" content=\"sabado cien\" \/>\n<meta name=\"twitter:card\" content=\"summary_large_image\" \/>\n<meta name=\"twitter:label1\" content=\"Escrito por\" \/>\n\t<meta name=\"twitter:data1\" content=\"sabado cien\" \/>\n\t<meta name=\"twitter:label2\" content=\"Tiempo de lectura\" \/>\n\t<meta name=\"twitter:data2\" content=\"4 minutos\" \/>\n<script type=\"application\/ld+json\" class=\"yoast-schema-graph\">{\"@context\":\"https:\/\/schema.org\",\"@graph\":[{\"@type\":\"Article\",\"@id\":\"https:\/\/sabado100.com.ar\/es-ar\/de-politica-ni-hablar\/#article\",\"isPartOf\":{\"@id\":\"https:\/\/sabado100.com.ar\/es-ar\/de-politica-ni-hablar\/\"},\"author\":{\"name\":\"sabado cien\",\"@id\":\"https:\/\/sabado100.com.ar\/es-ar\/#\/schema\/person\/58e38b918ef4e44b11398f25d4684c6d\"},\"headline\":\"De pol\u00edtica ni hablar\",\"datePublished\":\"2015-08-27T19:40:43+00:00\",\"dateModified\":\"2015-08-27T19:40:43+00:00\",\"mainEntityOfPage\":{\"@id\":\"https:\/\/sabado100.com.ar\/es-ar\/de-politica-ni-hablar\/\"},\"wordCount\":856,\"commentCount\":0,\"publisher\":{\"@id\":\"https:\/\/sabado100.com.ar\/es-ar\/#organization\"},\"articleSection\":[\"Pol\u00edtica\"],\"inLanguage\":\"es\",\"potentialAction\":[{\"@type\":\"CommentAction\",\"name\":\"Comment\",\"target\":[\"https:\/\/sabado100.com.ar\/es-ar\/de-politica-ni-hablar\/#respond\"]}]},{\"@type\":\"WebPage\",\"@id\":\"https:\/\/sabado100.com.ar\/es-ar\/de-politica-ni-hablar\/\",\"url\":\"https:\/\/sabado100.com.ar\/es-ar\/de-politica-ni-hablar\/\",\"name\":\"De pol\u00edtica ni hablar - Sabado 100\",\"isPartOf\":{\"@id\":\"https:\/\/sabado100.com.ar\/es-ar\/#website\"},\"datePublished\":\"2015-08-27T19:40:43+00:00\",\"dateModified\":\"2015-08-27T19:40:43+00:00\",\"breadcrumb\":{\"@id\":\"https:\/\/sabado100.com.ar\/es-ar\/de-politica-ni-hablar\/#breadcrumb\"},\"inLanguage\":\"es\",\"potentialAction\":[{\"@type\":\"ReadAction\",\"target\":[\"https:\/\/sabado100.com.ar\/es-ar\/de-politica-ni-hablar\/\"]}]},{\"@type\":\"BreadcrumbList\",\"@id\":\"https:\/\/sabado100.com.ar\/es-ar\/de-politica-ni-hablar\/#breadcrumb\",\"itemListElement\":[{\"@type\":\"ListItem\",\"position\":1,\"name\":\"Portada\",\"item\":\"https:\/\/sabado100.com.ar\/es-ar\/\"},{\"@type\":\"ListItem\",\"position\":2,\"name\":\"De pol\u00edtica ni hablar\"}]},{\"@type\":\"WebSite\",\"@id\":\"https:\/\/sabado100.com.ar\/es-ar\/#website\",\"url\":\"https:\/\/sabado100.com.ar\/es-ar\/\",\"name\":\"Sabado 100\",\"description\":\"\",\"publisher\":{\"@id\":\"https:\/\/sabado100.com.ar\/es-ar\/#organization\"},\"potentialAction\":[{\"@type\":\"SearchAction\",\"target\":{\"@type\":\"EntryPoint\",\"urlTemplate\":\"https:\/\/sabado100.com.ar\/es-ar\/?s={search_term_string}\"},\"query-input\":\"required name=search_term_string\"}],\"inLanguage\":\"es\"},{\"@type\":\"Organization\",\"@id\":\"https:\/\/sabado100.com.ar\/es-ar\/#organization\",\"name\":\"Sabado 100\",\"url\":\"https:\/\/sabado100.com.ar\/es-ar\/\",\"logo\":{\"@type\":\"ImageObject\",\"inLanguage\":\"es\",\"@id\":\"https:\/\/sabado100.com.ar\/es-ar\/#\/schema\/logo\/image\/\",\"url\":\"https:\/\/sabado100.com.ar\/es-ar\/wp-content\/uploads\/2024\/04\/logo3.jpg\",\"contentUrl\":\"https:\/\/sabado100.com.ar\/es-ar\/wp-content\/uploads\/2024\/04\/logo3.jpg\",\"width\":300,\"height\":174,\"caption\":\"Sabado 100\"},\"image\":{\"@id\":\"https:\/\/sabado100.com.ar\/es-ar\/#\/schema\/logo\/image\/\"},\"sameAs\":[\"https:\/\/www.facebook.com\/sabadocien\/\",\"https:\/\/www.instagram.com\/sabado100.com.ar\/\",\"https:\/\/www.youtube.com\/@sabado1003\"]},{\"@type\":\"Person\",\"@id\":\"https:\/\/sabado100.com.ar\/es-ar\/#\/schema\/person\/58e38b918ef4e44b11398f25d4684c6d\",\"name\":\"sabado cien\",\"image\":{\"@type\":\"ImageObject\",\"inLanguage\":\"es\",\"@id\":\"https:\/\/sabado100.com.ar\/es-ar\/#\/schema\/person\/image\/\",\"url\":\"https:\/\/sabado100.com.ar\/es-ar\/wp-content\/litespeed\/avatar\/484bccfbd493fbb703b0f1b8113dad61.jpg?ver=1787731622\",\"contentUrl\":\"https:\/\/sabado100.com.ar\/es-ar\/wp-content\/litespeed\/avatar\/484bccfbd493fbb703b0f1b8113dad61.jpg?ver=1787731622\",\"caption\":\"sabado cien\"},\"url\":\"https:\/\/sabado100.com.ar\/es-ar\/author\/sabado100\/\"}]}<\/script>\n<!-- \/ Yoast SEO plugin. -->","yoast_head_json":{"title":"De pol\u00edtica ni hablar - Sabado 100","robots":{"index":"index","follow":"follow","max-snippet":"max-snippet:-1","max-image-preview":"max-image-preview:large","max-video-preview":"max-video-preview:-1"},"canonical":"https:\/\/sabado100.com.ar\/es-ar\/de-politica-ni-hablar\/","og_locale":"es_ES","og_type":"article","og_title":"De pol\u00edtica ni hablar - Sabado 100","og_description":"Por Mar\u00eda Herminia Grande.- Faltan tan solo nueve semanas para la definici\u00f3n electoral presidencial argentina. Incre\u00edblemente la doctrina As\u00eds tiende [&hellip;]","og_url":"https:\/\/sabado100.com.ar\/es-ar\/de-politica-ni-hablar\/","og_site_name":"Sabado 100","article_publisher":"https:\/\/www.facebook.com\/sabadocien\/","article_published_time":"2015-08-27T19:40:43+00:00","author":"sabado cien","twitter_card":"summary_large_image","twitter_misc":{"Escrito por":"sabado cien","Tiempo de lectura":"4 minutos"},"schema":{"@context":"https:\/\/schema.org","@graph":[{"@type":"Article","@id":"https:\/\/sabado100.com.ar\/es-ar\/de-politica-ni-hablar\/#article","isPartOf":{"@id":"https:\/\/sabado100.com.ar\/es-ar\/de-politica-ni-hablar\/"},"author":{"name":"sabado cien","@id":"https:\/\/sabado100.com.ar\/es-ar\/#\/schema\/person\/58e38b918ef4e44b11398f25d4684c6d"},"headline":"De pol\u00edtica ni hablar","datePublished":"2015-08-27T19:40:43+00:00","dateModified":"2015-08-27T19:40:43+00:00","mainEntityOfPage":{"@id":"https:\/\/sabado100.com.ar\/es-ar\/de-politica-ni-hablar\/"},"wordCount":856,"commentCount":0,"publisher":{"@id":"https:\/\/sabado100.com.ar\/es-ar\/#organization"},"articleSection":["Pol\u00edtica"],"inLanguage":"es","potentialAction":[{"@type":"CommentAction","name":"Comment","target":["https:\/\/sabado100.com.ar\/es-ar\/de-politica-ni-hablar\/#respond"]}]},{"@type":"WebPage","@id":"https:\/\/sabado100.com.ar\/es-ar\/de-politica-ni-hablar\/","url":"https:\/\/sabado100.com.ar\/es-ar\/de-politica-ni-hablar\/","name":"De pol\u00edtica ni hablar - Sabado 100","isPartOf":{"@id":"https:\/\/sabado100.com.ar\/es-ar\/#website"},"datePublished":"2015-08-27T19:40:43+00:00","dateModified":"2015-08-27T19:40:43+00:00","breadcrumb":{"@id":"https:\/\/sabado100.com.ar\/es-ar\/de-politica-ni-hablar\/#breadcrumb"},"inLanguage":"es","potentialAction":[{"@type":"ReadAction","target":["https:\/\/sabado100.com.ar\/es-ar\/de-politica-ni-hablar\/"]}]},{"@type":"BreadcrumbList","@id":"https:\/\/sabado100.com.ar\/es-ar\/de-politica-ni-hablar\/#breadcrumb","itemListElement":[{"@type":"ListItem","position":1,"name":"Portada","item":"https:\/\/sabado100.com.ar\/es-ar\/"},{"@type":"ListItem","position":2,"name":"De pol\u00edtica ni hablar"}]},{"@type":"WebSite","@id":"https:\/\/sabado100.com.ar\/es-ar\/#website","url":"https:\/\/sabado100.com.ar\/es-ar\/","name":"Sabado 100","description":"","publisher":{"@id":"https:\/\/sabado100.com.ar\/es-ar\/#organization"},"potentialAction":[{"@type":"SearchAction","target":{"@type":"EntryPoint","urlTemplate":"https:\/\/sabado100.com.ar\/es-ar\/?s={search_term_string}"},"query-input":"required name=search_term_string"}],"inLanguage":"es"},{"@type":"Organization","@id":"https:\/\/sabado100.com.ar\/es-ar\/#organization","name":"Sabado 100","url":"https:\/\/sabado100.com.ar\/es-ar\/","logo":{"@type":"ImageObject","inLanguage":"es","@id":"https:\/\/sabado100.com.ar\/es-ar\/#\/schema\/logo\/image\/","url":"https:\/\/sabado100.com.ar\/es-ar\/wp-content\/uploads\/2024\/04\/logo3.jpg","contentUrl":"https:\/\/sabado100.com.ar\/es-ar\/wp-content\/uploads\/2024\/04\/logo3.jpg","width":300,"height":174,"caption":"Sabado 100"},"image":{"@id":"https:\/\/sabado100.com.ar\/es-ar\/#\/schema\/logo\/image\/"},"sameAs":["https:\/\/www.facebook.com\/sabadocien\/","https:\/\/www.instagram.com\/sabado100.com.ar\/","https:\/\/www.youtube.com\/@sabado1003"]},{"@type":"Person","@id":"https:\/\/sabado100.com.ar\/es-ar\/#\/schema\/person\/58e38b918ef4e44b11398f25d4684c6d","name":"sabado cien","image":{"@type":"ImageObject","inLanguage":"es","@id":"https:\/\/sabado100.com.ar\/es-ar\/#\/schema\/person\/image\/","url":"https:\/\/sabado100.com.ar\/es-ar\/wp-content\/litespeed\/avatar\/484bccfbd493fbb703b0f1b8113dad61.jpg?ver=1787731622","contentUrl":"https:\/\/sabado100.com.ar\/es-ar\/wp-content\/litespeed\/avatar\/484bccfbd493fbb703b0f1b8113dad61.jpg?ver=1787731622","caption":"sabado cien"},"url":"https:\/\/sabado100.com.ar\/es-ar\/author\/sabado100\/"}]}},"_links":{"self":[{"href":"https:\/\/sabado100.com.ar\/es-ar\/wp-json\/wp\/v2\/posts\/4208","targetHints":{"allow":["GET"]}}],"collection":[{"href":"https:\/\/sabado100.com.ar\/es-ar\/wp-json\/wp\/v2\/posts"}],"about":[{"href":"https:\/\/sabado100.com.ar\/es-ar\/wp-json\/wp\/v2\/types\/post"}],"author":[{"embeddable":true,"href":"https:\/\/sabado100.com.ar\/es-ar\/wp-json\/wp\/v2\/users\/2"}],"replies":[{"embeddable":true,"href":"https:\/\/sabado100.com.ar\/es-ar\/wp-json\/wp\/v2\/comments?post=4208"}],"version-history":[{"count":0,"href":"https:\/\/sabado100.com.ar\/es-ar\/wp-json\/wp\/v2\/posts\/4208\/revisions"}],"wp:attachment":[{"href":"https:\/\/sabado100.com.ar\/es-ar\/wp-json\/wp\/v2\/media?parent=4208"}],"wp:term":[{"taxonomy":"category","embeddable":true,"href":"https:\/\/sabado100.com.ar\/es-ar\/wp-json\/wp\/v2\/categories?post=4208"},{"taxonomy":"post_tag","embeddable":true,"href":"https:\/\/sabado100.com.ar\/es-ar\/wp-json\/wp\/v2\/tags?post=4208"}],"curies":[{"name":"wp","href":"https:\/\/api.w.org\/{rel}","templated":true}]}}