{"id":4184,"date":"2015-08-05T17:00:27","date_gmt":"2015-08-05T15:00:27","guid":{"rendered":"https:\/\/www.sabado100.com.ar\/?p=4184"},"modified":"2015-08-05T17:00:27","modified_gmt":"2015-08-05T15:00:27","slug":"los-ingresantes-aumentaron-un-15-en-9-casas-de-estudio","status":"publish","type":"post","link":"https:\/\/sabado100.com.ar\/es-ar\/los-ingresantes-aumentaron-un-15-en-9-casas-de-estudio\/","title":{"rendered":"Los ingresantes aumentaron un 15% en 9 casas de estudio"},"content":{"rendered":"<p><strong>Por Emilio Grande (h.).-<\/strong> Con el paso de los a\u00f1os la ciudad de Rafaela se va consolidando como polo universitario, que va sorprendiendo a propios y extra\u00f1os debido a la diversidad de su oferta educativa, la que ser\u00e1 incrementada a partir de la apertura de la Universidad Nacional de Rafaela (funcionar\u00e1 en el edificio de la UTN en bulevar Roca y Artigas).<br \/>\nLos ingresantes en 2015 fueron de 2.292 en nueve casas de estudio que funcionan en nuestra ciudad y zona de influencia, de los cuales el 37% es de afuera (de localidades vecinas y de otras provincias), lo que representa un aumento del 15% respecto al a\u00f1o \u00faltimo cuando hubo 1.996. Al mismo tiempo, tambi\u00e9n se produjo un incremento del total de matriculados, ascendiendo a 7.507, lo que constituye tambi\u00e9n un 15% comparado al 2014 cuando era de 6.505.<br \/>\nAdem\u00e1s del incremento constante en las principales universidades p\u00fablicas y privadas en la Perla del Oeste, hay que tener en cuenta el fen\u00f3meno de la UNL con sede en Rafaela, teniendo carreras que funcionan en Sunchales y los estudiantes rafaelinos y del departamento Castellanos que cursan en las facultades en la capital provincial y Esperanza. No est\u00e1n contabilizados los que cursan en Rosario, C\u00f3rdoba, Buenos Aires, entre otras ciudades.<br \/>\nA continuaci\u00f3n se detalla la cantidad de ingresantes discriminados por carreras, el porcentaje de Rafaela y los que vienen de otros lugares, como as\u00ed tambi\u00e9n el total de matriculados de las nueve casas de estudio.<br \/>\n* Instituto del Profesorado: Artes Visuales\t47, Biolog\u00eda\t31, Ciencias de la Educaci\u00f3n 37, Educaci\u00f3n Especial\t20, Educaci\u00f3n Inicial\t101, Educaci\u00f3n Primaria\t77, Geograf\u00eda 31, Historia\t43, Ingl\u00e9s\t45, Lengua y Literatura\t24, Matem\u00e1tica\t43, M\u00fasica\t29, Inform\u00e1tica Aplicada\t22 y Administraci\u00f3n de Empresas\t126, totalizando 676 alumnos. El 70% de Rafaela y el resto de otras localidades. Total de matriculados en los cuatro a\u00f1os es de 1.828 alumnos.<br \/>\n* UCSE DAR: Contador P\u00fablico y Licenciatura en Administraci\u00f3n 75, Abogac\u00eda 51, Ingenier\u00eda en Inform\u00e1tica 31, Licenciatura en Comunicaci\u00f3n Social y Licenciatura en Dise\u00f1o de la Comunicaci\u00f3n Visual 27, Licenciatura en Finanzas 17, Licenciatura en Psicolog\u00eda 14, Licenciatura en Psicopedagog\u00eda 10 y Licenciatura en Turismo 10: total 235. El 38,29% de los ingresantes pertenece a otras localidades. Actualmente, la cantidad de matriculados asciende a 1.321.<br \/>\n* UCES: Ciencia Pol\u00edtica y de Gobierno 7, Comercio Exterior 12, Comunicaci\u00f3n Social 21, Direcci\u00f3n de Negocios 18, Kinesiolog\u00eda 72, Marketing 18, Psicolog\u00eda<br \/>\n47, Recursos Humanos 18, Nutrici\u00f3n 38. Total ingresantes 251, de los cuales el 59% es de Rafaela. Total alumnos matriculados 1.154.<br \/>\n* UTN: el total de ingresantes es de 227 de los cuales el 68% es de Rafaela: Ingenier\u00eda Electromec\u00e1nica\t31, Ingenier\u00eda Industrial\t39, Ingenier\u00eda Civil\t27, Licenciatura en Organizaci\u00f3n Industrial\t32, Licenciatura en Administraci\u00f3n Rural\t14, Tecnicatura Superior en Industrias Alimentarias\t28, Tecnicatura Superior en Programaci\u00f3n\t32 y Maestr\u00eda en Desarrollo Territorial\t24. El total de matriculados es de 1.008 (incluye a 15 alumnos de la Especializaci\u00f3n en Higiene y Seguridad, y 25 en la extensi\u00f3n \u00e1ulica Ceres Tecnicatura Superior en Programaci\u00f3n).<br \/>\n* UCSF sede Rafaela: Arquitectura 35 y Licenciatura en Obstetricia 8, siendo el 27% de afuera. Total de alumnos 164.<br \/>\n* CAU: Abogac\u00eda 2, Contador P\u00fablico 6, Escriban\u00eda 4, Licenciatura en Administraci\u00f3n 3, Licenciatura en Marketing 1, Licenciatura en Gesti\u00f3n Ambiental 3, Licenciatura en Gesti\u00f3n de Recursos Humanos 1, Licenciatura en Inform\u00e1tica 1, Martillero y Corredor P\u00fablico y Corredor Inmobiliario 8, Procurador 5, Tecnicatura en Administraci\u00f3n y Gesti\u00f3n Tributaria 1, Tecnicatura en Direcci\u00f3n de Equipos de Venta 1, Tecnicatura en Direcci\u00f3n de Protocolo y Evento 2, Tecnicatura en Higiene y Seguridad Laboral 1,<br \/>\nTecnicatura en Investigaci\u00f3n de la Escena del Crimen 3, Tecnicatura en Responsabilidad y Gesti\u00f3n Social 3, Tecnicatura en Administraci\u00f3n P\u00fablica y Gesti\u00f3n de Pol\u00edticas P\u00fablicas 1, totalizando 46 ingresantes. Actualmente, cuenta con 106 alumnos matriculados, los cuales son de las localidades de Sunchales, Ramona, Alejandra, Pilar, Bella Italia, Susana, y Rafaela (60%).<br \/>\n* UNL: en convenio con la Fundaci\u00f3n ATILRA Sunchales, ingresaron en Tecnicatura Universitaria en Elaboraci\u00f3n y Producci\u00f3n de Alimentos 120, Ciclo de Licenciatura en Enfermer\u00eda 55, Tecnicatura en Enfermer\u00eda Universitaria 213, totalizando 388 (98 de Rafaela); el total de matriculados es de 762 (217 de Rafaela). Adem\u00e1s, 306 alumnos presenciales del departamento Castellanos (141 son de Rafaela) ingresaron en carreras de la UNL; la totalidad provisoria de los matriculados es de 880 educandos. El total general de matriculados es de 1.268.<br \/>\n* ITEC: ingresaron 120 alumnos: 45 en Tecnicatura Superior Higiene y Seguridad, 29 Tecnicatura Superior Mantenimiento Industrial, 28 Tecnicatura Superior en Administraci\u00f3n y 18 Tecnicatura superior en Dise\u00f1o Industrial, siendo el 25% alumnos fuera de Rafaela. El total de matriculados es de 250 alumnos.<br \/>\n* Escuela de enfermer\u00eda: actualmente hay 34 alumnos que cursan el 2\u00ba a\u00f1o, siendo el 70% de Rafaela. La nueva cohorte se abrir\u00e1 en el 2017.<\/p>\n<p><strong>Fuente:<\/strong> diario La Opini\u00f3n, Rafaela, 5 de agosto de 2015.<\/p>\n","protected":false},"excerpt":{"rendered":"<p>Por Emilio Grande (h.).- Con el paso de los a\u00f1os la ciudad de Rafaela se va consolidando como polo universitario, [&hellip;]<\/p>\n","protected":false},"author":2,"featured_media":0,"comment_status":"open","ping_status":"closed","sticky":false,"template":"","format":"standard","meta":{"site-sidebar-layout":"default","site-content-layout":"","ast-site-content-layout":"default","site-content-style":"default","site-sidebar-style":"default","ast-global-header-display":"","ast-banner-title-visibility":"","ast-main-header-display":"","ast-hfb-above-header-display":"","ast-hfb-below-header-display":"","ast-hfb-mobile-header-display":"","site-post-title":"","ast-breadcrumbs-content":"","ast-featured-img":"","footer-sml-layout":"","ast-disable-related-posts":"","theme-transparent-header-meta":"","adv-header-id-meta":"","stick-header-meta":"","header-above-stick-meta":"","header-main-stick-meta":"","header-below-stick-meta":"","astra-migrate-meta-layouts":"default","ast-page-background-enabled":"default","ast-page-background-meta":{"desktop":{"background-color":"var(--ast-global-color-4)","background-image":"","background-repeat":"repeat","background-position":"center center","background-size":"auto","background-attachment":"scroll","background-type":"","background-media":"","overlay-type":"","overlay-color":"","overlay-opacity":"","overlay-gradient":""},"tablet":{"background-color":"","background-image":"","background-repeat":"repeat","background-position":"center center","background-size":"auto","background-attachment":"scroll","background-type":"","background-media":"","overlay-type":"","overlay-color":"","overlay-opacity":"","overlay-gradient":""},"mobile":{"background-color":"","background-image":"","background-repeat":"repeat","background-position":"center center","background-size":"auto","background-attachment":"scroll","background-type":"","background-media":"","overlay-type":"","overlay-color":"","overlay-opacity":"","overlay-gradient":""}},"ast-content-background-meta":{"desktop":{"background-color":"var(--ast-global-color-5)","background-image":"","background-repeat":"repeat","background-position":"center center","background-size":"auto","background-attachment":"scroll","background-type":"","background-media":"","overlay-type":"","overlay-color":"","overlay-opacity":"","overlay-gradient":""},"tablet":{"background-color":"var(--ast-global-color-5)","background-image":"","background-repeat":"repeat","background-position":"center center","background-size":"auto","background-attachment":"scroll","background-type":"","background-media":"","overlay-type":"","overlay-color":"","overlay-opacity":"","overlay-gradient":""},"mobile":{"background-color":"var(--ast-global-color-5)","background-image":"","background-repeat":"repeat","background-position":"center center","background-size":"auto","background-attachment":"scroll","background-type":"","background-media":"","overlay-type":"","overlay-color":"","overlay-opacity":"","overlay-gradient":""}},"footnotes":""},"categories":[4],"tags":[],"class_list":["post-4184","post","type-post","status-publish","format-standard","hentry","category-cultura-y-sociedad"],"yoast_head":"<!-- This site is optimized with the Yoast SEO plugin v23.2 - https:\/\/yoast.com\/wordpress\/plugins\/seo\/ -->\n<title>Los ingresantes aumentaron un 15% en 9 casas de estudio - Sabado 100<\/title>\n<meta name=\"robots\" content=\"index, follow, max-snippet:-1, max-image-preview:large, max-video-preview:-1\" \/>\n<link rel=\"canonical\" href=\"https:\/\/sabado100.com.ar\/es-ar\/los-ingresantes-aumentaron-un-15-en-9-casas-de-estudio\/\" \/>\n<meta property=\"og:locale\" content=\"es_ES\" \/>\n<meta property=\"og:type\" content=\"article\" \/>\n<meta property=\"og:title\" content=\"Los ingresantes aumentaron un 15% en 9 casas de estudio - Sabado 100\" \/>\n<meta property=\"og:description\" content=\"Por Emilio Grande (h.).- Con el paso de los a\u00f1os la ciudad de Rafaela se va consolidando como polo universitario, [&hellip;]\" \/>\n<meta property=\"og:url\" content=\"https:\/\/sabado100.com.ar\/es-ar\/los-ingresantes-aumentaron-un-15-en-9-casas-de-estudio\/\" \/>\n<meta property=\"og:site_name\" content=\"Sabado 100\" \/>\n<meta property=\"article:publisher\" content=\"https:\/\/www.facebook.com\/sabadocien\/\" \/>\n<meta property=\"article:published_time\" content=\"2015-08-05T15:00:27+00:00\" \/>\n<meta name=\"author\" content=\"sabado cien\" \/>\n<meta name=\"twitter:card\" content=\"summary_large_image\" \/>\n<meta name=\"twitter:label1\" content=\"Escrito por\" \/>\n\t<meta name=\"twitter:data1\" content=\"sabado cien\" \/>\n\t<meta name=\"twitter:label2\" content=\"Tiempo de lectura\" \/>\n\t<meta name=\"twitter:data2\" content=\"4 minutos\" \/>\n<script type=\"application\/ld+json\" class=\"yoast-schema-graph\">{\"@context\":\"https:\/\/schema.org\",\"@graph\":[{\"@type\":\"Article\",\"@id\":\"https:\/\/sabado100.com.ar\/es-ar\/los-ingresantes-aumentaron-un-15-en-9-casas-de-estudio\/#article\",\"isPartOf\":{\"@id\":\"https:\/\/sabado100.com.ar\/es-ar\/los-ingresantes-aumentaron-un-15-en-9-casas-de-estudio\/\"},\"author\":{\"name\":\"sabado cien\",\"@id\":\"https:\/\/sabado100.com.ar\/es-ar\/#\/schema\/person\/58e38b918ef4e44b11398f25d4684c6d\"},\"headline\":\"Los ingresantes aumentaron un 15% en 9 casas de estudio\",\"datePublished\":\"2015-08-05T15:00:27+00:00\",\"dateModified\":\"2015-08-05T15:00:27+00:00\",\"mainEntityOfPage\":{\"@id\":\"https:\/\/sabado100.com.ar\/es-ar\/los-ingresantes-aumentaron-un-15-en-9-casas-de-estudio\/\"},\"wordCount\":781,\"commentCount\":0,\"publisher\":{\"@id\":\"https:\/\/sabado100.com.ar\/es-ar\/#organization\"},\"articleSection\":[\"Cultura y Sociedad\"],\"inLanguage\":\"es\",\"potentialAction\":[{\"@type\":\"CommentAction\",\"name\":\"Comment\",\"target\":[\"https:\/\/sabado100.com.ar\/es-ar\/los-ingresantes-aumentaron-un-15-en-9-casas-de-estudio\/#respond\"]}]},{\"@type\":\"WebPage\",\"@id\":\"https:\/\/sabado100.com.ar\/es-ar\/los-ingresantes-aumentaron-un-15-en-9-casas-de-estudio\/\",\"url\":\"https:\/\/sabado100.com.ar\/es-ar\/los-ingresantes-aumentaron-un-15-en-9-casas-de-estudio\/\",\"name\":\"Los ingresantes aumentaron un 15% en 9 casas de estudio - Sabado 100\",\"isPartOf\":{\"@id\":\"https:\/\/sabado100.com.ar\/es-ar\/#website\"},\"datePublished\":\"2015-08-05T15:00:27+00:00\",\"dateModified\":\"2015-08-05T15:00:27+00:00\",\"breadcrumb\":{\"@id\":\"https:\/\/sabado100.com.ar\/es-ar\/los-ingresantes-aumentaron-un-15-en-9-casas-de-estudio\/#breadcrumb\"},\"inLanguage\":\"es\",\"potentialAction\":[{\"@type\":\"ReadAction\",\"target\":[\"https:\/\/sabado100.com.ar\/es-ar\/los-ingresantes-aumentaron-un-15-en-9-casas-de-estudio\/\"]}]},{\"@type\":\"BreadcrumbList\",\"@id\":\"https:\/\/sabado100.com.ar\/es-ar\/los-ingresantes-aumentaron-un-15-en-9-casas-de-estudio\/#breadcrumb\",\"itemListElement\":[{\"@type\":\"ListItem\",\"position\":1,\"name\":\"Portada\",\"item\":\"https:\/\/sabado100.com.ar\/es-ar\/\"},{\"@type\":\"ListItem\",\"position\":2,\"name\":\"Los ingresantes aumentaron un 15% en 9 casas de estudio\"}]},{\"@type\":\"WebSite\",\"@id\":\"https:\/\/sabado100.com.ar\/es-ar\/#website\",\"url\":\"https:\/\/sabado100.com.ar\/es-ar\/\",\"name\":\"Sabado 100\",\"description\":\"\",\"publisher\":{\"@id\":\"https:\/\/sabado100.com.ar\/es-ar\/#organization\"},\"potentialAction\":[{\"@type\":\"SearchAction\",\"target\":{\"@type\":\"EntryPoint\",\"urlTemplate\":\"https:\/\/sabado100.com.ar\/es-ar\/?s={search_term_string}\"},\"query-input\":\"required name=search_term_string\"}],\"inLanguage\":\"es\"},{\"@type\":\"Organization\",\"@id\":\"https:\/\/sabado100.com.ar\/es-ar\/#organization\",\"name\":\"Sabado 100\",\"url\":\"https:\/\/sabado100.com.ar\/es-ar\/\",\"logo\":{\"@type\":\"ImageObject\",\"inLanguage\":\"es\",\"@id\":\"https:\/\/sabado100.com.ar\/es-ar\/#\/schema\/logo\/image\/\",\"url\":\"https:\/\/sabado100.com.ar\/es-ar\/wp-content\/uploads\/2024\/04\/logo3.jpg\",\"contentUrl\":\"https:\/\/sabado100.com.ar\/es-ar\/wp-content\/uploads\/2024\/04\/logo3.jpg\",\"width\":300,\"height\":174,\"caption\":\"Sabado 100\"},\"image\":{\"@id\":\"https:\/\/sabado100.com.ar\/es-ar\/#\/schema\/logo\/image\/\"},\"sameAs\":[\"https:\/\/www.facebook.com\/sabadocien\/\",\"https:\/\/www.instagram.com\/sabado100.com.ar\/\",\"https:\/\/www.youtube.com\/@sabado1003\"]},{\"@type\":\"Person\",\"@id\":\"https:\/\/sabado100.com.ar\/es-ar\/#\/schema\/person\/58e38b918ef4e44b11398f25d4684c6d\",\"name\":\"sabado cien\",\"image\":{\"@type\":\"ImageObject\",\"inLanguage\":\"es\",\"@id\":\"https:\/\/sabado100.com.ar\/es-ar\/#\/schema\/person\/image\/\",\"url\":\"https:\/\/sabado100.com.ar\/es-ar\/wp-content\/litespeed\/avatar\/484bccfbd493fbb703b0f1b8113dad61.jpg?ver=1787731622\",\"contentUrl\":\"https:\/\/sabado100.com.ar\/es-ar\/wp-content\/litespeed\/avatar\/484bccfbd493fbb703b0f1b8113dad61.jpg?ver=1787731622\",\"caption\":\"sabado cien\"},\"url\":\"https:\/\/sabado100.com.ar\/es-ar\/author\/sabado100\/\"}]}<\/script>\n<!-- \/ Yoast SEO plugin. -->","yoast_head_json":{"title":"Los ingresantes aumentaron un 15% en 9 casas de estudio - Sabado 100","robots":{"index":"index","follow":"follow","max-snippet":"max-snippet:-1","max-image-preview":"max-image-preview:large","max-video-preview":"max-video-preview:-1"},"canonical":"https:\/\/sabado100.com.ar\/es-ar\/los-ingresantes-aumentaron-un-15-en-9-casas-de-estudio\/","og_locale":"es_ES","og_type":"article","og_title":"Los ingresantes aumentaron un 15% en 9 casas de estudio - Sabado 100","og_description":"Por Emilio Grande (h.).- Con el paso de los a\u00f1os la ciudad de Rafaela se va consolidando como polo universitario, [&hellip;]","og_url":"https:\/\/sabado100.com.ar\/es-ar\/los-ingresantes-aumentaron-un-15-en-9-casas-de-estudio\/","og_site_name":"Sabado 100","article_publisher":"https:\/\/www.facebook.com\/sabadocien\/","article_published_time":"2015-08-05T15:00:27+00:00","author":"sabado cien","twitter_card":"summary_large_image","twitter_misc":{"Escrito por":"sabado cien","Tiempo de lectura":"4 minutos"},"schema":{"@context":"https:\/\/schema.org","@graph":[{"@type":"Article","@id":"https:\/\/sabado100.com.ar\/es-ar\/los-ingresantes-aumentaron-un-15-en-9-casas-de-estudio\/#article","isPartOf":{"@id":"https:\/\/sabado100.com.ar\/es-ar\/los-ingresantes-aumentaron-un-15-en-9-casas-de-estudio\/"},"author":{"name":"sabado cien","@id":"https:\/\/sabado100.com.ar\/es-ar\/#\/schema\/person\/58e38b918ef4e44b11398f25d4684c6d"},"headline":"Los ingresantes aumentaron un 15% en 9 casas de estudio","datePublished":"2015-08-05T15:00:27+00:00","dateModified":"2015-08-05T15:00:27+00:00","mainEntityOfPage":{"@id":"https:\/\/sabado100.com.ar\/es-ar\/los-ingresantes-aumentaron-un-15-en-9-casas-de-estudio\/"},"wordCount":781,"commentCount":0,"publisher":{"@id":"https:\/\/sabado100.com.ar\/es-ar\/#organization"},"articleSection":["Cultura y Sociedad"],"inLanguage":"es","potentialAction":[{"@type":"CommentAction","name":"Comment","target":["https:\/\/sabado100.com.ar\/es-ar\/los-ingresantes-aumentaron-un-15-en-9-casas-de-estudio\/#respond"]}]},{"@type":"WebPage","@id":"https:\/\/sabado100.com.ar\/es-ar\/los-ingresantes-aumentaron-un-15-en-9-casas-de-estudio\/","url":"https:\/\/sabado100.com.ar\/es-ar\/los-ingresantes-aumentaron-un-15-en-9-casas-de-estudio\/","name":"Los ingresantes aumentaron un 15% en 9 casas de estudio - Sabado 100","isPartOf":{"@id":"https:\/\/sabado100.com.ar\/es-ar\/#website"},"datePublished":"2015-08-05T15:00:27+00:00","dateModified":"2015-08-05T15:00:27+00:00","breadcrumb":{"@id":"https:\/\/sabado100.com.ar\/es-ar\/los-ingresantes-aumentaron-un-15-en-9-casas-de-estudio\/#breadcrumb"},"inLanguage":"es","potentialAction":[{"@type":"ReadAction","target":["https:\/\/sabado100.com.ar\/es-ar\/los-ingresantes-aumentaron-un-15-en-9-casas-de-estudio\/"]}]},{"@type":"BreadcrumbList","@id":"https:\/\/sabado100.com.ar\/es-ar\/los-ingresantes-aumentaron-un-15-en-9-casas-de-estudio\/#breadcrumb","itemListElement":[{"@type":"ListItem","position":1,"name":"Portada","item":"https:\/\/sabado100.com.ar\/es-ar\/"},{"@type":"ListItem","position":2,"name":"Los ingresantes aumentaron un 15% en 9 casas de estudio"}]},{"@type":"WebSite","@id":"https:\/\/sabado100.com.ar\/es-ar\/#website","url":"https:\/\/sabado100.com.ar\/es-ar\/","name":"Sabado 100","description":"","publisher":{"@id":"https:\/\/sabado100.com.ar\/es-ar\/#organization"},"potentialAction":[{"@type":"SearchAction","target":{"@type":"EntryPoint","urlTemplate":"https:\/\/sabado100.com.ar\/es-ar\/?s={search_term_string}"},"query-input":"required name=search_term_string"}],"inLanguage":"es"},{"@type":"Organization","@id":"https:\/\/sabado100.com.ar\/es-ar\/#organization","name":"Sabado 100","url":"https:\/\/sabado100.com.ar\/es-ar\/","logo":{"@type":"ImageObject","inLanguage":"es","@id":"https:\/\/sabado100.com.ar\/es-ar\/#\/schema\/logo\/image\/","url":"https:\/\/sabado100.com.ar\/es-ar\/wp-content\/uploads\/2024\/04\/logo3.jpg","contentUrl":"https:\/\/sabado100.com.ar\/es-ar\/wp-content\/uploads\/2024\/04\/logo3.jpg","width":300,"height":174,"caption":"Sabado 100"},"image":{"@id":"https:\/\/sabado100.com.ar\/es-ar\/#\/schema\/logo\/image\/"},"sameAs":["https:\/\/www.facebook.com\/sabadocien\/","https:\/\/www.instagram.com\/sabado100.com.ar\/","https:\/\/www.youtube.com\/@sabado1003"]},{"@type":"Person","@id":"https:\/\/sabado100.com.ar\/es-ar\/#\/schema\/person\/58e38b918ef4e44b11398f25d4684c6d","name":"sabado cien","image":{"@type":"ImageObject","inLanguage":"es","@id":"https:\/\/sabado100.com.ar\/es-ar\/#\/schema\/person\/image\/","url":"https:\/\/sabado100.com.ar\/es-ar\/wp-content\/litespeed\/avatar\/484bccfbd493fbb703b0f1b8113dad61.jpg?ver=1787731622","contentUrl":"https:\/\/sabado100.com.ar\/es-ar\/wp-content\/litespeed\/avatar\/484bccfbd493fbb703b0f1b8113dad61.jpg?ver=1787731622","caption":"sabado cien"},"url":"https:\/\/sabado100.com.ar\/es-ar\/author\/sabado100\/"}]}},"_links":{"self":[{"href":"https:\/\/sabado100.com.ar\/es-ar\/wp-json\/wp\/v2\/posts\/4184","targetHints":{"allow":["GET"]}}],"collection":[{"href":"https:\/\/sabado100.com.ar\/es-ar\/wp-json\/wp\/v2\/posts"}],"about":[{"href":"https:\/\/sabado100.com.ar\/es-ar\/wp-json\/wp\/v2\/types\/post"}],"author":[{"embeddable":true,"href":"https:\/\/sabado100.com.ar\/es-ar\/wp-json\/wp\/v2\/users\/2"}],"replies":[{"embeddable":true,"href":"https:\/\/sabado100.com.ar\/es-ar\/wp-json\/wp\/v2\/comments?post=4184"}],"version-history":[{"count":0,"href":"https:\/\/sabado100.com.ar\/es-ar\/wp-json\/wp\/v2\/posts\/4184\/revisions"}],"wp:attachment":[{"href":"https:\/\/sabado100.com.ar\/es-ar\/wp-json\/wp\/v2\/media?parent=4184"}],"wp:term":[{"taxonomy":"category","embeddable":true,"href":"https:\/\/sabado100.com.ar\/es-ar\/wp-json\/wp\/v2\/categories?post=4184"},{"taxonomy":"post_tag","embeddable":true,"href":"https:\/\/sabado100.com.ar\/es-ar\/wp-json\/wp\/v2\/tags?post=4184"}],"curies":[{"name":"wp","href":"https:\/\/api.w.org\/{rel}","templated":true}]}}