{"id":4182,"date":"2015-08-05T16:57:02","date_gmt":"2015-08-05T14:57:02","guid":{"rendered":"https:\/\/www.sabado100.com.ar\/?p=4182"},"modified":"2015-08-05T16:57:02","modified_gmt":"2015-08-05T14:57:02","slug":"presidenciables-que-sobrevuelan-la-realidad","status":"publish","type":"post","link":"https:\/\/sabado100.com.ar\/es-ar\/presidenciables-que-sobrevuelan-la-realidad\/","title":{"rendered":"Presidenciables que sobrevuelan la realidad"},"content":{"rendered":"<p><strong>Por Mar\u00eda Herminia Grande.-<\/strong> No s\u00f3lo los principales actores del actual elenco pol\u00edtico se han banalizado, lo m\u00e1s terrible es que han corrompido las formas y los usos de la acci\u00f3n pol\u00edtica. Los candidatos presidenciables han optado por el spot propagand\u00edstico en detrimento de la arenga de ideas, del debate, de la reuni\u00f3n en el club, de alguna caravana. El \u00faltimo dirigente pol\u00edtico que emocion\u00f3 y convenci\u00f3 con sus discursos a la ciudadan\u00eda fue Ra\u00fal Alfons\u00edn. Menem no tuvo el don de la palabra. Fue un enigma que la gente eligi\u00f3.<br \/>\nHoy los tres candidatos presidenciables m\u00e1s importantes no se diferencian en s\u00ed mismos, sino por posicionarse como la cara y contracara de un modelo. Massa a todo esto act\u00faa como el canto de esa moneda que nos muestra un incierto anverso y reverso. Lo cierto es que ning\u00fan ciudadano tiene certeza absoluta sobre qu\u00e9 har\u00e1 cualquiera de estos candidatos al convertirse en presidente. Sergio Massa aparece en este \u00faltimo tramo con definiciones m\u00e1s categ\u00f3ricas  y tratando de provocarlas en sus adversarios pol\u00edticos. A\u00fan sin conseguirlo. Son porte\u00f1os y act\u00faan como tales, alejados de los problemas reales. Cuando atraviesan la Gral Paz y se encuentran con el interior argentino, parecen turistas en un tour. Su mirada y su tiempo siempre tiene traje de apuro. Est\u00e1n pendientes del programa de cable o FM capitalina. Les interesa regresar a lo que sienten es su h\u00e1bitat natural. S\u00e9 de uno de ellos que pidi\u00f3 SOBREVOLAR  el Impenetrable porque le hab\u00edan hablado de lo que all\u00ed ocurr\u00eda.  Ah\u00ed est\u00e1 el problema: hoy los candidatos sobrevuelan las realidades. Este travestismo pol\u00edtico que los candidatos asumen orientados por gur\u00faes, armonizadores, coach, est\u00e1 muy lejos de la Argentina urgente, doliente que espera un cambio de actitud en el pr\u00f3ximo presidente.<br \/>\nEsta campa\u00f1a tiene adem\u00e1s un nuevo ingrediente: el narcotr\u00e1fico inmiscuido en el poder. Muchos a\u00f1os atr\u00e1s el Dr. Juan Gabriel Tokatlian advert\u00eda que esta era una posibilidad si no se cortaba de cuajo su crecimiento. Lo il\u00edcito busca blanquearse, es decir, ingresar al circuito de lo l\u00edcito. Hoy no sabemos a ciencia cierta qu\u00e9 juez lleg\u00f3 por su idoneidad y qui\u00e9n por el poder narco. Lo mismo ocurre en el sector pol\u00edtico. Mientras tanto escuchamos voces que dicen \u201cqueremos aprender y ense\u00f1ar en paz\u201d. \u201cQueremos ser curados y curar en paz\u201d. \u201cQueremos ir a trabajar y volver a nuestros hogares en paz\u201d. La inacci\u00f3n, inoperancia, incompetencia, desidia, corrupci\u00f3n, en los distintos estamentos institucionales, enluta a muchas familias argentinas. Si los candidatos quieren conocer de verdad lo que ocurre en lo m\u00e1s profundo de todo nuestro interior argentino incluido el conurbano bonaerense y sectores de Capital Federal, s\u00f3lo tienen que sentarse con cualquier padre o madre del dolor y mirarlo a los ojos. En ellos encontrar\u00e1n el mejor plan para su gobierno. Si tienen sensibilidad captar\u00e1n que es imperioso que la justicia se pare sobre sus dos piernas. Ver\u00e1n que urge la batalla f\u00e9rrea contra la corrupci\u00f3n. Advertir\u00e1n que hay discriminaci\u00f3n educativa por la pertenencia socioecon\u00f3mica. Observar\u00e1n en el reflejo de esos ojos que la mala praxis pol\u00edtica tal\u00f3 los sue\u00f1os m\u00e1s nobles que crec\u00edan en nuestra patria.<\/p>\n<p>www.mariaherminiagrande.com.ar<br \/>\n@mhgrande<br \/>\nhtpps:\/\/www.facebook.com\/mgperiodismo<\/p>\n","protected":false},"excerpt":{"rendered":"<p>Por Mar\u00eda Herminia Grande.- No s\u00f3lo los principales actores del actual elenco pol\u00edtico se han banalizado, lo m\u00e1s terrible es [&hellip;]<\/p>\n","protected":false},"author":2,"featured_media":0,"comment_status":"open","ping_status":"closed","sticky":false,"template":"","format":"standard","meta":{"site-sidebar-layout":"default","site-content-layout":"","ast-site-content-layout":"default","site-content-style":"default","site-sidebar-style":"default","ast-global-header-display":"","ast-banner-title-visibility":"","ast-main-header-display":"","ast-hfb-above-header-display":"","ast-hfb-below-header-display":"","ast-hfb-mobile-header-display":"","site-post-title":"","ast-breadcrumbs-content":"","ast-featured-img":"","footer-sml-layout":"","ast-disable-related-posts":"","theme-transparent-header-meta":"","adv-header-id-meta":"","stick-header-meta":"","header-above-stick-meta":"","header-main-stick-meta":"","header-below-stick-meta":"","astra-migrate-meta-layouts":"default","ast-page-background-enabled":"default","ast-page-background-meta":{"desktop":{"background-color":"var(--ast-global-color-4)","background-image":"","background-repeat":"repeat","background-position":"center center","background-size":"auto","background-attachment":"scroll","background-type":"","background-media":"","overlay-type":"","overlay-color":"","overlay-opacity":"","overlay-gradient":""},"tablet":{"background-color":"","background-image":"","background-repeat":"repeat","background-position":"center center","background-size":"auto","background-attachment":"scroll","background-type":"","background-media":"","overlay-type":"","overlay-color":"","overlay-opacity":"","overlay-gradient":""},"mobile":{"background-color":"","background-image":"","background-repeat":"repeat","background-position":"center center","background-size":"auto","background-attachment":"scroll","background-type":"","background-media":"","overlay-type":"","overlay-color":"","overlay-opacity":"","overlay-gradient":""}},"ast-content-background-meta":{"desktop":{"background-color":"var(--ast-global-color-5)","background-image":"","background-repeat":"repeat","background-position":"center center","background-size":"auto","background-attachment":"scroll","background-type":"","background-media":"","overlay-type":"","overlay-color":"","overlay-opacity":"","overlay-gradient":""},"tablet":{"background-color":"var(--ast-global-color-5)","background-image":"","background-repeat":"repeat","background-position":"center center","background-size":"auto","background-attachment":"scroll","background-type":"","background-media":"","overlay-type":"","overlay-color":"","overlay-opacity":"","overlay-gradient":""},"mobile":{"background-color":"var(--ast-global-color-5)","background-image":"","background-repeat":"repeat","background-position":"center center","background-size":"auto","background-attachment":"scroll","background-type":"","background-media":"","overlay-type":"","overlay-color":"","overlay-opacity":"","overlay-gradient":""}},"footnotes":""},"categories":[5],"tags":[],"class_list":["post-4182","post","type-post","status-publish","format-standard","hentry","category-politica"],"yoast_head":"<!-- This site is optimized with the Yoast SEO plugin v23.2 - https:\/\/yoast.com\/wordpress\/plugins\/seo\/ -->\n<title>Presidenciables que sobrevuelan la realidad - Sabado 100<\/title>\n<meta name=\"robots\" content=\"index, follow, max-snippet:-1, max-image-preview:large, max-video-preview:-1\" \/>\n<link rel=\"canonical\" href=\"https:\/\/sabado100.com.ar\/es-ar\/presidenciables-que-sobrevuelan-la-realidad\/\" \/>\n<meta property=\"og:locale\" content=\"es_ES\" \/>\n<meta property=\"og:type\" content=\"article\" \/>\n<meta property=\"og:title\" content=\"Presidenciables que sobrevuelan la realidad - Sabado 100\" \/>\n<meta property=\"og:description\" content=\"Por Mar\u00eda Herminia Grande.- No s\u00f3lo los principales actores del actual elenco pol\u00edtico se han banalizado, lo m\u00e1s terrible es [&hellip;]\" \/>\n<meta property=\"og:url\" content=\"https:\/\/sabado100.com.ar\/es-ar\/presidenciables-que-sobrevuelan-la-realidad\/\" \/>\n<meta property=\"og:site_name\" content=\"Sabado 100\" \/>\n<meta property=\"article:publisher\" content=\"https:\/\/www.facebook.com\/sabadocien\/\" \/>\n<meta property=\"article:published_time\" content=\"2015-08-05T14:57:02+00:00\" \/>\n<meta name=\"author\" content=\"sabado cien\" \/>\n<meta name=\"twitter:card\" content=\"summary_large_image\" \/>\n<meta name=\"twitter:label1\" content=\"Escrito por\" \/>\n\t<meta name=\"twitter:data1\" content=\"sabado cien\" \/>\n\t<meta name=\"twitter:label2\" content=\"Tiempo de lectura\" \/>\n\t<meta name=\"twitter:data2\" content=\"3 minutos\" \/>\n<script type=\"application\/ld+json\" class=\"yoast-schema-graph\">{\"@context\":\"https:\/\/schema.org\",\"@graph\":[{\"@type\":\"Article\",\"@id\":\"https:\/\/sabado100.com.ar\/es-ar\/presidenciables-que-sobrevuelan-la-realidad\/#article\",\"isPartOf\":{\"@id\":\"https:\/\/sabado100.com.ar\/es-ar\/presidenciables-que-sobrevuelan-la-realidad\/\"},\"author\":{\"name\":\"sabado cien\",\"@id\":\"https:\/\/sabado100.com.ar\/es-ar\/#\/schema\/person\/58e38b918ef4e44b11398f25d4684c6d\"},\"headline\":\"Presidenciables que sobrevuelan la realidad\",\"datePublished\":\"2015-08-05T14:57:02+00:00\",\"dateModified\":\"2015-08-05T14:57:02+00:00\",\"mainEntityOfPage\":{\"@id\":\"https:\/\/sabado100.com.ar\/es-ar\/presidenciables-que-sobrevuelan-la-realidad\/\"},\"wordCount\":592,\"commentCount\":0,\"publisher\":{\"@id\":\"https:\/\/sabado100.com.ar\/es-ar\/#organization\"},\"articleSection\":[\"Pol\u00edtica\"],\"inLanguage\":\"es\",\"potentialAction\":[{\"@type\":\"CommentAction\",\"name\":\"Comment\",\"target\":[\"https:\/\/sabado100.com.ar\/es-ar\/presidenciables-que-sobrevuelan-la-realidad\/#respond\"]}]},{\"@type\":\"WebPage\",\"@id\":\"https:\/\/sabado100.com.ar\/es-ar\/presidenciables-que-sobrevuelan-la-realidad\/\",\"url\":\"https:\/\/sabado100.com.ar\/es-ar\/presidenciables-que-sobrevuelan-la-realidad\/\",\"name\":\"Presidenciables que sobrevuelan la realidad - Sabado 100\",\"isPartOf\":{\"@id\":\"https:\/\/sabado100.com.ar\/es-ar\/#website\"},\"datePublished\":\"2015-08-05T14:57:02+00:00\",\"dateModified\":\"2015-08-05T14:57:02+00:00\",\"breadcrumb\":{\"@id\":\"https:\/\/sabado100.com.ar\/es-ar\/presidenciables-que-sobrevuelan-la-realidad\/#breadcrumb\"},\"inLanguage\":\"es\",\"potentialAction\":[{\"@type\":\"ReadAction\",\"target\":[\"https:\/\/sabado100.com.ar\/es-ar\/presidenciables-que-sobrevuelan-la-realidad\/\"]}]},{\"@type\":\"BreadcrumbList\",\"@id\":\"https:\/\/sabado100.com.ar\/es-ar\/presidenciables-que-sobrevuelan-la-realidad\/#breadcrumb\",\"itemListElement\":[{\"@type\":\"ListItem\",\"position\":1,\"name\":\"Portada\",\"item\":\"https:\/\/sabado100.com.ar\/es-ar\/\"},{\"@type\":\"ListItem\",\"position\":2,\"name\":\"Presidenciables que sobrevuelan la realidad\"}]},{\"@type\":\"WebSite\",\"@id\":\"https:\/\/sabado100.com.ar\/es-ar\/#website\",\"url\":\"https:\/\/sabado100.com.ar\/es-ar\/\",\"name\":\"Sabado 100\",\"description\":\"\",\"publisher\":{\"@id\":\"https:\/\/sabado100.com.ar\/es-ar\/#organization\"},\"potentialAction\":[{\"@type\":\"SearchAction\",\"target\":{\"@type\":\"EntryPoint\",\"urlTemplate\":\"https:\/\/sabado100.com.ar\/es-ar\/?s={search_term_string}\"},\"query-input\":\"required name=search_term_string\"}],\"inLanguage\":\"es\"},{\"@type\":\"Organization\",\"@id\":\"https:\/\/sabado100.com.ar\/es-ar\/#organization\",\"name\":\"Sabado 100\",\"url\":\"https:\/\/sabado100.com.ar\/es-ar\/\",\"logo\":{\"@type\":\"ImageObject\",\"inLanguage\":\"es\",\"@id\":\"https:\/\/sabado100.com.ar\/es-ar\/#\/schema\/logo\/image\/\",\"url\":\"https:\/\/sabado100.com.ar\/es-ar\/wp-content\/uploads\/2024\/04\/logo3.jpg\",\"contentUrl\":\"https:\/\/sabado100.com.ar\/es-ar\/wp-content\/uploads\/2024\/04\/logo3.jpg\",\"width\":300,\"height\":174,\"caption\":\"Sabado 100\"},\"image\":{\"@id\":\"https:\/\/sabado100.com.ar\/es-ar\/#\/schema\/logo\/image\/\"},\"sameAs\":[\"https:\/\/www.facebook.com\/sabadocien\/\",\"https:\/\/www.instagram.com\/sabado100.com.ar\/\",\"https:\/\/www.youtube.com\/@sabado1003\"]},{\"@type\":\"Person\",\"@id\":\"https:\/\/sabado100.com.ar\/es-ar\/#\/schema\/person\/58e38b918ef4e44b11398f25d4684c6d\",\"name\":\"sabado cien\",\"image\":{\"@type\":\"ImageObject\",\"inLanguage\":\"es\",\"@id\":\"https:\/\/sabado100.com.ar\/es-ar\/#\/schema\/person\/image\/\",\"url\":\"https:\/\/sabado100.com.ar\/es-ar\/wp-content\/litespeed\/avatar\/484bccfbd493fbb703b0f1b8113dad61.jpg?ver=1787731622\",\"contentUrl\":\"https:\/\/sabado100.com.ar\/es-ar\/wp-content\/litespeed\/avatar\/484bccfbd493fbb703b0f1b8113dad61.jpg?ver=1787731622\",\"caption\":\"sabado cien\"},\"url\":\"https:\/\/sabado100.com.ar\/es-ar\/author\/sabado100\/\"}]}<\/script>\n<!-- \/ Yoast SEO plugin. -->","yoast_head_json":{"title":"Presidenciables que sobrevuelan la realidad - Sabado 100","robots":{"index":"index","follow":"follow","max-snippet":"max-snippet:-1","max-image-preview":"max-image-preview:large","max-video-preview":"max-video-preview:-1"},"canonical":"https:\/\/sabado100.com.ar\/es-ar\/presidenciables-que-sobrevuelan-la-realidad\/","og_locale":"es_ES","og_type":"article","og_title":"Presidenciables que sobrevuelan la realidad - Sabado 100","og_description":"Por Mar\u00eda Herminia Grande.- No s\u00f3lo los principales actores del actual elenco pol\u00edtico se han banalizado, lo m\u00e1s terrible es [&hellip;]","og_url":"https:\/\/sabado100.com.ar\/es-ar\/presidenciables-que-sobrevuelan-la-realidad\/","og_site_name":"Sabado 100","article_publisher":"https:\/\/www.facebook.com\/sabadocien\/","article_published_time":"2015-08-05T14:57:02+00:00","author":"sabado cien","twitter_card":"summary_large_image","twitter_misc":{"Escrito por":"sabado cien","Tiempo de lectura":"3 minutos"},"schema":{"@context":"https:\/\/schema.org","@graph":[{"@type":"Article","@id":"https:\/\/sabado100.com.ar\/es-ar\/presidenciables-que-sobrevuelan-la-realidad\/#article","isPartOf":{"@id":"https:\/\/sabado100.com.ar\/es-ar\/presidenciables-que-sobrevuelan-la-realidad\/"},"author":{"name":"sabado cien","@id":"https:\/\/sabado100.com.ar\/es-ar\/#\/schema\/person\/58e38b918ef4e44b11398f25d4684c6d"},"headline":"Presidenciables que sobrevuelan la realidad","datePublished":"2015-08-05T14:57:02+00:00","dateModified":"2015-08-05T14:57:02+00:00","mainEntityOfPage":{"@id":"https:\/\/sabado100.com.ar\/es-ar\/presidenciables-que-sobrevuelan-la-realidad\/"},"wordCount":592,"commentCount":0,"publisher":{"@id":"https:\/\/sabado100.com.ar\/es-ar\/#organization"},"articleSection":["Pol\u00edtica"],"inLanguage":"es","potentialAction":[{"@type":"CommentAction","name":"Comment","target":["https:\/\/sabado100.com.ar\/es-ar\/presidenciables-que-sobrevuelan-la-realidad\/#respond"]}]},{"@type":"WebPage","@id":"https:\/\/sabado100.com.ar\/es-ar\/presidenciables-que-sobrevuelan-la-realidad\/","url":"https:\/\/sabado100.com.ar\/es-ar\/presidenciables-que-sobrevuelan-la-realidad\/","name":"Presidenciables que sobrevuelan la realidad - Sabado 100","isPartOf":{"@id":"https:\/\/sabado100.com.ar\/es-ar\/#website"},"datePublished":"2015-08-05T14:57:02+00:00","dateModified":"2015-08-05T14:57:02+00:00","breadcrumb":{"@id":"https:\/\/sabado100.com.ar\/es-ar\/presidenciables-que-sobrevuelan-la-realidad\/#breadcrumb"},"inLanguage":"es","potentialAction":[{"@type":"ReadAction","target":["https:\/\/sabado100.com.ar\/es-ar\/presidenciables-que-sobrevuelan-la-realidad\/"]}]},{"@type":"BreadcrumbList","@id":"https:\/\/sabado100.com.ar\/es-ar\/presidenciables-que-sobrevuelan-la-realidad\/#breadcrumb","itemListElement":[{"@type":"ListItem","position":1,"name":"Portada","item":"https:\/\/sabado100.com.ar\/es-ar\/"},{"@type":"ListItem","position":2,"name":"Presidenciables que sobrevuelan la realidad"}]},{"@type":"WebSite","@id":"https:\/\/sabado100.com.ar\/es-ar\/#website","url":"https:\/\/sabado100.com.ar\/es-ar\/","name":"Sabado 100","description":"","publisher":{"@id":"https:\/\/sabado100.com.ar\/es-ar\/#organization"},"potentialAction":[{"@type":"SearchAction","target":{"@type":"EntryPoint","urlTemplate":"https:\/\/sabado100.com.ar\/es-ar\/?s={search_term_string}"},"query-input":"required name=search_term_string"}],"inLanguage":"es"},{"@type":"Organization","@id":"https:\/\/sabado100.com.ar\/es-ar\/#organization","name":"Sabado 100","url":"https:\/\/sabado100.com.ar\/es-ar\/","logo":{"@type":"ImageObject","inLanguage":"es","@id":"https:\/\/sabado100.com.ar\/es-ar\/#\/schema\/logo\/image\/","url":"https:\/\/sabado100.com.ar\/es-ar\/wp-content\/uploads\/2024\/04\/logo3.jpg","contentUrl":"https:\/\/sabado100.com.ar\/es-ar\/wp-content\/uploads\/2024\/04\/logo3.jpg","width":300,"height":174,"caption":"Sabado 100"},"image":{"@id":"https:\/\/sabado100.com.ar\/es-ar\/#\/schema\/logo\/image\/"},"sameAs":["https:\/\/www.facebook.com\/sabadocien\/","https:\/\/www.instagram.com\/sabado100.com.ar\/","https:\/\/www.youtube.com\/@sabado1003"]},{"@type":"Person","@id":"https:\/\/sabado100.com.ar\/es-ar\/#\/schema\/person\/58e38b918ef4e44b11398f25d4684c6d","name":"sabado cien","image":{"@type":"ImageObject","inLanguage":"es","@id":"https:\/\/sabado100.com.ar\/es-ar\/#\/schema\/person\/image\/","url":"https:\/\/sabado100.com.ar\/es-ar\/wp-content\/litespeed\/avatar\/484bccfbd493fbb703b0f1b8113dad61.jpg?ver=1787731622","contentUrl":"https:\/\/sabado100.com.ar\/es-ar\/wp-content\/litespeed\/avatar\/484bccfbd493fbb703b0f1b8113dad61.jpg?ver=1787731622","caption":"sabado cien"},"url":"https:\/\/sabado100.com.ar\/es-ar\/author\/sabado100\/"}]}},"_links":{"self":[{"href":"https:\/\/sabado100.com.ar\/es-ar\/wp-json\/wp\/v2\/posts\/4182","targetHints":{"allow":["GET"]}}],"collection":[{"href":"https:\/\/sabado100.com.ar\/es-ar\/wp-json\/wp\/v2\/posts"}],"about":[{"href":"https:\/\/sabado100.com.ar\/es-ar\/wp-json\/wp\/v2\/types\/post"}],"author":[{"embeddable":true,"href":"https:\/\/sabado100.com.ar\/es-ar\/wp-json\/wp\/v2\/users\/2"}],"replies":[{"embeddable":true,"href":"https:\/\/sabado100.com.ar\/es-ar\/wp-json\/wp\/v2\/comments?post=4182"}],"version-history":[{"count":0,"href":"https:\/\/sabado100.com.ar\/es-ar\/wp-json\/wp\/v2\/posts\/4182\/revisions"}],"wp:attachment":[{"href":"https:\/\/sabado100.com.ar\/es-ar\/wp-json\/wp\/v2\/media?parent=4182"}],"wp:term":[{"taxonomy":"category","embeddable":true,"href":"https:\/\/sabado100.com.ar\/es-ar\/wp-json\/wp\/v2\/categories?post=4182"},{"taxonomy":"post_tag","embeddable":true,"href":"https:\/\/sabado100.com.ar\/es-ar\/wp-json\/wp\/v2\/tags?post=4182"}],"curies":[{"name":"wp","href":"https:\/\/api.w.org\/{rel}","templated":true}]}}