{"id":4156,"date":"2015-07-17T22:29:27","date_gmt":"2015-07-17T20:29:27","guid":{"rendered":"https:\/\/www.sabado100.com.ar\/?p=4156"},"modified":"2015-07-17T22:29:27","modified_gmt":"2015-07-17T20:29:27","slug":"estamos-embromados","status":"publish","type":"post","link":"https:\/\/sabado100.com.ar\/es-ar\/estamos-embromados\/","title":{"rendered":"\u201c\u00a1Estamos embromados!\u201d"},"content":{"rendered":"<p><strong>Por Mar\u00eda Herminia Grande.-<\/strong> Por izquierda o por derecha el mundo  est\u00e1 dejando de ser viable, la cara y seca de la realidad nos lleva a la desigualdad. El papa Francisco, quien ha visitado recientemente nuestra doliente Latinoam\u00e9rica, ha dicho entre tantas otras cosas que: \u201cla corrupci\u00f3n es la gangrena de los pueblos\u201d, as\u00ed como tambi\u00e9n: \u201cla ganancia a cualquier costo y la ambici\u00f3n desenfrenada son el esti\u00e9rcol del diablo\u201d.<br \/>\nSabemos claramente que salvo honrosas excepciones los pa\u00edses adolecen de los mismos problemas, pertenezcan al ranking de primer, segundo o tercer mundo. En Grecia, el gobierno de izquierda elegido seguramente para morigerar los desaguisados de la derecha convoca a un refer\u00e9ndum, induce a su pueblo en su votaci\u00f3n a ser acompa\u00f1ado en el desacuerdo a los m\u00e9todos de la Comunidad Europea; y a\u00fan no finalizado el recuento final de los votos mayoritarios del no, como dijo el Lic. Fantini \u201c Tsipras le entreg\u00f3 la cabeza de su ministro de finanzas\u201d. Las consecuencias de la  negociaci\u00f3n obviamente que no la pagar\u00e1n los autores materiales de los da\u00f1os ocasionados con su mala pol\u00edtica en Grecia. Lo pagar\u00e1 su pueblo. Como dijo Francisco en tierra latinoamericana \u201cesta econom\u00eda  mata y destruye\u201d.<br \/>\nNo es novedad que los avances cient\u00edficos posibilitan extensi\u00f3n de la vida con buena salud y placeres. Lo que no se aclara, pero s\u00ed se vive, es que esta  posibilidad no es para todos. Todo depende de la decisi\u00f3n pol\u00edtica de los que pol\u00edticamente mandan (\u00bfno ser\u00e1 el momento que el humanista Francisco cree una escuela de formaci\u00f3n en valores para quienes quieran gobernar en este mundo?).<br \/>\nArgentina genera alimento para 400 millones de personas, y no logra alimentar proteicamente y por igual a sus 40 millones de habitantes. El papa Francisco ha reclamado solidaridad como ejercicio cotidiano para con los m\u00e1s pobres, a su medida tambi\u00e9n lo  pide Tsipras; lo pregona Stiglitz ; pero no hay a\u00fan reacciones acordes a tama\u00f1o pedido. Am\u00e9rica Latina con su \u201cpobreza pueblerina\u201d como Europa con su \u201cfalta de valores\u201d, exhiben sin tapujos ni aparente remordimiento el resultado de sus pr\u00e1cticas: \u00a1la inequidad!.<br \/>\nNunca un siglo como el pasado hizo tanto en el avance cient\u00edfico para darle al hombre pol\u00edtico las herramientas y as\u00ed dejar atr\u00e1s el mayor de los problemas: el hambre, \u00a1viejo e iterativo problema!. No obstante, este presente nos muestra enormes avances en la sofisticaci\u00f3n del mal: guerras como la de ISIS, las ciberespaciales, la de los narcos; es decir: el hambre, la miseria, la desigualdad, la exclusi\u00f3n, la infinita pobreza y marginaci\u00f3n gozan de buena salud. Los Presidentes de los pa\u00edses m\u00e1s poderosos se re\u00fanen en sofisticadas cumbres de las cuales nunca se concretan pol\u00edticas destinadas a enmendar sus propios errores, torpezas o malas intenciones. El hombre puede llegar con su brazo espacial hasta Plut\u00f3n pero no puede, en realidad no quiere, resolver la angustia de un semejante tirado a su paso.<\/p>\n<p><strong>Pol\u00edtica en Santa Fe<\/strong><\/p>\n<p>Luego de la euforia de las ofertas electorales, todo volvi\u00f3 a lo de siempre: realidades que duelen, lastiman, que no son atendidas. Existe una sociedad sin tutela . No es s\u00f3lo el caso de Adriana Abaca, Madre en Lucha contra el Narcotr\u00e1fico, a la que sin raz\u00f3n se le restringi\u00f3 la custodia personal. Pareciera que las energ\u00edas y los anuncios preelectorales se fueron de vacaciones. La anemia de decisiones preocupa, y mucho. No trascienden, o son tan secretas que se ignoran, las reuniones que se prometieron realizar para conformar gabinetes y fundamentalmente para generar pol\u00edticas de estado sobre los temas m\u00e1s urticantes. Se dice que a fines de julio los distintos actores pol\u00edticos regresar\u00e1n de sus viajes y entonces comenzar\u00e1n a  conversar estos temas.<br \/>\nEl Fiscal General del Ministerio P\u00fablico de la Acusaci\u00f3n de la Provincia de Santa Fe, Dr.  Julio de Olaz\u00e1bal ante el atentado a una fiscal\u00eda  en San Javier que \u00e9l mismo defini\u00f3 como \u201cun atentado a la democracia\u201d (dado que se destruyeron expedientes y se robaron armas incautadas sin la necesaria presencia policial), ante esta barbarie  s\u00f3lo atin\u00f3 a decir: \u00a1estamos embromados!\u201d<br \/>\nEn Rosario los socios pol\u00edticos de la victoria de M\u00f3nica Fein est\u00e1n dispuestos a armar juntos el futuro gabinete \u201cdesde la primera hasta las terceras l\u00edneas\u201d. Existe una preocupaci\u00f3n dado que las propuestas han sido period\u00edsticas, nunca hasta hoy, asegura una inobjetable fuente \u201cnos ofrecieron personalmente un cargo\u201d. Parafraseando al Dr. Julio de Olaz\u00e1bal, por lo dicho hasta aqu\u00ed no s\u00f3lo en Santa Fe sino en el mundo \u201c\u00a1estamos embromados!\u201d<\/p>\n<p>www.mariaherminiagrande.com.ar<br \/>\n@mhgrande<br \/>\nhtpps:\/\/www.facebook.com\/mgperiodismo<\/p>\n","protected":false},"excerpt":{"rendered":"<p>Por Mar\u00eda Herminia Grande.- Por izquierda o por derecha el mundo est\u00e1 dejando de ser viable, la cara y seca [&hellip;]<\/p>\n","protected":false},"author":2,"featured_media":0,"comment_status":"open","ping_status":"closed","sticky":false,"template":"","format":"standard","meta":{"site-sidebar-layout":"default","site-content-layout":"","ast-site-content-layout":"default","site-content-style":"default","site-sidebar-style":"default","ast-global-header-display":"","ast-banner-title-visibility":"","ast-main-header-display":"","ast-hfb-above-header-display":"","ast-hfb-below-header-display":"","ast-hfb-mobile-header-display":"","site-post-title":"","ast-breadcrumbs-content":"","ast-featured-img":"","footer-sml-layout":"","ast-disable-related-posts":"","theme-transparent-header-meta":"","adv-header-id-meta":"","stick-header-meta":"","header-above-stick-meta":"","header-main-stick-meta":"","header-below-stick-meta":"","astra-migrate-meta-layouts":"default","ast-page-background-enabled":"default","ast-page-background-meta":{"desktop":{"background-color":"var(--ast-global-color-4)","background-image":"","background-repeat":"repeat","background-position":"center center","background-size":"auto","background-attachment":"scroll","background-type":"","background-media":"","overlay-type":"","overlay-color":"","overlay-opacity":"","overlay-gradient":""},"tablet":{"background-color":"","background-image":"","background-repeat":"repeat","background-position":"center center","background-size":"auto","background-attachment":"scroll","background-type":"","background-media":"","overlay-type":"","overlay-color":"","overlay-opacity":"","overlay-gradient":""},"mobile":{"background-color":"","background-image":"","background-repeat":"repeat","background-position":"center center","background-size":"auto","background-attachment":"scroll","background-type":"","background-media":"","overlay-type":"","overlay-color":"","overlay-opacity":"","overlay-gradient":""}},"ast-content-background-meta":{"desktop":{"background-color":"var(--ast-global-color-5)","background-image":"","background-repeat":"repeat","background-position":"center center","background-size":"auto","background-attachment":"scroll","background-type":"","background-media":"","overlay-type":"","overlay-color":"","overlay-opacity":"","overlay-gradient":""},"tablet":{"background-color":"var(--ast-global-color-5)","background-image":"","background-repeat":"repeat","background-position":"center center","background-size":"auto","background-attachment":"scroll","background-type":"","background-media":"","overlay-type":"","overlay-color":"","overlay-opacity":"","overlay-gradient":""},"mobile":{"background-color":"var(--ast-global-color-5)","background-image":"","background-repeat":"repeat","background-position":"center center","background-size":"auto","background-attachment":"scroll","background-type":"","background-media":"","overlay-type":"","overlay-color":"","overlay-opacity":"","overlay-gradient":""}},"footnotes":""},"categories":[5],"tags":[5370],"class_list":["post-4156","post","type-post","status-publish","format-standard","hentry","category-politica","tag-estamos-embromados"],"yoast_head":"<!-- This site is optimized with the Yoast SEO plugin v23.2 - https:\/\/yoast.com\/wordpress\/plugins\/seo\/ -->\n<title>\u201c\u00a1Estamos embromados!\u201d - Sabado 100<\/title>\n<meta name=\"robots\" content=\"index, follow, max-snippet:-1, max-image-preview:large, max-video-preview:-1\" \/>\n<link rel=\"canonical\" href=\"https:\/\/sabado100.com.ar\/es-ar\/estamos-embromados\/\" \/>\n<meta property=\"og:locale\" content=\"es_ES\" \/>\n<meta property=\"og:type\" content=\"article\" \/>\n<meta property=\"og:title\" content=\"\u201c\u00a1Estamos embromados!\u201d - Sabado 100\" \/>\n<meta property=\"og:description\" content=\"Por Mar\u00eda Herminia Grande.- Por izquierda o por derecha el mundo est\u00e1 dejando de ser viable, la cara y seca [&hellip;]\" \/>\n<meta property=\"og:url\" content=\"https:\/\/sabado100.com.ar\/es-ar\/estamos-embromados\/\" \/>\n<meta property=\"og:site_name\" content=\"Sabado 100\" \/>\n<meta property=\"article:publisher\" content=\"https:\/\/www.facebook.com\/sabadocien\/\" \/>\n<meta property=\"article:published_time\" content=\"2015-07-17T20:29:27+00:00\" \/>\n<meta name=\"author\" content=\"sabado cien\" \/>\n<meta name=\"twitter:card\" content=\"summary_large_image\" \/>\n<meta name=\"twitter:label1\" content=\"Escrito por\" \/>\n\t<meta name=\"twitter:data1\" content=\"sabado cien\" \/>\n\t<meta name=\"twitter:label2\" content=\"Tiempo de lectura\" \/>\n\t<meta name=\"twitter:data2\" content=\"4 minutos\" \/>\n<script type=\"application\/ld+json\" class=\"yoast-schema-graph\">{\"@context\":\"https:\/\/schema.org\",\"@graph\":[{\"@type\":\"Article\",\"@id\":\"https:\/\/sabado100.com.ar\/es-ar\/estamos-embromados\/#article\",\"isPartOf\":{\"@id\":\"https:\/\/sabado100.com.ar\/es-ar\/estamos-embromados\/\"},\"author\":{\"name\":\"sabado cien\",\"@id\":\"https:\/\/sabado100.com.ar\/es-ar\/#\/schema\/person\/58e38b918ef4e44b11398f25d4684c6d\"},\"headline\":\"\u201c\u00a1Estamos embromados!\u201d\",\"datePublished\":\"2015-07-17T20:29:27+00:00\",\"dateModified\":\"2015-07-17T20:29:27+00:00\",\"mainEntityOfPage\":{\"@id\":\"https:\/\/sabado100.com.ar\/es-ar\/estamos-embromados\/\"},\"wordCount\":811,\"commentCount\":0,\"publisher\":{\"@id\":\"https:\/\/sabado100.com.ar\/es-ar\/#organization\"},\"keywords\":[\"\u201c\u00a1Estamos embromados!\u201d\"],\"articleSection\":[\"Pol\u00edtica\"],\"inLanguage\":\"es\",\"potentialAction\":[{\"@type\":\"CommentAction\",\"name\":\"Comment\",\"target\":[\"https:\/\/sabado100.com.ar\/es-ar\/estamos-embromados\/#respond\"]}]},{\"@type\":\"WebPage\",\"@id\":\"https:\/\/sabado100.com.ar\/es-ar\/estamos-embromados\/\",\"url\":\"https:\/\/sabado100.com.ar\/es-ar\/estamos-embromados\/\",\"name\":\"\u201c\u00a1Estamos embromados!\u201d - Sabado 100\",\"isPartOf\":{\"@id\":\"https:\/\/sabado100.com.ar\/es-ar\/#website\"},\"datePublished\":\"2015-07-17T20:29:27+00:00\",\"dateModified\":\"2015-07-17T20:29:27+00:00\",\"breadcrumb\":{\"@id\":\"https:\/\/sabado100.com.ar\/es-ar\/estamos-embromados\/#breadcrumb\"},\"inLanguage\":\"es\",\"potentialAction\":[{\"@type\":\"ReadAction\",\"target\":[\"https:\/\/sabado100.com.ar\/es-ar\/estamos-embromados\/\"]}]},{\"@type\":\"BreadcrumbList\",\"@id\":\"https:\/\/sabado100.com.ar\/es-ar\/estamos-embromados\/#breadcrumb\",\"itemListElement\":[{\"@type\":\"ListItem\",\"position\":1,\"name\":\"Portada\",\"item\":\"https:\/\/sabado100.com.ar\/es-ar\/\"},{\"@type\":\"ListItem\",\"position\":2,\"name\":\"\u201c\u00a1Estamos embromados!\u201d\"}]},{\"@type\":\"WebSite\",\"@id\":\"https:\/\/sabado100.com.ar\/es-ar\/#website\",\"url\":\"https:\/\/sabado100.com.ar\/es-ar\/\",\"name\":\"Sabado 100\",\"description\":\"\",\"publisher\":{\"@id\":\"https:\/\/sabado100.com.ar\/es-ar\/#organization\"},\"potentialAction\":[{\"@type\":\"SearchAction\",\"target\":{\"@type\":\"EntryPoint\",\"urlTemplate\":\"https:\/\/sabado100.com.ar\/es-ar\/?s={search_term_string}\"},\"query-input\":\"required name=search_term_string\"}],\"inLanguage\":\"es\"},{\"@type\":\"Organization\",\"@id\":\"https:\/\/sabado100.com.ar\/es-ar\/#organization\",\"name\":\"Sabado 100\",\"url\":\"https:\/\/sabado100.com.ar\/es-ar\/\",\"logo\":{\"@type\":\"ImageObject\",\"inLanguage\":\"es\",\"@id\":\"https:\/\/sabado100.com.ar\/es-ar\/#\/schema\/logo\/image\/\",\"url\":\"https:\/\/sabado100.com.ar\/es-ar\/wp-content\/uploads\/2024\/04\/logo3.jpg\",\"contentUrl\":\"https:\/\/sabado100.com.ar\/es-ar\/wp-content\/uploads\/2024\/04\/logo3.jpg\",\"width\":300,\"height\":174,\"caption\":\"Sabado 100\"},\"image\":{\"@id\":\"https:\/\/sabado100.com.ar\/es-ar\/#\/schema\/logo\/image\/\"},\"sameAs\":[\"https:\/\/www.facebook.com\/sabadocien\/\",\"https:\/\/www.instagram.com\/sabado100.com.ar\/\",\"https:\/\/www.youtube.com\/@sabado1003\"]},{\"@type\":\"Person\",\"@id\":\"https:\/\/sabado100.com.ar\/es-ar\/#\/schema\/person\/58e38b918ef4e44b11398f25d4684c6d\",\"name\":\"sabado cien\",\"image\":{\"@type\":\"ImageObject\",\"inLanguage\":\"es\",\"@id\":\"https:\/\/sabado100.com.ar\/es-ar\/#\/schema\/person\/image\/\",\"url\":\"https:\/\/sabado100.com.ar\/es-ar\/wp-content\/litespeed\/avatar\/484bccfbd493fbb703b0f1b8113dad61.jpg?ver=1787731622\",\"contentUrl\":\"https:\/\/sabado100.com.ar\/es-ar\/wp-content\/litespeed\/avatar\/484bccfbd493fbb703b0f1b8113dad61.jpg?ver=1787731622\",\"caption\":\"sabado cien\"},\"url\":\"https:\/\/sabado100.com.ar\/es-ar\/author\/sabado100\/\"}]}<\/script>\n<!-- \/ Yoast SEO plugin. -->","yoast_head_json":{"title":"\u201c\u00a1Estamos embromados!\u201d - Sabado 100","robots":{"index":"index","follow":"follow","max-snippet":"max-snippet:-1","max-image-preview":"max-image-preview:large","max-video-preview":"max-video-preview:-1"},"canonical":"https:\/\/sabado100.com.ar\/es-ar\/estamos-embromados\/","og_locale":"es_ES","og_type":"article","og_title":"\u201c\u00a1Estamos embromados!\u201d - Sabado 100","og_description":"Por Mar\u00eda Herminia Grande.- Por izquierda o por derecha el mundo est\u00e1 dejando de ser viable, la cara y seca [&hellip;]","og_url":"https:\/\/sabado100.com.ar\/es-ar\/estamos-embromados\/","og_site_name":"Sabado 100","article_publisher":"https:\/\/www.facebook.com\/sabadocien\/","article_published_time":"2015-07-17T20:29:27+00:00","author":"sabado cien","twitter_card":"summary_large_image","twitter_misc":{"Escrito por":"sabado cien","Tiempo de lectura":"4 minutos"},"schema":{"@context":"https:\/\/schema.org","@graph":[{"@type":"Article","@id":"https:\/\/sabado100.com.ar\/es-ar\/estamos-embromados\/#article","isPartOf":{"@id":"https:\/\/sabado100.com.ar\/es-ar\/estamos-embromados\/"},"author":{"name":"sabado cien","@id":"https:\/\/sabado100.com.ar\/es-ar\/#\/schema\/person\/58e38b918ef4e44b11398f25d4684c6d"},"headline":"\u201c\u00a1Estamos embromados!\u201d","datePublished":"2015-07-17T20:29:27+00:00","dateModified":"2015-07-17T20:29:27+00:00","mainEntityOfPage":{"@id":"https:\/\/sabado100.com.ar\/es-ar\/estamos-embromados\/"},"wordCount":811,"commentCount":0,"publisher":{"@id":"https:\/\/sabado100.com.ar\/es-ar\/#organization"},"keywords":["\u201c\u00a1Estamos embromados!\u201d"],"articleSection":["Pol\u00edtica"],"inLanguage":"es","potentialAction":[{"@type":"CommentAction","name":"Comment","target":["https:\/\/sabado100.com.ar\/es-ar\/estamos-embromados\/#respond"]}]},{"@type":"WebPage","@id":"https:\/\/sabado100.com.ar\/es-ar\/estamos-embromados\/","url":"https:\/\/sabado100.com.ar\/es-ar\/estamos-embromados\/","name":"\u201c\u00a1Estamos embromados!\u201d - Sabado 100","isPartOf":{"@id":"https:\/\/sabado100.com.ar\/es-ar\/#website"},"datePublished":"2015-07-17T20:29:27+00:00","dateModified":"2015-07-17T20:29:27+00:00","breadcrumb":{"@id":"https:\/\/sabado100.com.ar\/es-ar\/estamos-embromados\/#breadcrumb"},"inLanguage":"es","potentialAction":[{"@type":"ReadAction","target":["https:\/\/sabado100.com.ar\/es-ar\/estamos-embromados\/"]}]},{"@type":"BreadcrumbList","@id":"https:\/\/sabado100.com.ar\/es-ar\/estamos-embromados\/#breadcrumb","itemListElement":[{"@type":"ListItem","position":1,"name":"Portada","item":"https:\/\/sabado100.com.ar\/es-ar\/"},{"@type":"ListItem","position":2,"name":"\u201c\u00a1Estamos embromados!\u201d"}]},{"@type":"WebSite","@id":"https:\/\/sabado100.com.ar\/es-ar\/#website","url":"https:\/\/sabado100.com.ar\/es-ar\/","name":"Sabado 100","description":"","publisher":{"@id":"https:\/\/sabado100.com.ar\/es-ar\/#organization"},"potentialAction":[{"@type":"SearchAction","target":{"@type":"EntryPoint","urlTemplate":"https:\/\/sabado100.com.ar\/es-ar\/?s={search_term_string}"},"query-input":"required name=search_term_string"}],"inLanguage":"es"},{"@type":"Organization","@id":"https:\/\/sabado100.com.ar\/es-ar\/#organization","name":"Sabado 100","url":"https:\/\/sabado100.com.ar\/es-ar\/","logo":{"@type":"ImageObject","inLanguage":"es","@id":"https:\/\/sabado100.com.ar\/es-ar\/#\/schema\/logo\/image\/","url":"https:\/\/sabado100.com.ar\/es-ar\/wp-content\/uploads\/2024\/04\/logo3.jpg","contentUrl":"https:\/\/sabado100.com.ar\/es-ar\/wp-content\/uploads\/2024\/04\/logo3.jpg","width":300,"height":174,"caption":"Sabado 100"},"image":{"@id":"https:\/\/sabado100.com.ar\/es-ar\/#\/schema\/logo\/image\/"},"sameAs":["https:\/\/www.facebook.com\/sabadocien\/","https:\/\/www.instagram.com\/sabado100.com.ar\/","https:\/\/www.youtube.com\/@sabado1003"]},{"@type":"Person","@id":"https:\/\/sabado100.com.ar\/es-ar\/#\/schema\/person\/58e38b918ef4e44b11398f25d4684c6d","name":"sabado cien","image":{"@type":"ImageObject","inLanguage":"es","@id":"https:\/\/sabado100.com.ar\/es-ar\/#\/schema\/person\/image\/","url":"https:\/\/sabado100.com.ar\/es-ar\/wp-content\/litespeed\/avatar\/484bccfbd493fbb703b0f1b8113dad61.jpg?ver=1787731622","contentUrl":"https:\/\/sabado100.com.ar\/es-ar\/wp-content\/litespeed\/avatar\/484bccfbd493fbb703b0f1b8113dad61.jpg?ver=1787731622","caption":"sabado cien"},"url":"https:\/\/sabado100.com.ar\/es-ar\/author\/sabado100\/"}]}},"_links":{"self":[{"href":"https:\/\/sabado100.com.ar\/es-ar\/wp-json\/wp\/v2\/posts\/4156","targetHints":{"allow":["GET"]}}],"collection":[{"href":"https:\/\/sabado100.com.ar\/es-ar\/wp-json\/wp\/v2\/posts"}],"about":[{"href":"https:\/\/sabado100.com.ar\/es-ar\/wp-json\/wp\/v2\/types\/post"}],"author":[{"embeddable":true,"href":"https:\/\/sabado100.com.ar\/es-ar\/wp-json\/wp\/v2\/users\/2"}],"replies":[{"embeddable":true,"href":"https:\/\/sabado100.com.ar\/es-ar\/wp-json\/wp\/v2\/comments?post=4156"}],"version-history":[{"count":0,"href":"https:\/\/sabado100.com.ar\/es-ar\/wp-json\/wp\/v2\/posts\/4156\/revisions"}],"wp:attachment":[{"href":"https:\/\/sabado100.com.ar\/es-ar\/wp-json\/wp\/v2\/media?parent=4156"}],"wp:term":[{"taxonomy":"category","embeddable":true,"href":"https:\/\/sabado100.com.ar\/es-ar\/wp-json\/wp\/v2\/categories?post=4156"},{"taxonomy":"post_tag","embeddable":true,"href":"https:\/\/sabado100.com.ar\/es-ar\/wp-json\/wp\/v2\/tags?post=4156"}],"curies":[{"name":"wp","href":"https:\/\/api.w.org\/{rel}","templated":true}]}}