{"id":4152,"date":"2015-07-10T21:31:34","date_gmt":"2015-07-10T19:31:34","guid":{"rendered":"https:\/\/www.sabado100.com.ar\/?p=4152"},"modified":"2015-07-10T21:31:34","modified_gmt":"2015-07-10T19:31:34","slug":"incertidumbre-electoral","status":"publish","type":"post","link":"https:\/\/sabado100.com.ar\/es-ar\/incertidumbre-electoral\/","title":{"rendered":"Incertidumbre electoral"},"content":{"rendered":"<p><strong>Por Mar\u00eda Herminia Grande.-<\/strong> \u201cPerder con Verna en La Pampa es un dolor inaudito para Cristina. Verna es para la Presidente otro Magnetto, s\u00f3lo que el odio que se tienen data de muchos a\u00f1os antes\u201d. Roberto Garc\u00eda, autor de esta definici\u00f3n se\u00f1ala adem\u00e1s que el domingo pasado fue un punto clave para la definici\u00f3n presidencial en Argentina. Haber perdido el kirchenrismo en manos del peronismo en La Pampa, cobra un significado especial como lo se\u00f1alaba Garc\u00eda no s\u00f3lo por viejas inquinas, sino porque adem\u00e1s le muestra al candidato Scioli que su sumisi\u00f3n al cristinismo camporista no le alcanza para ganar.  \u201cScioli hasta ayer jugaba linealmente con el  cristinismo y tambi\u00e9n Zannini hasta ayer cre\u00eda tener un l\u00e1tigo para acorralar a Scioli, ayer cambi\u00f3 todo\u00bb (Roberto Garc\u00eda)<br \/>\nLa sintaxis del an\u00e1lisis pol\u00edtico de Roberto Garc\u00eda est\u00e1 demostrando que Argentina en cuanto a sus presidenciables, juega al juego de la oca. Los candidatos avanzan y retroceden casilleros dependiendo de situaciones circunstanciales, es decir, la falta de propuestas, convicciones y programas contundentes permiten que las \u201cacciones\u201d electorales suban y bajen con la misma sensibilidad de las acciones burs\u00e1tiles. Por eso se cuidan tanto, porque saben que la captaci\u00f3n de los votos no est\u00e1 en  la categor\u00eda de adhesi\u00f3n permanente, son circunstanciales. Analicemos uno por uno a los integrantes del  terceto de posibles presidentes. Dec\u00edamos que Scioli advirti\u00f3 a partir del domingo pasado que el cristinismo camporista cubre un rango electoral promedio de un 20% aproximadamente. Por ello ni bien gan\u00f3 Schiaretti en C\u00f3rdoba lo llam\u00f3 felicit\u00e1ndolo. Scioli deber\u00e1 intentar ser un candidato peronista amplio,  movimientista, para acercarse al objetivo.  Hoy cobra una dimensi\u00f3n distinta los dichos de Urtubey cuando triunf\u00f3 en Salta: \u201cel peronismo seguir\u00e1 existiendo m\u00e1s all\u00e1 del kirchnerismo\u201d. En aquel momento lo dijo r\u00e1pido y con los labios entrecerrados en medio de un agradecimiento a la felicitaci\u00f3n de la Presidente.<br \/>\nSi Macri hubiese aceptado oportunamente el ofrecimiento de Lousteau de integrar un frente de partidos  y que la candidatura a jefe de gobierno porte\u00f1o se resolviese en la primaria; podr\u00eda haberse dedicado a partir del lunes pasado de lleno a la provincia de Buenos Aires donde debe  posicionarse para so\u00f1ar con el sill\u00f3n de Rivadavia. Ahora deber\u00e1 dispensar quince d\u00edas m\u00e1s a su distrito. Macri viene repitiendo estos errores. Primero fue en Santa Fe, donde de haber integrado un frente con sectores del peronismo, hoy tendr\u00eda una provincia con un signo af\u00edn. Su estrategia de purismo (que es s\u00f3lo un t\u00edtulo marketinero)  lo coloca al borde de la zozobra.<br \/>\nDe la Sota luego del triunfo de Schiaretti es el \u00fanico presidenciable que tiene un candidato propio convertido en gobernador. Massa s\u00f3lo estuvo para la foto.<br \/>\nEn el pago chico: Santa Fe, no debe descartarse  que nuevamente pueda haber paridad en el resultado de las pr\u00f3ximas elecciones donde la lista de candidatos nacionales ser\u00e1n traccionadas, en dos casos por dos presidenciables y en un tercero por el aparato provincial del gobierno socialista. El radicalismo santafesino muestra sus disidencias en forma expuesta. Est\u00e1n decididos a acatar el mandato de su Convenci\u00f3n Nacional s\u00f3lo y s\u00f3lo s\u00ed ganase Sanz. Tal vez a esta altura ya debiesen denominarse de una manera distinta los unos y los otros,  dado que por lo expuesto la sigla ya no los cubre a todos. A un mes  de las Paso nacionales los candidatos cabeza de listas no han mostrado su juego a\u00fan, pareciera que la adrenalina de la pasada elecci\u00f3n provincial consumi\u00f3 todas las energ\u00edas. Dem\u00e1s est\u00e1 decir que salvo los candidatos a senadores con peso e historia, las listas de diputados con alguna honrosa excepci\u00f3n, son lamentables para una provincia como Santa Fe.<br \/>\nMientras tanto nuestro Papa Francisco nos recuerda \u2013en suelo latinoamericano- que \u201clos pobres son la deuda de Am\u00e9rica Latina\u201d; por lo menos en nuestra geograf\u00eda no parece la pol\u00edtica anoticiarse  y hacerse cargo de tan tremendo dolor!.<\/p>\n<p>www.mariaherminiagrande.com.ar<br \/>\n@mhgrande<br \/>\nhtpps:\/\/www.facebook.com\/mgperiodismo<\/p>\n","protected":false},"excerpt":{"rendered":"<p>Por Mar\u00eda Herminia Grande.- \u201cPerder con Verna en La Pampa es un dolor inaudito para Cristina. Verna es para la [&hellip;]<\/p>\n","protected":false},"author":2,"featured_media":0,"comment_status":"open","ping_status":"closed","sticky":false,"template":"","format":"standard","meta":{"site-sidebar-layout":"default","site-content-layout":"","ast-site-content-layout":"default","site-content-style":"default","site-sidebar-style":"default","ast-global-header-display":"","ast-banner-title-visibility":"","ast-main-header-display":"","ast-hfb-above-header-display":"","ast-hfb-below-header-display":"","ast-hfb-mobile-header-display":"","site-post-title":"","ast-breadcrumbs-content":"","ast-featured-img":"","footer-sml-layout":"","ast-disable-related-posts":"","theme-transparent-header-meta":"","adv-header-id-meta":"","stick-header-meta":"","header-above-stick-meta":"","header-main-stick-meta":"","header-below-stick-meta":"","astra-migrate-meta-layouts":"default","ast-page-background-enabled":"default","ast-page-background-meta":{"desktop":{"background-color":"var(--ast-global-color-4)","background-image":"","background-repeat":"repeat","background-position":"center center","background-size":"auto","background-attachment":"scroll","background-type":"","background-media":"","overlay-type":"","overlay-color":"","overlay-opacity":"","overlay-gradient":""},"tablet":{"background-color":"","background-image":"","background-repeat":"repeat","background-position":"center center","background-size":"auto","background-attachment":"scroll","background-type":"","background-media":"","overlay-type":"","overlay-color":"","overlay-opacity":"","overlay-gradient":""},"mobile":{"background-color":"","background-image":"","background-repeat":"repeat","background-position":"center center","background-size":"auto","background-attachment":"scroll","background-type":"","background-media":"","overlay-type":"","overlay-color":"","overlay-opacity":"","overlay-gradient":""}},"ast-content-background-meta":{"desktop":{"background-color":"var(--ast-global-color-5)","background-image":"","background-repeat":"repeat","background-position":"center center","background-size":"auto","background-attachment":"scroll","background-type":"","background-media":"","overlay-type":"","overlay-color":"","overlay-opacity":"","overlay-gradient":""},"tablet":{"background-color":"var(--ast-global-color-5)","background-image":"","background-repeat":"repeat","background-position":"center center","background-size":"auto","background-attachment":"scroll","background-type":"","background-media":"","overlay-type":"","overlay-color":"","overlay-opacity":"","overlay-gradient":""},"mobile":{"background-color":"var(--ast-global-color-5)","background-image":"","background-repeat":"repeat","background-position":"center center","background-size":"auto","background-attachment":"scroll","background-type":"","background-media":"","overlay-type":"","overlay-color":"","overlay-opacity":"","overlay-gradient":""}},"footnotes":""},"categories":[5],"tags":[5368],"class_list":["post-4152","post","type-post","status-publish","format-standard","hentry","category-politica","tag-incertidumbre-electoral"],"yoast_head":"<!-- This site is optimized with the Yoast SEO plugin v23.2 - https:\/\/yoast.com\/wordpress\/plugins\/seo\/ -->\n<title>Incertidumbre electoral - Sabado 100<\/title>\n<meta name=\"robots\" content=\"index, follow, max-snippet:-1, max-image-preview:large, max-video-preview:-1\" \/>\n<link rel=\"canonical\" href=\"https:\/\/sabado100.com.ar\/es-ar\/incertidumbre-electoral\/\" \/>\n<meta property=\"og:locale\" content=\"es_ES\" \/>\n<meta property=\"og:type\" content=\"article\" \/>\n<meta property=\"og:title\" content=\"Incertidumbre electoral - Sabado 100\" \/>\n<meta property=\"og:description\" content=\"Por Mar\u00eda Herminia Grande.- \u201cPerder con Verna en La Pampa es un dolor inaudito para Cristina. Verna es para la [&hellip;]\" \/>\n<meta property=\"og:url\" content=\"https:\/\/sabado100.com.ar\/es-ar\/incertidumbre-electoral\/\" \/>\n<meta property=\"og:site_name\" content=\"Sabado 100\" \/>\n<meta property=\"article:publisher\" content=\"https:\/\/www.facebook.com\/sabadocien\/\" \/>\n<meta property=\"article:published_time\" content=\"2015-07-10T19:31:34+00:00\" \/>\n<meta name=\"author\" content=\"sabado cien\" \/>\n<meta name=\"twitter:card\" content=\"summary_large_image\" \/>\n<meta name=\"twitter:label1\" content=\"Escrito por\" \/>\n\t<meta name=\"twitter:data1\" content=\"sabado cien\" \/>\n\t<meta name=\"twitter:label2\" content=\"Tiempo de lectura\" \/>\n\t<meta name=\"twitter:data2\" content=\"4 minutos\" \/>\n<script type=\"application\/ld+json\" class=\"yoast-schema-graph\">{\"@context\":\"https:\/\/schema.org\",\"@graph\":[{\"@type\":\"Article\",\"@id\":\"https:\/\/sabado100.com.ar\/es-ar\/incertidumbre-electoral\/#article\",\"isPartOf\":{\"@id\":\"https:\/\/sabado100.com.ar\/es-ar\/incertidumbre-electoral\/\"},\"author\":{\"name\":\"sabado cien\",\"@id\":\"https:\/\/sabado100.com.ar\/es-ar\/#\/schema\/person\/58e38b918ef4e44b11398f25d4684c6d\"},\"headline\":\"Incertidumbre electoral\",\"datePublished\":\"2015-07-10T19:31:34+00:00\",\"dateModified\":\"2015-07-10T19:31:34+00:00\",\"mainEntityOfPage\":{\"@id\":\"https:\/\/sabado100.com.ar\/es-ar\/incertidumbre-electoral\/\"},\"wordCount\":710,\"commentCount\":0,\"publisher\":{\"@id\":\"https:\/\/sabado100.com.ar\/es-ar\/#organization\"},\"keywords\":[\"Incertidumbre electoral\"],\"articleSection\":[\"Pol\u00edtica\"],\"inLanguage\":\"es\",\"potentialAction\":[{\"@type\":\"CommentAction\",\"name\":\"Comment\",\"target\":[\"https:\/\/sabado100.com.ar\/es-ar\/incertidumbre-electoral\/#respond\"]}]},{\"@type\":\"WebPage\",\"@id\":\"https:\/\/sabado100.com.ar\/es-ar\/incertidumbre-electoral\/\",\"url\":\"https:\/\/sabado100.com.ar\/es-ar\/incertidumbre-electoral\/\",\"name\":\"Incertidumbre electoral - Sabado 100\",\"isPartOf\":{\"@id\":\"https:\/\/sabado100.com.ar\/es-ar\/#website\"},\"datePublished\":\"2015-07-10T19:31:34+00:00\",\"dateModified\":\"2015-07-10T19:31:34+00:00\",\"breadcrumb\":{\"@id\":\"https:\/\/sabado100.com.ar\/es-ar\/incertidumbre-electoral\/#breadcrumb\"},\"inLanguage\":\"es\",\"potentialAction\":[{\"@type\":\"ReadAction\",\"target\":[\"https:\/\/sabado100.com.ar\/es-ar\/incertidumbre-electoral\/\"]}]},{\"@type\":\"BreadcrumbList\",\"@id\":\"https:\/\/sabado100.com.ar\/es-ar\/incertidumbre-electoral\/#breadcrumb\",\"itemListElement\":[{\"@type\":\"ListItem\",\"position\":1,\"name\":\"Portada\",\"item\":\"https:\/\/sabado100.com.ar\/es-ar\/\"},{\"@type\":\"ListItem\",\"position\":2,\"name\":\"Incertidumbre electoral\"}]},{\"@type\":\"WebSite\",\"@id\":\"https:\/\/sabado100.com.ar\/es-ar\/#website\",\"url\":\"https:\/\/sabado100.com.ar\/es-ar\/\",\"name\":\"Sabado 100\",\"description\":\"\",\"publisher\":{\"@id\":\"https:\/\/sabado100.com.ar\/es-ar\/#organization\"},\"potentialAction\":[{\"@type\":\"SearchAction\",\"target\":{\"@type\":\"EntryPoint\",\"urlTemplate\":\"https:\/\/sabado100.com.ar\/es-ar\/?s={search_term_string}\"},\"query-input\":\"required name=search_term_string\"}],\"inLanguage\":\"es\"},{\"@type\":\"Organization\",\"@id\":\"https:\/\/sabado100.com.ar\/es-ar\/#organization\",\"name\":\"Sabado 100\",\"url\":\"https:\/\/sabado100.com.ar\/es-ar\/\",\"logo\":{\"@type\":\"ImageObject\",\"inLanguage\":\"es\",\"@id\":\"https:\/\/sabado100.com.ar\/es-ar\/#\/schema\/logo\/image\/\",\"url\":\"https:\/\/sabado100.com.ar\/es-ar\/wp-content\/uploads\/2024\/04\/logo3.jpg\",\"contentUrl\":\"https:\/\/sabado100.com.ar\/es-ar\/wp-content\/uploads\/2024\/04\/logo3.jpg\",\"width\":300,\"height\":174,\"caption\":\"Sabado 100\"},\"image\":{\"@id\":\"https:\/\/sabado100.com.ar\/es-ar\/#\/schema\/logo\/image\/\"},\"sameAs\":[\"https:\/\/www.facebook.com\/sabadocien\/\",\"https:\/\/www.instagram.com\/sabado100.com.ar\/\",\"https:\/\/www.youtube.com\/@sabado1003\"]},{\"@type\":\"Person\",\"@id\":\"https:\/\/sabado100.com.ar\/es-ar\/#\/schema\/person\/58e38b918ef4e44b11398f25d4684c6d\",\"name\":\"sabado cien\",\"image\":{\"@type\":\"ImageObject\",\"inLanguage\":\"es\",\"@id\":\"https:\/\/sabado100.com.ar\/es-ar\/#\/schema\/person\/image\/\",\"url\":\"https:\/\/sabado100.com.ar\/es-ar\/wp-content\/litespeed\/avatar\/484bccfbd493fbb703b0f1b8113dad61.jpg?ver=1787731622\",\"contentUrl\":\"https:\/\/sabado100.com.ar\/es-ar\/wp-content\/litespeed\/avatar\/484bccfbd493fbb703b0f1b8113dad61.jpg?ver=1787731622\",\"caption\":\"sabado cien\"},\"url\":\"https:\/\/sabado100.com.ar\/es-ar\/author\/sabado100\/\"}]}<\/script>\n<!-- \/ Yoast SEO plugin. -->","yoast_head_json":{"title":"Incertidumbre electoral - Sabado 100","robots":{"index":"index","follow":"follow","max-snippet":"max-snippet:-1","max-image-preview":"max-image-preview:large","max-video-preview":"max-video-preview:-1"},"canonical":"https:\/\/sabado100.com.ar\/es-ar\/incertidumbre-electoral\/","og_locale":"es_ES","og_type":"article","og_title":"Incertidumbre electoral - Sabado 100","og_description":"Por Mar\u00eda Herminia Grande.- \u201cPerder con Verna en La Pampa es un dolor inaudito para Cristina. Verna es para la [&hellip;]","og_url":"https:\/\/sabado100.com.ar\/es-ar\/incertidumbre-electoral\/","og_site_name":"Sabado 100","article_publisher":"https:\/\/www.facebook.com\/sabadocien\/","article_published_time":"2015-07-10T19:31:34+00:00","author":"sabado cien","twitter_card":"summary_large_image","twitter_misc":{"Escrito por":"sabado cien","Tiempo de lectura":"4 minutos"},"schema":{"@context":"https:\/\/schema.org","@graph":[{"@type":"Article","@id":"https:\/\/sabado100.com.ar\/es-ar\/incertidumbre-electoral\/#article","isPartOf":{"@id":"https:\/\/sabado100.com.ar\/es-ar\/incertidumbre-electoral\/"},"author":{"name":"sabado cien","@id":"https:\/\/sabado100.com.ar\/es-ar\/#\/schema\/person\/58e38b918ef4e44b11398f25d4684c6d"},"headline":"Incertidumbre electoral","datePublished":"2015-07-10T19:31:34+00:00","dateModified":"2015-07-10T19:31:34+00:00","mainEntityOfPage":{"@id":"https:\/\/sabado100.com.ar\/es-ar\/incertidumbre-electoral\/"},"wordCount":710,"commentCount":0,"publisher":{"@id":"https:\/\/sabado100.com.ar\/es-ar\/#organization"},"keywords":["Incertidumbre electoral"],"articleSection":["Pol\u00edtica"],"inLanguage":"es","potentialAction":[{"@type":"CommentAction","name":"Comment","target":["https:\/\/sabado100.com.ar\/es-ar\/incertidumbre-electoral\/#respond"]}]},{"@type":"WebPage","@id":"https:\/\/sabado100.com.ar\/es-ar\/incertidumbre-electoral\/","url":"https:\/\/sabado100.com.ar\/es-ar\/incertidumbre-electoral\/","name":"Incertidumbre electoral - Sabado 100","isPartOf":{"@id":"https:\/\/sabado100.com.ar\/es-ar\/#website"},"datePublished":"2015-07-10T19:31:34+00:00","dateModified":"2015-07-10T19:31:34+00:00","breadcrumb":{"@id":"https:\/\/sabado100.com.ar\/es-ar\/incertidumbre-electoral\/#breadcrumb"},"inLanguage":"es","potentialAction":[{"@type":"ReadAction","target":["https:\/\/sabado100.com.ar\/es-ar\/incertidumbre-electoral\/"]}]},{"@type":"BreadcrumbList","@id":"https:\/\/sabado100.com.ar\/es-ar\/incertidumbre-electoral\/#breadcrumb","itemListElement":[{"@type":"ListItem","position":1,"name":"Portada","item":"https:\/\/sabado100.com.ar\/es-ar\/"},{"@type":"ListItem","position":2,"name":"Incertidumbre electoral"}]},{"@type":"WebSite","@id":"https:\/\/sabado100.com.ar\/es-ar\/#website","url":"https:\/\/sabado100.com.ar\/es-ar\/","name":"Sabado 100","description":"","publisher":{"@id":"https:\/\/sabado100.com.ar\/es-ar\/#organization"},"potentialAction":[{"@type":"SearchAction","target":{"@type":"EntryPoint","urlTemplate":"https:\/\/sabado100.com.ar\/es-ar\/?s={search_term_string}"},"query-input":"required name=search_term_string"}],"inLanguage":"es"},{"@type":"Organization","@id":"https:\/\/sabado100.com.ar\/es-ar\/#organization","name":"Sabado 100","url":"https:\/\/sabado100.com.ar\/es-ar\/","logo":{"@type":"ImageObject","inLanguage":"es","@id":"https:\/\/sabado100.com.ar\/es-ar\/#\/schema\/logo\/image\/","url":"https:\/\/sabado100.com.ar\/es-ar\/wp-content\/uploads\/2024\/04\/logo3.jpg","contentUrl":"https:\/\/sabado100.com.ar\/es-ar\/wp-content\/uploads\/2024\/04\/logo3.jpg","width":300,"height":174,"caption":"Sabado 100"},"image":{"@id":"https:\/\/sabado100.com.ar\/es-ar\/#\/schema\/logo\/image\/"},"sameAs":["https:\/\/www.facebook.com\/sabadocien\/","https:\/\/www.instagram.com\/sabado100.com.ar\/","https:\/\/www.youtube.com\/@sabado1003"]},{"@type":"Person","@id":"https:\/\/sabado100.com.ar\/es-ar\/#\/schema\/person\/58e38b918ef4e44b11398f25d4684c6d","name":"sabado cien","image":{"@type":"ImageObject","inLanguage":"es","@id":"https:\/\/sabado100.com.ar\/es-ar\/#\/schema\/person\/image\/","url":"https:\/\/sabado100.com.ar\/es-ar\/wp-content\/litespeed\/avatar\/484bccfbd493fbb703b0f1b8113dad61.jpg?ver=1787731622","contentUrl":"https:\/\/sabado100.com.ar\/es-ar\/wp-content\/litespeed\/avatar\/484bccfbd493fbb703b0f1b8113dad61.jpg?ver=1787731622","caption":"sabado cien"},"url":"https:\/\/sabado100.com.ar\/es-ar\/author\/sabado100\/"}]}},"_links":{"self":[{"href":"https:\/\/sabado100.com.ar\/es-ar\/wp-json\/wp\/v2\/posts\/4152","targetHints":{"allow":["GET"]}}],"collection":[{"href":"https:\/\/sabado100.com.ar\/es-ar\/wp-json\/wp\/v2\/posts"}],"about":[{"href":"https:\/\/sabado100.com.ar\/es-ar\/wp-json\/wp\/v2\/types\/post"}],"author":[{"embeddable":true,"href":"https:\/\/sabado100.com.ar\/es-ar\/wp-json\/wp\/v2\/users\/2"}],"replies":[{"embeddable":true,"href":"https:\/\/sabado100.com.ar\/es-ar\/wp-json\/wp\/v2\/comments?post=4152"}],"version-history":[{"count":0,"href":"https:\/\/sabado100.com.ar\/es-ar\/wp-json\/wp\/v2\/posts\/4152\/revisions"}],"wp:attachment":[{"href":"https:\/\/sabado100.com.ar\/es-ar\/wp-json\/wp\/v2\/media?parent=4152"}],"wp:term":[{"taxonomy":"category","embeddable":true,"href":"https:\/\/sabado100.com.ar\/es-ar\/wp-json\/wp\/v2\/categories?post=4152"},{"taxonomy":"post_tag","embeddable":true,"href":"https:\/\/sabado100.com.ar\/es-ar\/wp-json\/wp\/v2\/tags?post=4152"}],"curies":[{"name":"wp","href":"https:\/\/api.w.org\/{rel}","templated":true}]}}