{"id":4136,"date":"2015-06-24T17:01:53","date_gmt":"2015-06-24T15:01:53","guid":{"rendered":"https:\/\/www.sabado100.com.ar\/?p=4136"},"modified":"2015-06-24T17:01:53","modified_gmt":"2015-06-24T15:01:53","slug":"se-cumplen-70-anos-del-mastil-a-la-bandera","status":"publish","type":"post","link":"https:\/\/sabado100.com.ar\/es-ar\/se-cumplen-70-anos-del-mastil-a-la-bandera\/","title":{"rendered":"Se cumplen 70 a\u00f1os del m\u00e1stil a la bandera"},"content":{"rendered":"<p><strong>Por Emilio Grande (h.).-<\/strong> \u00bfCu\u00e1ntas veces hemos pasado por este lugar tradicional del bulevar Santa Fe y desconocemos cu\u00e1ndo fue ubicado? \u00bfCu\u00e1ntos actos se realizaron frente a este m\u00e1stil a la bandera y cu\u00e1ntas veces fue usado como sost\u00e9n del \u00e1rbol de Navidad? Buceando en la historia local a trav\u00e9s de distintas fuentes consultadas de aquel momento, est\u00e1n los personajes de esa \u00e9poca rafaelina y los detalles de la construcci\u00f3n.<br \/>\nEl m\u00e1stil emplazado en la plazoleta frente a la Jefatura de Polic\u00eda fue donado por Luisa Faccino de Ripamonti (tambi\u00e9n hizo lo mismo con el reloj solar en la plaza 25 de Mayo) y su habilitaci\u00f3n oficial se efectu\u00f3 el 24 de junio de 1945 durante un emotivo acto.<br \/>\nLa ceremonia cont\u00f3 con la presencia del interventor federal de la provincia de Santa Fe, Oscar A. Aldrey; ministros, el jefe del Regimiento de Infanter\u00eda, autoridades locales, representantes de la banca, el comercio y la industria, docentes, escolares y numeroso p\u00fablico.<br \/>\nEn la oportunidad, se celebr\u00f3 una misa de campa\u00f1a presidida por el presb\u00edtero Arturo Tibaldo (p\u00e1rroco de Santa Rosa de Lima) con la oraci\u00f3n a cargo del reverendo Emiliano Cerd\u00e1n (p\u00e1rroco de San Rafael). Luego, se procedi\u00f3 a la bendici\u00f3n de la bandera y del m\u00e1stil.<br \/>\nDespu\u00e9s se iz\u00f3 la ense\u00f1a al tope del flamante m\u00e1stil en medio de la ovaci\u00f3n general, dando una nota emotiva la suelta de palomas, y se entonaron las estrofas del Himno Nacional. Ruggero Moroni (en representaci\u00f3n de la donante) pronunci\u00f3 un conceptuoso discurso, entregando el m\u00e1stil y la bandera a la Municipalidad de Rafaela. M\u00e1s tarde, habl\u00f3 Ra\u00fal E. Dutruel, comisionado municipal (era el interventor federal en reemplazo del intendente); seguidamente, el doctor Homero Dentesano ofreci\u00f3 una arenga patri\u00f3tica, recitando una oraci\u00f3n a la bandera Faustina Ripamonti.<br \/>\nTambi\u00e9n desfilaron las tropas del regimiento 12 de infanter\u00eda, los conscriptos del Distrito Militar 37 y agentes policiales de la ciudad, rindi\u00e9ndose honores al pr\u00f3cer General Manuel Belgrano.<br \/>\nM\u00e1s tarde, en la casa de Faccino de Ripamonti se sirvi\u00f3 un vermouth de honor con la presencia de autoridades e invitados, continuando con un gran banquete servido en la Escuela Normal, donde hablaron el rector del Colegio Nacional, doctor Mario V. Bali\u00f1o; y agradeci\u00f3 el ministro de Gobierno e Instrucci\u00f3n P\u00fablica de la Provincia, doctor Leandro Meiners.<\/p>\n<p>CARACTERISTICAS<br \/>\nDEL MASTIL<br \/>\nEn cuanto a las caracter\u00edsticas del m\u00e1stil, tiene una altura de 30,65 m, correspondiendo 1,50 m a la base confeccionada de granito; el fuste est\u00e1 construido con tubos mannesmann de acero 44 dividido en tres cuerpos que fueron soldados en el lugar mediante un equipo el\u00e9ctrico de 380 amperes, tra\u00eddo desde la ciudad de Rosario. El taller metal\u00fargico Chaina y C\u00eda, tambi\u00e9n de Rosario, tuvo a su cargo la construcci\u00f3n e instalaci\u00f3n del fuste, bajo la direcci\u00f3n de Jorge Cacc\u00fa y 6 obreros especializados, que demand\u00f3 5 d\u00edas de trabajo. En la parte m\u00e1s alta del m\u00e1stil se coloc\u00f3 un elemento de estilo norteamericano de bronce cromado, cuyo objetivo es el de rechazar las descargas el\u00e9ctricas producidas por las tormentas.<br \/>\nLa obra fue supervisada por el jefe de la oficina de Obras P\u00fablicas del Municipio, ingeniero Juan R. B\u00e1scolo quien junto al ingeniero Eros Faraudello tuvo a su cargo la ubicaci\u00f3n a plomo del m\u00e1stil, mediante el uso de teodolitos.<\/p>\n<p><strong>Fuentes:<\/strong> diarios La Opini\u00f3n y El Norte, 1945, en la Biblioteca Nacional; La Opini\u00f3n, revista \u00ab50 a\u00f1os\u00bb, 1971.<\/p>\n","protected":false},"excerpt":{"rendered":"<p>Por Emilio Grande (h.).- \u00bfCu\u00e1ntas veces hemos pasado por este lugar tradicional del bulevar Santa Fe y desconocemos cu\u00e1ndo fue [&hellip;]<\/p>\n","protected":false},"author":2,"featured_media":0,"comment_status":"open","ping_status":"closed","sticky":false,"template":"","format":"standard","meta":{"site-sidebar-layout":"default","site-content-layout":"","ast-site-content-layout":"default","site-content-style":"default","site-sidebar-style":"default","ast-global-header-display":"","ast-banner-title-visibility":"","ast-main-header-display":"","ast-hfb-above-header-display":"","ast-hfb-below-header-display":"","ast-hfb-mobile-header-display":"","site-post-title":"","ast-breadcrumbs-content":"","ast-featured-img":"","footer-sml-layout":"","ast-disable-related-posts":"","theme-transparent-header-meta":"","adv-header-id-meta":"","stick-header-meta":"","header-above-stick-meta":"","header-main-stick-meta":"","header-below-stick-meta":"","astra-migrate-meta-layouts":"default","ast-page-background-enabled":"default","ast-page-background-meta":{"desktop":{"background-color":"var(--ast-global-color-4)","background-image":"","background-repeat":"repeat","background-position":"center center","background-size":"auto","background-attachment":"scroll","background-type":"","background-media":"","overlay-type":"","overlay-color":"","overlay-opacity":"","overlay-gradient":""},"tablet":{"background-color":"","background-image":"","background-repeat":"repeat","background-position":"center center","background-size":"auto","background-attachment":"scroll","background-type":"","background-media":"","overlay-type":"","overlay-color":"","overlay-opacity":"","overlay-gradient":""},"mobile":{"background-color":"","background-image":"","background-repeat":"repeat","background-position":"center center","background-size":"auto","background-attachment":"scroll","background-type":"","background-media":"","overlay-type":"","overlay-color":"","overlay-opacity":"","overlay-gradient":""}},"ast-content-background-meta":{"desktop":{"background-color":"var(--ast-global-color-5)","background-image":"","background-repeat":"repeat","background-position":"center center","background-size":"auto","background-attachment":"scroll","background-type":"","background-media":"","overlay-type":"","overlay-color":"","overlay-opacity":"","overlay-gradient":""},"tablet":{"background-color":"var(--ast-global-color-5)","background-image":"","background-repeat":"repeat","background-position":"center center","background-size":"auto","background-attachment":"scroll","background-type":"","background-media":"","overlay-type":"","overlay-color":"","overlay-opacity":"","overlay-gradient":""},"mobile":{"background-color":"var(--ast-global-color-5)","background-image":"","background-repeat":"repeat","background-position":"center center","background-size":"auto","background-attachment":"scroll","background-type":"","background-media":"","overlay-type":"","overlay-color":"","overlay-opacity":"","overlay-gradient":""}},"footnotes":""},"categories":[4],"tags":[5365],"class_list":["post-4136","post","type-post","status-publish","format-standard","hentry","category-cultura-y-sociedad","tag-se-cumplen-70-anos-del-mastil-a-la-bandera"],"yoast_head":"<!-- This site is optimized with the Yoast SEO plugin v23.2 - https:\/\/yoast.com\/wordpress\/plugins\/seo\/ -->\n<title>Se cumplen 70 a\u00f1os del m\u00e1stil a la bandera - Sabado 100<\/title>\n<meta name=\"robots\" content=\"index, follow, max-snippet:-1, max-image-preview:large, max-video-preview:-1\" \/>\n<link rel=\"canonical\" href=\"https:\/\/sabado100.com.ar\/es-ar\/se-cumplen-70-anos-del-mastil-a-la-bandera\/\" \/>\n<meta property=\"og:locale\" content=\"es_ES\" \/>\n<meta property=\"og:type\" content=\"article\" \/>\n<meta property=\"og:title\" content=\"Se cumplen 70 a\u00f1os del m\u00e1stil a la bandera - Sabado 100\" \/>\n<meta property=\"og:description\" content=\"Por Emilio Grande (h.).- \u00bfCu\u00e1ntas veces hemos pasado por este lugar tradicional del bulevar Santa Fe y desconocemos cu\u00e1ndo fue [&hellip;]\" \/>\n<meta property=\"og:url\" content=\"https:\/\/sabado100.com.ar\/es-ar\/se-cumplen-70-anos-del-mastil-a-la-bandera\/\" \/>\n<meta property=\"og:site_name\" content=\"Sabado 100\" \/>\n<meta property=\"article:publisher\" content=\"https:\/\/www.facebook.com\/sabadocien\/\" \/>\n<meta property=\"article:published_time\" content=\"2015-06-24T15:01:53+00:00\" \/>\n<meta name=\"author\" content=\"sabado cien\" \/>\n<meta name=\"twitter:card\" content=\"summary_large_image\" \/>\n<meta name=\"twitter:label1\" content=\"Escrito por\" \/>\n\t<meta name=\"twitter:data1\" content=\"sabado cien\" \/>\n\t<meta name=\"twitter:label2\" content=\"Tiempo de lectura\" \/>\n\t<meta name=\"twitter:data2\" content=\"3 minutos\" \/>\n<script type=\"application\/ld+json\" class=\"yoast-schema-graph\">{\"@context\":\"https:\/\/schema.org\",\"@graph\":[{\"@type\":\"Article\",\"@id\":\"https:\/\/sabado100.com.ar\/es-ar\/se-cumplen-70-anos-del-mastil-a-la-bandera\/#article\",\"isPartOf\":{\"@id\":\"https:\/\/sabado100.com.ar\/es-ar\/se-cumplen-70-anos-del-mastil-a-la-bandera\/\"},\"author\":{\"name\":\"sabado cien\",\"@id\":\"https:\/\/sabado100.com.ar\/es-ar\/#\/schema\/person\/58e38b918ef4e44b11398f25d4684c6d\"},\"headline\":\"Se cumplen 70 a\u00f1os del m\u00e1stil a la bandera\",\"datePublished\":\"2015-06-24T15:01:53+00:00\",\"dateModified\":\"2015-06-24T15:01:53+00:00\",\"mainEntityOfPage\":{\"@id\":\"https:\/\/sabado100.com.ar\/es-ar\/se-cumplen-70-anos-del-mastil-a-la-bandera\/\"},\"wordCount\":619,\"commentCount\":0,\"publisher\":{\"@id\":\"https:\/\/sabado100.com.ar\/es-ar\/#organization\"},\"keywords\":[\"Se cumplen 70 a\u00f1os del m\u00e1stil a la bandera\"],\"articleSection\":[\"Cultura y Sociedad\"],\"inLanguage\":\"es\",\"potentialAction\":[{\"@type\":\"CommentAction\",\"name\":\"Comment\",\"target\":[\"https:\/\/sabado100.com.ar\/es-ar\/se-cumplen-70-anos-del-mastil-a-la-bandera\/#respond\"]}]},{\"@type\":\"WebPage\",\"@id\":\"https:\/\/sabado100.com.ar\/es-ar\/se-cumplen-70-anos-del-mastil-a-la-bandera\/\",\"url\":\"https:\/\/sabado100.com.ar\/es-ar\/se-cumplen-70-anos-del-mastil-a-la-bandera\/\",\"name\":\"Se cumplen 70 a\u00f1os del m\u00e1stil a la bandera - Sabado 100\",\"isPartOf\":{\"@id\":\"https:\/\/sabado100.com.ar\/es-ar\/#website\"},\"datePublished\":\"2015-06-24T15:01:53+00:00\",\"dateModified\":\"2015-06-24T15:01:53+00:00\",\"breadcrumb\":{\"@id\":\"https:\/\/sabado100.com.ar\/es-ar\/se-cumplen-70-anos-del-mastil-a-la-bandera\/#breadcrumb\"},\"inLanguage\":\"es\",\"potentialAction\":[{\"@type\":\"ReadAction\",\"target\":[\"https:\/\/sabado100.com.ar\/es-ar\/se-cumplen-70-anos-del-mastil-a-la-bandera\/\"]}]},{\"@type\":\"BreadcrumbList\",\"@id\":\"https:\/\/sabado100.com.ar\/es-ar\/se-cumplen-70-anos-del-mastil-a-la-bandera\/#breadcrumb\",\"itemListElement\":[{\"@type\":\"ListItem\",\"position\":1,\"name\":\"Portada\",\"item\":\"https:\/\/sabado100.com.ar\/es-ar\/\"},{\"@type\":\"ListItem\",\"position\":2,\"name\":\"Se cumplen 70 a\u00f1os del m\u00e1stil a la bandera\"}]},{\"@type\":\"WebSite\",\"@id\":\"https:\/\/sabado100.com.ar\/es-ar\/#website\",\"url\":\"https:\/\/sabado100.com.ar\/es-ar\/\",\"name\":\"Sabado 100\",\"description\":\"\",\"publisher\":{\"@id\":\"https:\/\/sabado100.com.ar\/es-ar\/#organization\"},\"potentialAction\":[{\"@type\":\"SearchAction\",\"target\":{\"@type\":\"EntryPoint\",\"urlTemplate\":\"https:\/\/sabado100.com.ar\/es-ar\/?s={search_term_string}\"},\"query-input\":\"required name=search_term_string\"}],\"inLanguage\":\"es\"},{\"@type\":\"Organization\",\"@id\":\"https:\/\/sabado100.com.ar\/es-ar\/#organization\",\"name\":\"Sabado 100\",\"url\":\"https:\/\/sabado100.com.ar\/es-ar\/\",\"logo\":{\"@type\":\"ImageObject\",\"inLanguage\":\"es\",\"@id\":\"https:\/\/sabado100.com.ar\/es-ar\/#\/schema\/logo\/image\/\",\"url\":\"https:\/\/sabado100.com.ar\/es-ar\/wp-content\/uploads\/2024\/04\/logo3.jpg\",\"contentUrl\":\"https:\/\/sabado100.com.ar\/es-ar\/wp-content\/uploads\/2024\/04\/logo3.jpg\",\"width\":300,\"height\":174,\"caption\":\"Sabado 100\"},\"image\":{\"@id\":\"https:\/\/sabado100.com.ar\/es-ar\/#\/schema\/logo\/image\/\"},\"sameAs\":[\"https:\/\/www.facebook.com\/sabadocien\/\",\"https:\/\/www.instagram.com\/sabado100.com.ar\/\",\"https:\/\/www.youtube.com\/@sabado1003\"]},{\"@type\":\"Person\",\"@id\":\"https:\/\/sabado100.com.ar\/es-ar\/#\/schema\/person\/58e38b918ef4e44b11398f25d4684c6d\",\"name\":\"sabado cien\",\"image\":{\"@type\":\"ImageObject\",\"inLanguage\":\"es\",\"@id\":\"https:\/\/sabado100.com.ar\/es-ar\/#\/schema\/person\/image\/\",\"url\":\"https:\/\/sabado100.com.ar\/es-ar\/wp-content\/litespeed\/avatar\/484bccfbd493fbb703b0f1b8113dad61.jpg?ver=1787731622\",\"contentUrl\":\"https:\/\/sabado100.com.ar\/es-ar\/wp-content\/litespeed\/avatar\/484bccfbd493fbb703b0f1b8113dad61.jpg?ver=1787731622\",\"caption\":\"sabado cien\"},\"url\":\"https:\/\/sabado100.com.ar\/es-ar\/author\/sabado100\/\"}]}<\/script>\n<!-- \/ Yoast SEO plugin. -->","yoast_head_json":{"title":"Se cumplen 70 a\u00f1os del m\u00e1stil a la bandera - Sabado 100","robots":{"index":"index","follow":"follow","max-snippet":"max-snippet:-1","max-image-preview":"max-image-preview:large","max-video-preview":"max-video-preview:-1"},"canonical":"https:\/\/sabado100.com.ar\/es-ar\/se-cumplen-70-anos-del-mastil-a-la-bandera\/","og_locale":"es_ES","og_type":"article","og_title":"Se cumplen 70 a\u00f1os del m\u00e1stil a la bandera - Sabado 100","og_description":"Por Emilio Grande (h.).- \u00bfCu\u00e1ntas veces hemos pasado por este lugar tradicional del bulevar Santa Fe y desconocemos cu\u00e1ndo fue [&hellip;]","og_url":"https:\/\/sabado100.com.ar\/es-ar\/se-cumplen-70-anos-del-mastil-a-la-bandera\/","og_site_name":"Sabado 100","article_publisher":"https:\/\/www.facebook.com\/sabadocien\/","article_published_time":"2015-06-24T15:01:53+00:00","author":"sabado cien","twitter_card":"summary_large_image","twitter_misc":{"Escrito por":"sabado cien","Tiempo de lectura":"3 minutos"},"schema":{"@context":"https:\/\/schema.org","@graph":[{"@type":"Article","@id":"https:\/\/sabado100.com.ar\/es-ar\/se-cumplen-70-anos-del-mastil-a-la-bandera\/#article","isPartOf":{"@id":"https:\/\/sabado100.com.ar\/es-ar\/se-cumplen-70-anos-del-mastil-a-la-bandera\/"},"author":{"name":"sabado cien","@id":"https:\/\/sabado100.com.ar\/es-ar\/#\/schema\/person\/58e38b918ef4e44b11398f25d4684c6d"},"headline":"Se cumplen 70 a\u00f1os del m\u00e1stil a la bandera","datePublished":"2015-06-24T15:01:53+00:00","dateModified":"2015-06-24T15:01:53+00:00","mainEntityOfPage":{"@id":"https:\/\/sabado100.com.ar\/es-ar\/se-cumplen-70-anos-del-mastil-a-la-bandera\/"},"wordCount":619,"commentCount":0,"publisher":{"@id":"https:\/\/sabado100.com.ar\/es-ar\/#organization"},"keywords":["Se cumplen 70 a\u00f1os del m\u00e1stil a la bandera"],"articleSection":["Cultura y Sociedad"],"inLanguage":"es","potentialAction":[{"@type":"CommentAction","name":"Comment","target":["https:\/\/sabado100.com.ar\/es-ar\/se-cumplen-70-anos-del-mastil-a-la-bandera\/#respond"]}]},{"@type":"WebPage","@id":"https:\/\/sabado100.com.ar\/es-ar\/se-cumplen-70-anos-del-mastil-a-la-bandera\/","url":"https:\/\/sabado100.com.ar\/es-ar\/se-cumplen-70-anos-del-mastil-a-la-bandera\/","name":"Se cumplen 70 a\u00f1os del m\u00e1stil a la bandera - Sabado 100","isPartOf":{"@id":"https:\/\/sabado100.com.ar\/es-ar\/#website"},"datePublished":"2015-06-24T15:01:53+00:00","dateModified":"2015-06-24T15:01:53+00:00","breadcrumb":{"@id":"https:\/\/sabado100.com.ar\/es-ar\/se-cumplen-70-anos-del-mastil-a-la-bandera\/#breadcrumb"},"inLanguage":"es","potentialAction":[{"@type":"ReadAction","target":["https:\/\/sabado100.com.ar\/es-ar\/se-cumplen-70-anos-del-mastil-a-la-bandera\/"]}]},{"@type":"BreadcrumbList","@id":"https:\/\/sabado100.com.ar\/es-ar\/se-cumplen-70-anos-del-mastil-a-la-bandera\/#breadcrumb","itemListElement":[{"@type":"ListItem","position":1,"name":"Portada","item":"https:\/\/sabado100.com.ar\/es-ar\/"},{"@type":"ListItem","position":2,"name":"Se cumplen 70 a\u00f1os del m\u00e1stil a la bandera"}]},{"@type":"WebSite","@id":"https:\/\/sabado100.com.ar\/es-ar\/#website","url":"https:\/\/sabado100.com.ar\/es-ar\/","name":"Sabado 100","description":"","publisher":{"@id":"https:\/\/sabado100.com.ar\/es-ar\/#organization"},"potentialAction":[{"@type":"SearchAction","target":{"@type":"EntryPoint","urlTemplate":"https:\/\/sabado100.com.ar\/es-ar\/?s={search_term_string}"},"query-input":"required name=search_term_string"}],"inLanguage":"es"},{"@type":"Organization","@id":"https:\/\/sabado100.com.ar\/es-ar\/#organization","name":"Sabado 100","url":"https:\/\/sabado100.com.ar\/es-ar\/","logo":{"@type":"ImageObject","inLanguage":"es","@id":"https:\/\/sabado100.com.ar\/es-ar\/#\/schema\/logo\/image\/","url":"https:\/\/sabado100.com.ar\/es-ar\/wp-content\/uploads\/2024\/04\/logo3.jpg","contentUrl":"https:\/\/sabado100.com.ar\/es-ar\/wp-content\/uploads\/2024\/04\/logo3.jpg","width":300,"height":174,"caption":"Sabado 100"},"image":{"@id":"https:\/\/sabado100.com.ar\/es-ar\/#\/schema\/logo\/image\/"},"sameAs":["https:\/\/www.facebook.com\/sabadocien\/","https:\/\/www.instagram.com\/sabado100.com.ar\/","https:\/\/www.youtube.com\/@sabado1003"]},{"@type":"Person","@id":"https:\/\/sabado100.com.ar\/es-ar\/#\/schema\/person\/58e38b918ef4e44b11398f25d4684c6d","name":"sabado cien","image":{"@type":"ImageObject","inLanguage":"es","@id":"https:\/\/sabado100.com.ar\/es-ar\/#\/schema\/person\/image\/","url":"https:\/\/sabado100.com.ar\/es-ar\/wp-content\/litespeed\/avatar\/484bccfbd493fbb703b0f1b8113dad61.jpg?ver=1787731622","contentUrl":"https:\/\/sabado100.com.ar\/es-ar\/wp-content\/litespeed\/avatar\/484bccfbd493fbb703b0f1b8113dad61.jpg?ver=1787731622","caption":"sabado cien"},"url":"https:\/\/sabado100.com.ar\/es-ar\/author\/sabado100\/"}]}},"_links":{"self":[{"href":"https:\/\/sabado100.com.ar\/es-ar\/wp-json\/wp\/v2\/posts\/4136","targetHints":{"allow":["GET"]}}],"collection":[{"href":"https:\/\/sabado100.com.ar\/es-ar\/wp-json\/wp\/v2\/posts"}],"about":[{"href":"https:\/\/sabado100.com.ar\/es-ar\/wp-json\/wp\/v2\/types\/post"}],"author":[{"embeddable":true,"href":"https:\/\/sabado100.com.ar\/es-ar\/wp-json\/wp\/v2\/users\/2"}],"replies":[{"embeddable":true,"href":"https:\/\/sabado100.com.ar\/es-ar\/wp-json\/wp\/v2\/comments?post=4136"}],"version-history":[{"count":0,"href":"https:\/\/sabado100.com.ar\/es-ar\/wp-json\/wp\/v2\/posts\/4136\/revisions"}],"wp:attachment":[{"href":"https:\/\/sabado100.com.ar\/es-ar\/wp-json\/wp\/v2\/media?parent=4136"}],"wp:term":[{"taxonomy":"category","embeddable":true,"href":"https:\/\/sabado100.com.ar\/es-ar\/wp-json\/wp\/v2\/categories?post=4136"},{"taxonomy":"post_tag","embeddable":true,"href":"https:\/\/sabado100.com.ar\/es-ar\/wp-json\/wp\/v2\/tags?post=4136"}],"curies":[{"name":"wp","href":"https:\/\/api.w.org\/{rel}","templated":true}]}}