{"id":4126,"date":"2015-06-16T23:57:04","date_gmt":"2015-06-16T21:57:04","guid":{"rendered":"https:\/\/www.sabado100.com.ar\/?p=4126"},"modified":"2015-06-16T23:57:04","modified_gmt":"2015-06-16T21:57:04","slug":"otra-vez-santa-fe","status":"publish","type":"post","link":"https:\/\/sabado100.com.ar\/es-ar\/otra-vez-santa-fe\/","title":{"rendered":"\u00a1Otra vez Santa Fe!"},"content":{"rendered":"<p><strong>Por Mar\u00eda Herminia Grande.-<\/strong> En Argentina no s\u00f3lo los candidatos presidenciales \u201cno son n\u00edtidos\u201d como dice Beatriz Sarlo; tampoco parecen serlo algunos procesos electorales. Santa Fe otrora provincia que, junto a Mendoza fueran reservorios de calidad institucional, parece a la luz de los \u00faltimos acontecimientos, declinar.<br \/>\nNo es bueno que el principal garante de la transparencia institucional el gobernador Antonio Bonfatti, con el resultado de mesas testigos de su partido, haya festejado y dado como cierto un resultado electoral que al cierre de este an\u00e1lisis (lunes 15)  presenta  104 telegramas ilegibles que representan 106.000 votos. La diferencia entre Lifschitz y Del Sel es de  2100 sufragios.<br \/>\nLas elecciones como muchas cosas en la vida se ganan  o se pierden por un voto. Eso es correcto. Ahora bien, cuando se produce como en Santa Fe la aparici\u00f3n de un terceto en la paridad pol\u00edtica,  es absolutamente necesario por la buena salud democr\u00e1tica, pol\u00edtica e institucional de quien finalmente resulte ganador,  que la ciudadan\u00eda tenga la certeza de la transparencia en el conteo final.<br \/>\nLuego de ocurrido el exabrupto antes citado de proclamarse ganadores los candidatos del Frente,  cuando al mismo tiempo los z\u00f3calos televisivos marcaban una diferencia de dos puntos a favor del candidato del PRO Miguel Del Sel; aparece la explicaci\u00f3n del por qu\u00e9,  emparentada con \u201cmadrugar\u201d la intenci\u00f3n que habr\u00eda tenido el candidato a presidente del PRO Mauricio Macri de hacer lo mismo. Tal vez esta \u201cpicard\u00eda\u201d desechable desde la seriedad pol\u00edtica no tenga el repudio que debiese, dado que Argentina no castiga transgresiones. \u00bfO acaso hasta al d\u00eda de hoy no se festeja la mano de Dios de Maradona ante los ingleses?.<br \/>\nSi lo dicho anteriormente fuese la raz\u00f3n del festejo anticipado, pareciera que se borr\u00f3 con el codo lo que se escribi\u00f3 con la mano, Miguel Lifschitz, Antonio Bonfatti, M\u00f3nica Fein, manifestaron durante toda la campa\u00f1a el abismo que hab\u00eda entre la manera de hacer y entendedor la pol\u00edtica de un Del Sel al que se denigr\u00f3 por su falta de profesionalismo pol\u00edtico; y ellos<br \/>\nUn temor no menor a la hora de esclarecer el resultado final del escrutinio tiene que ver entre otras cosas con la gobernabilidad. Si Lifschitz termina siendo el gobernador de Santa Fe al igual que la intendente Monica Fein en Rosario, concitaron ambos un 30% de adhesi\u00f3n y un70% de desacuerdo. Deber\u00e1n hacer del ejercicio del consenso, con propios y extra\u00f1os, su mayor virtud. Obviamente que los otros dos candidatos tambi\u00e9n arriban a los mismos guarismos, pero ninguno de ellos llevan a\u00f1os de ejercicio de gobierno.<br \/>\nIndudablemente el sistema electoral en vigencia en nuestra provincia deber\u00e1 ser revisado oportuna mente dado que mi percepci\u00f3n en coincidencia con el Dr Rondina, es que  \u201cen una elecci\u00f3n en que un candidato diferencia a otro con dos mil votos, esto se va a resolver por quien tenga los mejores t\u00e9cnicos y mejores expertos en el Tribunal Electoral\u201d<br \/>\nOtro detalle y no menor, tiene que ver con lo nacional, Santa Fe le muestra a Mauricio Macri que de haber realizado un acuerdo estrat\u00e9gico al igual que lo hizo en otras provincias con el Frente Renovador, habr\u00eda ganado seguramente Rosario y la provincia. Me refiero al 13% obtenido por Alejandro Grandinetti en Rosario, realizando una excelente elecci\u00f3n; y del 4\u2026. de Cachi Mart\u00ednez a nivel provincial.<br \/>\nSeguramente la definici\u00f3n final de este escrutinio llevar\u00e1 varios d\u00edas. Sucede que mientras tanto, el pr\u00f3ximo s\u00e1bado 20 de junio, vence el plazo para el cierre de listas  de candidatos a diputados y senadores nacionales. El actual gobernador Bonfatti result\u00f3 ser el candidato m\u00e1s votado como cabeza de lista de diputados provinciales. Asegur\u00f3 que ese, es su lugar pero, la necesidad a veces tiene cara de hereje, de lo contrario remitirse a los p\u00e1rrafos anteriores \u00bfno terminar\u00e1 siendo entonces el candidato a senador nacional del Socialismo? Claro que, su frente se presentar\u00e1 con lista corta. O sea no van pegados a ning\u00fan candidato a presidente de la naci\u00f3n.  Por otro lado, la excelente performance de Omar Perotti lo ubica como candidato natural a este sitial, ahora bien \u00bfrenunciar\u00e1 a la expectativa de pelear voto a voto en el intento de ser gobernador de su provincia?. Miguel Del Sel renunci\u00f3 a su banca de diputado para dedicarse de lleno a esta campa\u00f1a electoral, por lo tanto estar\u00eda en condiciones de ocupar algunas de las candidaturas nacionales, pero est\u00e1 en la misma o quiz\u00e1 peor situaci\u00f3n que Omar Perotti, dado que puede pelear el voto a voto por la gobernaci\u00f3n santafesina desde una brecha m\u00e1s cercana. Por otro lado y sin irnos del tema, la Presidente estar\u00e1 este pr\u00f3ximo s\u00e1bado, d\u00eda de la bandera en Rosario \u00bfincluir\u00e1 en Santa Fe en las listas del Frente para la Victoria a su fiel servidor Agust\u00edn Rossi?. Si por alguna raz\u00f3n esto no ocurre,  le decisi\u00f3n del sector pol\u00edtico del ministro de Defensa es concurrir con lista propia.<br \/>\nLos juegos del poder para permanecer en \u00e9l existen desde que existe el Hombre. El tema es que adem\u00e1s existen otros problemas que la pol\u00edtica debe resolver y no lo est\u00e1 haciendo. Hace 60 a\u00f1os en nuestra querida Argentina el 60% de las muertes infantiles son por causas evitables. Lamentablemente hasta hoy, esta tendencia no se ha modificado porque no se han atacado las principales causas: la pobreza y la prevenci\u00f3n. \u00a1El asesinato de peque\u00f1as v\u00edctimas atrapadas por la droga y el narcotr\u00e1fico siguen el camino de lo inevitable cuando la pol\u00edtica podr\u00eda torcer ese destino fatal!<br \/>\nwww.mariaherminiagrande.com.ar<br \/>\n@mhgrande<br \/>\nhtpps:\/\/www.facebook.com\/mgperiodismo<\/p>\n","protected":false},"excerpt":{"rendered":"<p>Por Mar\u00eda Herminia Grande.- En Argentina no s\u00f3lo los candidatos presidenciales \u201cno son n\u00edtidos\u201d como dice Beatriz Sarlo; tampoco parecen [&hellip;]<\/p>\n","protected":false},"author":2,"featured_media":0,"comment_status":"open","ping_status":"closed","sticky":false,"template":"","format":"standard","meta":{"site-sidebar-layout":"default","site-content-layout":"","ast-site-content-layout":"default","site-content-style":"default","site-sidebar-style":"default","ast-global-header-display":"","ast-banner-title-visibility":"","ast-main-header-display":"","ast-hfb-above-header-display":"","ast-hfb-below-header-display":"","ast-hfb-mobile-header-display":"","site-post-title":"","ast-breadcrumbs-content":"","ast-featured-img":"","footer-sml-layout":"","ast-disable-related-posts":"","theme-transparent-header-meta":"","adv-header-id-meta":"","stick-header-meta":"","header-above-stick-meta":"","header-main-stick-meta":"","header-below-stick-meta":"","astra-migrate-meta-layouts":"default","ast-page-background-enabled":"default","ast-page-background-meta":{"desktop":{"background-color":"var(--ast-global-color-4)","background-image":"","background-repeat":"repeat","background-position":"center center","background-size":"auto","background-attachment":"scroll","background-type":"","background-media":"","overlay-type":"","overlay-color":"","overlay-opacity":"","overlay-gradient":""},"tablet":{"background-color":"","background-image":"","background-repeat":"repeat","background-position":"center center","background-size":"auto","background-attachment":"scroll","background-type":"","background-media":"","overlay-type":"","overlay-color":"","overlay-opacity":"","overlay-gradient":""},"mobile":{"background-color":"","background-image":"","background-repeat":"repeat","background-position":"center center","background-size":"auto","background-attachment":"scroll","background-type":"","background-media":"","overlay-type":"","overlay-color":"","overlay-opacity":"","overlay-gradient":""}},"ast-content-background-meta":{"desktop":{"background-color":"var(--ast-global-color-5)","background-image":"","background-repeat":"repeat","background-position":"center center","background-size":"auto","background-attachment":"scroll","background-type":"","background-media":"","overlay-type":"","overlay-color":"","overlay-opacity":"","overlay-gradient":""},"tablet":{"background-color":"var(--ast-global-color-5)","background-image":"","background-repeat":"repeat","background-position":"center center","background-size":"auto","background-attachment":"scroll","background-type":"","background-media":"","overlay-type":"","overlay-color":"","overlay-opacity":"","overlay-gradient":""},"mobile":{"background-color":"var(--ast-global-color-5)","background-image":"","background-repeat":"repeat","background-position":"center center","background-size":"auto","background-attachment":"scroll","background-type":"","background-media":"","overlay-type":"","overlay-color":"","overlay-opacity":"","overlay-gradient":""}},"footnotes":""},"categories":[5],"tags":[5363],"class_list":["post-4126","post","type-post","status-publish","format-standard","hentry","category-politica","tag-otra-vez-santa-fe"],"yoast_head":"<!-- This site is optimized with the Yoast SEO plugin v23.2 - https:\/\/yoast.com\/wordpress\/plugins\/seo\/ -->\n<title>\u00a1Otra vez Santa Fe! - Sabado 100<\/title>\n<meta name=\"robots\" content=\"index, follow, max-snippet:-1, max-image-preview:large, max-video-preview:-1\" \/>\n<link rel=\"canonical\" href=\"https:\/\/sabado100.com.ar\/es-ar\/otra-vez-santa-fe\/\" \/>\n<meta property=\"og:locale\" content=\"es_ES\" \/>\n<meta property=\"og:type\" content=\"article\" \/>\n<meta property=\"og:title\" content=\"\u00a1Otra vez Santa Fe! - Sabado 100\" \/>\n<meta property=\"og:description\" content=\"Por Mar\u00eda Herminia Grande.- En Argentina no s\u00f3lo los candidatos presidenciales \u201cno son n\u00edtidos\u201d como dice Beatriz Sarlo; tampoco parecen [&hellip;]\" \/>\n<meta property=\"og:url\" content=\"https:\/\/sabado100.com.ar\/es-ar\/otra-vez-santa-fe\/\" \/>\n<meta property=\"og:site_name\" content=\"Sabado 100\" \/>\n<meta property=\"article:publisher\" content=\"https:\/\/www.facebook.com\/sabadocien\/\" \/>\n<meta property=\"article:published_time\" content=\"2015-06-16T21:57:04+00:00\" \/>\n<meta name=\"author\" content=\"sabado cien\" \/>\n<meta name=\"twitter:card\" content=\"summary_large_image\" \/>\n<meta name=\"twitter:label1\" content=\"Escrito por\" \/>\n\t<meta name=\"twitter:data1\" content=\"sabado cien\" \/>\n\t<meta name=\"twitter:label2\" content=\"Tiempo de lectura\" \/>\n\t<meta name=\"twitter:data2\" content=\"5 minutos\" \/>\n<script type=\"application\/ld+json\" class=\"yoast-schema-graph\">{\"@context\":\"https:\/\/schema.org\",\"@graph\":[{\"@type\":\"Article\",\"@id\":\"https:\/\/sabado100.com.ar\/es-ar\/otra-vez-santa-fe\/#article\",\"isPartOf\":{\"@id\":\"https:\/\/sabado100.com.ar\/es-ar\/otra-vez-santa-fe\/\"},\"author\":{\"name\":\"sabado cien\",\"@id\":\"https:\/\/sabado100.com.ar\/es-ar\/#\/schema\/person\/58e38b918ef4e44b11398f25d4684c6d\"},\"headline\":\"\u00a1Otra vez Santa Fe!\",\"datePublished\":\"2015-06-16T21:57:04+00:00\",\"dateModified\":\"2015-06-16T21:57:04+00:00\",\"mainEntityOfPage\":{\"@id\":\"https:\/\/sabado100.com.ar\/es-ar\/otra-vez-santa-fe\/\"},\"wordCount\":977,\"commentCount\":0,\"publisher\":{\"@id\":\"https:\/\/sabado100.com.ar\/es-ar\/#organization\"},\"keywords\":[\"\u00a1Otra vez Santa Fe!\"],\"articleSection\":[\"Pol\u00edtica\"],\"inLanguage\":\"es\",\"potentialAction\":[{\"@type\":\"CommentAction\",\"name\":\"Comment\",\"target\":[\"https:\/\/sabado100.com.ar\/es-ar\/otra-vez-santa-fe\/#respond\"]}]},{\"@type\":\"WebPage\",\"@id\":\"https:\/\/sabado100.com.ar\/es-ar\/otra-vez-santa-fe\/\",\"url\":\"https:\/\/sabado100.com.ar\/es-ar\/otra-vez-santa-fe\/\",\"name\":\"\u00a1Otra vez Santa Fe! - Sabado 100\",\"isPartOf\":{\"@id\":\"https:\/\/sabado100.com.ar\/es-ar\/#website\"},\"datePublished\":\"2015-06-16T21:57:04+00:00\",\"dateModified\":\"2015-06-16T21:57:04+00:00\",\"breadcrumb\":{\"@id\":\"https:\/\/sabado100.com.ar\/es-ar\/otra-vez-santa-fe\/#breadcrumb\"},\"inLanguage\":\"es\",\"potentialAction\":[{\"@type\":\"ReadAction\",\"target\":[\"https:\/\/sabado100.com.ar\/es-ar\/otra-vez-santa-fe\/\"]}]},{\"@type\":\"BreadcrumbList\",\"@id\":\"https:\/\/sabado100.com.ar\/es-ar\/otra-vez-santa-fe\/#breadcrumb\",\"itemListElement\":[{\"@type\":\"ListItem\",\"position\":1,\"name\":\"Portada\",\"item\":\"https:\/\/sabado100.com.ar\/es-ar\/\"},{\"@type\":\"ListItem\",\"position\":2,\"name\":\"\u00a1Otra vez Santa Fe!\"}]},{\"@type\":\"WebSite\",\"@id\":\"https:\/\/sabado100.com.ar\/es-ar\/#website\",\"url\":\"https:\/\/sabado100.com.ar\/es-ar\/\",\"name\":\"Sabado 100\",\"description\":\"\",\"publisher\":{\"@id\":\"https:\/\/sabado100.com.ar\/es-ar\/#organization\"},\"potentialAction\":[{\"@type\":\"SearchAction\",\"target\":{\"@type\":\"EntryPoint\",\"urlTemplate\":\"https:\/\/sabado100.com.ar\/es-ar\/?s={search_term_string}\"},\"query-input\":\"required name=search_term_string\"}],\"inLanguage\":\"es\"},{\"@type\":\"Organization\",\"@id\":\"https:\/\/sabado100.com.ar\/es-ar\/#organization\",\"name\":\"Sabado 100\",\"url\":\"https:\/\/sabado100.com.ar\/es-ar\/\",\"logo\":{\"@type\":\"ImageObject\",\"inLanguage\":\"es\",\"@id\":\"https:\/\/sabado100.com.ar\/es-ar\/#\/schema\/logo\/image\/\",\"url\":\"https:\/\/sabado100.com.ar\/es-ar\/wp-content\/uploads\/2024\/04\/logo3.jpg\",\"contentUrl\":\"https:\/\/sabado100.com.ar\/es-ar\/wp-content\/uploads\/2024\/04\/logo3.jpg\",\"width\":300,\"height\":174,\"caption\":\"Sabado 100\"},\"image\":{\"@id\":\"https:\/\/sabado100.com.ar\/es-ar\/#\/schema\/logo\/image\/\"},\"sameAs\":[\"https:\/\/www.facebook.com\/sabadocien\/\",\"https:\/\/www.instagram.com\/sabado100.com.ar\/\",\"https:\/\/www.youtube.com\/@sabado1003\"]},{\"@type\":\"Person\",\"@id\":\"https:\/\/sabado100.com.ar\/es-ar\/#\/schema\/person\/58e38b918ef4e44b11398f25d4684c6d\",\"name\":\"sabado cien\",\"image\":{\"@type\":\"ImageObject\",\"inLanguage\":\"es\",\"@id\":\"https:\/\/sabado100.com.ar\/es-ar\/#\/schema\/person\/image\/\",\"url\":\"https:\/\/sabado100.com.ar\/es-ar\/wp-content\/litespeed\/avatar\/484bccfbd493fbb703b0f1b8113dad61.jpg?ver=1787731622\",\"contentUrl\":\"https:\/\/sabado100.com.ar\/es-ar\/wp-content\/litespeed\/avatar\/484bccfbd493fbb703b0f1b8113dad61.jpg?ver=1787731622\",\"caption\":\"sabado cien\"},\"url\":\"https:\/\/sabado100.com.ar\/es-ar\/author\/sabado100\/\"}]}<\/script>\n<!-- \/ Yoast SEO plugin. -->","yoast_head_json":{"title":"\u00a1Otra vez Santa Fe! - Sabado 100","robots":{"index":"index","follow":"follow","max-snippet":"max-snippet:-1","max-image-preview":"max-image-preview:large","max-video-preview":"max-video-preview:-1"},"canonical":"https:\/\/sabado100.com.ar\/es-ar\/otra-vez-santa-fe\/","og_locale":"es_ES","og_type":"article","og_title":"\u00a1Otra vez Santa Fe! - Sabado 100","og_description":"Por Mar\u00eda Herminia Grande.- En Argentina no s\u00f3lo los candidatos presidenciales \u201cno son n\u00edtidos\u201d como dice Beatriz Sarlo; tampoco parecen [&hellip;]","og_url":"https:\/\/sabado100.com.ar\/es-ar\/otra-vez-santa-fe\/","og_site_name":"Sabado 100","article_publisher":"https:\/\/www.facebook.com\/sabadocien\/","article_published_time":"2015-06-16T21:57:04+00:00","author":"sabado cien","twitter_card":"summary_large_image","twitter_misc":{"Escrito por":"sabado cien","Tiempo de lectura":"5 minutos"},"schema":{"@context":"https:\/\/schema.org","@graph":[{"@type":"Article","@id":"https:\/\/sabado100.com.ar\/es-ar\/otra-vez-santa-fe\/#article","isPartOf":{"@id":"https:\/\/sabado100.com.ar\/es-ar\/otra-vez-santa-fe\/"},"author":{"name":"sabado cien","@id":"https:\/\/sabado100.com.ar\/es-ar\/#\/schema\/person\/58e38b918ef4e44b11398f25d4684c6d"},"headline":"\u00a1Otra vez Santa Fe!","datePublished":"2015-06-16T21:57:04+00:00","dateModified":"2015-06-16T21:57:04+00:00","mainEntityOfPage":{"@id":"https:\/\/sabado100.com.ar\/es-ar\/otra-vez-santa-fe\/"},"wordCount":977,"commentCount":0,"publisher":{"@id":"https:\/\/sabado100.com.ar\/es-ar\/#organization"},"keywords":["\u00a1Otra vez Santa Fe!"],"articleSection":["Pol\u00edtica"],"inLanguage":"es","potentialAction":[{"@type":"CommentAction","name":"Comment","target":["https:\/\/sabado100.com.ar\/es-ar\/otra-vez-santa-fe\/#respond"]}]},{"@type":"WebPage","@id":"https:\/\/sabado100.com.ar\/es-ar\/otra-vez-santa-fe\/","url":"https:\/\/sabado100.com.ar\/es-ar\/otra-vez-santa-fe\/","name":"\u00a1Otra vez Santa Fe! - Sabado 100","isPartOf":{"@id":"https:\/\/sabado100.com.ar\/es-ar\/#website"},"datePublished":"2015-06-16T21:57:04+00:00","dateModified":"2015-06-16T21:57:04+00:00","breadcrumb":{"@id":"https:\/\/sabado100.com.ar\/es-ar\/otra-vez-santa-fe\/#breadcrumb"},"inLanguage":"es","potentialAction":[{"@type":"ReadAction","target":["https:\/\/sabado100.com.ar\/es-ar\/otra-vez-santa-fe\/"]}]},{"@type":"BreadcrumbList","@id":"https:\/\/sabado100.com.ar\/es-ar\/otra-vez-santa-fe\/#breadcrumb","itemListElement":[{"@type":"ListItem","position":1,"name":"Portada","item":"https:\/\/sabado100.com.ar\/es-ar\/"},{"@type":"ListItem","position":2,"name":"\u00a1Otra vez Santa Fe!"}]},{"@type":"WebSite","@id":"https:\/\/sabado100.com.ar\/es-ar\/#website","url":"https:\/\/sabado100.com.ar\/es-ar\/","name":"Sabado 100","description":"","publisher":{"@id":"https:\/\/sabado100.com.ar\/es-ar\/#organization"},"potentialAction":[{"@type":"SearchAction","target":{"@type":"EntryPoint","urlTemplate":"https:\/\/sabado100.com.ar\/es-ar\/?s={search_term_string}"},"query-input":"required name=search_term_string"}],"inLanguage":"es"},{"@type":"Organization","@id":"https:\/\/sabado100.com.ar\/es-ar\/#organization","name":"Sabado 100","url":"https:\/\/sabado100.com.ar\/es-ar\/","logo":{"@type":"ImageObject","inLanguage":"es","@id":"https:\/\/sabado100.com.ar\/es-ar\/#\/schema\/logo\/image\/","url":"https:\/\/sabado100.com.ar\/es-ar\/wp-content\/uploads\/2024\/04\/logo3.jpg","contentUrl":"https:\/\/sabado100.com.ar\/es-ar\/wp-content\/uploads\/2024\/04\/logo3.jpg","width":300,"height":174,"caption":"Sabado 100"},"image":{"@id":"https:\/\/sabado100.com.ar\/es-ar\/#\/schema\/logo\/image\/"},"sameAs":["https:\/\/www.facebook.com\/sabadocien\/","https:\/\/www.instagram.com\/sabado100.com.ar\/","https:\/\/www.youtube.com\/@sabado1003"]},{"@type":"Person","@id":"https:\/\/sabado100.com.ar\/es-ar\/#\/schema\/person\/58e38b918ef4e44b11398f25d4684c6d","name":"sabado cien","image":{"@type":"ImageObject","inLanguage":"es","@id":"https:\/\/sabado100.com.ar\/es-ar\/#\/schema\/person\/image\/","url":"https:\/\/sabado100.com.ar\/es-ar\/wp-content\/litespeed\/avatar\/484bccfbd493fbb703b0f1b8113dad61.jpg?ver=1787731622","contentUrl":"https:\/\/sabado100.com.ar\/es-ar\/wp-content\/litespeed\/avatar\/484bccfbd493fbb703b0f1b8113dad61.jpg?ver=1787731622","caption":"sabado cien"},"url":"https:\/\/sabado100.com.ar\/es-ar\/author\/sabado100\/"}]}},"_links":{"self":[{"href":"https:\/\/sabado100.com.ar\/es-ar\/wp-json\/wp\/v2\/posts\/4126","targetHints":{"allow":["GET"]}}],"collection":[{"href":"https:\/\/sabado100.com.ar\/es-ar\/wp-json\/wp\/v2\/posts"}],"about":[{"href":"https:\/\/sabado100.com.ar\/es-ar\/wp-json\/wp\/v2\/types\/post"}],"author":[{"embeddable":true,"href":"https:\/\/sabado100.com.ar\/es-ar\/wp-json\/wp\/v2\/users\/2"}],"replies":[{"embeddable":true,"href":"https:\/\/sabado100.com.ar\/es-ar\/wp-json\/wp\/v2\/comments?post=4126"}],"version-history":[{"count":0,"href":"https:\/\/sabado100.com.ar\/es-ar\/wp-json\/wp\/v2\/posts\/4126\/revisions"}],"wp:attachment":[{"href":"https:\/\/sabado100.com.ar\/es-ar\/wp-json\/wp\/v2\/media?parent=4126"}],"wp:term":[{"taxonomy":"category","embeddable":true,"href":"https:\/\/sabado100.com.ar\/es-ar\/wp-json\/wp\/v2\/categories?post=4126"},{"taxonomy":"post_tag","embeddable":true,"href":"https:\/\/sabado100.com.ar\/es-ar\/wp-json\/wp\/v2\/tags?post=4126"}],"curies":[{"name":"wp","href":"https:\/\/api.w.org\/{rel}","templated":true}]}}