{"id":4118,"date":"2015-06-12T15:05:09","date_gmt":"2015-06-12T13:05:09","guid":{"rendered":"https:\/\/www.sabado100.com.ar\/?p=4118"},"modified":"2015-06-12T15:05:09","modified_gmt":"2015-06-12T13:05:09","slug":"el-derecho-a-informarse-en-un-ambito-de-pluralidad-de-voces","status":"publish","type":"post","link":"https:\/\/sabado100.com.ar\/es-ar\/el-derecho-a-informarse-en-un-ambito-de-pluralidad-de-voces\/","title":{"rendered":"\u00abEl derecho a informarse en un \u00e1mbito de pluralidad de voces\u00bb"},"content":{"rendered":"<p><strong>Por Emilio Grande (h.).-<\/strong> En la ma\u00f1ana del mi\u00e9rcoles 10 de junio \u00faltimo fue realizado el acto muy emotivo del D\u00eda del Periodista y el 75\u00ba aniversario del C\u00edrculo de la Prensa de Rafaela (CPR), d\u00eda de la fundaci\u00f3n del CPR en 1940, en el Teatro Lasserre.<br \/>\nCont\u00f3 con la presencia del presidente del Concejo Municipal Silvio Bonafede, el juez federal Miguel Ab\u00e1ssolo, el fiscal federal Claudio Kishimoto, el senador Alcides Calvo, Mario Miretti secretario de la Fiscal\u00eda Regional, Edgardo Allochis director de la UCSE DAR y presidente del CUR, la concejal Natalia Enrico, entre otros, llegando al final el intendente Luis Castellano y los ediles Jorge Muriel y Marcelo Lombardo.<br \/>\nEn la oportunidad, dirigieron palabras alusivas los alumnos Celeste Guerra (7\u00ba grado de la escuela Moreno), F\u00e1tima Beltramone (de la escuela N\u00ba 428), El\u00edas Valiente (escuela N\u00ba 654), Andrea Voelkli (de la carrera de Comunicaci\u00f3n Social de la UCES) y Lucas Pariani (4\u00ba a\u00f1o de la licenciatura de Comunicaci\u00f3n Social de la UCSE DAR).<br \/>\nEn nombre del CPR, su presidente Sergio O. Zenklusen pronunci\u00f3 el discurso principal: \u00abbregamos por un periodismo con redacci\u00f3n propia e independencia intelectual. Por la necesidad de que se siga respetando la libertad de expresi\u00f3n y se mantenga el derecho constitucional de preservar las fuentes period\u00edsticas; como tambi\u00e9n el derecho de la ciudadan\u00eda a informarse en un \u00e1mbito de pluralidad de voces\u00bb.<br \/>\nSobre el aniversario de la entidad organizadora, se\u00f1al\u00f3 que \u00abel C\u00edrculo de la Prensa, en estos 75 a\u00f1os de vida que est\u00e1 cumpliendo, sigue creciendo institucionalmente. Est\u00e1 aumentando considerablemente su caudal de socios y contin\u00faa celebrando sus asambleas anuales, en las cuales se informa sobre la vida de la entidad y el \u00f3ptimo estado de sus cuentas. El C\u00edrculo se autofinancia, gracias al inestimable aporte de sus asociados\u00bb.<\/p>\n<p>MOMENTOS EMOTIVOS<br \/>\nEn otra parte del encuentro, fueron entregados diplomas a quienes han sido designados como socios honorarios de la entidad: Leonello Bellezze, Emilio J. Grande (ex director de La Opini\u00f3n), Gerardo Piedrabuena y Carlos Daniel Beceyro.<br \/>\n\u00abEn mi trayectoria debo agradecer a Dios que me permiti\u00f3 ejercer el periodismo y ser \u00fatil en la ciudad. Adem\u00e1s de la informaci\u00f3n, el periodista no debe apartarse de la verdad, inculcar valores y principios que dignifiquen a la persona\u00bb, destac\u00f3 mi pap\u00e1.<br \/>\nTambi\u00e9n fueron reconocidas las trayectorias de F\u00e9lix Bauducco (45 a\u00f1os) y de V\u00edctor Hugo Fux (m\u00e1s de 40 a\u00f1os), quienes recibieron plaquetas, emiti\u00e9ndose previamente unos videos con fotograf\u00edas de los citados y testimonios del citado Belleze en el caso del Lolo y Roberto J. Actis sobre el actual jefe de Deportes de La Opini\u00f3n, recordando este \u00faltimo \u00abhaber compartido muchos a\u00f1os la Redacci\u00f3n de este Diario, siendo V\u00edctor una persona formada, responsable y con experiencia, realizando coberturas en el extranjero\u00bb.<br \/>\nA su turno, Bauducco muy emocionado solamente atin\u00f3 a decir \u00abgracias\u00bb. En el caso de Fux admiti\u00f3 que \u00abno resulta sencillo estar aqu\u00ed&#8230; agradezco los conceptos de Roberto sobre esta actividad que empec\u00e9 por vocaci\u00f3n y luego sigui\u00f3 como profesi\u00f3n, tambi\u00e9n agradecer a los directores Rafael Actis, Renaldo Actis, Emilio Grande y Miguel Buffelli\u00bb, quien estuvo acompa\u00f1ado de su esposa Nanci y sus hijas Elisabet y Evelin.<br \/>\nNo menos emotivo fue cuando se record\u00f3 la memoria de los colegas que partieron de este mundo: Jos\u00e9 Luis Castagno, Rodolfo Mendoza, Silvana \u201cChany\u201d Fontanetto, N\u00e9stor Miguel Borio y el m\u00fasico Domingo \u201cMingo\u201d Scalenghe, emiti\u00e9ndose videos con fotos y testimonios, cuyos familiares recibieron plaquetas recordativas.<br \/>\nA decir verdad, tambi\u00e9n hay que destacar que el actual presente del CPR se debe al aporte de decenas de periodistas de Rafaela a lo largo de 75 a\u00f1os, quienes brindaron su tiempo por la entidad, en especial quiero recordar a la primera comisi\u00f3n directiva: presidente Emiliano Cerd\u00e1n; vice David Mazzi; tesorero Rafael R. Actis (mi nono); secretarios Francisco P\u00e9rez Torres y Antonio Terragni&#8230;<\/p>\n","protected":false},"excerpt":{"rendered":"<p>Por Emilio Grande (h.).- En la ma\u00f1ana del mi\u00e9rcoles 10 de junio \u00faltimo fue realizado el acto muy emotivo del [&hellip;]<\/p>\n","protected":false},"author":2,"featured_media":0,"comment_status":"open","ping_status":"closed","sticky":false,"template":"","format":"standard","meta":{"site-sidebar-layout":"default","site-content-layout":"","ast-site-content-layout":"default","site-content-style":"default","site-sidebar-style":"default","ast-global-header-display":"","ast-banner-title-visibility":"","ast-main-header-display":"","ast-hfb-above-header-display":"","ast-hfb-below-header-display":"","ast-hfb-mobile-header-display":"","site-post-title":"","ast-breadcrumbs-content":"","ast-featured-img":"","footer-sml-layout":"","ast-disable-related-posts":"","theme-transparent-header-meta":"","adv-header-id-meta":"","stick-header-meta":"","header-above-stick-meta":"","header-main-stick-meta":"","header-below-stick-meta":"","astra-migrate-meta-layouts":"default","ast-page-background-enabled":"default","ast-page-background-meta":{"desktop":{"background-color":"var(--ast-global-color-4)","background-image":"","background-repeat":"repeat","background-position":"center center","background-size":"auto","background-attachment":"scroll","background-type":"","background-media":"","overlay-type":"","overlay-color":"","overlay-opacity":"","overlay-gradient":""},"tablet":{"background-color":"","background-image":"","background-repeat":"repeat","background-position":"center center","background-size":"auto","background-attachment":"scroll","background-type":"","background-media":"","overlay-type":"","overlay-color":"","overlay-opacity":"","overlay-gradient":""},"mobile":{"background-color":"","background-image":"","background-repeat":"repeat","background-position":"center center","background-size":"auto","background-attachment":"scroll","background-type":"","background-media":"","overlay-type":"","overlay-color":"","overlay-opacity":"","overlay-gradient":""}},"ast-content-background-meta":{"desktop":{"background-color":"var(--ast-global-color-5)","background-image":"","background-repeat":"repeat","background-position":"center center","background-size":"auto","background-attachment":"scroll","background-type":"","background-media":"","overlay-type":"","overlay-color":"","overlay-opacity":"","overlay-gradient":""},"tablet":{"background-color":"var(--ast-global-color-5)","background-image":"","background-repeat":"repeat","background-position":"center center","background-size":"auto","background-attachment":"scroll","background-type":"","background-media":"","overlay-type":"","overlay-color":"","overlay-opacity":"","overlay-gradient":""},"mobile":{"background-color":"var(--ast-global-color-5)","background-image":"","background-repeat":"repeat","background-position":"center center","background-size":"auto","background-attachment":"scroll","background-type":"","background-media":"","overlay-type":"","overlay-color":"","overlay-opacity":"","overlay-gradient":""}},"footnotes":""},"categories":[4],"tags":[],"class_list":["post-4118","post","type-post","status-publish","format-standard","hentry","category-cultura-y-sociedad"],"yoast_head":"<!-- This site is optimized with the Yoast SEO plugin v23.2 - https:\/\/yoast.com\/wordpress\/plugins\/seo\/ -->\n<title>&quot;El derecho a informarse en un \u00e1mbito de pluralidad de voces&quot; - Sabado 100<\/title>\n<meta name=\"robots\" content=\"index, follow, max-snippet:-1, max-image-preview:large, max-video-preview:-1\" \/>\n<link rel=\"canonical\" href=\"https:\/\/sabado100.com.ar\/es-ar\/el-derecho-a-informarse-en-un-ambito-de-pluralidad-de-voces\/\" \/>\n<meta property=\"og:locale\" content=\"es_ES\" \/>\n<meta property=\"og:type\" content=\"article\" \/>\n<meta property=\"og:title\" content=\"&quot;El derecho a informarse en un \u00e1mbito de pluralidad de voces&quot; - Sabado 100\" \/>\n<meta property=\"og:description\" content=\"Por Emilio Grande (h.).- En la ma\u00f1ana del mi\u00e9rcoles 10 de junio \u00faltimo fue realizado el acto muy emotivo del [&hellip;]\" \/>\n<meta property=\"og:url\" content=\"https:\/\/sabado100.com.ar\/es-ar\/el-derecho-a-informarse-en-un-ambito-de-pluralidad-de-voces\/\" \/>\n<meta property=\"og:site_name\" content=\"Sabado 100\" \/>\n<meta property=\"article:publisher\" content=\"https:\/\/www.facebook.com\/sabadocien\/\" \/>\n<meta property=\"article:published_time\" content=\"2015-06-12T13:05:09+00:00\" \/>\n<meta name=\"author\" content=\"sabado cien\" \/>\n<meta name=\"twitter:card\" content=\"summary_large_image\" \/>\n<meta name=\"twitter:label1\" content=\"Escrito por\" \/>\n\t<meta name=\"twitter:data1\" content=\"sabado cien\" \/>\n\t<meta name=\"twitter:label2\" content=\"Tiempo de lectura\" \/>\n\t<meta name=\"twitter:data2\" content=\"3 minutos\" \/>\n<script type=\"application\/ld+json\" class=\"yoast-schema-graph\">{\"@context\":\"https:\/\/schema.org\",\"@graph\":[{\"@type\":\"Article\",\"@id\":\"https:\/\/sabado100.com.ar\/es-ar\/el-derecho-a-informarse-en-un-ambito-de-pluralidad-de-voces\/#article\",\"isPartOf\":{\"@id\":\"https:\/\/sabado100.com.ar\/es-ar\/el-derecho-a-informarse-en-un-ambito-de-pluralidad-de-voces\/\"},\"author\":{\"name\":\"sabado cien\",\"@id\":\"https:\/\/sabado100.com.ar\/es-ar\/#\/schema\/person\/58e38b918ef4e44b11398f25d4684c6d\"},\"headline\":\"\u00abEl derecho a informarse en un \u00e1mbito de pluralidad de voces\u00bb\",\"datePublished\":\"2015-06-12T13:05:09+00:00\",\"dateModified\":\"2015-06-12T13:05:09+00:00\",\"mainEntityOfPage\":{\"@id\":\"https:\/\/sabado100.com.ar\/es-ar\/el-derecho-a-informarse-en-un-ambito-de-pluralidad-de-voces\/\"},\"wordCount\":682,\"commentCount\":0,\"publisher\":{\"@id\":\"https:\/\/sabado100.com.ar\/es-ar\/#organization\"},\"articleSection\":[\"Cultura y Sociedad\"],\"inLanguage\":\"es\",\"potentialAction\":[{\"@type\":\"CommentAction\",\"name\":\"Comment\",\"target\":[\"https:\/\/sabado100.com.ar\/es-ar\/el-derecho-a-informarse-en-un-ambito-de-pluralidad-de-voces\/#respond\"]}]},{\"@type\":\"WebPage\",\"@id\":\"https:\/\/sabado100.com.ar\/es-ar\/el-derecho-a-informarse-en-un-ambito-de-pluralidad-de-voces\/\",\"url\":\"https:\/\/sabado100.com.ar\/es-ar\/el-derecho-a-informarse-en-un-ambito-de-pluralidad-de-voces\/\",\"name\":\"\\\"El derecho a informarse en un \u00e1mbito de pluralidad de voces\\\" - Sabado 100\",\"isPartOf\":{\"@id\":\"https:\/\/sabado100.com.ar\/es-ar\/#website\"},\"datePublished\":\"2015-06-12T13:05:09+00:00\",\"dateModified\":\"2015-06-12T13:05:09+00:00\",\"breadcrumb\":{\"@id\":\"https:\/\/sabado100.com.ar\/es-ar\/el-derecho-a-informarse-en-un-ambito-de-pluralidad-de-voces\/#breadcrumb\"},\"inLanguage\":\"es\",\"potentialAction\":[{\"@type\":\"ReadAction\",\"target\":[\"https:\/\/sabado100.com.ar\/es-ar\/el-derecho-a-informarse-en-un-ambito-de-pluralidad-de-voces\/\"]}]},{\"@type\":\"BreadcrumbList\",\"@id\":\"https:\/\/sabado100.com.ar\/es-ar\/el-derecho-a-informarse-en-un-ambito-de-pluralidad-de-voces\/#breadcrumb\",\"itemListElement\":[{\"@type\":\"ListItem\",\"position\":1,\"name\":\"Portada\",\"item\":\"https:\/\/sabado100.com.ar\/es-ar\/\"},{\"@type\":\"ListItem\",\"position\":2,\"name\":\"\u00abEl derecho a informarse en un \u00e1mbito de pluralidad de voces\u00bb\"}]},{\"@type\":\"WebSite\",\"@id\":\"https:\/\/sabado100.com.ar\/es-ar\/#website\",\"url\":\"https:\/\/sabado100.com.ar\/es-ar\/\",\"name\":\"Sabado 100\",\"description\":\"\",\"publisher\":{\"@id\":\"https:\/\/sabado100.com.ar\/es-ar\/#organization\"},\"potentialAction\":[{\"@type\":\"SearchAction\",\"target\":{\"@type\":\"EntryPoint\",\"urlTemplate\":\"https:\/\/sabado100.com.ar\/es-ar\/?s={search_term_string}\"},\"query-input\":\"required name=search_term_string\"}],\"inLanguage\":\"es\"},{\"@type\":\"Organization\",\"@id\":\"https:\/\/sabado100.com.ar\/es-ar\/#organization\",\"name\":\"Sabado 100\",\"url\":\"https:\/\/sabado100.com.ar\/es-ar\/\",\"logo\":{\"@type\":\"ImageObject\",\"inLanguage\":\"es\",\"@id\":\"https:\/\/sabado100.com.ar\/es-ar\/#\/schema\/logo\/image\/\",\"url\":\"https:\/\/sabado100.com.ar\/es-ar\/wp-content\/uploads\/2024\/04\/logo3.jpg\",\"contentUrl\":\"https:\/\/sabado100.com.ar\/es-ar\/wp-content\/uploads\/2024\/04\/logo3.jpg\",\"width\":300,\"height\":174,\"caption\":\"Sabado 100\"},\"image\":{\"@id\":\"https:\/\/sabado100.com.ar\/es-ar\/#\/schema\/logo\/image\/\"},\"sameAs\":[\"https:\/\/www.facebook.com\/sabadocien\/\",\"https:\/\/www.instagram.com\/sabado100.com.ar\/\",\"https:\/\/www.youtube.com\/@sabado1003\"]},{\"@type\":\"Person\",\"@id\":\"https:\/\/sabado100.com.ar\/es-ar\/#\/schema\/person\/58e38b918ef4e44b11398f25d4684c6d\",\"name\":\"sabado cien\",\"image\":{\"@type\":\"ImageObject\",\"inLanguage\":\"es\",\"@id\":\"https:\/\/sabado100.com.ar\/es-ar\/#\/schema\/person\/image\/\",\"url\":\"https:\/\/sabado100.com.ar\/es-ar\/wp-content\/litespeed\/avatar\/484bccfbd493fbb703b0f1b8113dad61.jpg?ver=1787731622\",\"contentUrl\":\"https:\/\/sabado100.com.ar\/es-ar\/wp-content\/litespeed\/avatar\/484bccfbd493fbb703b0f1b8113dad61.jpg?ver=1787731622\",\"caption\":\"sabado cien\"},\"url\":\"https:\/\/sabado100.com.ar\/es-ar\/author\/sabado100\/\"}]}<\/script>\n<!-- \/ Yoast SEO plugin. -->","yoast_head_json":{"title":"\"El derecho a informarse en un \u00e1mbito de pluralidad de voces\" - Sabado 100","robots":{"index":"index","follow":"follow","max-snippet":"max-snippet:-1","max-image-preview":"max-image-preview:large","max-video-preview":"max-video-preview:-1"},"canonical":"https:\/\/sabado100.com.ar\/es-ar\/el-derecho-a-informarse-en-un-ambito-de-pluralidad-de-voces\/","og_locale":"es_ES","og_type":"article","og_title":"\"El derecho a informarse en un \u00e1mbito de pluralidad de voces\" - Sabado 100","og_description":"Por Emilio Grande (h.).- En la ma\u00f1ana del mi\u00e9rcoles 10 de junio \u00faltimo fue realizado el acto muy emotivo del [&hellip;]","og_url":"https:\/\/sabado100.com.ar\/es-ar\/el-derecho-a-informarse-en-un-ambito-de-pluralidad-de-voces\/","og_site_name":"Sabado 100","article_publisher":"https:\/\/www.facebook.com\/sabadocien\/","article_published_time":"2015-06-12T13:05:09+00:00","author":"sabado cien","twitter_card":"summary_large_image","twitter_misc":{"Escrito por":"sabado cien","Tiempo de lectura":"3 minutos"},"schema":{"@context":"https:\/\/schema.org","@graph":[{"@type":"Article","@id":"https:\/\/sabado100.com.ar\/es-ar\/el-derecho-a-informarse-en-un-ambito-de-pluralidad-de-voces\/#article","isPartOf":{"@id":"https:\/\/sabado100.com.ar\/es-ar\/el-derecho-a-informarse-en-un-ambito-de-pluralidad-de-voces\/"},"author":{"name":"sabado cien","@id":"https:\/\/sabado100.com.ar\/es-ar\/#\/schema\/person\/58e38b918ef4e44b11398f25d4684c6d"},"headline":"\u00abEl derecho a informarse en un \u00e1mbito de pluralidad de voces\u00bb","datePublished":"2015-06-12T13:05:09+00:00","dateModified":"2015-06-12T13:05:09+00:00","mainEntityOfPage":{"@id":"https:\/\/sabado100.com.ar\/es-ar\/el-derecho-a-informarse-en-un-ambito-de-pluralidad-de-voces\/"},"wordCount":682,"commentCount":0,"publisher":{"@id":"https:\/\/sabado100.com.ar\/es-ar\/#organization"},"articleSection":["Cultura y Sociedad"],"inLanguage":"es","potentialAction":[{"@type":"CommentAction","name":"Comment","target":["https:\/\/sabado100.com.ar\/es-ar\/el-derecho-a-informarse-en-un-ambito-de-pluralidad-de-voces\/#respond"]}]},{"@type":"WebPage","@id":"https:\/\/sabado100.com.ar\/es-ar\/el-derecho-a-informarse-en-un-ambito-de-pluralidad-de-voces\/","url":"https:\/\/sabado100.com.ar\/es-ar\/el-derecho-a-informarse-en-un-ambito-de-pluralidad-de-voces\/","name":"\"El derecho a informarse en un \u00e1mbito de pluralidad de voces\" - Sabado 100","isPartOf":{"@id":"https:\/\/sabado100.com.ar\/es-ar\/#website"},"datePublished":"2015-06-12T13:05:09+00:00","dateModified":"2015-06-12T13:05:09+00:00","breadcrumb":{"@id":"https:\/\/sabado100.com.ar\/es-ar\/el-derecho-a-informarse-en-un-ambito-de-pluralidad-de-voces\/#breadcrumb"},"inLanguage":"es","potentialAction":[{"@type":"ReadAction","target":["https:\/\/sabado100.com.ar\/es-ar\/el-derecho-a-informarse-en-un-ambito-de-pluralidad-de-voces\/"]}]},{"@type":"BreadcrumbList","@id":"https:\/\/sabado100.com.ar\/es-ar\/el-derecho-a-informarse-en-un-ambito-de-pluralidad-de-voces\/#breadcrumb","itemListElement":[{"@type":"ListItem","position":1,"name":"Portada","item":"https:\/\/sabado100.com.ar\/es-ar\/"},{"@type":"ListItem","position":2,"name":"\u00abEl derecho a informarse en un \u00e1mbito de pluralidad de voces\u00bb"}]},{"@type":"WebSite","@id":"https:\/\/sabado100.com.ar\/es-ar\/#website","url":"https:\/\/sabado100.com.ar\/es-ar\/","name":"Sabado 100","description":"","publisher":{"@id":"https:\/\/sabado100.com.ar\/es-ar\/#organization"},"potentialAction":[{"@type":"SearchAction","target":{"@type":"EntryPoint","urlTemplate":"https:\/\/sabado100.com.ar\/es-ar\/?s={search_term_string}"},"query-input":"required name=search_term_string"}],"inLanguage":"es"},{"@type":"Organization","@id":"https:\/\/sabado100.com.ar\/es-ar\/#organization","name":"Sabado 100","url":"https:\/\/sabado100.com.ar\/es-ar\/","logo":{"@type":"ImageObject","inLanguage":"es","@id":"https:\/\/sabado100.com.ar\/es-ar\/#\/schema\/logo\/image\/","url":"https:\/\/sabado100.com.ar\/es-ar\/wp-content\/uploads\/2024\/04\/logo3.jpg","contentUrl":"https:\/\/sabado100.com.ar\/es-ar\/wp-content\/uploads\/2024\/04\/logo3.jpg","width":300,"height":174,"caption":"Sabado 100"},"image":{"@id":"https:\/\/sabado100.com.ar\/es-ar\/#\/schema\/logo\/image\/"},"sameAs":["https:\/\/www.facebook.com\/sabadocien\/","https:\/\/www.instagram.com\/sabado100.com.ar\/","https:\/\/www.youtube.com\/@sabado1003"]},{"@type":"Person","@id":"https:\/\/sabado100.com.ar\/es-ar\/#\/schema\/person\/58e38b918ef4e44b11398f25d4684c6d","name":"sabado cien","image":{"@type":"ImageObject","inLanguage":"es","@id":"https:\/\/sabado100.com.ar\/es-ar\/#\/schema\/person\/image\/","url":"https:\/\/sabado100.com.ar\/es-ar\/wp-content\/litespeed\/avatar\/484bccfbd493fbb703b0f1b8113dad61.jpg?ver=1787731622","contentUrl":"https:\/\/sabado100.com.ar\/es-ar\/wp-content\/litespeed\/avatar\/484bccfbd493fbb703b0f1b8113dad61.jpg?ver=1787731622","caption":"sabado cien"},"url":"https:\/\/sabado100.com.ar\/es-ar\/author\/sabado100\/"}]}},"_links":{"self":[{"href":"https:\/\/sabado100.com.ar\/es-ar\/wp-json\/wp\/v2\/posts\/4118","targetHints":{"allow":["GET"]}}],"collection":[{"href":"https:\/\/sabado100.com.ar\/es-ar\/wp-json\/wp\/v2\/posts"}],"about":[{"href":"https:\/\/sabado100.com.ar\/es-ar\/wp-json\/wp\/v2\/types\/post"}],"author":[{"embeddable":true,"href":"https:\/\/sabado100.com.ar\/es-ar\/wp-json\/wp\/v2\/users\/2"}],"replies":[{"embeddable":true,"href":"https:\/\/sabado100.com.ar\/es-ar\/wp-json\/wp\/v2\/comments?post=4118"}],"version-history":[{"count":0,"href":"https:\/\/sabado100.com.ar\/es-ar\/wp-json\/wp\/v2\/posts\/4118\/revisions"}],"wp:attachment":[{"href":"https:\/\/sabado100.com.ar\/es-ar\/wp-json\/wp\/v2\/media?parent=4118"}],"wp:term":[{"taxonomy":"category","embeddable":true,"href":"https:\/\/sabado100.com.ar\/es-ar\/wp-json\/wp\/v2\/categories?post=4118"},{"taxonomy":"post_tag","embeddable":true,"href":"https:\/\/sabado100.com.ar\/es-ar\/wp-json\/wp\/v2\/tags?post=4118"}],"curies":[{"name":"wp","href":"https:\/\/api.w.org\/{rel}","templated":true}]}}